{"id":14398,"date":"2026-05-25T09:33:42","date_gmt":"2026-05-25T15:33:42","guid":{"rendered":"https:\/\/arjenoticias.com\/?p=14398"},"modified":"2026-05-25T09:33:42","modified_gmt":"2026-05-25T15:33:42","slug":"tres-al-hilo","status":"publish","type":"post","link":"https:\/\/arjenoticias.com.mx\/?p=14398","title":{"rendered":"Tres al hilo"},"content":{"rendered":"\n<h2 class=\"wp-block-heading\">Las recientes iniciativas enviadas por la Presidencia al Congreso revelan una mezcla de parche, c\u00e1lculo pol\u00edtico y af\u00e1n de perpetuidad.<\/h2>\n\n\n\n<p class=\"wp-block-paragraph\">La improvisaci\u00f3n se ha convertido en un m\u00e9todo de gobierno o, quiz\u00e1 algo m\u00e1s preocupante, la construcci\u00f3n deliberada de reglas electorales y judiciales dise\u00f1adas no para fortalecer la democracia, sino para facilitarle al partido en el poder el control pol\u00edtico en escenarios adversos.<\/p>\n\n\n\n<p class=\"wp-block-paragraph\">Las recientes iniciativas enviadas por la Presidencia al Congreso \u2014la reforma a la reforma judicial y dos nuevas propuestas para \u201cblindar\u201d candidaturas y elecciones\u2014 revelan una mezcla de parche, c\u00e1lculo pol\u00edtico y af\u00e1n de perpetuidad.<\/p>\n\n\n\n<p class=\"wp-block-paragraph\">La primera iniciativa confirma, en los hechos, el fracaso de la reforma judicial aprobada apenas en septiembre de 2024.<\/p>\n\n\n\n<p class=\"wp-block-paragraph\">A menos de dos a\u00f1os, el gobierno reconoce impl\u00edcitamente que el modelo era al menos inoperante.<\/p>\n\n\n\n<p class=\"wp-block-paragraph\">Sin embargo, el ajuste no corrige el problema de fondo; la crisis de justicia en M\u00e9xico sigue intacta.<\/p>\n\n\n\n<p class=\"wp-block-paragraph\">La propuesta consiste b\u00e1sicamente en posponer al 2028 la siguiente elecci\u00f3n judicial \u2014aunque el problema reaparecer\u00e1 en 2030 en una elecci\u00f3n a\u00fan m\u00e1s compleja\u2014, ya que persiste la idea de empatarla con las otras elecciones; reducir el n\u00famero de candidaturas en las boletas; obligar a jueces en funciones a renunciar si desean competir y homologar parcialmente los criterios de selecci\u00f3n de candidaturas.<\/p>\n\n\n\n<p class=\"wp-block-paragraph\">Nada de eso mejora la impartici\u00f3n de justicia. Apenas simplifica la operaci\u00f3n pol\u00edtica y electoral de un modelo que incluso para esos efectos naci\u00f3 mal dise\u00f1ado.<\/p>\n\n\n\n<p class=\"wp-block-paragraph\">Menos candidaturas implican \u201cacordeones\u201d m\u00e1s manejables, es decir, mecanismos m\u00e1s simples para inducir el voto en elecciones ya de por s\u00ed incomprensibles para la ciudadan\u00eda.<\/p>\n\n\n\n<p class=\"wp-block-paragraph\">La semana pasada advertimos sobre el riesgo de celebrar simult\u00e1neamente las elecciones judiciales y las intermedias de 2027.<\/p>\n\n\n\n<p class=\"wp-block-paragraph\">El nivel de complejidad amenazaba con desbordar al INE y desincentivar la participaci\u00f3n ciudadana. Ese mismo d\u00eda la Presidencia anunci\u00f3 esta reforma correctiva, pero corregir no es necesariamente resolver y este es el caso.<\/p>\n\n\n\n<p class=\"wp-block-paragraph\">Resulta revelador que la reforma llegue apenas meses despu\u00e9s de que comenzaran a surgir dudas sobre el perfil y la capacidad de algunos de los juzgadores electos.<\/p>\n\n\n\n<p class=\"wp-block-paragraph\">La preocupaci\u00f3n ya hab\u00eda sido expresada incluso por figuras relevantes de la 4T, como Alfonso Ram\u00edrez Cu\u00e9llar, Olga S\u00e1nchez Cordero y Javier Corral. Ni siquiera esas advertencias sirvieron para construir una propuesta m\u00e1s seria.<\/p>\n\n\n\n<p class=\"wp-block-paragraph\">Porque elegir jueces por voto popular sigue sin resolver el problema estructural; al contrario, lo agrava. Convertir a los juzgadores en candidatos no alcanza siquiera la categor\u00eda de idea; es, insisto, una NO IDEA.<\/p>\n\n\n\n<p class=\"wp-block-paragraph\">La segunda iniciativa abre otro frente delicado. Se plantea crear una comisi\u00f3n del INE encargada de \u201cverificar la integridad\u201d de candidaturas.<\/p>\n\n\n\n<p class=\"wp-block-paragraph\">Para ello, los partidos podr\u00edan entregar \u2014eso s\u00ed, de manera voluntaria\u2014 listas de aspirantes a trav\u00e9s del INE a instancias de seguridad, inteligencia y autoridades financieras, con el fin de detectar posibles v\u00ednculos con el crimen organizado.<\/p>\n\n\n\n<p class=\"wp-block-paragraph\">El problema es evidente: se traslada a terceros una responsabilidad que corresponde a los partidos pol\u00edticos.<\/p>\n\n\n\n<p class=\"wp-block-paragraph\">Son ellos quienes postulan candidaturas y deber\u00edan asumir las consecuencias legales y pol\u00edticas de hacerlo irresponsablemente.<\/p>\n\n\n\n<p class=\"wp-block-paragraph\">Si se acredita financiamiento criminal, la sanci\u00f3n deber\u00eda implicar la p\u00e9rdida del registro partidista.<\/p>\n\n\n\n<p class=\"wp-block-paragraph\">En cambio, el gobierno se inclina a construir un sistema donde \u00f3rganos administrativos y agencias de seguridad terminen decidiendo qui\u00e9n puede o no competir.<\/p>\n\n\n\n<p class=\"wp-block-paragraph\">El concepto mismo de \u201criesgo razonable\u201d abre la puerta a interpretaciones discrecionales y pol\u00edticas.<\/p>\n\n\n\n<p class=\"wp-block-paragraph\">La tercera iniciativa es quiz\u00e1 la m\u00e1s inquietante. Bajo el argumento de \u201cblindar\u201d las elecciones frente a injerencia extranjera, se proponen causales de nulidad tan amplias y ambiguas que pr\u00e1cticamente cualquier cr\u00edtica internacional podr\u00eda convertirse en pretexto para judicializar una elecci\u00f3n.<\/p>\n\n\n\n<p class=\"wp-block-paragraph\">Las causales incluyen \u201cpresi\u00f3n pol\u00edtica, econ\u00f3mica, diplom\u00e1tica o medi\u00e1tica\u201d, \u201cmanipulaci\u00f3n digital\u201d e incluso \u201cvulneraci\u00f3n del territorio\u201d.<\/p>\n\n\n\n<p class=\"wp-block-paragraph\">\u00bfQu\u00e9 significa exactamente eso? \u00bfBastar\u00eda un pronunciamiento cr\u00edtico de un gobierno extranjero sobre pol\u00edticas mexicanas para alegar intervenci\u00f3n electoral? \u00bfPodr\u00eda Morena argumentar que una cobertura medi\u00e1tica internacional afecta sus posibilidades y pedir la nulidad de una elecci\u00f3n?<\/p>\n\n\n\n<p class=\"wp-block-paragraph\">La ambig\u00fcedad no fortalece la soberan\u00eda, fortalece la discrecionalidad.<\/p>\n\n\n\n<p class=\"wp-block-paragraph\">M\u00e9xico ya posee uno de los sistemas electorales m\u00e1s complejos y litigiosos del mundo. Las normas, sobrecargadas de excepciones y ambig\u00fcedades, han convertido la justicia electoral en un ejercicio churrigueresco y por lo mismo carente de certeza.<\/p>\n\n\n\n<p class=\"wp-block-paragraph\">La sobrerrepresentaci\u00f3n legislativa de 2024 es prueba suficiente de c\u00f3mo los intereses pol\u00edticos terminan imponi\u00e9ndose sobre la certeza jur\u00eddica, aun cuando se trate de la Constituci\u00f3n.<\/p>\n\n\n\n<p class=\"wp-block-paragraph\">Y, sin embargo, en lugar de simplificar, transparentar y fortalecer instituciones, el oficialismo insiste en multiplicar controles, excepciones y mecanismos de intervenci\u00f3n.<\/p>\n\n\n\n<p class=\"wp-block-paragraph\">M\u00e1s que reformas democr\u00e1ticas, se trata de reformas de conveniencia y a la medida.&nbsp;<\/p>\n\n\n\n<p class=\"wp-block-paragraph\"><a href=\"https:\/\/whatsapp.com\/channel\/0029Va4N2JBDzgTBl1UbzF2T\" target=\"_blank\" rel=\"noreferrer noopener\"><\/a><\/p>\n","protected":false},"excerpt":{"rendered":"<p>Las recientes iniciativas enviadas por la Presidencia al Congreso revelan una mezcla de parche, c\u00e1lculo&#8230;<\/p>\n","protected":false},"author":92,"featured_media":14399,"comment_status":"open","ping_status":"open","sticky":false,"template":"","format":"standard","meta":{"footnotes":""},"categories":[13],"tags":[2473],"class_list":["post-14398","post","type-post","status-publish","format-standard","has-post-thumbnail","hentry","category-politica","tag-sheinbaum-ordena-la-seudo-operacion-limpieza"],"yoast_head":"<!-- This site is optimized with the Yoast SEO plugin v28.4 - https:\/\/yoast.com\/product\/yoast-seo-wordpress\/ -->\n<title>Tres al hilo -<\/title>\n<meta name=\"description\" content=\"algo m\u00e1s preocupante, la construcci\u00f3n deliberada de reglas electorales y judiciales dise\u00f1adas no para fortalecer la democracia, sino para facilitarle al partido en el poder el control pol\u00edtico en escenarios adversos.\" \/>\n<meta name=\"robots\" content=\"index, follow, max-snippet:-1, max-image-preview:large, max-video-preview:-1\" \/>\n<link rel=\"canonical\" href=\"https:\/\/arjenoticias.com.mx\/?p=14398\" \/>\n<meta property=\"og:locale\" content=\"es_MX\" \/>\n<meta property=\"og:type\" content=\"article\" \/>\n<meta property=\"og:title\" content=\"Tres al hilo -\" \/>\n<meta property=\"og:description\" content=\"algo m\u00e1s preocupante, la construcci\u00f3n deliberada de reglas electorales y judiciales dise\u00f1adas no para fortalecer la democracia, sino para facilitarle al partido en el poder el control pol\u00edtico en escenarios adversos.\" \/>\n<meta property=\"og:url\" content=\"https:\/\/arjenoticias.com.mx\/?p=14398\" \/>\n<meta property=\"article:published_time\" content=\"2026-05-25T15:33:42+00:00\" \/>\n<meta name=\"author\" content=\"Edmundo Jacobo Molina\" \/>\n<meta name=\"twitter:card\" content=\"summary_large_image\" \/>\n<meta name=\"twitter:label1\" content=\"Escrito por\" \/>\n\t<meta name=\"twitter:data1\" content=\"Edmundo Jacobo Molina\" \/>\n\t<meta name=\"twitter:label2\" content=\"Tiempo de lectura\" \/>\n\t<meta name=\"twitter:data2\" content=\"4 minutos\" \/>\n<script type=\"application\/ld+json\" class=\"yoast-schema-graph\">{\"@context\":\"https:\\\/\\\/schema.org\",\"@graph\":[{\"@type\":\"Article\",\"@id\":\"https:\\\/\\\/arjenoticias.com.mx\\\/?p=14398#article\",\"isPartOf\":{\"@id\":\"https:\\\/\\\/arjenoticias.com.mx\\\/?p=14398\"},\"author\":{\"name\":\"Edmundo Jacobo Molina\",\"@id\":\"https:\\\/\\\/arjenoticias.com.mx\\\/#\\\/schema\\\/person\\\/1a41465c296e9e3df18e71b7dee74397\"},\"headline\":\"Tres al hilo\",\"datePublished\":\"2026-05-25T15:33:42+00:00\",\"mainEntityOfPage\":{\"@id\":\"https:\\\/\\\/arjenoticias.com.mx\\\/?p=14398\"},\"wordCount\":839,\"commentCount\":0,\"publisher\":{\"@id\":\"https:\\\/\\\/arjenoticias.com.mx\\\/#organization\"},\"image\":{\"@id\":\"https:\\\/\\\/arjenoticias.com.mx\\\/?p=14398#primaryimage\"},\"thumbnailUrl\":\"\",\"keywords\":[\"Sheinbaum ordena la seudo operacion limpieza\"],\"articleSection\":[\"Pol\u00edtica\"],\"inLanguage\":\"es\",\"potentialAction\":[{\"@type\":\"CommentAction\",\"name\":\"Comment\",\"target\":[\"https:\\\/\\\/arjenoticias.com.mx\\\/?p=14398#respond\"]}]},{\"@type\":\"WebPage\",\"@id\":\"https:\\\/\\\/arjenoticias.com.mx\\\/?p=14398\",\"url\":\"https:\\\/\\\/arjenoticias.com.mx\\\/?p=14398\",\"name\":\"Tres al hilo -\",\"isPartOf\":{\"@id\":\"https:\\\/\\\/arjenoticias.com.mx\\\/#website\"},\"primaryImageOfPage\":{\"@id\":\"https:\\\/\\\/arjenoticias.com.mx\\\/?p=14398#primaryimage\"},\"image\":{\"@id\":\"https:\\\/\\\/arjenoticias.com.mx\\\/?p=14398#primaryimage\"},\"thumbnailUrl\":\"\",\"datePublished\":\"2026-05-25T15:33:42+00:00\",\"description\":\"algo m\u00e1s preocupante, la construcci\u00f3n deliberada de reglas electorales y judiciales dise\u00f1adas no para fortalecer la democracia, sino para facilitarle al partido en el poder el control pol\u00edtico en escenarios adversos.\",\"breadcrumb\":{\"@id\":\"https:\\\/\\\/arjenoticias.com.mx\\\/?p=14398#breadcrumb\"},\"inLanguage\":\"es\",\"potentialAction\":[{\"@type\":\"ReadAction\",\"target\":[\"https:\\\/\\\/arjenoticias.com.mx\\\/?p=14398\"]}]},{\"@type\":\"ImageObject\",\"inLanguage\":\"es\",\"@id\":\"https:\\\/\\\/arjenoticias.com.mx\\\/?p=14398#primaryimage\",\"url\":\"\",\"contentUrl\":\"\"},{\"@type\":\"BreadcrumbList\",\"@id\":\"https:\\\/\\\/arjenoticias.com.mx\\\/?p=14398#breadcrumb\",\"itemListElement\":[{\"@type\":\"ListItem\",\"position\":1,\"name\":\"Inicio\",\"item\":\"https:\\\/\\\/arjenoticias.com.mx\\\/\"},{\"@type\":\"ListItem\",\"position\":2,\"name\":\"Tres al hilo\"}]},{\"@type\":\"WebSite\",\"@id\":\"https:\\\/\\\/arjenoticias.com.mx\\\/#website\",\"url\":\"https:\\\/\\\/arjenoticias.com.mx\\\/\",\"name\":\"arjenoticias.com.mx\",\"description\":\"\",\"publisher\":{\"@id\":\"https:\\\/\\\/arjenoticias.com.mx\\\/#organization\"},\"potentialAction\":[{\"@type\":\"SearchAction\",\"target\":{\"@type\":\"EntryPoint\",\"urlTemplate\":\"https:\\\/\\\/arjenoticias.com.mx\\\/?s={search_term_string}\"},\"query-input\":{\"@type\":\"PropertyValueSpecification\",\"valueRequired\":true,\"valueName\":\"search_term_string\"}}],\"inLanguage\":\"es\"},{\"@type\":\"Organization\",\"@id\":\"https:\\\/\\\/arjenoticias.com.mx\\\/#organization\",\"name\":\"Arj\u00e9 de M\u00e9xico Noticias\",\"url\":\"https:\\\/\\\/arjenoticias.com.mx\\\/\",\"logo\":{\"@type\":\"ImageObject\",\"inLanguage\":\"es\",\"@id\":\"https:\\\/\\\/arjenoticias.com.mx\\\/#\\\/schema\\\/logo\\\/image\\\/\",\"url\":\"https:\\\/\\\/arjenoticias.com.mx\\\/wp-content\\\/uploads\\\/2025\\\/07\\\/cropped-logo-scaled-1.png\",\"contentUrl\":\"https:\\\/\\\/arjenoticias.com.mx\\\/wp-content\\\/uploads\\\/2025\\\/07\\\/cropped-logo-scaled-1.png\",\"width\":2558,\"height\":558,\"caption\":\"Arj\u00e9 de M\u00e9xico Noticias\"},\"image\":{\"@id\":\"https:\\\/\\\/arjenoticias.com.mx\\\/#\\\/schema\\\/logo\\\/image\\\/\"}},{\"@type\":\"Person\",\"@id\":\"https:\\\/\\\/arjenoticias.com.mx\\\/#\\\/schema\\\/person\\\/1a41465c296e9e3df18e71b7dee74397\",\"name\":\"Edmundo Jacobo Molina\",\"image\":{\"@type\":\"ImageObject\",\"inLanguage\":\"es\",\"@id\":\"https:\\\/\\\/secure.gravatar.com\\\/avatar\\\/f2461446ec50fd3e1cde6a8b1c088e4507436d93ef72d758a4f583b3dcb40f56?s=96&d=mm&r=g\",\"url\":\"https:\\\/\\\/secure.gravatar.com\\\/avatar\\\/f2461446ec50fd3e1cde6a8b1c088e4507436d93ef72d758a4f583b3dcb40f56?s=96&d=mm&r=g\",\"contentUrl\":\"https:\\\/\\\/secure.gravatar.com\\\/avatar\\\/f2461446ec50fd3e1cde6a8b1c088e4507436d93ef72d758a4f583b3dcb40f56?s=96&d=mm&r=g\",\"caption\":\"Edmundo Jacobo Molina\"},\"url\":\"https:\\\/\\\/arjenoticias.com.mx\\\/?author=92\"}]}<\/script>\n<!-- \/ Yoast SEO plugin. -->","yoast_head_json":{"title":"Tres al hilo -","description":"algo m\u00e1s preocupante, la construcci\u00f3n deliberada de reglas electorales y judiciales dise\u00f1adas no para fortalecer la democracia, sino para facilitarle al partido en el poder el control pol\u00edtico en escenarios adversos.","robots":{"index":"index","follow":"follow","max-snippet":"max-snippet:-1","max-image-preview":"max-image-preview:large","max-video-preview":"max-video-preview:-1"},"canonical":"https:\/\/arjenoticias.com.mx\/?p=14398","og_locale":"es_MX","og_type":"article","og_title":"Tres al hilo -","og_description":"algo m\u00e1s preocupante, la construcci\u00f3n deliberada de reglas electorales y judiciales dise\u00f1adas no para fortalecer la democracia, sino para facilitarle al partido en el poder el control pol\u00edtico en escenarios adversos.","og_url":"https:\/\/arjenoticias.com.mx\/?p=14398","article_published_time":"2026-05-25T15:33:42+00:00","author":"Edmundo Jacobo Molina","twitter_card":"summary_large_image","twitter_misc":{"Escrito por":"Edmundo Jacobo Molina","Tiempo de lectura":"4 minutos"},"schema":{"@context":"https:\/\/schema.org","@graph":[{"@type":"Article","@id":"https:\/\/arjenoticias.com.mx\/?p=14398#article","isPartOf":{"@id":"https:\/\/arjenoticias.com.mx\/?p=14398"},"author":{"name":"Edmundo Jacobo Molina","@id":"https:\/\/arjenoticias.com.mx\/#\/schema\/person\/1a41465c296e9e3df18e71b7dee74397"},"headline":"Tres al hilo","datePublished":"2026-05-25T15:33:42+00:00","mainEntityOfPage":{"@id":"https:\/\/arjenoticias.com.mx\/?p=14398"},"wordCount":839,"commentCount":0,"publisher":{"@id":"https:\/\/arjenoticias.com.mx\/#organization"},"image":{"@id":"https:\/\/arjenoticias.com.mx\/?p=14398#primaryimage"},"thumbnailUrl":"","keywords":["Sheinbaum ordena la seudo operacion limpieza"],"articleSection":["Pol\u00edtica"],"inLanguage":"es","potentialAction":[{"@type":"CommentAction","name":"Comment","target":["https:\/\/arjenoticias.com.mx\/?p=14398#respond"]}]},{"@type":"WebPage","@id":"https:\/\/arjenoticias.com.mx\/?p=14398","url":"https:\/\/arjenoticias.com.mx\/?p=14398","name":"Tres al hilo -","isPartOf":{"@id":"https:\/\/arjenoticias.com.mx\/#website"},"primaryImageOfPage":{"@id":"https:\/\/arjenoticias.com.mx\/?p=14398#primaryimage"},"image":{"@id":"https:\/\/arjenoticias.com.mx\/?p=14398#primaryimage"},"thumbnailUrl":"","datePublished":"2026-05-25T15:33:42+00:00","description":"algo m\u00e1s preocupante, la construcci\u00f3n deliberada de reglas electorales y judiciales dise\u00f1adas no para fortalecer la democracia, sino para facilitarle al partido en el poder el control pol\u00edtico en escenarios adversos.","breadcrumb":{"@id":"https:\/\/arjenoticias.com.mx\/?p=14398#breadcrumb"},"inLanguage":"es","potentialAction":[{"@type":"ReadAction","target":["https:\/\/arjenoticias.com.mx\/?p=14398"]}]},{"@type":"ImageObject","inLanguage":"es","@id":"https:\/\/arjenoticias.com.mx\/?p=14398#primaryimage","url":"","contentUrl":""},{"@type":"BreadcrumbList","@id":"https:\/\/arjenoticias.com.mx\/?p=14398#breadcrumb","itemListElement":[{"@type":"ListItem","position":1,"name":"Inicio","item":"https:\/\/arjenoticias.com.mx\/"},{"@type":"ListItem","position":2,"name":"Tres al hilo"}]},{"@type":"WebSite","@id":"https:\/\/arjenoticias.com.mx\/#website","url":"https:\/\/arjenoticias.com.mx\/","name":"arjenoticias.com.mx","description":"","publisher":{"@id":"https:\/\/arjenoticias.com.mx\/#organization"},"potentialAction":[{"@type":"SearchAction","target":{"@type":"EntryPoint","urlTemplate":"https:\/\/arjenoticias.com.mx\/?s={search_term_string}"},"query-input":{"@type":"PropertyValueSpecification","valueRequired":true,"valueName":"search_term_string"}}],"inLanguage":"es"},{"@type":"Organization","@id":"https:\/\/arjenoticias.com.mx\/#organization","name":"Arj\u00e9 de M\u00e9xico Noticias","url":"https:\/\/arjenoticias.com.mx\/","logo":{"@type":"ImageObject","inLanguage":"es","@id":"https:\/\/arjenoticias.com.mx\/#\/schema\/logo\/image\/","url":"https:\/\/arjenoticias.com.mx\/wp-content\/uploads\/2025\/07\/cropped-logo-scaled-1.png","contentUrl":"https:\/\/arjenoticias.com.mx\/wp-content\/uploads\/2025\/07\/cropped-logo-scaled-1.png","width":2558,"height":558,"caption":"Arj\u00e9 de M\u00e9xico Noticias"},"image":{"@id":"https:\/\/arjenoticias.com.mx\/#\/schema\/logo\/image\/"}},{"@type":"Person","@id":"https:\/\/arjenoticias.com.mx\/#\/schema\/person\/1a41465c296e9e3df18e71b7dee74397","name":"Edmundo Jacobo Molina","image":{"@type":"ImageObject","inLanguage":"es","@id":"https:\/\/secure.gravatar.com\/avatar\/f2461446ec50fd3e1cde6a8b1c088e4507436d93ef72d758a4f583b3dcb40f56?s=96&d=mm&r=g","url":"https:\/\/secure.gravatar.com\/avatar\/f2461446ec50fd3e1cde6a8b1c088e4507436d93ef72d758a4f583b3dcb40f56?s=96&d=mm&r=g","contentUrl":"https:\/\/secure.gravatar.com\/avatar\/f2461446ec50fd3e1cde6a8b1c088e4507436d93ef72d758a4f583b3dcb40f56?s=96&d=mm&r=g","caption":"Edmundo Jacobo Molina"},"url":"https:\/\/arjenoticias.com.mx\/?author=92"}]}},"_links":{"self":[{"href":"https:\/\/arjenoticias.com.mx\/index.php?rest_route=\/wp\/v2\/posts\/14398","targetHints":{"allow":["GET"]}}],"collection":[{"href":"https:\/\/arjenoticias.com.mx\/index.php?rest_route=\/wp\/v2\/posts"}],"about":[{"href":"https:\/\/arjenoticias.com.mx\/index.php?rest_route=\/wp\/v2\/types\/post"}],"author":[{"embeddable":true,"href":"https:\/\/arjenoticias.com.mx\/index.php?rest_route=\/wp\/v2\/users\/92"}],"replies":[{"embeddable":true,"href":"https:\/\/arjenoticias.com.mx\/index.php?rest_route=%2Fwp%2Fv2%2Fcomments&post=14398"}],"version-history":[{"count":0,"href":"https:\/\/arjenoticias.com.mx\/index.php?rest_route=\/wp\/v2\/posts\/14398\/revisions"}],"wp:attachment":[{"href":"https:\/\/arjenoticias.com.mx\/index.php?rest_route=%2Fwp%2Fv2%2Fmedia&parent=14398"}],"wp:term":[{"taxonomy":"category","embeddable":true,"href":"https:\/\/arjenoticias.com.mx\/index.php?rest_route=%2Fwp%2Fv2%2Fcategories&post=14398"},{"taxonomy":"post_tag","embeddable":true,"href":"https:\/\/arjenoticias.com.mx\/index.php?rest_route=%2Fwp%2Fv2%2Ftags&post=14398"}],"curies":[{"name":"wp","href":"https:\/\/api.w.org\/{rel}","templated":true}]}}