{"id":14379,"date":"2026-05-24T13:13:46","date_gmt":"2026-05-24T19:13:46","guid":{"rendered":"https:\/\/arjenoticias.com\/?p=14379"},"modified":"2026-05-24T13:13:46","modified_gmt":"2026-05-24T19:13:46","slug":"prioridad-construir-una-narrativa-opositora-gustavo-vicencio","status":"publish","type":"post","link":"https:\/\/arjenoticias.com.mx\/?p=14379","title":{"rendered":"Prioridad; construir una narrativa opositora: Gustavo Vicencio"},"content":{"rendered":"\n<h2 class=\"wp-block-heading\"><strong><em>\u201cLos que cuentan las historias gobiernan la sociedad\u201d<\/em><\/strong> Confucio.<\/h2>\n\n\n\n<p class=\"wp-block-paragraph\">En la reciente encuesta realizada por Latinus, bajo la conducci\u00f3n de la consultora y polit\u00f3loga Lorena Becerra, podemos constatar que el tefl\u00f3n que ha cubierto a morena por largos 8 a\u00f1os parece que est\u00e1 llegando a su fin. Los principales hallazgos son:<\/p>\n\n\n\n<ol class=\"wp-block-list\">\n<li>Fuerte ca\u00edda en la aprobaci\u00f3n presidencial: la popularidad de Claudia Sheinbaum pas\u00f3 del 80% (marzo 2025) a 59% (mayo 2026)<\/li>\n\n\n\n<li>Descenso en la valoraci\u00f3n de morena: la opini\u00f3n positiva baj\u00f3 del 71% a 57% en el mismo periodo<\/li>\n\n\n\n<li>Percepci\u00f3n de p\u00e9rdida de control: alrededor del 68% considera que la presidente no tiene el control del pa\u00eds y que la situaci\u00f3n se est\u00e1 saliendo de control<\/li>\n\n\n\n<li>Seguridad y desempe\u00f1o: 63% opina que el gobierno est\u00e1 fracasando en reducir delitos comunes (robos y asaltos)<\/li>\n\n\n\n<li>V\u00ednculos con el crimen: 63% cree que los pol\u00edticos de morena han recibido dinero del narcotr\u00e1fico, mientras que el 42% piensa que morena tiene m\u00e1s v\u00ednculos con el crimen organizado que otros partidos.<\/li>\n\n\n\n<li>Divisi\u00f3n sobre continuidad de gobierno: 47% considera que morena debe dejar de gobernar y 47% que debe continuar.<\/li>\n\n\n\n<li>Lo que est\u00e1 haciendo bien el gobierno es: programa de apoyo a adultos mayores (91%), mejorar los salarios y creaci\u00f3n de empleos (58%)<\/li>\n\n\n\n<li>Lo que est\u00e1 haciendo mal: combatir la inseguridad com\u00fan y el crimen organizado con aprobaciones del 33% y 36 % respectivamente.<\/li>\n<\/ol>\n\n\n\n<p class=\"wp-block-paragraph\">&nbsp; &nbsp; &nbsp; Esta informaci\u00f3n es oro molido para la oposici\u00f3n. Se podr\u00eda pensar que tendr\u00eda que hacer muy poco para ganar las elecciones en el 2027. Desgraciadamente la realidad es m\u00e1s complicada que eso. Cuando vemos en la misma encuesta la intenci\u00f3n de voto para PAN, PRI y MC, con respecto a diputados federales, vemos que los porcentajes est\u00e1n baj\u00edsimos: 18%, 13% y 15%, respectivamente. Ni juntos logran estar cerca de morena. La tarea m\u00e1s urgente para estos partidos ser\u00e1 contestar dos preguntas: \u00bfPor qu\u00e9 la baja en la aprobaci\u00f3n al gobierno morenista no se traduce en votos para la oposici\u00f3n? Y \u00bfQu\u00e9 hacer para revertir esta situaci\u00f3n?<\/p>\n\n\n\n<p class=\"wp-block-paragraph\">&nbsp; &nbsp; &nbsp; De entrada, van dos ideas: Uno. La oposici\u00f3n sigue arrastrando pasivos propios que no han sabido revertir. PAN, PRI y MC han convivido en la percepci\u00f3n p\u00fablica con pr\u00e1cticas pol\u00edticas cuestionadas, esc\u00e1ndalos y, en algunos casos, vac\u00edos de liderazgo o propuestas difusas. Para muchos electores el intercambio simple \u201csi cae Morena, voto por el PAN\/PRI\/MC\u201d no es atractivo porque esas fuerzas no han logrado construir una narrativa renovadora que distinga su oferta de lo que se critica de Morena.<\/p>\n\n\n\n<p class=\"wp-block-paragraph\">&nbsp; &nbsp; &nbsp; Dos. El efecto marca-morena sigue vigente. Aun con ca\u00eddas en imagen, morena conserva una estructura de base, redes clientelares y reconocimiento que amortiguan p\u00e9rdidas hacia la oposici\u00f3n. El partido ha institucionalizado pol\u00edticas sociales visibles (programas sociales, beneficiarios identificables), lo que genera lealtades que no se rompen inmediatamente por la mala gesti\u00f3n percibida en otros rubros. Esa \u201creserva de voto\u201d permite que la sangr\u00eda en aprobaci\u00f3n sea en gran medida voto de protesta y no traslado neto a competidores.<\/p>\n\n\n\n<p class=\"wp-block-paragraph\">&nbsp; &nbsp; &nbsp; Conclusi\u00f3n: La baja en la aprobaci\u00f3n del oficialismo es real y pol\u00edticamente significativa, pero no basta para presuponer un traspaso autom\u00e1tico de apoyos hacia PAN, PRI o MC. Mientras la oposici\u00f3n no resuelva sus propios d\u00e9ficits de credibilidad, narrativa y coalici\u00f3n, y mientras la estructura de base de morena y sus programas sociales sigan ofreciendo anclas a su electorado, el descontento tender\u00e1 a traducirse en volatilidad, abstencionismo o rechazo difuso m\u00e1s que en un auge opositor. Para transformar ese desgaste en oportunidad, la oposici\u00f3n necesita algo m\u00e1s que cr\u00edticas o solo sentarse a esperar a que la situaci\u00f3n del pa\u00eds se siga deteriorando. Urge reconstruir confianza con propuestas concretas en seguridad, rendici\u00f3n de cuentas y pol\u00edtica social. Tener un mensaje claro, simple, pegador, esperanzador, sobre todo enfocado a lo que requieren m\u00e1s las y los ciudadanos en sus comunidades: empleo formal bien remunerado, servicios p\u00fablicos eficientes, comunidades en paz donde puedan convivir sin temor al crimen, centros de salud c\u00e1lidos y con medicinas, v\u00edas y transporte p\u00fablico seguros.<\/p>\n\n\n\n<p class=\"wp-block-paragraph\">&nbsp; &nbsp; &nbsp; Es decir, est\u00e1n dadas las condiciones para lograr el cambio de rumbo que requiere M\u00e9xico. Es responsabilidad de las oposiciones, partidista y sociedad organizada, encontrar puntos de encuentro. No dejemos pasar esta oportunidad. Con una narrativa coherente, hay que salir a convencer a la ciudadan\u00eda a ras de calle, con trabajo constante, permanente, machacador. La gente lo sabr\u00e1 valorar.<\/p>\n","protected":false},"excerpt":{"rendered":"<p>\u201cLos que cuentan las historias gobiernan la sociedad\u201d Confucio. En la reciente encuesta realizada por&#8230;<\/p>\n","protected":false},"author":121,"featured_media":14383,"comment_status":"open","ping_status":"open","sticky":false,"template":"","format":"standard","meta":{"footnotes":""},"categories":[12],"tags":[265],"class_list":["post-14379","post","type-post","status-publish","format-standard","has-post-thumbnail","hentry","category-opinion","tag-baja-popularidad-de-sheinbaum"],"yoast_head":"<!-- This site is optimized with the Yoast SEO plugin v28.4 - https:\/\/yoast.com\/product\/yoast-seo-wordpress\/ -->\n<title>Prioridad; construir una narrativa opositora: Gustavo Vicencio -<\/title>\n<meta name=\"description\" content=\"Mientras la oposici\u00f3n no resuelva sus propios d\u00e9ficits de credibilidad, narrativa y coalici\u00f3n, y mientras la estructura de base de morena y sus programas sociales sigan ofreciendo anclas a su electorado, el descontento tender\u00e1 a traducirse en volatilidad, abstencionismo\" \/>\n<meta name=\"robots\" content=\"index, follow, max-snippet:-1, max-image-preview:large, max-video-preview:-1\" \/>\n<link rel=\"canonical\" href=\"https:\/\/arjenoticias.com.mx\/?p=14379\" \/>\n<meta property=\"og:locale\" content=\"es_MX\" \/>\n<meta property=\"og:type\" content=\"article\" \/>\n<meta property=\"og:title\" content=\"Prioridad; construir una narrativa opositora: Gustavo Vicencio -\" \/>\n<meta property=\"og:description\" content=\"Mientras la oposici\u00f3n no resuelva sus propios d\u00e9ficits de credibilidad, narrativa y coalici\u00f3n, y mientras la estructura de base de morena y sus programas sociales sigan ofreciendo anclas a su electorado, el descontento tender\u00e1 a traducirse en volatilidad, abstencionismo\" \/>\n<meta property=\"og:url\" content=\"https:\/\/arjenoticias.com.mx\/?p=14379\" \/>\n<meta property=\"article:published_time\" content=\"2026-05-24T19:13:46+00:00\" \/>\n<meta name=\"author\" content=\"Gustavo Vicencio Acevedo\" \/>\n<meta name=\"twitter:card\" content=\"summary_large_image\" \/>\n<meta name=\"twitter:label1\" content=\"Escrito por\" \/>\n\t<meta name=\"twitter:data1\" content=\"Gustavo Vicencio Acevedo\" \/>\n\t<meta name=\"twitter:label2\" content=\"Tiempo de lectura\" \/>\n\t<meta name=\"twitter:data2\" content=\"4 minutos\" \/>\n<script type=\"application\/ld+json\" class=\"yoast-schema-graph\">{\"@context\":\"https:\\\/\\\/schema.org\",\"@graph\":[{\"@type\":\"Article\",\"@id\":\"https:\\\/\\\/arjenoticias.com.mx\\\/?p=14379#article\",\"isPartOf\":{\"@id\":\"https:\\\/\\\/arjenoticias.com.mx\\\/?p=14379\"},\"author\":{\"name\":\"Gustavo Vicencio Acevedo\",\"@id\":\"https:\\\/\\\/arjenoticias.com.mx\\\/#\\\/schema\\\/person\\\/70641f5bead51c96694a3dd3a9b05063\"},\"headline\":\"Prioridad; construir una narrativa opositora: Gustavo Vicencio\",\"datePublished\":\"2026-05-24T19:13:46+00:00\",\"mainEntityOfPage\":{\"@id\":\"https:\\\/\\\/arjenoticias.com.mx\\\/?p=14379\"},\"wordCount\":790,\"commentCount\":0,\"publisher\":{\"@id\":\"https:\\\/\\\/arjenoticias.com.mx\\\/#organization\"},\"image\":{\"@id\":\"https:\\\/\\\/arjenoticias.com.mx\\\/?p=14379#primaryimage\"},\"thumbnailUrl\":\"\",\"keywords\":[\"Baja Popularidad de Sheinbaum\"],\"articleSection\":[\"Opini\u00f3n\"],\"inLanguage\":\"es\",\"potentialAction\":[{\"@type\":\"CommentAction\",\"name\":\"Comment\",\"target\":[\"https:\\\/\\\/arjenoticias.com.mx\\\/?p=14379#respond\"]}]},{\"@type\":\"WebPage\",\"@id\":\"https:\\\/\\\/arjenoticias.com.mx\\\/?p=14379\",\"url\":\"https:\\\/\\\/arjenoticias.com.mx\\\/?p=14379\",\"name\":\"Prioridad; construir una narrativa opositora: Gustavo Vicencio -\",\"isPartOf\":{\"@id\":\"https:\\\/\\\/arjenoticias.com.mx\\\/#website\"},\"primaryImageOfPage\":{\"@id\":\"https:\\\/\\\/arjenoticias.com.mx\\\/?p=14379#primaryimage\"},\"image\":{\"@id\":\"https:\\\/\\\/arjenoticias.com.mx\\\/?p=14379#primaryimage\"},\"thumbnailUrl\":\"\",\"datePublished\":\"2026-05-24T19:13:46+00:00\",\"description\":\"Mientras la oposici\u00f3n no resuelva sus propios d\u00e9ficits de credibilidad, narrativa y coalici\u00f3n, y mientras la estructura de base de morena y sus programas sociales sigan ofreciendo anclas a su electorado, el descontento tender\u00e1 a traducirse en volatilidad, abstencionismo\",\"breadcrumb\":{\"@id\":\"https:\\\/\\\/arjenoticias.com.mx\\\/?p=14379#breadcrumb\"},\"inLanguage\":\"es\",\"potentialAction\":[{\"@type\":\"ReadAction\",\"target\":[\"https:\\\/\\\/arjenoticias.com.mx\\\/?p=14379\"]}]},{\"@type\":\"ImageObject\",\"inLanguage\":\"es\",\"@id\":\"https:\\\/\\\/arjenoticias.com.mx\\\/?p=14379#primaryimage\",\"url\":\"\",\"contentUrl\":\"\"},{\"@type\":\"BreadcrumbList\",\"@id\":\"https:\\\/\\\/arjenoticias.com.mx\\\/?p=14379#breadcrumb\",\"itemListElement\":[{\"@type\":\"ListItem\",\"position\":1,\"name\":\"Inicio\",\"item\":\"https:\\\/\\\/arjenoticias.com.mx\\\/\"},{\"@type\":\"ListItem\",\"position\":2,\"name\":\"Prioridad; construir una narrativa opositora: Gustavo Vicencio\"}]},{\"@type\":\"WebSite\",\"@id\":\"https:\\\/\\\/arjenoticias.com.mx\\\/#website\",\"url\":\"https:\\\/\\\/arjenoticias.com.mx\\\/\",\"name\":\"arjenoticias.com.mx\",\"description\":\"\",\"publisher\":{\"@id\":\"https:\\\/\\\/arjenoticias.com.mx\\\/#organization\"},\"potentialAction\":[{\"@type\":\"SearchAction\",\"target\":{\"@type\":\"EntryPoint\",\"urlTemplate\":\"https:\\\/\\\/arjenoticias.com.mx\\\/?s={search_term_string}\"},\"query-input\":{\"@type\":\"PropertyValueSpecification\",\"valueRequired\":true,\"valueName\":\"search_term_string\"}}],\"inLanguage\":\"es\"},{\"@type\":\"Organization\",\"@id\":\"https:\\\/\\\/arjenoticias.com.mx\\\/#organization\",\"name\":\"Arj\u00e9 de M\u00e9xico Noticias\",\"url\":\"https:\\\/\\\/arjenoticias.com.mx\\\/\",\"logo\":{\"@type\":\"ImageObject\",\"inLanguage\":\"es\",\"@id\":\"https:\\\/\\\/arjenoticias.com.mx\\\/#\\\/schema\\\/logo\\\/image\\\/\",\"url\":\"https:\\\/\\\/arjenoticias.com.mx\\\/wp-content\\\/uploads\\\/2025\\\/07\\\/cropped-logo-scaled-1.png\",\"contentUrl\":\"https:\\\/\\\/arjenoticias.com.mx\\\/wp-content\\\/uploads\\\/2025\\\/07\\\/cropped-logo-scaled-1.png\",\"width\":2558,\"height\":558,\"caption\":\"Arj\u00e9 de M\u00e9xico Noticias\"},\"image\":{\"@id\":\"https:\\\/\\\/arjenoticias.com.mx\\\/#\\\/schema\\\/logo\\\/image\\\/\"}},{\"@type\":\"Person\",\"@id\":\"https:\\\/\\\/arjenoticias.com.mx\\\/#\\\/schema\\\/person\\\/70641f5bead51c96694a3dd3a9b05063\",\"name\":\"Gustavo Vicencio Acevedo\",\"image\":{\"@type\":\"ImageObject\",\"inLanguage\":\"es\",\"@id\":\"https:\\\/\\\/secure.gravatar.com\\\/avatar\\\/caf0aaf7e8e74de37b81a4fc58bdc767534035ec8d0ce53a5fb082713004c3e0?s=96&d=mm&r=g\",\"url\":\"https:\\\/\\\/secure.gravatar.com\\\/avatar\\\/caf0aaf7e8e74de37b81a4fc58bdc767534035ec8d0ce53a5fb082713004c3e0?s=96&d=mm&r=g\",\"contentUrl\":\"https:\\\/\\\/secure.gravatar.com\\\/avatar\\\/caf0aaf7e8e74de37b81a4fc58bdc767534035ec8d0ce53a5fb082713004c3e0?s=96&d=mm&r=g\",\"caption\":\"Gustavo Vicencio Acevedo\"},\"url\":\"https:\\\/\\\/arjenoticias.com.mx\\\/?author=121\"}]}<\/script>\n<!-- \/ Yoast SEO plugin. -->","yoast_head_json":{"title":"Prioridad; construir una narrativa opositora: Gustavo Vicencio -","description":"Mientras la oposici\u00f3n no resuelva sus propios d\u00e9ficits de credibilidad, narrativa y coalici\u00f3n, y mientras la estructura de base de morena y sus programas sociales sigan ofreciendo anclas a su electorado, el descontento tender\u00e1 a traducirse en volatilidad, abstencionismo","robots":{"index":"index","follow":"follow","max-snippet":"max-snippet:-1","max-image-preview":"max-image-preview:large","max-video-preview":"max-video-preview:-1"},"canonical":"https:\/\/arjenoticias.com.mx\/?p=14379","og_locale":"es_MX","og_type":"article","og_title":"Prioridad; construir una narrativa opositora: Gustavo Vicencio -","og_description":"Mientras la oposici\u00f3n no resuelva sus propios d\u00e9ficits de credibilidad, narrativa y coalici\u00f3n, y mientras la estructura de base de morena y sus programas sociales sigan ofreciendo anclas a su electorado, el descontento tender\u00e1 a traducirse en volatilidad, abstencionismo","og_url":"https:\/\/arjenoticias.com.mx\/?p=14379","article_published_time":"2026-05-24T19:13:46+00:00","author":"Gustavo Vicencio Acevedo","twitter_card":"summary_large_image","twitter_misc":{"Escrito por":"Gustavo Vicencio Acevedo","Tiempo de lectura":"4 minutos"},"schema":{"@context":"https:\/\/schema.org","@graph":[{"@type":"Article","@id":"https:\/\/arjenoticias.com.mx\/?p=14379#article","isPartOf":{"@id":"https:\/\/arjenoticias.com.mx\/?p=14379"},"author":{"name":"Gustavo Vicencio Acevedo","@id":"https:\/\/arjenoticias.com.mx\/#\/schema\/person\/70641f5bead51c96694a3dd3a9b05063"},"headline":"Prioridad; construir una narrativa opositora: Gustavo Vicencio","datePublished":"2026-05-24T19:13:46+00:00","mainEntityOfPage":{"@id":"https:\/\/arjenoticias.com.mx\/?p=14379"},"wordCount":790,"commentCount":0,"publisher":{"@id":"https:\/\/arjenoticias.com.mx\/#organization"},"image":{"@id":"https:\/\/arjenoticias.com.mx\/?p=14379#primaryimage"},"thumbnailUrl":"","keywords":["Baja Popularidad de Sheinbaum"],"articleSection":["Opini\u00f3n"],"inLanguage":"es","potentialAction":[{"@type":"CommentAction","name":"Comment","target":["https:\/\/arjenoticias.com.mx\/?p=14379#respond"]}]},{"@type":"WebPage","@id":"https:\/\/arjenoticias.com.mx\/?p=14379","url":"https:\/\/arjenoticias.com.mx\/?p=14379","name":"Prioridad; construir una narrativa opositora: Gustavo Vicencio -","isPartOf":{"@id":"https:\/\/arjenoticias.com.mx\/#website"},"primaryImageOfPage":{"@id":"https:\/\/arjenoticias.com.mx\/?p=14379#primaryimage"},"image":{"@id":"https:\/\/arjenoticias.com.mx\/?p=14379#primaryimage"},"thumbnailUrl":"","datePublished":"2026-05-24T19:13:46+00:00","description":"Mientras la oposici\u00f3n no resuelva sus propios d\u00e9ficits de credibilidad, narrativa y coalici\u00f3n, y mientras la estructura de base de morena y sus programas sociales sigan ofreciendo anclas a su electorado, el descontento tender\u00e1 a traducirse en volatilidad, abstencionismo","breadcrumb":{"@id":"https:\/\/arjenoticias.com.mx\/?p=14379#breadcrumb"},"inLanguage":"es","potentialAction":[{"@type":"ReadAction","target":["https:\/\/arjenoticias.com.mx\/?p=14379"]}]},{"@type":"ImageObject","inLanguage":"es","@id":"https:\/\/arjenoticias.com.mx\/?p=14379#primaryimage","url":"","contentUrl":""},{"@type":"BreadcrumbList","@id":"https:\/\/arjenoticias.com.mx\/?p=14379#breadcrumb","itemListElement":[{"@type":"ListItem","position":1,"name":"Inicio","item":"https:\/\/arjenoticias.com.mx\/"},{"@type":"ListItem","position":2,"name":"Prioridad; construir una narrativa opositora: Gustavo Vicencio"}]},{"@type":"WebSite","@id":"https:\/\/arjenoticias.com.mx\/#website","url":"https:\/\/arjenoticias.com.mx\/","name":"arjenoticias.com.mx","description":"","publisher":{"@id":"https:\/\/arjenoticias.com.mx\/#organization"},"potentialAction":[{"@type":"SearchAction","target":{"@type":"EntryPoint","urlTemplate":"https:\/\/arjenoticias.com.mx\/?s={search_term_string}"},"query-input":{"@type":"PropertyValueSpecification","valueRequired":true,"valueName":"search_term_string"}}],"inLanguage":"es"},{"@type":"Organization","@id":"https:\/\/arjenoticias.com.mx\/#organization","name":"Arj\u00e9 de M\u00e9xico Noticias","url":"https:\/\/arjenoticias.com.mx\/","logo":{"@type":"ImageObject","inLanguage":"es","@id":"https:\/\/arjenoticias.com.mx\/#\/schema\/logo\/image\/","url":"https:\/\/arjenoticias.com.mx\/wp-content\/uploads\/2025\/07\/cropped-logo-scaled-1.png","contentUrl":"https:\/\/arjenoticias.com.mx\/wp-content\/uploads\/2025\/07\/cropped-logo-scaled-1.png","width":2558,"height":558,"caption":"Arj\u00e9 de M\u00e9xico Noticias"},"image":{"@id":"https:\/\/arjenoticias.com.mx\/#\/schema\/logo\/image\/"}},{"@type":"Person","@id":"https:\/\/arjenoticias.com.mx\/#\/schema\/person\/70641f5bead51c96694a3dd3a9b05063","name":"Gustavo Vicencio Acevedo","image":{"@type":"ImageObject","inLanguage":"es","@id":"https:\/\/secure.gravatar.com\/avatar\/caf0aaf7e8e74de37b81a4fc58bdc767534035ec8d0ce53a5fb082713004c3e0?s=96&d=mm&r=g","url":"https:\/\/secure.gravatar.com\/avatar\/caf0aaf7e8e74de37b81a4fc58bdc767534035ec8d0ce53a5fb082713004c3e0?s=96&d=mm&r=g","contentUrl":"https:\/\/secure.gravatar.com\/avatar\/caf0aaf7e8e74de37b81a4fc58bdc767534035ec8d0ce53a5fb082713004c3e0?s=96&d=mm&r=g","caption":"Gustavo Vicencio Acevedo"},"url":"https:\/\/arjenoticias.com.mx\/?author=121"}]}},"_links":{"self":[{"href":"https:\/\/arjenoticias.com.mx\/index.php?rest_route=\/wp\/v2\/posts\/14379","targetHints":{"allow":["GET"]}}],"collection":[{"href":"https:\/\/arjenoticias.com.mx\/index.php?rest_route=\/wp\/v2\/posts"}],"about":[{"href":"https:\/\/arjenoticias.com.mx\/index.php?rest_route=\/wp\/v2\/types\/post"}],"author":[{"embeddable":true,"href":"https:\/\/arjenoticias.com.mx\/index.php?rest_route=\/wp\/v2\/users\/121"}],"replies":[{"embeddable":true,"href":"https:\/\/arjenoticias.com.mx\/index.php?rest_route=%2Fwp%2Fv2%2Fcomments&post=14379"}],"version-history":[{"count":0,"href":"https:\/\/arjenoticias.com.mx\/index.php?rest_route=\/wp\/v2\/posts\/14379\/revisions"}],"wp:attachment":[{"href":"https:\/\/arjenoticias.com.mx\/index.php?rest_route=%2Fwp%2Fv2%2Fmedia&parent=14379"}],"wp:term":[{"taxonomy":"category","embeddable":true,"href":"https:\/\/arjenoticias.com.mx\/index.php?rest_route=%2Fwp%2Fv2%2Fcategories&post=14379"},{"taxonomy":"post_tag","embeddable":true,"href":"https:\/\/arjenoticias.com.mx\/index.php?rest_route=%2Fwp%2Fv2%2Ftags&post=14379"}],"curies":[{"name":"wp","href":"https:\/\/api.w.org\/{rel}","templated":true}]}}