{"id":14376,"date":"2026-05-24T12:20:40","date_gmt":"2026-05-24T18:20:40","guid":{"rendered":"https:\/\/arjenoticias.com\/?p=14376"},"modified":"2026-05-24T12:20:58","modified_gmt":"2026-05-24T18:20:58","slug":"el-rictus-del-terror","status":"publish","type":"post","link":"https:\/\/arjenoticias.com.mx\/politica\/el-rictus-del-terror\/","title":{"rendered":"El rictus del terror"},"content":{"rendered":"\n<h2 class=\"wp-block-heading\">Andr\u00e9s Manuel L\u00f3pez Obrador gobern\u00f3 exclusivamente para Morena, no para M\u00e9xico. Prueba de ello es que privilegi\u00f3 la estrategia del enfrentamiento<\/h2>\n\n\n\n<p class=\"wp-block-paragraph\">Otro t\u00edtulo para este art\u00edculo podr\u00eda ser \u201cLa presidenta tiene que decidir\u201d. El tema es la encrucijada de M\u00e9xico ante su futuro pr\u00f3ximo. La presidenta tiene una decisi\u00f3n trascendental que deber\u00e1 tomar. La petici\u00f3n de Estados Unidos de iniciar el procedimiento de extradici\u00f3n del ex gobernador Rub\u00e9n Rocha Moya coloca a la presidenta en el dilema central de su sexenio: \u00bfgobernar para Morena o gobernar para M\u00e9xico?<\/p>\n\n\n\n<p class=\"wp-block-paragraph\">Andr\u00e9s Manuel L\u00f3pez Obrador gobern\u00f3 exclusivamente para Morena, no para M\u00e9xico. Prueba de ello es que privilegi\u00f3 la estrategia del enfrentamiento y la polarizaci\u00f3n social y pol\u00edtica de la sociedad mexicana. Foment\u00f3 el odio como su v\u00eda preferida para consolidar el poder y justificar la destrucci\u00f3n del andamiaje institucional republicano de M\u00e9xico. Gobern\u00f3 al pa\u00eds favoreciendo la divisi\u00f3n.<\/p>\n\n\n\n<p class=\"wp-block-paragraph\">Construy\u00f3 un poder paralelo al Estado mexicano, con poder\u00edo militar y fuerza econ\u00f3mica, para avanzar en la consolidaci\u00f3n de un proyecto pol\u00edtico fuera del orden constitucional. Los acuerdos con el narcotr\u00e1fico eran una parte fundamental de ese nuevo \u201corden constitucional\u201d. AMLO propon\u00eda la destrucci\u00f3n de los cimientos de la vida republicana de M\u00e9xico. Pero ten\u00eda que hacerlo a hurtadillas: siendo esencialmente un ser perverso, le era natural esa conducta.<\/p>\n\n\n\n<p class=\"wp-block-paragraph\">El plan que ide\u00f3 al final de su sexenio defini\u00f3 el programa de gobierno de Sheinbaum. Propuso capturar el Poder Judicial, colonizar al INE y al Tribunal Federal Electoral (TEPJF), completar la desaparici\u00f3n de los \u00f3rganos aut\u00f3nomos, mantener sus obras prioritarias, como el Tren Maya, la refiner\u00eda Dos Bocas y el AIFA y consolidar la alianza internacional con los adversarios a Estados Unidos.<\/p>\n\n\n\n<p class=\"wp-block-paragraph\">La presidenta ha aplicado a pie juntillas el programa que le dej\u00f3 L\u00f3pez Obrador. Incluso en materia de seguridad, Sheinbaum, en su combo con Garc\u00eda Harfuch, se ha dedicado a combatir a la delincuencia territorial, no la pol\u00edtica ni la de cuello blanco. Caen l\u00edderes locales, pero se cuida de no afectar a los pol\u00edticos e importantes empresarios ligados a actividades criminales. Aplica la pol\u00edtica de \u201cabrazos, no balazos con matices convenientes\u201d.<\/p>\n\n\n\n<p class=\"wp-block-paragraph\">Lo que destaca de su gesti\u00f3n es que Sheinbaum depende de la fuerza pol\u00edtica de AMLO para poder gobernar. No tiene una fuerza pol\u00edtica propia. Tiene fuerza burocr\u00e1tica prestada, habiendo ganado una elecci\u00f3n que ahora, con las revelaciones recientes, parece haber sido una victoria tiznada por el poder\u00edo del crimen organizado.<\/p>\n\n\n\n<p class=\"wp-block-paragraph\">As\u00ed que Sheinbaum reina con un poder pol\u00edtico prestado y con un programa previamente definido. Los puntos del \u201cPlan C\u201d de L\u00f3pez Obrador es el programa que aplica Sheinbaum. Para que ese \u201cprograma\u201d tenga \u00e9xito, Sheinbaum tambi\u00e9n est\u00e1 obligada a gobernar como gobern\u00f3 AMLO: para Morena, no para M\u00e9xico.<\/p>\n\n\n\n<p class=\"wp-block-paragraph\">Y as\u00ed lo ha hecho Sheinbaum hasta ahora. Ha sido fiel al mandato de origen. Aplic\u00f3 los acordeones para ganar el control absoluto sobre la Suprema Corte de Justicia de la Naci\u00f3n. Todos sus integrantes son fieles a un s\u00f3lo partido: Morena. Ni siquiera la Constituci\u00f3n Pol\u00edtica de los Estados Unidos Mexicanos. Son fieles al partido y la voz que manda: lo que no se sabe a ciencia cierta es si esa voz pertenece a Palacio Nacional o a Palenque.<\/p>\n\n\n\n<p class=\"wp-block-paragraph\">Coloniz\u00f3 al INE con adeptos repartidos entre fuerzas, donde la presidenta pudo colocar a uno de los suyos. Los otros dos responden a otras voces y mandatos. El representante de la presidenta es una broma de mal gusto, pero defiende los colores de Palacio Nacional.<\/p>\n\n\n\n<p class=\"wp-block-paragraph\">Termin\u00f3 eliminando todo asomo de vigilancia y rendici\u00f3n de cuentas independiente. Integr\u00f3 las funciones de los \u00f3rganos aut\u00f3nomos a oficinas oficiales, subordinadas administrativamente a mandos superiores que responden a la presidenta, en \u00faltima instancia. El flujo de informaci\u00f3n que sale de oficinas p\u00fablicas a petici\u00f3n ciudadana se ha reducido en un 80%.<\/p>\n\n\n\n<p class=\"wp-block-paragraph\">En el terreno pol\u00edtico, y de pol\u00edtica exterior, se sum\u00f3 totalmente a la pol\u00edtica de aliarse con los adversarios de Washington. Con la excepci\u00f3n de una situaci\u00f3n relevante. No ha querido reunirse con Trump en la Casa Blanca. AMLO se reuni\u00f3 con \u00e9l y exhort\u00f3 a los mexicoamericanos a votar por \u00e9l en la elecci\u00f3n presidencial.<\/p>\n\n\n\n<p class=\"wp-block-paragraph\">Como Sheinbaum no ha querido reunirse con \u00e9l, Trump dice que ella tiene miedo, aunque \u00e9l contextualiza su comentario diciendo que Sheinbaum le tiene miedo al narcotr\u00e1fico. Pero lo m\u00e1s probable es que Sheinbaum tiene varias fobias enfrente que le causan miedo: Trump, AMLO, Morena, la oposici\u00f3n y el narcotr\u00e1fico.<\/p>\n\n\n\n<p class=\"wp-block-paragraph\">Todo lo anterior fue antes de los indictments al gobernador Rocha y sus socios-en-crimen. Ahora todo ha cambiado. El gobierno de Sheinbaum y el partido Morena est\u00e1n colocados en la ruta jur\u00eddica de ser definidos como \u201cnarcoterroristas\u201d, seg\u00fan la categorizaci\u00f3n hecha unilateralmente por la justicia estadounidense. La negativa de Sheinbaum a proceder contra Rocha conforme a lo indicado por el convenio de extradici\u00f3n bilateral entre M\u00e9xico y Estados Unidos ha colocado a los dos gobiernos en una ruta de colisi\u00f3n.<\/p>\n\n\n\n<p class=\"wp-block-paragraph\">Se niega a detener a Rocha y socios, para efectos de evaluar la factibilidad de su extradici\u00f3n, bajo argumentos leguleyos y nacionalistas que no corresponden al momento hist\u00f3rico de la relaci\u00f3n. Esgrimir \u201csoberan\u00eda\u201d con los altos niveles de integraci\u00f3n&nbsp; econ\u00f3micas, sociales y culturales parecer\u00eda un sinsentido. Y se\u00f1ala la distante relaci\u00f3n entre dos gobernantes que ya no se comunican adecuadamente.<\/p>\n\n\n\n<p class=\"wp-block-paragraph\">Dada la algidez y grado de conflictividad presente, lo adecuado ser\u00eda que Sheinbaum se trasladar\u00e1 inmediatamente a Washington para resolver la situaci\u00f3n, con di\u00e1logo y con una oferta de opciones viables para atender la severa desconexi\u00f3n existente. Pero no lo har\u00e1 porque no quiere comprometerse a nada con Trump.<\/p>\n\n\n\n<p class=\"wp-block-paragraph\">La presidenta se ve cada vez m\u00e1s descompuesta y fuera de s\u00ed en su conducta p\u00fablica. Se reporta que la privada es a\u00fan m\u00e1s llamativa la descomposici\u00f3n. Lo que ha hecho es adoptar las t\u00e1cticas m\u00e1s sanguinarias de AMLO en su trato con distintos sectores de mexicanos.<\/p>\n\n\n\n<p class=\"wp-block-paragraph\">Critica personalmente a periodistas con burlas, sorna y revelaci\u00f3n de sus datos personales. Lanza una investigaci\u00f3n ministerial de la FGR contra una gobernadora de oposici\u00f3n, aunque resguarda con algodones a su gobernador con licencia de Sinaloa. Anuncia una conspiraci\u00f3n internacional contra su gobierno y responde con una ley para anular elecciones cuando \u00e9stas le sean desfavorables. Y considera a todo aquel que ose criticar a su gobierno como un traidor a la Patria y, en consecuencia, punible legalmente. B\u00e1sicamente pretende convertir a la cr\u00edtica antigubernamental en un delito penal.<\/p>\n\n\n\n<p class=\"wp-block-paragraph\">Las medidas legislativas tienen un s\u00f3lo prop\u00f3sito. Pretenden intimidar a la sociedad para que no act\u00fae en su contra.<\/p>\n\n\n\n<p class=\"wp-block-paragraph\">Lo que subyace en la radicalizaci\u00f3n de la presidenta y su ret\u00f3rica es el temor a que Morena pudiera retroceder significativamente en las pr\u00f3ximas elecciones. Ha calado hondamente en el estado de \u00e1nimo nacional la acci\u00f3n judicial de Estados Unidos en contra de Rocha, y ha afianzado la percepci\u00f3n p\u00fablica de que, efectivamente, el gobierno de Morena est\u00e1 en una relaci\u00f3n de asociaci\u00f3n con el narcotr\u00e1fico y no quiere hacer nada, o no puede hacer nada, para desasociarse de ese contubernio.<\/p>\n\n\n\n<p class=\"wp-block-paragraph\">Los gritos de \u201cnarco presidenta\u201d o \u201cnarco gobierno\u201d est\u00e1n tocando profundamente al movimiento, como flecha al coraz\u00f3n. En las encuestas la presidenta est\u00e1 en ca\u00edda libre, y a Morena le va peor. Lo niegan oficialmente, pero saben cu\u00e1l es la verdad. De ah\u00ed su desesperaci\u00f3n por crear condiciones para poder legalmente anular elecciones si fuera necesario. Morena empieza a vislumbrar la posibilidad de un voto popular de castigo severo.<\/p>\n\n\n\n<p class=\"wp-block-paragraph\">Ante el espectro de m\u00e1s indictments en contra de l\u00edderes y funcionarios morenistas, su miedo tiene fundamento, Especialmente por un dato que duele, pero es ver\u00eddico. Una mayor\u00eda de mexicanos piensan que cuando existe un indictment proveniente de Estados Unidos es porque la acusaci\u00f3n lleva una alta probabilidad de ser cierta. Esa certeza es debido a que el propio gobierno mexicano extradita a criminales a Estados Unidos constantemente, como sucedi\u00f3 con la \u00faltima remesa de 37 encarcelados expulsados en masa a Estados Unidos, haciendo un total de 92 extraditados en lo que va del sexenio.<\/p>\n\n\n\n<p class=\"wp-block-paragraph\">\u00bfPor qu\u00e9, piensa la gente, el caso de Rocha tendr\u00eda que ser diferente? M\u00e1xime cuando dos de los imputados ya se entregaron a las autoridades de Estados Unidos. El gobierno cay\u00f3 en su propia trampa.<\/p>\n\n\n\n<p class=\"wp-block-paragraph\">La presidenta se niega a entregar a Rocha a Estados Unidos. \u00bfHasta cu\u00e1ndo podr\u00e1 resistir la presi\u00f3n que viene, de afuera y de adentro? Desde adentro la presi\u00f3n es social, proveniente de una sociedad que juzga a Rocha como culpable, mientras que desde afuera viene de un gobierno que dice tener las pruebas de su culpabilidad.<\/p>\n\n\n\n<p class=\"wp-block-paragraph\">El dilema de la presidenta es por esta encrucijada. Defender a Rocha es proteger a AMLO y sus acuerdos con el crimen organizado. Entregar a Rocha a las cortes estadounidenses es demostrarle a la sociedad mexicana que va por extirpar al crimen organizado de la vida nacional. Pero romper con AMLO es dividir al movimiento. El rictus de terror en su cara ma\u00f1anera es porque no puede decidir con qui\u00e9n est\u00e1: \u00bfcon AMLO o con la sociedad mexicana?<\/p>\n\n\n\n<p class=\"wp-block-paragraph\">POR RICARDO PASCOE PIERCE<\/p>\n\n\n\n<p class=\"wp-block-paragraph\">COLABORADOR<\/p>\n\n\n\n<p class=\"wp-block-paragraph\">ricardopascoe@hotmail.com<\/p>\n","protected":false},"excerpt":{"rendered":"<p>Andr\u00e9s Manuel L\u00f3pez Obrador gobern\u00f3 exclusivamente para Morena, no para M\u00e9xico. Prueba de ello es&#8230;<\/p>\n","protected":false},"author":22,"featured_media":14377,"comment_status":"open","ping_status":"open","sticky":false,"template":"","format":"standard","meta":{"footnotes":""},"categories":[7],"tags":[70],"class_list":["post-14376","post","type-post","status-publish","format-standard","has-post-thumbnail","hentry","category-politica","tag-sheinbaum"],"yoast_head":"<!-- This site is optimized with the Yoast SEO plugin v28.4 - https:\/\/yoast.com\/product\/yoast-seo-wordpress\/ -->\n<title>El rictus del terror -<\/title>\n<meta name=\"description\" content=\"Construy\u00f3 un poder paralelo al Estado mexicano, con poder\u00edo militar y fuerza econ\u00f3mica, para avanzar en la consolidaci\u00f3n de un proyecto pol\u00edtico fuera del orden constitucional. Los acuerdos con el narcotr\u00e1fico eran una parte fundamental\" \/>\n<meta name=\"robots\" content=\"index, follow, max-snippet:-1, max-image-preview:large, max-video-preview:-1\" \/>\n<link rel=\"canonical\" href=\"https:\/\/arjenoticias.com.mx\/politica\/el-rictus-del-terror\/\" \/>\n<meta property=\"og:locale\" content=\"es_ES\" \/>\n<meta property=\"og:type\" content=\"article\" \/>\n<meta property=\"og:title\" content=\"El rictus del terror -\" \/>\n<meta property=\"og:description\" content=\"Construy\u00f3 un poder paralelo al Estado mexicano, con poder\u00edo militar y fuerza econ\u00f3mica, para avanzar en la consolidaci\u00f3n de un proyecto pol\u00edtico fuera del orden constitucional. Los acuerdos con el narcotr\u00e1fico eran una parte fundamental\" \/>\n<meta property=\"og:url\" content=\"https:\/\/arjenoticias.com.mx\/politica\/el-rictus-del-terror\/\" \/>\n<meta property=\"article:publisher\" content=\"https:\/\/www.facebook.com\/ArjeNoticiasMX\" \/>\n<meta property=\"article:published_time\" content=\"2026-05-24T18:20:40+00:00\" \/>\n<meta property=\"article:modified_time\" content=\"2026-05-24T18:20:58+00:00\" \/>\n<meta property=\"og:image\" content=\"https:\/\/arjenoticias.com.mx\/wp-content\/uploads\/2026\/05\/Ricardo-Pascoe-7.png\" \/>\n\t<meta property=\"og:image:width\" content=\"600\" \/>\n\t<meta property=\"og:image:height\" content=\"400\" \/>\n\t<meta property=\"og:image:type\" content=\"image\/png\" \/>\n<meta name=\"author\" content=\"Ricardo Pascoe\" \/>\n<meta name=\"twitter:card\" content=\"summary_large_image\" \/>\n<meta name=\"twitter:creator\" content=\"@ArjeNoticias\" \/>\n<meta name=\"twitter:site\" content=\"@ArjeNoticias\" \/>\n<meta name=\"twitter:label1\" content=\"Escrito por\" \/>\n\t<meta name=\"twitter:data1\" content=\"Ricardo Pascoe\" \/>\n\t<meta name=\"twitter:label2\" content=\"Tiempo de lectura\" \/>\n\t<meta name=\"twitter:data2\" content=\"8 minutos\" \/>\n<script type=\"application\/ld+json\" class=\"yoast-schema-graph\">{\"@context\":\"https:\\\/\\\/schema.org\",\"@graph\":[{\"@type\":\"Article\",\"@id\":\"https:\\\/\\\/arjenoticias.com.mx\\\/politica\\\/el-rictus-del-terror\\\/#article\",\"isPartOf\":{\"@id\":\"https:\\\/\\\/arjenoticias.com.mx\\\/politica\\\/el-rictus-del-terror\\\/\"},\"author\":{\"name\":\"Ricardo Pascoe\",\"@id\":\"https:\\\/\\\/arjenoticias.com.mx\\\/#\\\/schema\\\/person\\\/125c4855191a193f02927b913b7705bc\"},\"headline\":\"El rictus del terror\",\"datePublished\":\"2026-05-24T18:20:40+00:00\",\"dateModified\":\"2026-05-24T18:20:58+00:00\",\"mainEntityOfPage\":{\"@id\":\"https:\\\/\\\/arjenoticias.com.mx\\\/politica\\\/el-rictus-del-terror\\\/\"},\"wordCount\":1633,\"commentCount\":0,\"publisher\":{\"@id\":\"https:\\\/\\\/arjenoticias.com.mx\\\/#organization\"},\"image\":{\"@id\":\"https:\\\/\\\/arjenoticias.com.mx\\\/politica\\\/el-rictus-del-terror\\\/#primaryimage\"},\"thumbnailUrl\":\"https:\\\/\\\/arjenoticias.com.mx\\\/wp-content\\\/uploads\\\/2026\\\/05\\\/Ricardo-Pascoe-7.png\",\"keywords\":[\"Sheinbaum\"],\"articleSection\":[\"Pol\u00edtica\"],\"inLanguage\":\"es\",\"potentialAction\":[{\"@type\":\"CommentAction\",\"name\":\"Comment\",\"target\":[\"https:\\\/\\\/arjenoticias.com.mx\\\/politica\\\/el-rictus-del-terror\\\/#respond\"]}]},{\"@type\":\"WebPage\",\"@id\":\"https:\\\/\\\/arjenoticias.com.mx\\\/politica\\\/el-rictus-del-terror\\\/\",\"url\":\"https:\\\/\\\/arjenoticias.com.mx\\\/politica\\\/el-rictus-del-terror\\\/\",\"name\":\"El rictus del terror -\",\"isPartOf\":{\"@id\":\"https:\\\/\\\/arjenoticias.com.mx\\\/#website\"},\"primaryImageOfPage\":{\"@id\":\"https:\\\/\\\/arjenoticias.com.mx\\\/politica\\\/el-rictus-del-terror\\\/#primaryimage\"},\"image\":{\"@id\":\"https:\\\/\\\/arjenoticias.com.mx\\\/politica\\\/el-rictus-del-terror\\\/#primaryimage\"},\"thumbnailUrl\":\"https:\\\/\\\/arjenoticias.com.mx\\\/wp-content\\\/uploads\\\/2026\\\/05\\\/Ricardo-Pascoe-7.png\",\"datePublished\":\"2026-05-24T18:20:40+00:00\",\"dateModified\":\"2026-05-24T18:20:58+00:00\",\"description\":\"Construy\u00f3 un poder paralelo al Estado mexicano, con poder\u00edo militar y fuerza econ\u00f3mica, para avanzar en la consolidaci\u00f3n de un proyecto pol\u00edtico fuera del orden constitucional. Los acuerdos con el narcotr\u00e1fico eran una parte fundamental\",\"breadcrumb\":{\"@id\":\"https:\\\/\\\/arjenoticias.com.mx\\\/politica\\\/el-rictus-del-terror\\\/#breadcrumb\"},\"inLanguage\":\"es\",\"potentialAction\":[{\"@type\":\"ReadAction\",\"target\":[\"https:\\\/\\\/arjenoticias.com.mx\\\/politica\\\/el-rictus-del-terror\\\/\"]}]},{\"@type\":\"ImageObject\",\"inLanguage\":\"es\",\"@id\":\"https:\\\/\\\/arjenoticias.com.mx\\\/politica\\\/el-rictus-del-terror\\\/#primaryimage\",\"url\":\"https:\\\/\\\/arjenoticias.com.mx\\\/wp-content\\\/uploads\\\/2026\\\/05\\\/Ricardo-Pascoe-7.png\",\"contentUrl\":\"https:\\\/\\\/arjenoticias.com.mx\\\/wp-content\\\/uploads\\\/2026\\\/05\\\/Ricardo-Pascoe-7.png\",\"width\":600,\"height\":400,\"caption\":\"El dilema de la presidenta es por esta encrucijada. Defender a Rocha es proteger a AMLO y sus acuerdos con el crimen organizado\"},{\"@type\":\"BreadcrumbList\",\"@id\":\"https:\\\/\\\/arjenoticias.com.mx\\\/politica\\\/el-rictus-del-terror\\\/#breadcrumb\",\"itemListElement\":[{\"@type\":\"ListItem\",\"position\":1,\"name\":\"Portada\",\"item\":\"https:\\\/\\\/arjenoticias.com.mx\\\/\"},{\"@type\":\"ListItem\",\"position\":2,\"name\":\"El rictus del terror\"}]},{\"@type\":\"WebSite\",\"@id\":\"https:\\\/\\\/arjenoticias.com.mx\\\/#website\",\"url\":\"https:\\\/\\\/arjenoticias.com.mx\\\/\",\"name\":\"Arj\u00e9 M\u00e9xico\",\"description\":\"\",\"publisher\":{\"@id\":\"https:\\\/\\\/arjenoticias.com.mx\\\/#organization\"},\"potentialAction\":[{\"@type\":\"SearchAction\",\"target\":{\"@type\":\"EntryPoint\",\"urlTemplate\":\"https:\\\/\\\/arjenoticias.com.mx\\\/?s={search_term_string}\"},\"query-input\":{\"@type\":\"PropertyValueSpecification\",\"valueRequired\":true,\"valueName\":\"search_term_string\"}}],\"inLanguage\":\"es\"},{\"@type\":\"Organization\",\"@id\":\"https:\\\/\\\/arjenoticias.com.mx\\\/#organization\",\"name\":\"Arj\u00e9 M\u00e9xico\",\"url\":\"https:\\\/\\\/arjenoticias.com.mx\\\/\",\"logo\":{\"@type\":\"ImageObject\",\"inLanguage\":\"es\",\"@id\":\"https:\\\/\\\/arjenoticias.com.mx\\\/#\\\/schema\\\/logo\\\/image\\\/\",\"url\":\"https:\\\/\\\/arjenoticias.com\\\/wp-content\\\/uploads\\\/2026\\\/04\\\/cropped-cropped-logo-inverted-1-scaled-1.png\",\"contentUrl\":\"https:\\\/\\\/arjenoticias.com\\\/wp-content\\\/uploads\\\/2026\\\/04\\\/cropped-cropped-logo-inverted-1-scaled-1.png\",\"width\":2556,\"height\":549,\"caption\":\"Arj\u00e9 M\u00e9xico\"},\"image\":{\"@id\":\"https:\\\/\\\/arjenoticias.com.mx\\\/#\\\/schema\\\/logo\\\/image\\\/\"},\"sameAs\":[\"https:\\\/\\\/www.facebook.com\\\/ArjeNoticiasMX\",\"https:\\\/\\\/x.com\\\/ArjeNoticias\"]},{\"@type\":\"Person\",\"@id\":\"https:\\\/\\\/arjenoticias.com.mx\\\/#\\\/schema\\\/person\\\/125c4855191a193f02927b913b7705bc\",\"name\":\"Ricardo Pascoe\",\"image\":{\"@type\":\"ImageObject\",\"inLanguage\":\"es\",\"@id\":\"https:\\\/\\\/arjenoticias.com\\\/wp-content\\\/uploads\\\/2026\\\/04\\\/Ricardo-Pascoe1-96x96.png\",\"url\":\"https:\\\/\\\/arjenoticias.com\\\/wp-content\\\/uploads\\\/2026\\\/04\\\/Ricardo-Pascoe1-96x96.png\",\"contentUrl\":\"https:\\\/\\\/arjenoticias.com\\\/wp-content\\\/uploads\\\/2026\\\/04\\\/Ricardo-Pascoe1-96x96.png\",\"caption\":\"Ricardo Pascoe\"},\"description\":\"Pol\u00edtico mexicano, analista e ide\u00f3logo de izquierda. Fue miembro fundador del Partido Revolucionario de los Trabajadores, diputado federal y embajador.\",\"url\":\"https:\\\/\\\/arjenoticias.com.mx\\\/author\\\/ricardo-pascoe\\\/\"}]}<\/script>\n<!-- \/ Yoast SEO plugin. -->","yoast_head_json":{"title":"El rictus del terror -","description":"Construy\u00f3 un poder paralelo al Estado mexicano, con poder\u00edo militar y fuerza econ\u00f3mica, para avanzar en la consolidaci\u00f3n de un proyecto pol\u00edtico fuera del orden constitucional. Los acuerdos con el narcotr\u00e1fico eran una parte fundamental","robots":{"index":"index","follow":"follow","max-snippet":"max-snippet:-1","max-image-preview":"max-image-preview:large","max-video-preview":"max-video-preview:-1"},"canonical":"https:\/\/arjenoticias.com.mx\/politica\/el-rictus-del-terror\/","og_locale":"es_ES","og_type":"article","og_title":"El rictus del terror -","og_description":"Construy\u00f3 un poder paralelo al Estado mexicano, con poder\u00edo militar y fuerza econ\u00f3mica, para avanzar en la consolidaci\u00f3n de un proyecto pol\u00edtico fuera del orden constitucional. Los acuerdos con el narcotr\u00e1fico eran una parte fundamental","og_url":"https:\/\/arjenoticias.com.mx\/politica\/el-rictus-del-terror\/","article_publisher":"https:\/\/www.facebook.com\/ArjeNoticiasMX","article_published_time":"2026-05-24T18:20:40+00:00","article_modified_time":"2026-05-24T18:20:58+00:00","og_image":[{"width":600,"height":400,"url":"https:\/\/arjenoticias.com.mx\/wp-content\/uploads\/2026\/05\/Ricardo-Pascoe-7.png","type":"image\/png"}],"author":"Ricardo Pascoe","twitter_card":"summary_large_image","twitter_creator":"@ArjeNoticias","twitter_site":"@ArjeNoticias","twitter_misc":{"Escrito por":"Ricardo Pascoe","Tiempo de lectura":"8 minutos"},"schema":{"@context":"https:\/\/schema.org","@graph":[{"@type":"Article","@id":"https:\/\/arjenoticias.com.mx\/politica\/el-rictus-del-terror\/#article","isPartOf":{"@id":"https:\/\/arjenoticias.com.mx\/politica\/el-rictus-del-terror\/"},"author":{"name":"Ricardo Pascoe","@id":"https:\/\/arjenoticias.com.mx\/#\/schema\/person\/125c4855191a193f02927b913b7705bc"},"headline":"El rictus del terror","datePublished":"2026-05-24T18:20:40+00:00","dateModified":"2026-05-24T18:20:58+00:00","mainEntityOfPage":{"@id":"https:\/\/arjenoticias.com.mx\/politica\/el-rictus-del-terror\/"},"wordCount":1633,"commentCount":0,"publisher":{"@id":"https:\/\/arjenoticias.com.mx\/#organization"},"image":{"@id":"https:\/\/arjenoticias.com.mx\/politica\/el-rictus-del-terror\/#primaryimage"},"thumbnailUrl":"https:\/\/arjenoticias.com.mx\/wp-content\/uploads\/2026\/05\/Ricardo-Pascoe-7.png","keywords":["Sheinbaum"],"articleSection":["Pol\u00edtica"],"inLanguage":"es","potentialAction":[{"@type":"CommentAction","name":"Comment","target":["https:\/\/arjenoticias.com.mx\/politica\/el-rictus-del-terror\/#respond"]}]},{"@type":"WebPage","@id":"https:\/\/arjenoticias.com.mx\/politica\/el-rictus-del-terror\/","url":"https:\/\/arjenoticias.com.mx\/politica\/el-rictus-del-terror\/","name":"El rictus del terror -","isPartOf":{"@id":"https:\/\/arjenoticias.com.mx\/#website"},"primaryImageOfPage":{"@id":"https:\/\/arjenoticias.com.mx\/politica\/el-rictus-del-terror\/#primaryimage"},"image":{"@id":"https:\/\/arjenoticias.com.mx\/politica\/el-rictus-del-terror\/#primaryimage"},"thumbnailUrl":"https:\/\/arjenoticias.com.mx\/wp-content\/uploads\/2026\/05\/Ricardo-Pascoe-7.png","datePublished":"2026-05-24T18:20:40+00:00","dateModified":"2026-05-24T18:20:58+00:00","description":"Construy\u00f3 un poder paralelo al Estado mexicano, con poder\u00edo militar y fuerza econ\u00f3mica, para avanzar en la consolidaci\u00f3n de un proyecto pol\u00edtico fuera del orden constitucional. Los acuerdos con el narcotr\u00e1fico eran una parte fundamental","breadcrumb":{"@id":"https:\/\/arjenoticias.com.mx\/politica\/el-rictus-del-terror\/#breadcrumb"},"inLanguage":"es","potentialAction":[{"@type":"ReadAction","target":["https:\/\/arjenoticias.com.mx\/politica\/el-rictus-del-terror\/"]}]},{"@type":"ImageObject","inLanguage":"es","@id":"https:\/\/arjenoticias.com.mx\/politica\/el-rictus-del-terror\/#primaryimage","url":"https:\/\/arjenoticias.com.mx\/wp-content\/uploads\/2026\/05\/Ricardo-Pascoe-7.png","contentUrl":"https:\/\/arjenoticias.com.mx\/wp-content\/uploads\/2026\/05\/Ricardo-Pascoe-7.png","width":600,"height":400,"caption":"El dilema de la presidenta es por esta encrucijada. Defender a Rocha es proteger a AMLO y sus acuerdos con el crimen organizado"},{"@type":"BreadcrumbList","@id":"https:\/\/arjenoticias.com.mx\/politica\/el-rictus-del-terror\/#breadcrumb","itemListElement":[{"@type":"ListItem","position":1,"name":"Portada","item":"https:\/\/arjenoticias.com.mx\/"},{"@type":"ListItem","position":2,"name":"El rictus del terror"}]},{"@type":"WebSite","@id":"https:\/\/arjenoticias.com.mx\/#website","url":"https:\/\/arjenoticias.com.mx\/","name":"Arj\u00e9 M\u00e9xico","description":"","publisher":{"@id":"https:\/\/arjenoticias.com.mx\/#organization"},"potentialAction":[{"@type":"SearchAction","target":{"@type":"EntryPoint","urlTemplate":"https:\/\/arjenoticias.com.mx\/?s={search_term_string}"},"query-input":{"@type":"PropertyValueSpecification","valueRequired":true,"valueName":"search_term_string"}}],"inLanguage":"es"},{"@type":"Organization","@id":"https:\/\/arjenoticias.com.mx\/#organization","name":"Arj\u00e9 M\u00e9xico","url":"https:\/\/arjenoticias.com.mx\/","logo":{"@type":"ImageObject","inLanguage":"es","@id":"https:\/\/arjenoticias.com.mx\/#\/schema\/logo\/image\/","url":"https:\/\/arjenoticias.com\/wp-content\/uploads\/2026\/04\/cropped-cropped-logo-inverted-1-scaled-1.png","contentUrl":"https:\/\/arjenoticias.com\/wp-content\/uploads\/2026\/04\/cropped-cropped-logo-inverted-1-scaled-1.png","width":2556,"height":549,"caption":"Arj\u00e9 M\u00e9xico"},"image":{"@id":"https:\/\/arjenoticias.com.mx\/#\/schema\/logo\/image\/"},"sameAs":["https:\/\/www.facebook.com\/ArjeNoticiasMX","https:\/\/x.com\/ArjeNoticias"]},{"@type":"Person","@id":"https:\/\/arjenoticias.com.mx\/#\/schema\/person\/125c4855191a193f02927b913b7705bc","name":"Ricardo Pascoe","image":{"@type":"ImageObject","inLanguage":"es","@id":"https:\/\/arjenoticias.com\/wp-content\/uploads\/2026\/04\/Ricardo-Pascoe1-96x96.png","url":"https:\/\/arjenoticias.com\/wp-content\/uploads\/2026\/04\/Ricardo-Pascoe1-96x96.png","contentUrl":"https:\/\/arjenoticias.com\/wp-content\/uploads\/2026\/04\/Ricardo-Pascoe1-96x96.png","caption":"Ricardo Pascoe"},"description":"Pol\u00edtico mexicano, analista e ide\u00f3logo de izquierda. Fue miembro fundador del Partido Revolucionario de los Trabajadores, diputado federal y embajador.","url":"https:\/\/arjenoticias.com.mx\/author\/ricardo-pascoe\/"}]}},"featured_image_urls":{"full":["https:\/\/arjenoticias.com.mx\/wp-content\/uploads\/2026\/05\/Ricardo-Pascoe-7.png",600,400,false],"thumbnail":["https:\/\/arjenoticias.com.mx\/wp-content\/uploads\/2026\/05\/Ricardo-Pascoe-7-150x150.png",150,150,true],"medium":["https:\/\/arjenoticias.com.mx\/wp-content\/uploads\/2026\/05\/Ricardo-Pascoe-7-300x200.png",300,200,true],"medium_large":["https:\/\/arjenoticias.com.mx\/wp-content\/uploads\/2026\/05\/Ricardo-Pascoe-7.png",600,400,false],"large":["https:\/\/arjenoticias.com.mx\/wp-content\/uploads\/2026\/05\/Ricardo-Pascoe-7.png",600,400,false],"1536x1536":["https:\/\/arjenoticias.com.mx\/wp-content\/uploads\/2026\/05\/Ricardo-Pascoe-7.png",600,400,false],"2048x2048":["https:\/\/arjenoticias.com.mx\/wp-content\/uploads\/2026\/05\/Ricardo-Pascoe-7.png",600,400,false],"covernews-featured":["https:\/\/arjenoticias.com.mx\/wp-content\/uploads\/2026\/05\/Ricardo-Pascoe-7.png",600,400,false],"covernews-medium":["https:\/\/arjenoticias.com.mx\/wp-content\/uploads\/2026\/05\/Ricardo-Pascoe-7-540x340.png",540,340,true]},"author_info":{"info":["Ricardo Pascoe"]},"category_info":"<a href=\"https:\/\/arjenoticias.com.mx\/category\/politica\/\" rel=\"category tag\">Pol\u00edtica<\/a>","tag_info":"Pol\u00edtica","comment_count":"0","_links":{"self":[{"href":"https:\/\/arjenoticias.com.mx\/wp-json\/wp\/v2\/posts\/14376","targetHints":{"allow":["GET"]}}],"collection":[{"href":"https:\/\/arjenoticias.com.mx\/wp-json\/wp\/v2\/posts"}],"about":[{"href":"https:\/\/arjenoticias.com.mx\/wp-json\/wp\/v2\/types\/post"}],"author":[{"embeddable":true,"href":"https:\/\/arjenoticias.com.mx\/wp-json\/wp\/v2\/users\/22"}],"replies":[{"embeddable":true,"href":"https:\/\/arjenoticias.com.mx\/wp-json\/wp\/v2\/comments?post=14376"}],"version-history":[{"count":1,"href":"https:\/\/arjenoticias.com.mx\/wp-json\/wp\/v2\/posts\/14376\/revisions"}],"predecessor-version":[{"id":14378,"href":"https:\/\/arjenoticias.com.mx\/wp-json\/wp\/v2\/posts\/14376\/revisions\/14378"}],"wp:featuredmedia":[{"embeddable":true,"href":"https:\/\/arjenoticias.com.mx\/wp-json\/wp\/v2\/media\/14377"}],"wp:attachment":[{"href":"https:\/\/arjenoticias.com.mx\/wp-json\/wp\/v2\/media?parent=14376"}],"wp:term":[{"taxonomy":"category","embeddable":true,"href":"https:\/\/arjenoticias.com.mx\/wp-json\/wp\/v2\/categories?post=14376"},{"taxonomy":"post_tag","embeddable":true,"href":"https:\/\/arjenoticias.com.mx\/wp-json\/wp\/v2\/tags?post=14376"}],"curies":[{"name":"wp","href":"https:\/\/api.w.org\/{rel}","templated":true}]}}