{"id":14076,"date":"2026-05-15T14:07:28","date_gmt":"2026-05-15T20:07:28","guid":{"rendered":"https:\/\/arjenoticias.com\/?p=14076"},"modified":"2026-05-15T14:07:28","modified_gmt":"2026-05-15T20:07:28","slug":"detienen-en-arizona-a-exsecretario-de-seguridad-de-sinaloa-acusado-de-nexos-con-el-narcotrafico","status":"publish","type":"post","link":"https:\/\/arjenoticias.com.mx\/?p=14076","title":{"rendered":"Detienen en Arizona a exsecretario de Seguridad de Sinaloa acusado de nexos con el narcotr\u00e1fico"},"content":{"rendered":"\n<p class=\"wp-block-paragraph\"><strong>Gerardo M\u00e9rida, exfuncionario de seguridad en Sinaloa y general retirado del Ej\u00e9rcito mexicano, fue arrestado en Tucson; autoridades de Estados Unidos lo se\u00f1alan por presuntamente recibir sobornos de l\u00edderes del crimen organizado.<\/strong><\/p>\n\n\n\n<p class=\"wp-block-paragraph\">Ciudad de M\u00e9xico.- Gerardo M\u00e9rida, exsecretario de Seguridad P\u00fablica de Sinaloa y general retirado del Ej\u00e9rcito mexicano, fue detenido esta semana en Tucson, Arizona, en medio de acusaciones en Estados Unidos por supuestos v\u00ednculos con c\u00e1rteles de la droga.<\/p>\n\n\n\n<p class=\"wp-block-paragraph\">El gabinete de seguridad de M\u00e9xico public\u00f3 en su cuenta de X &#8220;El Gabinete de Seguridad informa que el ex secretario de Seguridad P\u00fablica de Sinaloa, Gerardo M\u00e9rida S\u00e1nchez, ingres\u00f3 a Estados Unidos desde Hermosillo, Sonora, el pasado 11 de mayo, y cruz\u00f3 por la Garita de Nogales hacia Arizona, donde qued\u00f3 bajo custodia de <a href=\"https:\/\/x.com\/USMarshalsHQ\">@USMarshalsHQ<\/a>. <\/p>\n\n\n\n<p class=\"wp-block-paragraph\">El Gobierno de M\u00e9xico, a trav\u00e9s de la <a href=\"https:\/\/x.com\/SRE_mx\">@SRE_mx<\/a> y el Gabinete de Seguridad, mantiene comunicaci\u00f3n institucional con las autoridades estadounidenses, en el marco de los mecanismos de cooperaci\u00f3n internacional.&#8221;<\/p>\n\n\n\n<figure class=\"wp-block-image size-large\"><img fetchpriority=\"high\" decoding=\"async\" width=\"1024\" height=\"576\" src=\"https:\/\/arjenoticias.com.mx\/wp-content\/uploads\/2026\/05\/image-9-1024x576.png\" alt=\"\" class=\"wp-image-14079\" srcset=\"https:\/\/arjenoticias.com.mx\/wp-content\/uploads\/2026\/05\/image-9-1024x576.png 1024w, https:\/\/arjenoticias.com.mx\/wp-content\/uploads\/2026\/05\/image-9-300x169.png 300w, https:\/\/arjenoticias.com.mx\/wp-content\/uploads\/2026\/05\/image-9-768x432.png 768w, https:\/\/arjenoticias.com.mx\/wp-content\/uploads\/2026\/05\/image-9-1536x864.png 1536w, https:\/\/arjenoticias.com.mx\/wp-content\/uploads\/2026\/05\/image-9.png 2000w\" sizes=\"(max-width: 1024px) 100vw, 1024px\" \/><\/figure>\n\n\n\n<p class=\"wp-block-paragraph\">De acuerdo con registros judiciales estadounidenses citados por <em>The Wall Street Journal<\/em>, M\u00e9rida fue arrestado el lunes en Arizona. Las autoridades de Estados Unidos lo acusan de presuntamente haber recibido sobornos de l\u00edderes del narcotr\u00e1fico mientras ocupaba cargos relacionados con la seguridad p\u00fablica en el estado de Sinaloa.<\/p>\n\n\n\n<p class=\"wp-block-paragraph\">El caso ha generado tensi\u00f3n en la relaci\u00f3n bilateral entre M\u00e9xico y Estados Unidos debido a la relevancia del exfuncionario dentro de las estructuras de seguridad mexicanas y al contexto de cooperaci\u00f3n entre ambos pa\u00edses en materia de combate al crimen organizado.<\/p>\n\n\n\n<p class=\"wp-block-paragraph\">Gerardo M\u00e9rida se desempe\u00f1\u00f3 como secretario de Seguridad P\u00fablica en Sinaloa, una de las entidades m\u00e1s golpeadas por la violencia ligada al narcotr\u00e1fico y considerada basti\u00f3n hist\u00f3rico del C\u00e1rtel de Sinaloa.<\/p>\n\n\n\n<p class=\"wp-block-paragraph\">Hasta el momento, autoridades mexicanas no han emitido una postura oficial sobre la detenci\u00f3n ni sobre las acusaciones formuladas por el gobierno estadounidense.<\/p>\n\n\n\n<figure class=\"wp-block-embed is-type-rich is-provider-twitter wp-block-embed-twitter\"><div class=\"wp-block-embed__wrapper\">\n<blockquote class=\"twitter-tweet\" data-width=\"550\" data-dnt=\"true\"><p lang=\"es\" dir=\"ltr\">Informaci\u00f3n de la detenci\u00f3n de Gerardo Medina S\u00e1nchez en Estados Unidos fue difundida en la cuenta oficial de X del Gabinete de Seguridad de M\u00e9xico. <a href=\"https:\/\/twitter.com\/hashtag\/Sinaloa?src=hash&amp;ref_src=twsrc%5Etfw\">#Sinaloa<\/a> <a href=\"https:\/\/t.co\/S3ofhKMQ0k\">pic.twitter.com\/S3ofhKMQ0k<\/a><\/p>&mdash; Arj\u00e9 Noticias (@ArjeNoticias) <a href=\"https:\/\/twitter.com\/ArjeNoticias\/status\/2055378493194588416?ref_src=twsrc%5Etfw\">May 15, 2026<\/a><\/blockquote><script async src=\"https:\/\/platform.twitter.com\/widgets.js\" charset=\"utf-8\"><\/script>\n<\/div><\/figure>\n\n\n\n<p class=\"wp-block-paragraph\"><\/p>\n","protected":false},"excerpt":{"rendered":"<p>Gerardo M\u00e9rida, exfuncionario de seguridad en Sinaloa y general retirado del Ej\u00e9rcito mexicano, fue arrestado&#8230;<\/p>\n","protected":false},"author":66,"featured_media":14079,"comment_status":"open","ping_status":"open","sticky":false,"template":"","format":"standard","meta":{"footnotes":""},"categories":[7,9],"tags":[637,1877],"class_list":["post-14076","post","type-post","status-publish","format-standard","has-post-thumbnail","hentry","category-lo-mas-relevante","category-mundo","tag-detienen-en-arizona-a-exsecretario-de-seguridad-de-sinaloa-acusado-de-nexos-con-el-narcotrafico","tag-narcotrafico"],"yoast_head":"<!-- This site is optimized with the Yoast SEO plugin v28.4 - https:\/\/yoast.com\/product\/yoast-seo-wordpress\/ -->\n<title>Detienen en Arizona a exsecretario de Seguridad de Sinaloa acusado de nexos con el narcotr\u00e1fico -<\/title>\n<meta name=\"description\" content=\"Arjenoticias.com\/ Gerardo M\u00e9rida, es acusado de presuntos nexos con el narcotr\u00e1fico en Estados Unidos.\" \/>\n<meta name=\"robots\" content=\"index, follow, max-snippet:-1, max-image-preview:large, max-video-preview:-1\" \/>\n<link rel=\"canonical\" href=\"https:\/\/arjenoticias.com.mx\/?p=14076\" \/>\n<meta property=\"og:locale\" content=\"es_MX\" \/>\n<meta property=\"og:type\" content=\"article\" \/>\n<meta property=\"og:title\" content=\"Detienen en Arizona a exsecretario de Seguridad de Sinaloa acusado de nexos con el narcotr\u00e1fico -\" \/>\n<meta property=\"og:description\" content=\"Arjenoticias.com\/ Gerardo M\u00e9rida, es acusado de presuntos nexos con el narcotr\u00e1fico en Estados Unidos.\" \/>\n<meta property=\"og:url\" content=\"https:\/\/arjenoticias.com.mx\/?p=14076\" \/>\n<meta property=\"article:published_time\" content=\"2026-05-15T20:07:28+00:00\" \/>\n<meta property=\"og:image\" content=\"https:\/\/arjenoticias.com.mx\/wp-content\/uploads\/2026\/05\/image-9-1024x576.png\" \/>\n\t<meta property=\"og:image:width\" content=\"1024\" \/>\n\t<meta property=\"og:image:height\" content=\"576\" \/>\n\t<meta property=\"og:image:type\" content=\"image\/png\" \/>\n<meta name=\"author\" content=\"Arj\u00e9 Noticias\" \/>\n<meta name=\"twitter:card\" content=\"summary_large_image\" \/>\n<meta name=\"twitter:label1\" content=\"Escrito por\" \/>\n\t<meta name=\"twitter:data1\" content=\"Arj\u00e9 Noticias\" \/>\n\t<meta name=\"twitter:label2\" content=\"Tiempo de lectura\" \/>\n\t<meta name=\"twitter:data2\" content=\"2 minutos\" \/>\n<script type=\"application\/ld+json\" class=\"yoast-schema-graph\">{\"@context\":\"https:\\\/\\\/schema.org\",\"@graph\":[{\"@type\":\"Article\",\"@id\":\"https:\\\/\\\/arjenoticias.com.mx\\\/?p=14076#article\",\"isPartOf\":{\"@id\":\"https:\\\/\\\/arjenoticias.com.mx\\\/?p=14076\"},\"author\":{\"name\":\"Arj\u00e9 Noticias\",\"@id\":\"https:\\\/\\\/arjenoticias.com.mx\\\/#\\\/schema\\\/person\\\/83f9fb68162b16794b69a8186dd31bc0\"},\"headline\":\"Detienen en Arizona a exsecretario de Seguridad de Sinaloa acusado de nexos con el narcotr\u00e1fico\",\"datePublished\":\"2026-05-15T20:07:28+00:00\",\"mainEntityOfPage\":{\"@id\":\"https:\\\/\\\/arjenoticias.com.mx\\\/?p=14076\"},\"wordCount\":359,\"commentCount\":0,\"publisher\":{\"@id\":\"https:\\\/\\\/arjenoticias.com.mx\\\/#organization\"},\"image\":{\"@id\":\"https:\\\/\\\/arjenoticias.com.mx\\\/?p=14076#primaryimage\"},\"thumbnailUrl\":\"https:\\\/\\\/arjenoticias.com.mx\\\/wp-content\\\/uploads\\\/2026\\\/05\\\/image-9.png\",\"keywords\":[\"Detienen en Arizona a exsecretario de Seguridad de Sinaloa acusado de nexos con el narcotr\u00e1fico\",\"narcotr\u00e1fico\"],\"articleSection\":[\"Lo m\u00e1s relevante\",\"Mundo\"],\"inLanguage\":\"es\",\"potentialAction\":[{\"@type\":\"CommentAction\",\"name\":\"Comment\",\"target\":[\"https:\\\/\\\/arjenoticias.com.mx\\\/?p=14076#respond\"]}]},{\"@type\":\"WebPage\",\"@id\":\"https:\\\/\\\/arjenoticias.com.mx\\\/?p=14076\",\"url\":\"https:\\\/\\\/arjenoticias.com.mx\\\/?p=14076\",\"name\":\"Detienen en Arizona a exsecretario de Seguridad de Sinaloa acusado de nexos con el narcotr\u00e1fico -\",\"isPartOf\":{\"@id\":\"https:\\\/\\\/arjenoticias.com.mx\\\/#website\"},\"primaryImageOfPage\":{\"@id\":\"https:\\\/\\\/arjenoticias.com.mx\\\/?p=14076#primaryimage\"},\"image\":{\"@id\":\"https:\\\/\\\/arjenoticias.com.mx\\\/?p=14076#primaryimage\"},\"thumbnailUrl\":\"https:\\\/\\\/arjenoticias.com.mx\\\/wp-content\\\/uploads\\\/2026\\\/05\\\/image-9.png\",\"datePublished\":\"2026-05-15T20:07:28+00:00\",\"description\":\"Arjenoticias.com\\\/ Gerardo M\u00e9rida, es acusado de presuntos nexos con el narcotr\u00e1fico en Estados Unidos.\",\"breadcrumb\":{\"@id\":\"https:\\\/\\\/arjenoticias.com.mx\\\/?p=14076#breadcrumb\"},\"inLanguage\":\"es\",\"potentialAction\":[{\"@type\":\"ReadAction\",\"target\":[\"https:\\\/\\\/arjenoticias.com.mx\\\/?p=14076\"]}]},{\"@type\":\"ImageObject\",\"inLanguage\":\"es\",\"@id\":\"https:\\\/\\\/arjenoticias.com.mx\\\/?p=14076#primaryimage\",\"url\":\"https:\\\/\\\/arjenoticias.com.mx\\\/wp-content\\\/uploads\\\/2026\\\/05\\\/image-9.png\",\"contentUrl\":\"https:\\\/\\\/arjenoticias.com.mx\\\/wp-content\\\/uploads\\\/2026\\\/05\\\/image-9.png\",\"width\":2000,\"height\":1125,\"caption\":\"Detienen en Arizona a exsecretario de Seguridad de Sinaloa acusado de v\u00ednculos con c\u00e1rteles\"},{\"@type\":\"BreadcrumbList\",\"@id\":\"https:\\\/\\\/arjenoticias.com.mx\\\/?p=14076#breadcrumb\",\"itemListElement\":[{\"@type\":\"ListItem\",\"position\":1,\"name\":\"Inicio\",\"item\":\"https:\\\/\\\/arjenoticias.com.mx\\\/\"},{\"@type\":\"ListItem\",\"position\":2,\"name\":\"Detienen en Arizona a exsecretario de Seguridad de Sinaloa acusado de nexos con el narcotr\u00e1fico\"}]},{\"@type\":\"WebSite\",\"@id\":\"https:\\\/\\\/arjenoticias.com.mx\\\/#website\",\"url\":\"https:\\\/\\\/arjenoticias.com.mx\\\/\",\"name\":\"arjenoticias.com.mx\",\"description\":\"\",\"publisher\":{\"@id\":\"https:\\\/\\\/arjenoticias.com.mx\\\/#organization\"},\"potentialAction\":[{\"@type\":\"SearchAction\",\"target\":{\"@type\":\"EntryPoint\",\"urlTemplate\":\"https:\\\/\\\/arjenoticias.com.mx\\\/?s={search_term_string}\"},\"query-input\":{\"@type\":\"PropertyValueSpecification\",\"valueRequired\":true,\"valueName\":\"search_term_string\"}}],\"inLanguage\":\"es\"},{\"@type\":\"Organization\",\"@id\":\"https:\\\/\\\/arjenoticias.com.mx\\\/#organization\",\"name\":\"Arj\u00e9 de M\u00e9xico Noticias\",\"url\":\"https:\\\/\\\/arjenoticias.com.mx\\\/\",\"logo\":{\"@type\":\"ImageObject\",\"inLanguage\":\"es\",\"@id\":\"https:\\\/\\\/arjenoticias.com.mx\\\/#\\\/schema\\\/logo\\\/image\\\/\",\"url\":\"https:\\\/\\\/arjenoticias.com.mx\\\/wp-content\\\/uploads\\\/2025\\\/07\\\/cropped-logo-scaled-1.png\",\"contentUrl\":\"https:\\\/\\\/arjenoticias.com.mx\\\/wp-content\\\/uploads\\\/2025\\\/07\\\/cropped-logo-scaled-1.png\",\"width\":2558,\"height\":558,\"caption\":\"Arj\u00e9 de M\u00e9xico Noticias\"},\"image\":{\"@id\":\"https:\\\/\\\/arjenoticias.com.mx\\\/#\\\/schema\\\/logo\\\/image\\\/\"}},{\"@type\":\"Person\",\"@id\":\"https:\\\/\\\/arjenoticias.com.mx\\\/#\\\/schema\\\/person\\\/83f9fb68162b16794b69a8186dd31bc0\",\"name\":\"Arj\u00e9 Noticias\",\"image\":{\"@type\":\"ImageObject\",\"inLanguage\":\"es\",\"@id\":\"https:\\\/\\\/secure.gravatar.com\\\/avatar\\\/f604b88a0e24c04f3f89fae6b5400bfd6093d0999292a64803d3651d9d4a35a5?s=96&d=mm&r=g\",\"url\":\"https:\\\/\\\/secure.gravatar.com\\\/avatar\\\/f604b88a0e24c04f3f89fae6b5400bfd6093d0999292a64803d3651d9d4a35a5?s=96&d=mm&r=g\",\"contentUrl\":\"https:\\\/\\\/secure.gravatar.com\\\/avatar\\\/f604b88a0e24c04f3f89fae6b5400bfd6093d0999292a64803d3651d9d4a35a5?s=96&d=mm&r=g\",\"caption\":\"Arj\u00e9 Noticias\"},\"url\":\"https:\\\/\\\/arjenoticias.com.mx\\\/?author=66\"}]}<\/script>\n<!-- \/ Yoast SEO plugin. -->","yoast_head_json":{"title":"Detienen en Arizona a exsecretario de Seguridad de Sinaloa acusado de nexos con el narcotr\u00e1fico -","description":"Arjenoticias.com\/ Gerardo M\u00e9rida, es acusado de presuntos nexos con el narcotr\u00e1fico en Estados Unidos.","robots":{"index":"index","follow":"follow","max-snippet":"max-snippet:-1","max-image-preview":"max-image-preview:large","max-video-preview":"max-video-preview:-1"},"canonical":"https:\/\/arjenoticias.com.mx\/?p=14076","og_locale":"es_MX","og_type":"article","og_title":"Detienen en Arizona a exsecretario de Seguridad de Sinaloa acusado de nexos con el narcotr\u00e1fico -","og_description":"Arjenoticias.com\/ Gerardo M\u00e9rida, es acusado de presuntos nexos con el narcotr\u00e1fico en Estados Unidos.","og_url":"https:\/\/arjenoticias.com.mx\/?p=14076","article_published_time":"2026-05-15T20:07:28+00:00","og_image":[{"width":1024,"height":576,"url":"https:\/\/arjenoticias.com.mx\/wp-content\/uploads\/2026\/05\/image-9-1024x576.png","type":"image\/png"}],"author":"Arj\u00e9 Noticias","twitter_card":"summary_large_image","twitter_misc":{"Escrito por":"Arj\u00e9 Noticias","Tiempo de lectura":"2 minutos"},"schema":{"@context":"https:\/\/schema.org","@graph":[{"@type":"Article","@id":"https:\/\/arjenoticias.com.mx\/?p=14076#article","isPartOf":{"@id":"https:\/\/arjenoticias.com.mx\/?p=14076"},"author":{"name":"Arj\u00e9 Noticias","@id":"https:\/\/arjenoticias.com.mx\/#\/schema\/person\/83f9fb68162b16794b69a8186dd31bc0"},"headline":"Detienen en Arizona a exsecretario de Seguridad de Sinaloa acusado de nexos con el narcotr\u00e1fico","datePublished":"2026-05-15T20:07:28+00:00","mainEntityOfPage":{"@id":"https:\/\/arjenoticias.com.mx\/?p=14076"},"wordCount":359,"commentCount":0,"publisher":{"@id":"https:\/\/arjenoticias.com.mx\/#organization"},"image":{"@id":"https:\/\/arjenoticias.com.mx\/?p=14076#primaryimage"},"thumbnailUrl":"https:\/\/arjenoticias.com.mx\/wp-content\/uploads\/2026\/05\/image-9.png","keywords":["Detienen en Arizona a exsecretario de Seguridad de Sinaloa acusado de nexos con el narcotr\u00e1fico","narcotr\u00e1fico"],"articleSection":["Lo m\u00e1s relevante","Mundo"],"inLanguage":"es","potentialAction":[{"@type":"CommentAction","name":"Comment","target":["https:\/\/arjenoticias.com.mx\/?p=14076#respond"]}]},{"@type":"WebPage","@id":"https:\/\/arjenoticias.com.mx\/?p=14076","url":"https:\/\/arjenoticias.com.mx\/?p=14076","name":"Detienen en Arizona a exsecretario de Seguridad de Sinaloa acusado de nexos con el narcotr\u00e1fico -","isPartOf":{"@id":"https:\/\/arjenoticias.com.mx\/#website"},"primaryImageOfPage":{"@id":"https:\/\/arjenoticias.com.mx\/?p=14076#primaryimage"},"image":{"@id":"https:\/\/arjenoticias.com.mx\/?p=14076#primaryimage"},"thumbnailUrl":"https:\/\/arjenoticias.com.mx\/wp-content\/uploads\/2026\/05\/image-9.png","datePublished":"2026-05-15T20:07:28+00:00","description":"Arjenoticias.com\/ Gerardo M\u00e9rida, es acusado de presuntos nexos con el narcotr\u00e1fico en Estados Unidos.","breadcrumb":{"@id":"https:\/\/arjenoticias.com.mx\/?p=14076#breadcrumb"},"inLanguage":"es","potentialAction":[{"@type":"ReadAction","target":["https:\/\/arjenoticias.com.mx\/?p=14076"]}]},{"@type":"ImageObject","inLanguage":"es","@id":"https:\/\/arjenoticias.com.mx\/?p=14076#primaryimage","url":"https:\/\/arjenoticias.com.mx\/wp-content\/uploads\/2026\/05\/image-9.png","contentUrl":"https:\/\/arjenoticias.com.mx\/wp-content\/uploads\/2026\/05\/image-9.png","width":2000,"height":1125,"caption":"Detienen en Arizona a exsecretario de Seguridad de Sinaloa acusado de v\u00ednculos con c\u00e1rteles"},{"@type":"BreadcrumbList","@id":"https:\/\/arjenoticias.com.mx\/?p=14076#breadcrumb","itemListElement":[{"@type":"ListItem","position":1,"name":"Inicio","item":"https:\/\/arjenoticias.com.mx\/"},{"@type":"ListItem","position":2,"name":"Detienen en Arizona a exsecretario de Seguridad de Sinaloa acusado de nexos con el narcotr\u00e1fico"}]},{"@type":"WebSite","@id":"https:\/\/arjenoticias.com.mx\/#website","url":"https:\/\/arjenoticias.com.mx\/","name":"arjenoticias.com.mx","description":"","publisher":{"@id":"https:\/\/arjenoticias.com.mx\/#organization"},"potentialAction":[{"@type":"SearchAction","target":{"@type":"EntryPoint","urlTemplate":"https:\/\/arjenoticias.com.mx\/?s={search_term_string}"},"query-input":{"@type":"PropertyValueSpecification","valueRequired":true,"valueName":"search_term_string"}}],"inLanguage":"es"},{"@type":"Organization","@id":"https:\/\/arjenoticias.com.mx\/#organization","name":"Arj\u00e9 de M\u00e9xico Noticias","url":"https:\/\/arjenoticias.com.mx\/","logo":{"@type":"ImageObject","inLanguage":"es","@id":"https:\/\/arjenoticias.com.mx\/#\/schema\/logo\/image\/","url":"https:\/\/arjenoticias.com.mx\/wp-content\/uploads\/2025\/07\/cropped-logo-scaled-1.png","contentUrl":"https:\/\/arjenoticias.com.mx\/wp-content\/uploads\/2025\/07\/cropped-logo-scaled-1.png","width":2558,"height":558,"caption":"Arj\u00e9 de M\u00e9xico Noticias"},"image":{"@id":"https:\/\/arjenoticias.com.mx\/#\/schema\/logo\/image\/"}},{"@type":"Person","@id":"https:\/\/arjenoticias.com.mx\/#\/schema\/person\/83f9fb68162b16794b69a8186dd31bc0","name":"Arj\u00e9 Noticias","image":{"@type":"ImageObject","inLanguage":"es","@id":"https:\/\/secure.gravatar.com\/avatar\/f604b88a0e24c04f3f89fae6b5400bfd6093d0999292a64803d3651d9d4a35a5?s=96&d=mm&r=g","url":"https:\/\/secure.gravatar.com\/avatar\/f604b88a0e24c04f3f89fae6b5400bfd6093d0999292a64803d3651d9d4a35a5?s=96&d=mm&r=g","contentUrl":"https:\/\/secure.gravatar.com\/avatar\/f604b88a0e24c04f3f89fae6b5400bfd6093d0999292a64803d3651d9d4a35a5?s=96&d=mm&r=g","caption":"Arj\u00e9 Noticias"},"url":"https:\/\/arjenoticias.com.mx\/?author=66"}]}},"_links":{"self":[{"href":"https:\/\/arjenoticias.com.mx\/index.php?rest_route=\/wp\/v2\/posts\/14076","targetHints":{"allow":["GET"]}}],"collection":[{"href":"https:\/\/arjenoticias.com.mx\/index.php?rest_route=\/wp\/v2\/posts"}],"about":[{"href":"https:\/\/arjenoticias.com.mx\/index.php?rest_route=\/wp\/v2\/types\/post"}],"author":[{"embeddable":true,"href":"https:\/\/arjenoticias.com.mx\/index.php?rest_route=\/wp\/v2\/users\/66"}],"replies":[{"embeddable":true,"href":"https:\/\/arjenoticias.com.mx\/index.php?rest_route=%2Fwp%2Fv2%2Fcomments&post=14076"}],"version-history":[{"count":0,"href":"https:\/\/arjenoticias.com.mx\/index.php?rest_route=\/wp\/v2\/posts\/14076\/revisions"}],"wp:featuredmedia":[{"embeddable":true,"href":"https:\/\/arjenoticias.com.mx\/index.php?rest_route=\/wp\/v2\/media\/14079"}],"wp:attachment":[{"href":"https:\/\/arjenoticias.com.mx\/index.php?rest_route=%2Fwp%2Fv2%2Fmedia&parent=14076"}],"wp:term":[{"taxonomy":"category","embeddable":true,"href":"https:\/\/arjenoticias.com.mx\/index.php?rest_route=%2Fwp%2Fv2%2Fcategories&post=14076"},{"taxonomy":"post_tag","embeddable":true,"href":"https:\/\/arjenoticias.com.mx\/index.php?rest_route=%2Fwp%2Fv2%2Ftags&post=14076"}],"curies":[{"name":"wp","href":"https:\/\/api.w.org\/{rel}","templated":true}]}}