{"id":14074,"date":"2026-05-15T13:59:46","date_gmt":"2026-05-15T19:59:46","guid":{"rendered":"https:\/\/arjenoticias.com\/?p=14074"},"modified":"2026-05-15T13:59:46","modified_gmt":"2026-05-15T19:59:46","slug":"asomar-la-cabeza-desde-el-maremagnum-rafael-morgan","status":"publish","type":"post","link":"https:\/\/arjenoticias.com.mx\/?p=14074","title":{"rendered":"Asomar la cabeza desde el Marem\u00e1gnum: Rafael Morgan"},"content":{"rendered":"\n<p class=\"wp-block-paragraph\">Mucha reflexi\u00f3n se puede obtener desde el cartoon de Gilberto Cece\u00f1a del lunes 11<\/p>\n\n\n\n<p class=\"wp-block-paragraph\">de mayo, que denomin\u00f3 \u201cGrito desesperado ahogado\u201d<\/p>\n\n\n\n<p class=\"wp-block-paragraph\">, en el que desde el<\/p>\n\n\n\n<p class=\"wp-block-paragraph\">marem\u00e1gnum de notas, noticias, columnas, \u201cmemes\u201d y correos de whatsapp,<\/p>\n\n\n\n<p class=\"wp-block-paragraph\">repetidas una y mil veces sobre Rocha, Claudia y Trump, ocultan y \u201ctapan\u201d las<\/p>\n\n\n\n<p class=\"wp-block-paragraph\">noticias verdaderamente importantes y delicadas como el deterioro del clima,<\/p>\n\n\n\n<p class=\"wp-block-paragraph\">apareciendo s\u00f3lo una mano debajo de la confusi\u00f3n y \u201cla sobreabundancia\u201d de dichas<\/p>\n\n\n\n<p class=\"wp-block-paragraph\">noticias, que no dejan ver el grave problema de la sequ\u00eda en Sinaloa.<\/p>\n\n\n\n<p class=\"wp-block-paragraph\">Pero lo mismo puede decirse a nivel nacional con esa confusi\u00f3n de \u201cuninoticias\u201d que<\/p>\n\n\n\n<p class=\"wp-block-paragraph\">impregnan peri\u00f3dicos, televisi\u00f3n y tel\u00e9fonos sobre el mismo tema: \u201cRocha,<\/p>\n\n\n\n<p class=\"wp-block-paragraph\">Sheinbaum y Trump\u201d<\/p>\n\n\n\n<p class=\"wp-block-paragraph\">, que tambi\u00e9n \u201ctapan\u201d problemas como el educativo en M\u00e9xico,<\/p>\n\n\n\n<p class=\"wp-block-paragraph\">o el problema general del cambio clim\u00e1tico, el de la falta de medicinas en las<\/p>\n\n\n\n<p class=\"wp-block-paragraph\">instituciones nacionales de salud o del riesgo de no renovar el TMEC y tener que<\/p>\n\n\n\n<p class=\"wp-block-paragraph\">ceder importantes ventajas a favor de EU, en la revisi\u00f3n del contenido del Tratado;<\/p>\n\n\n\n<p class=\"wp-block-paragraph\">adem\u00e1s del retroceso del PIB en 2025, o el de debatir sobre el despilfarro de<\/p>\n\n\n\n<p class=\"wp-block-paragraph\">recursos en el tren maya, la cancelaci\u00f3n del aeropuerto de la Cd. De M\u00e9xico, el tren<\/p>\n\n\n\n<p class=\"wp-block-paragraph\">interoce\u00e1nico, la Refiner\u00eda Dos Bocas, los derrames de petr\u00f3leo en el Golfo de<\/p>\n\n\n\n<p class=\"wp-block-paragraph\">M\u00e9xico, del huachicol, etc.<\/p>\n\n\n\n<p class=\"wp-block-paragraph\">Lo malo es que, como la Presidente exige \u201cpruebas\u201d contra el exgobernador Rocha,<\/p>\n\n\n\n<p class=\"wp-block-paragraph\">EU se dej\u00f3 un plazo de 60 d\u00edas para presentar pruebas y llevar a juicio a la decena<\/p>\n\n\n\n<p class=\"wp-block-paragraph\">de pol\u00edticos sinaloenses implicados y todav\u00eda faltan muchos d\u00edas para aclarar este<\/p>\n\n\n\n<p class=\"wp-block-paragraph\">asunto, as\u00ed que probablemente se siga con este \u201cestira y afloja\u201d entre los dos<\/p>\n\n\n\n<p class=\"wp-block-paragraph\">gobiernos, por lo que los problemas nacionales sobre el desarrollo del pa\u00eds, el<\/p>\n\n\n\n<p class=\"wp-block-paragraph\">desempleo, el atraso tecnol\u00f3gico, la inseguridad, la falta de inversi\u00f3n p\u00fablica y<\/p>\n\n\n\n<p class=\"wp-block-paragraph\">privada as\u00ed como el desorden en la gobernanza del Pa\u00eds, siguen empujando hacia<\/p>\n\n\n\n<p class=\"wp-block-paragraph\">una crisis may\u00fascula.<\/p>\n\n\n\n<p class=\"wp-block-paragraph\">Ante lo anterior, habr\u00eda que aportar otras ideas en estas columnas que nos saquen<\/p>\n\n\n\n<p class=\"wp-block-paragraph\">del embrollo \u201cRocha-Claudia-Trump\u201d, como las propuestas que se aportaron<\/p>\n\n\n\n<p class=\"wp-block-paragraph\">durante la campa\u00f1a presidencial de X\u00f3chitl Galvez, en la que se pidi\u00f3 a los<\/p>\n\n\n\n<p class=\"wp-block-paragraph\">ciudadanos ideas para su Programa de Gobierno que fueran m\u00e1s all\u00e1 de la<\/p>\n\n\n\n<p class=\"wp-block-paragraph\">problem\u00e1tica que significaba el reparto de dinero p\u00fablico a los adultos mayores, los<\/p>\n\n\n\n<p class=\"wp-block-paragraph\">estudiantes y otros beneficiados, asunto que la propia candidata reconoc\u00eda como<\/p>\n\n\n\n<p class=\"wp-block-paragraph\">\u201cinevitable\u201d pol\u00edticamente o bien el problema de la inseguridad y la violencia sobre<\/p>\n\n\n\n<p class=\"wp-block-paragraph\">la que el gobierno de Xochitl se compromet\u00eda a enfrentar con toda la fuerza del<\/p>\n\n\n\n<p class=\"wp-block-paragraph\">Estado.<\/p>\n\n\n\n<p class=\"wp-block-paragraph\"><p class=\"p1\" style=\"margin: 0px; font-width: normal; font-size: 12px; line-height: normal; font-family: Arial; font-size-adjust: none; font-kerning: auto; font-variant-alternates: normal; font-variant-ligatures: normal; font-variant-numeric: normal; font-variant-east-asian: normal; font-variant-position: normal; font-feature-settings: normal; font-optical-sizing: auto; font-variation-settings: normal; white-space: normal;\">Hubo muchas y variadas propuestas, algunas de las cuales se incluyen en estacolumna, adem\u00e1s de las de rescatar principios constitucionales sobre la divisi\u00f3n depoderes, el respeto a la ley y a los derechos humanos, a la vida, a la verdad, a lajusticia y a la libertad, derechos robados a la sociedad por este gobierno, etc.Algunas propuestas fueron muy pr\u00e1cticas:- Precisar los asuntos que se pueden reservar como \u201cseguridad nacional\u201d y eliminarlos decretos en los que se determina como seguridad nacional las obras p\u00fablicas,aunque las hayan realizado las fuerzas armadas.- Restituir y aplicar de inmediato la Ley General de Transparencia, Acceso a laInformaci\u00f3n y Rendici\u00f3n de Cuentas y otorgarles m\u00e1s fuerza legal a los institutos detransparencia para combatir la opacidad.- Ordenar que los \u00f3rganos de gobierno digitalicen toda la informaci\u00f3n p\u00fablica y losarchivos nacionales y locales y se ponga a disposici\u00f3n de los ciudadanos.- Establecer la pol\u00edtica de \u201cGobierno Abierto\u201d bajo el principio de \u201cm\u00e1ximainformaci\u00f3n\u201d y \u201ccero opacidad\u201d, acatando el \u201cderecho ciudadano de saber\u201d sobre lacosa p\u00fablica.- Restablecer el Sistema de Participaci\u00f3n Social, en el que la sociedad pueda exigirun gobierno que ponga en primer lugar al ciudadano y sus organizaciones; ungobierno organizado, eficiente y competente; un gobierno democr\u00e1tico y respetuosode la ley y de la seguridad de los ciudadanos.- Un gobierno participativo, que busque la participaci\u00f3n de los ciudadanos y que seavigilado por la sociedad, facilitando que la sociedad pueda denunciar, quejarse yopinar sobre los actos de gobierno.- Restituir el Programa de Escuelas de Tiempo Completo y los programas decapacitaci\u00f3n y mejora del magisterio y de los alumnos en conocimientocomputacional.- Reordenar y restablecer el Sistema de Control de la Corrupci\u00f3n en el gobierno,reforzando los programas de auditor\u00eda y de contabilidad gubernamental.<\/p><span style=\"font-family: Arial; font-size: 12px; white-space: normal;\">Y muchos m\u00e1s que se quedaron en el tintero.<\/span><\/p>\n","protected":false},"excerpt":{"rendered":"<p>Mucha reflexi\u00f3n se puede obtener desde el cartoon de Gilberto Cece\u00f1a del lunes 11 de&#8230;<\/p>\n","protected":false},"author":97,"featured_media":14077,"comment_status":"open","ping_status":"open","sticky":false,"template":"","format":"standard","meta":{"footnotes":""},"categories":[13],"tags":[2683],"class_list":["post-14074","post","type-post","status-publish","format-standard","has-post-thumbnail","hentry","category-politica","tag-trump-ha-dicho-que-claudia-sheinbaum-no-gobierna-sino-el-narcotrafico"],"yoast_head":"<!-- This site is optimized with the Yoast SEO plugin v28.4 - https:\/\/yoast.com\/product\/yoast-seo-wordpress\/ -->\n<title>Asomar la cabeza desde el Marem\u00e1gnum: Rafael Morgan -<\/title>\n<meta name=\"description\" content=\"o mismo puede decirse a nivel nacional con esa confusi\u00f3n de \u201cuninoticias\u201d queimpregnan peri\u00f3dicos, televisi\u00f3n y tel\u00e9fonos sobre el mismo tema: \u201cRocha,Sheinbaum y Trump\u201d\" \/>\n<meta name=\"robots\" content=\"index, follow, max-snippet:-1, max-image-preview:large, max-video-preview:-1\" \/>\n<link rel=\"canonical\" href=\"https:\/\/arjenoticias.com.mx\/?p=14074\" \/>\n<meta property=\"og:locale\" content=\"es_MX\" \/>\n<meta property=\"og:type\" content=\"article\" \/>\n<meta property=\"og:title\" content=\"Asomar la cabeza desde el Marem\u00e1gnum: Rafael Morgan -\" \/>\n<meta property=\"og:description\" content=\"o mismo puede decirse a nivel nacional con esa confusi\u00f3n de \u201cuninoticias\u201d queimpregnan peri\u00f3dicos, televisi\u00f3n y tel\u00e9fonos sobre el mismo tema: \u201cRocha,Sheinbaum y Trump\u201d\" \/>\n<meta property=\"og:url\" content=\"https:\/\/arjenoticias.com.mx\/?p=14074\" \/>\n<meta property=\"article:published_time\" content=\"2026-05-15T19:59:46+00:00\" \/>\n<meta name=\"author\" content=\"Rafael Morgan Rios\" \/>\n<meta name=\"twitter:card\" content=\"summary_large_image\" \/>\n<meta name=\"twitter:label1\" content=\"Escrito por\" \/>\n\t<meta name=\"twitter:data1\" content=\"Rafael Morgan Rios\" \/>\n\t<meta name=\"twitter:label2\" content=\"Tiempo de lectura\" \/>\n\t<meta name=\"twitter:data2\" content=\"4 minutos\" \/>\n<script type=\"application\/ld+json\" class=\"yoast-schema-graph\">{\"@context\":\"https:\\\/\\\/schema.org\",\"@graph\":[{\"@type\":\"Article\",\"@id\":\"https:\\\/\\\/arjenoticias.com.mx\\\/?p=14074#article\",\"isPartOf\":{\"@id\":\"https:\\\/\\\/arjenoticias.com.mx\\\/?p=14074\"},\"author\":{\"name\":\"Rafael Morgan Rios\",\"@id\":\"https:\\\/\\\/arjenoticias.com.mx\\\/#\\\/schema\\\/person\\\/c5d27610d56f8f90b4a69f3eb90aba54\"},\"headline\":\"Asomar la cabeza desde el Marem\u00e1gnum: Rafael Morgan\",\"datePublished\":\"2026-05-15T19:59:46+00:00\",\"mainEntityOfPage\":{\"@id\":\"https:\\\/\\\/arjenoticias.com.mx\\\/?p=14074\"},\"wordCount\":783,\"commentCount\":0,\"publisher\":{\"@id\":\"https:\\\/\\\/arjenoticias.com.mx\\\/#organization\"},\"image\":{\"@id\":\"https:\\\/\\\/arjenoticias.com.mx\\\/?p=14074#primaryimage\"},\"thumbnailUrl\":\"https:\\\/\\\/arjenoticias.com.mx\\\/wp-content\\\/uploads\\\/2026\\\/05\\\/S2JFBBO7DBHKRDO7HKMOU5BMYM.jpg.avif\",\"keywords\":[\"Trump ha dicho que Claudia Sheinbaum no gobierna sino el narcotr\u00e1fico\"],\"articleSection\":[\"Pol\u00edtica\"],\"inLanguage\":\"es\",\"potentialAction\":[{\"@type\":\"CommentAction\",\"name\":\"Comment\",\"target\":[\"https:\\\/\\\/arjenoticias.com.mx\\\/?p=14074#respond\"]}]},{\"@type\":\"WebPage\",\"@id\":\"https:\\\/\\\/arjenoticias.com.mx\\\/?p=14074\",\"url\":\"https:\\\/\\\/arjenoticias.com.mx\\\/?p=14074\",\"name\":\"Asomar la cabeza desde el Marem\u00e1gnum: Rafael Morgan -\",\"isPartOf\":{\"@id\":\"https:\\\/\\\/arjenoticias.com.mx\\\/#website\"},\"primaryImageOfPage\":{\"@id\":\"https:\\\/\\\/arjenoticias.com.mx\\\/?p=14074#primaryimage\"},\"image\":{\"@id\":\"https:\\\/\\\/arjenoticias.com.mx\\\/?p=14074#primaryimage\"},\"thumbnailUrl\":\"https:\\\/\\\/arjenoticias.com.mx\\\/wp-content\\\/uploads\\\/2026\\\/05\\\/S2JFBBO7DBHKRDO7HKMOU5BMYM.jpg.avif\",\"datePublished\":\"2026-05-15T19:59:46+00:00\",\"description\":\"o mismo puede decirse a nivel nacional con esa confusi\u00f3n de \u201cuninoticias\u201d queimpregnan peri\u00f3dicos, televisi\u00f3n y tel\u00e9fonos sobre el mismo tema: \u201cRocha,Sheinbaum y Trump\u201d\",\"breadcrumb\":{\"@id\":\"https:\\\/\\\/arjenoticias.com.mx\\\/?p=14074#breadcrumb\"},\"inLanguage\":\"es\",\"potentialAction\":[{\"@type\":\"ReadAction\",\"target\":[\"https:\\\/\\\/arjenoticias.com.mx\\\/?p=14074\"]}]},{\"@type\":\"ImageObject\",\"inLanguage\":\"es\",\"@id\":\"https:\\\/\\\/arjenoticias.com.mx\\\/?p=14074#primaryimage\",\"url\":\"https:\\\/\\\/arjenoticias.com.mx\\\/wp-content\\\/uploads\\\/2026\\\/05\\\/S2JFBBO7DBHKRDO7HKMOU5BMYM.jpg.avif\",\"contentUrl\":\"https:\\\/\\\/arjenoticias.com.mx\\\/wp-content\\\/uploads\\\/2026\\\/05\\\/S2JFBBO7DBHKRDO7HKMOU5BMYM.jpg.avif\",\"width\":1200,\"height\":800,\"caption\":\"Grito desesperado ahogado\u201d , en el que desde el marem\u00e1gnum de notas, noticias, columnas, \u201cmemes\u201d y correos de whatsapp, repetidas una y mil veces sobre Rocha, Claudia y Trump, ocultan y \u201ctapan\u201d\"},{\"@type\":\"BreadcrumbList\",\"@id\":\"https:\\\/\\\/arjenoticias.com.mx\\\/?p=14074#breadcrumb\",\"itemListElement\":[{\"@type\":\"ListItem\",\"position\":1,\"name\":\"Inicio\",\"item\":\"https:\\\/\\\/arjenoticias.com.mx\\\/\"},{\"@type\":\"ListItem\",\"position\":2,\"name\":\"Asomar la cabeza desde el Marem\u00e1gnum: Rafael Morgan\"}]},{\"@type\":\"WebSite\",\"@id\":\"https:\\\/\\\/arjenoticias.com.mx\\\/#website\",\"url\":\"https:\\\/\\\/arjenoticias.com.mx\\\/\",\"name\":\"arjenoticias.com.mx\",\"description\":\"\",\"publisher\":{\"@id\":\"https:\\\/\\\/arjenoticias.com.mx\\\/#organization\"},\"potentialAction\":[{\"@type\":\"SearchAction\",\"target\":{\"@type\":\"EntryPoint\",\"urlTemplate\":\"https:\\\/\\\/arjenoticias.com.mx\\\/?s={search_term_string}\"},\"query-input\":{\"@type\":\"PropertyValueSpecification\",\"valueRequired\":true,\"valueName\":\"search_term_string\"}}],\"inLanguage\":\"es\"},{\"@type\":\"Organization\",\"@id\":\"https:\\\/\\\/arjenoticias.com.mx\\\/#organization\",\"name\":\"Arj\u00e9 de M\u00e9xico Noticias\",\"url\":\"https:\\\/\\\/arjenoticias.com.mx\\\/\",\"logo\":{\"@type\":\"ImageObject\",\"inLanguage\":\"es\",\"@id\":\"https:\\\/\\\/arjenoticias.com.mx\\\/#\\\/schema\\\/logo\\\/image\\\/\",\"url\":\"https:\\\/\\\/arjenoticias.com.mx\\\/wp-content\\\/uploads\\\/2025\\\/07\\\/cropped-logo-scaled-1.png\",\"contentUrl\":\"https:\\\/\\\/arjenoticias.com.mx\\\/wp-content\\\/uploads\\\/2025\\\/07\\\/cropped-logo-scaled-1.png\",\"width\":2558,\"height\":558,\"caption\":\"Arj\u00e9 de M\u00e9xico Noticias\"},\"image\":{\"@id\":\"https:\\\/\\\/arjenoticias.com.mx\\\/#\\\/schema\\\/logo\\\/image\\\/\"}},{\"@type\":\"Person\",\"@id\":\"https:\\\/\\\/arjenoticias.com.mx\\\/#\\\/schema\\\/person\\\/c5d27610d56f8f90b4a69f3eb90aba54\",\"name\":\"Rafael Morgan Rios\",\"image\":{\"@type\":\"ImageObject\",\"inLanguage\":\"es\",\"@id\":\"https:\\\/\\\/secure.gravatar.com\\\/avatar\\\/b9fdc1d1f7e0837dbb38d3fe7949ece19bc969cfeb8af119db8a6403699a8087?s=96&d=mm&r=g\",\"url\":\"https:\\\/\\\/secure.gravatar.com\\\/avatar\\\/b9fdc1d1f7e0837dbb38d3fe7949ece19bc969cfeb8af119db8a6403699a8087?s=96&d=mm&r=g\",\"contentUrl\":\"https:\\\/\\\/secure.gravatar.com\\\/avatar\\\/b9fdc1d1f7e0837dbb38d3fe7949ece19bc969cfeb8af119db8a6403699a8087?s=96&d=mm&r=g\",\"caption\":\"Rafael Morgan Rios\"},\"url\":\"https:\\\/\\\/arjenoticias.com.mx\\\/?author=97\"}]}<\/script>\n<!-- \/ Yoast SEO plugin. -->","yoast_head_json":{"title":"Asomar la cabeza desde el Marem\u00e1gnum: Rafael Morgan -","description":"o mismo puede decirse a nivel nacional con esa confusi\u00f3n de \u201cuninoticias\u201d queimpregnan peri\u00f3dicos, televisi\u00f3n y tel\u00e9fonos sobre el mismo tema: \u201cRocha,Sheinbaum y Trump\u201d","robots":{"index":"index","follow":"follow","max-snippet":"max-snippet:-1","max-image-preview":"max-image-preview:large","max-video-preview":"max-video-preview:-1"},"canonical":"https:\/\/arjenoticias.com.mx\/?p=14074","og_locale":"es_MX","og_type":"article","og_title":"Asomar la cabeza desde el Marem\u00e1gnum: Rafael Morgan -","og_description":"o mismo puede decirse a nivel nacional con esa confusi\u00f3n de \u201cuninoticias\u201d queimpregnan peri\u00f3dicos, televisi\u00f3n y tel\u00e9fonos sobre el mismo tema: \u201cRocha,Sheinbaum y Trump\u201d","og_url":"https:\/\/arjenoticias.com.mx\/?p=14074","article_published_time":"2026-05-15T19:59:46+00:00","author":"Rafael Morgan Rios","twitter_card":"summary_large_image","twitter_misc":{"Escrito por":"Rafael Morgan Rios","Tiempo de lectura":"4 minutos"},"schema":{"@context":"https:\/\/schema.org","@graph":[{"@type":"Article","@id":"https:\/\/arjenoticias.com.mx\/?p=14074#article","isPartOf":{"@id":"https:\/\/arjenoticias.com.mx\/?p=14074"},"author":{"name":"Rafael Morgan Rios","@id":"https:\/\/arjenoticias.com.mx\/#\/schema\/person\/c5d27610d56f8f90b4a69f3eb90aba54"},"headline":"Asomar la cabeza desde el Marem\u00e1gnum: Rafael Morgan","datePublished":"2026-05-15T19:59:46+00:00","mainEntityOfPage":{"@id":"https:\/\/arjenoticias.com.mx\/?p=14074"},"wordCount":783,"commentCount":0,"publisher":{"@id":"https:\/\/arjenoticias.com.mx\/#organization"},"image":{"@id":"https:\/\/arjenoticias.com.mx\/?p=14074#primaryimage"},"thumbnailUrl":"https:\/\/arjenoticias.com.mx\/wp-content\/uploads\/2026\/05\/S2JFBBO7DBHKRDO7HKMOU5BMYM.jpg.avif","keywords":["Trump ha dicho que Claudia Sheinbaum no gobierna sino el narcotr\u00e1fico"],"articleSection":["Pol\u00edtica"],"inLanguage":"es","potentialAction":[{"@type":"CommentAction","name":"Comment","target":["https:\/\/arjenoticias.com.mx\/?p=14074#respond"]}]},{"@type":"WebPage","@id":"https:\/\/arjenoticias.com.mx\/?p=14074","url":"https:\/\/arjenoticias.com.mx\/?p=14074","name":"Asomar la cabeza desde el Marem\u00e1gnum: Rafael Morgan -","isPartOf":{"@id":"https:\/\/arjenoticias.com.mx\/#website"},"primaryImageOfPage":{"@id":"https:\/\/arjenoticias.com.mx\/?p=14074#primaryimage"},"image":{"@id":"https:\/\/arjenoticias.com.mx\/?p=14074#primaryimage"},"thumbnailUrl":"https:\/\/arjenoticias.com.mx\/wp-content\/uploads\/2026\/05\/S2JFBBO7DBHKRDO7HKMOU5BMYM.jpg.avif","datePublished":"2026-05-15T19:59:46+00:00","description":"o mismo puede decirse a nivel nacional con esa confusi\u00f3n de \u201cuninoticias\u201d queimpregnan peri\u00f3dicos, televisi\u00f3n y tel\u00e9fonos sobre el mismo tema: \u201cRocha,Sheinbaum y Trump\u201d","breadcrumb":{"@id":"https:\/\/arjenoticias.com.mx\/?p=14074#breadcrumb"},"inLanguage":"es","potentialAction":[{"@type":"ReadAction","target":["https:\/\/arjenoticias.com.mx\/?p=14074"]}]},{"@type":"ImageObject","inLanguage":"es","@id":"https:\/\/arjenoticias.com.mx\/?p=14074#primaryimage","url":"https:\/\/arjenoticias.com.mx\/wp-content\/uploads\/2026\/05\/S2JFBBO7DBHKRDO7HKMOU5BMYM.jpg.avif","contentUrl":"https:\/\/arjenoticias.com.mx\/wp-content\/uploads\/2026\/05\/S2JFBBO7DBHKRDO7HKMOU5BMYM.jpg.avif","width":1200,"height":800,"caption":"Grito desesperado ahogado\u201d , en el que desde el marem\u00e1gnum de notas, noticias, columnas, \u201cmemes\u201d y correos de whatsapp, repetidas una y mil veces sobre Rocha, Claudia y Trump, ocultan y \u201ctapan\u201d"},{"@type":"BreadcrumbList","@id":"https:\/\/arjenoticias.com.mx\/?p=14074#breadcrumb","itemListElement":[{"@type":"ListItem","position":1,"name":"Inicio","item":"https:\/\/arjenoticias.com.mx\/"},{"@type":"ListItem","position":2,"name":"Asomar la cabeza desde el Marem\u00e1gnum: Rafael Morgan"}]},{"@type":"WebSite","@id":"https:\/\/arjenoticias.com.mx\/#website","url":"https:\/\/arjenoticias.com.mx\/","name":"arjenoticias.com.mx","description":"","publisher":{"@id":"https:\/\/arjenoticias.com.mx\/#organization"},"potentialAction":[{"@type":"SearchAction","target":{"@type":"EntryPoint","urlTemplate":"https:\/\/arjenoticias.com.mx\/?s={search_term_string}"},"query-input":{"@type":"PropertyValueSpecification","valueRequired":true,"valueName":"search_term_string"}}],"inLanguage":"es"},{"@type":"Organization","@id":"https:\/\/arjenoticias.com.mx\/#organization","name":"Arj\u00e9 de M\u00e9xico Noticias","url":"https:\/\/arjenoticias.com.mx\/","logo":{"@type":"ImageObject","inLanguage":"es","@id":"https:\/\/arjenoticias.com.mx\/#\/schema\/logo\/image\/","url":"https:\/\/arjenoticias.com.mx\/wp-content\/uploads\/2025\/07\/cropped-logo-scaled-1.png","contentUrl":"https:\/\/arjenoticias.com.mx\/wp-content\/uploads\/2025\/07\/cropped-logo-scaled-1.png","width":2558,"height":558,"caption":"Arj\u00e9 de M\u00e9xico Noticias"},"image":{"@id":"https:\/\/arjenoticias.com.mx\/#\/schema\/logo\/image\/"}},{"@type":"Person","@id":"https:\/\/arjenoticias.com.mx\/#\/schema\/person\/c5d27610d56f8f90b4a69f3eb90aba54","name":"Rafael Morgan Rios","image":{"@type":"ImageObject","inLanguage":"es","@id":"https:\/\/secure.gravatar.com\/avatar\/b9fdc1d1f7e0837dbb38d3fe7949ece19bc969cfeb8af119db8a6403699a8087?s=96&d=mm&r=g","url":"https:\/\/secure.gravatar.com\/avatar\/b9fdc1d1f7e0837dbb38d3fe7949ece19bc969cfeb8af119db8a6403699a8087?s=96&d=mm&r=g","contentUrl":"https:\/\/secure.gravatar.com\/avatar\/b9fdc1d1f7e0837dbb38d3fe7949ece19bc969cfeb8af119db8a6403699a8087?s=96&d=mm&r=g","caption":"Rafael Morgan Rios"},"url":"https:\/\/arjenoticias.com.mx\/?author=97"}]}},"_links":{"self":[{"href":"https:\/\/arjenoticias.com.mx\/index.php?rest_route=\/wp\/v2\/posts\/14074","targetHints":{"allow":["GET"]}}],"collection":[{"href":"https:\/\/arjenoticias.com.mx\/index.php?rest_route=\/wp\/v2\/posts"}],"about":[{"href":"https:\/\/arjenoticias.com.mx\/index.php?rest_route=\/wp\/v2\/types\/post"}],"author":[{"embeddable":true,"href":"https:\/\/arjenoticias.com.mx\/index.php?rest_route=\/wp\/v2\/users\/97"}],"replies":[{"embeddable":true,"href":"https:\/\/arjenoticias.com.mx\/index.php?rest_route=%2Fwp%2Fv2%2Fcomments&post=14074"}],"version-history":[{"count":0,"href":"https:\/\/arjenoticias.com.mx\/index.php?rest_route=\/wp\/v2\/posts\/14074\/revisions"}],"wp:featuredmedia":[{"embeddable":true,"href":"https:\/\/arjenoticias.com.mx\/index.php?rest_route=\/wp\/v2\/media\/14077"}],"wp:attachment":[{"href":"https:\/\/arjenoticias.com.mx\/index.php?rest_route=%2Fwp%2Fv2%2Fmedia&parent=14074"}],"wp:term":[{"taxonomy":"category","embeddable":true,"href":"https:\/\/arjenoticias.com.mx\/index.php?rest_route=%2Fwp%2Fv2%2Fcategories&post=14074"},{"taxonomy":"post_tag","embeddable":true,"href":"https:\/\/arjenoticias.com.mx\/index.php?rest_route=%2Fwp%2Fv2%2Ftags&post=14074"}],"curies":[{"name":"wp","href":"https:\/\/api.w.org\/{rel}","templated":true}]}}