{"id":14071,"date":"2026-05-15T13:33:25","date_gmt":"2026-05-15T19:33:25","guid":{"rendered":"https:\/\/arjenoticias.com\/?p=14071"},"modified":"2026-05-15T13:33:25","modified_gmt":"2026-05-15T19:33:25","slug":"amfecco-y-conocer-optometria-y-oftalmologia","status":"publish","type":"post","link":"https:\/\/arjenoticias.com.mx\/?p=14071","title":{"rendered":"AMFECCO y CONOCER actualizar\u00e1n est\u00e1ndares de competencia en optometr\u00eda y oftalmolog\u00eda"},"content":{"rendered":"\n<p class=\"wp-block-paragraph\">La directora general del Consejo Nacional de Normalizaci\u00f3n y Certificaci\u00f3n de Competencias Laborales (CONOCER), Guille Alvarado, destac\u00f3 la importancia de contar con certificaciones actualizadas y alineadas a las necesidades reales del sector de la salud visual.<\/p>\n\n\n\n<p class=\"wp-block-paragraph\">\u201cUna optometr\u00eda \u2014cuidado de la salud visual\u2014 de calidad necesita certificaciones actualizadas y alineadas a la realidad del sector\u201d, expres\u00f3.<\/p>\n\n\n\n<p class=\"wp-block-paragraph\">Durante una reuni\u00f3n de trabajo con integrantes de la Asociaci\u00f3n Mexicana de Facultades, Escuelas, Colegios y Consejos de Optometr\u00eda (AMFECCO), se\u00f1al\u00f3 que se avanza en una ruta de colaboraci\u00f3n para fortalecer el Comit\u00e9 de Gesti\u00f3n por Competencias y actualizar los Est\u00e1ndares de Competencia en optometr\u00eda y oftalmolog\u00eda.<\/p>\n\n\n\n<p class=\"wp-block-paragraph\">Alvarado subray\u00f3 que este esfuerzo busca mejorar la preparaci\u00f3n y evaluaci\u00f3n de los profesionales dedicados al cuidado visual, garantizando mejores servicios para la poblaci\u00f3n y fortaleciendo la profesionalizaci\u00f3n del sector.<\/p>\n\n\n\n<p class=\"wp-block-paragraph\">Asimismo, indic\u00f3 que la actualizaci\u00f3n de estos est\u00e1ndares permitir\u00e1 responder a los cambios tecnol\u00f3gicos, cient\u00edficos y de atenci\u00f3n que actualmente enfrenta la optometr\u00eda y la oftalmolog\u00eda en M\u00e9xico.<\/p>\n\n\n\n<figure class=\"wp-block-image size-full\"><img fetchpriority=\"high\" decoding=\"async\" width=\"520\" height=\"590\" src=\"https:\/\/arjenoticias.com.mx\/wp-content\/uploads\/2026\/05\/image-8.png\" alt=\"\" class=\"wp-image-14072\" srcset=\"https:\/\/arjenoticias.com.mx\/wp-content\/uploads\/2026\/05\/image-8.png 520w, https:\/\/arjenoticias.com.mx\/wp-content\/uploads\/2026\/05\/image-8-264x300.png 264w\" sizes=\"(max-width: 520px) 100vw, 520px\" \/><\/figure>\n","protected":false},"excerpt":{"rendered":"<p>La directora general del Consejo Nacional de Normalizaci\u00f3n y Certificaci\u00f3n de Competencias Laborales (CONOCER), Guille&#8230;<\/p>\n","protected":false},"author":66,"featured_media":14072,"comment_status":"open","ping_status":"open","sticky":false,"template":"","format":"standard","meta":{"footnotes":""},"categories":[13],"tags":[168,2354],"class_list":["post-14071","post","type-post","status-publish","format-standard","has-post-thumbnail","hentry","category-politica","tag-amfecco-y-conocer-actualizaran-estandares-de-competencia-en-optometria-y-oftalmologia","tag-salud-visual"],"yoast_head":"<!-- This site is optimized with the Yoast SEO plugin v28.4 - https:\/\/yoast.com\/product\/yoast-seo-wordpress\/ -->\n<title>AMFECCO y CONOCER actualizar\u00e1n est\u00e1ndares de competencia en optometr\u00eda y oftalmolog\u00eda -<\/title>\n<meta name=\"description\" content=\"Guille Alvarado, inform\u00f3 fortalecer la calidad en la salud visual, es una prioridad en las certificaciones. Arjenoticias informa.\" \/>\n<meta name=\"robots\" content=\"index, follow, max-snippet:-1, max-image-preview:large, max-video-preview:-1\" \/>\n<link rel=\"canonical\" href=\"https:\/\/arjenoticias.com.mx\/?p=14071\" \/>\n<meta property=\"og:locale\" content=\"es_MX\" \/>\n<meta property=\"og:type\" content=\"article\" \/>\n<meta property=\"og:title\" content=\"AMFECCO y CONOCER actualizar\u00e1n est\u00e1ndares de competencia en optometr\u00eda y oftalmolog\u00eda -\" \/>\n<meta property=\"og:description\" content=\"Guille Alvarado, inform\u00f3 fortalecer la calidad en la salud visual, es una prioridad en las certificaciones. Arjenoticias informa.\" \/>\n<meta property=\"og:url\" content=\"https:\/\/arjenoticias.com.mx\/?p=14071\" \/>\n<meta property=\"article:published_time\" content=\"2026-05-15T19:33:25+00:00\" \/>\n<meta property=\"og:image\" content=\"https:\/\/arjenoticias.com.mx\/wp-content\/uploads\/2026\/05\/image-8.png\" \/>\n\t<meta property=\"og:image:width\" content=\"520\" \/>\n\t<meta property=\"og:image:height\" content=\"590\" \/>\n\t<meta property=\"og:image:type\" content=\"image\/png\" \/>\n<meta name=\"author\" content=\"Arj\u00e9 Noticias\" \/>\n<meta name=\"twitter:card\" content=\"summary_large_image\" \/>\n<meta name=\"twitter:label1\" content=\"Escrito por\" \/>\n\t<meta name=\"twitter:data1\" content=\"Arj\u00e9 Noticias\" \/>\n\t<meta name=\"twitter:label2\" content=\"Tiempo de lectura\" \/>\n\t<meta name=\"twitter:data2\" content=\"2 minutos\" \/>\n<script type=\"application\/ld+json\" class=\"yoast-schema-graph\">{\"@context\":\"https:\\\/\\\/schema.org\",\"@graph\":[{\"@type\":\"Article\",\"@id\":\"https:\\\/\\\/arjenoticias.com.mx\\\/?p=14071#article\",\"isPartOf\":{\"@id\":\"https:\\\/\\\/arjenoticias.com.mx\\\/?p=14071\"},\"author\":{\"name\":\"Arj\u00e9 Noticias\",\"@id\":\"https:\\\/\\\/arjenoticias.com.mx\\\/#\\\/schema\\\/person\\\/83f9fb68162b16794b69a8186dd31bc0\"},\"headline\":\"AMFECCO y CONOCER actualizar\u00e1n est\u00e1ndares de competencia en optometr\u00eda y oftalmolog\u00eda\",\"datePublished\":\"2026-05-15T19:33:25+00:00\",\"mainEntityOfPage\":{\"@id\":\"https:\\\/\\\/arjenoticias.com.mx\\\/?p=14071\"},\"wordCount\":200,\"commentCount\":0,\"publisher\":{\"@id\":\"https:\\\/\\\/arjenoticias.com.mx\\\/#organization\"},\"image\":{\"@id\":\"https:\\\/\\\/arjenoticias.com.mx\\\/?p=14071#primaryimage\"},\"thumbnailUrl\":\"https:\\\/\\\/arjenoticias.com.mx\\\/wp-content\\\/uploads\\\/2026\\\/05\\\/image-8.png\",\"keywords\":[\"AMFECCO y CONOCER actualizar\u00e1n est\u00e1ndares de competencia en optometr\u00eda y oftalmolog\u00eda\",\"Salud visual\"],\"articleSection\":[\"Pol\u00edtica\"],\"inLanguage\":\"es\",\"potentialAction\":[{\"@type\":\"CommentAction\",\"name\":\"Comment\",\"target\":[\"https:\\\/\\\/arjenoticias.com.mx\\\/?p=14071#respond\"]}]},{\"@type\":\"WebPage\",\"@id\":\"https:\\\/\\\/arjenoticias.com.mx\\\/?p=14071\",\"url\":\"https:\\\/\\\/arjenoticias.com.mx\\\/?p=14071\",\"name\":\"AMFECCO y CONOCER actualizar\u00e1n est\u00e1ndares de competencia en optometr\u00eda y oftalmolog\u00eda -\",\"isPartOf\":{\"@id\":\"https:\\\/\\\/arjenoticias.com.mx\\\/#website\"},\"primaryImageOfPage\":{\"@id\":\"https:\\\/\\\/arjenoticias.com.mx\\\/?p=14071#primaryimage\"},\"image\":{\"@id\":\"https:\\\/\\\/arjenoticias.com.mx\\\/?p=14071#primaryimage\"},\"thumbnailUrl\":\"https:\\\/\\\/arjenoticias.com.mx\\\/wp-content\\\/uploads\\\/2026\\\/05\\\/image-8.png\",\"datePublished\":\"2026-05-15T19:33:25+00:00\",\"description\":\"Guille Alvarado, inform\u00f3 fortalecer la calidad en la salud visual, es una prioridad en las certificaciones. Arjenoticias informa.\",\"breadcrumb\":{\"@id\":\"https:\\\/\\\/arjenoticias.com.mx\\\/?p=14071#breadcrumb\"},\"inLanguage\":\"es\",\"potentialAction\":[{\"@type\":\"ReadAction\",\"target\":[\"https:\\\/\\\/arjenoticias.com.mx\\\/?p=14071\"]}]},{\"@type\":\"ImageObject\",\"inLanguage\":\"es\",\"@id\":\"https:\\\/\\\/arjenoticias.com.mx\\\/?p=14071#primaryimage\",\"url\":\"https:\\\/\\\/arjenoticias.com.mx\\\/wp-content\\\/uploads\\\/2026\\\/05\\\/image-8.png\",\"contentUrl\":\"https:\\\/\\\/arjenoticias.com.mx\\\/wp-content\\\/uploads\\\/2026\\\/05\\\/image-8.png\",\"width\":520,\"height\":590,\"caption\":\"AMFECCO y CONOCER impulsan actualizaci\u00f3n de est\u00e1ndares de competencia en optometr\u00eda y oftalmolog\u00eda\"},{\"@type\":\"BreadcrumbList\",\"@id\":\"https:\\\/\\\/arjenoticias.com.mx\\\/?p=14071#breadcrumb\",\"itemListElement\":[{\"@type\":\"ListItem\",\"position\":1,\"name\":\"Inicio\",\"item\":\"https:\\\/\\\/arjenoticias.com.mx\\\/\"},{\"@type\":\"ListItem\",\"position\":2,\"name\":\"AMFECCO y CONOCER actualizar\u00e1n est\u00e1ndares de competencia en optometr\u00eda y oftalmolog\u00eda\"}]},{\"@type\":\"WebSite\",\"@id\":\"https:\\\/\\\/arjenoticias.com.mx\\\/#website\",\"url\":\"https:\\\/\\\/arjenoticias.com.mx\\\/\",\"name\":\"arjenoticias.com.mx\",\"description\":\"\",\"publisher\":{\"@id\":\"https:\\\/\\\/arjenoticias.com.mx\\\/#organization\"},\"potentialAction\":[{\"@type\":\"SearchAction\",\"target\":{\"@type\":\"EntryPoint\",\"urlTemplate\":\"https:\\\/\\\/arjenoticias.com.mx\\\/?s={search_term_string}\"},\"query-input\":{\"@type\":\"PropertyValueSpecification\",\"valueRequired\":true,\"valueName\":\"search_term_string\"}}],\"inLanguage\":\"es\"},{\"@type\":\"Organization\",\"@id\":\"https:\\\/\\\/arjenoticias.com.mx\\\/#organization\",\"name\":\"Arj\u00e9 de M\u00e9xico Noticias\",\"url\":\"https:\\\/\\\/arjenoticias.com.mx\\\/\",\"logo\":{\"@type\":\"ImageObject\",\"inLanguage\":\"es\",\"@id\":\"https:\\\/\\\/arjenoticias.com.mx\\\/#\\\/schema\\\/logo\\\/image\\\/\",\"url\":\"https:\\\/\\\/arjenoticias.com.mx\\\/wp-content\\\/uploads\\\/2025\\\/07\\\/cropped-logo-scaled-1.png\",\"contentUrl\":\"https:\\\/\\\/arjenoticias.com.mx\\\/wp-content\\\/uploads\\\/2025\\\/07\\\/cropped-logo-scaled-1.png\",\"width\":2558,\"height\":558,\"caption\":\"Arj\u00e9 de M\u00e9xico Noticias\"},\"image\":{\"@id\":\"https:\\\/\\\/arjenoticias.com.mx\\\/#\\\/schema\\\/logo\\\/image\\\/\"}},{\"@type\":\"Person\",\"@id\":\"https:\\\/\\\/arjenoticias.com.mx\\\/#\\\/schema\\\/person\\\/83f9fb68162b16794b69a8186dd31bc0\",\"name\":\"Arj\u00e9 Noticias\",\"image\":{\"@type\":\"ImageObject\",\"inLanguage\":\"es\",\"@id\":\"https:\\\/\\\/secure.gravatar.com\\\/avatar\\\/f604b88a0e24c04f3f89fae6b5400bfd6093d0999292a64803d3651d9d4a35a5?s=96&d=mm&r=g\",\"url\":\"https:\\\/\\\/secure.gravatar.com\\\/avatar\\\/f604b88a0e24c04f3f89fae6b5400bfd6093d0999292a64803d3651d9d4a35a5?s=96&d=mm&r=g\",\"contentUrl\":\"https:\\\/\\\/secure.gravatar.com\\\/avatar\\\/f604b88a0e24c04f3f89fae6b5400bfd6093d0999292a64803d3651d9d4a35a5?s=96&d=mm&r=g\",\"caption\":\"Arj\u00e9 Noticias\"},\"url\":\"https:\\\/\\\/arjenoticias.com.mx\\\/?author=66\"}]}<\/script>\n<!-- \/ Yoast SEO plugin. -->","yoast_head_json":{"title":"AMFECCO y CONOCER actualizar\u00e1n est\u00e1ndares de competencia en optometr\u00eda y oftalmolog\u00eda -","description":"Guille Alvarado, inform\u00f3 fortalecer la calidad en la salud visual, es una prioridad en las certificaciones. Arjenoticias informa.","robots":{"index":"index","follow":"follow","max-snippet":"max-snippet:-1","max-image-preview":"max-image-preview:large","max-video-preview":"max-video-preview:-1"},"canonical":"https:\/\/arjenoticias.com.mx\/?p=14071","og_locale":"es_MX","og_type":"article","og_title":"AMFECCO y CONOCER actualizar\u00e1n est\u00e1ndares de competencia en optometr\u00eda y oftalmolog\u00eda -","og_description":"Guille Alvarado, inform\u00f3 fortalecer la calidad en la salud visual, es una prioridad en las certificaciones. Arjenoticias informa.","og_url":"https:\/\/arjenoticias.com.mx\/?p=14071","article_published_time":"2026-05-15T19:33:25+00:00","og_image":[{"width":520,"height":590,"url":"https:\/\/arjenoticias.com.mx\/wp-content\/uploads\/2026\/05\/image-8.png","type":"image\/png"}],"author":"Arj\u00e9 Noticias","twitter_card":"summary_large_image","twitter_misc":{"Escrito por":"Arj\u00e9 Noticias","Tiempo de lectura":"2 minutos"},"schema":{"@context":"https:\/\/schema.org","@graph":[{"@type":"Article","@id":"https:\/\/arjenoticias.com.mx\/?p=14071#article","isPartOf":{"@id":"https:\/\/arjenoticias.com.mx\/?p=14071"},"author":{"name":"Arj\u00e9 Noticias","@id":"https:\/\/arjenoticias.com.mx\/#\/schema\/person\/83f9fb68162b16794b69a8186dd31bc0"},"headline":"AMFECCO y CONOCER actualizar\u00e1n est\u00e1ndares de competencia en optometr\u00eda y oftalmolog\u00eda","datePublished":"2026-05-15T19:33:25+00:00","mainEntityOfPage":{"@id":"https:\/\/arjenoticias.com.mx\/?p=14071"},"wordCount":200,"commentCount":0,"publisher":{"@id":"https:\/\/arjenoticias.com.mx\/#organization"},"image":{"@id":"https:\/\/arjenoticias.com.mx\/?p=14071#primaryimage"},"thumbnailUrl":"https:\/\/arjenoticias.com.mx\/wp-content\/uploads\/2026\/05\/image-8.png","keywords":["AMFECCO y CONOCER actualizar\u00e1n est\u00e1ndares de competencia en optometr\u00eda y oftalmolog\u00eda","Salud visual"],"articleSection":["Pol\u00edtica"],"inLanguage":"es","potentialAction":[{"@type":"CommentAction","name":"Comment","target":["https:\/\/arjenoticias.com.mx\/?p=14071#respond"]}]},{"@type":"WebPage","@id":"https:\/\/arjenoticias.com.mx\/?p=14071","url":"https:\/\/arjenoticias.com.mx\/?p=14071","name":"AMFECCO y CONOCER actualizar\u00e1n est\u00e1ndares de competencia en optometr\u00eda y oftalmolog\u00eda -","isPartOf":{"@id":"https:\/\/arjenoticias.com.mx\/#website"},"primaryImageOfPage":{"@id":"https:\/\/arjenoticias.com.mx\/?p=14071#primaryimage"},"image":{"@id":"https:\/\/arjenoticias.com.mx\/?p=14071#primaryimage"},"thumbnailUrl":"https:\/\/arjenoticias.com.mx\/wp-content\/uploads\/2026\/05\/image-8.png","datePublished":"2026-05-15T19:33:25+00:00","description":"Guille Alvarado, inform\u00f3 fortalecer la calidad en la salud visual, es una prioridad en las certificaciones. Arjenoticias informa.","breadcrumb":{"@id":"https:\/\/arjenoticias.com.mx\/?p=14071#breadcrumb"},"inLanguage":"es","potentialAction":[{"@type":"ReadAction","target":["https:\/\/arjenoticias.com.mx\/?p=14071"]}]},{"@type":"ImageObject","inLanguage":"es","@id":"https:\/\/arjenoticias.com.mx\/?p=14071#primaryimage","url":"https:\/\/arjenoticias.com.mx\/wp-content\/uploads\/2026\/05\/image-8.png","contentUrl":"https:\/\/arjenoticias.com.mx\/wp-content\/uploads\/2026\/05\/image-8.png","width":520,"height":590,"caption":"AMFECCO y CONOCER impulsan actualizaci\u00f3n de est\u00e1ndares de competencia en optometr\u00eda y oftalmolog\u00eda"},{"@type":"BreadcrumbList","@id":"https:\/\/arjenoticias.com.mx\/?p=14071#breadcrumb","itemListElement":[{"@type":"ListItem","position":1,"name":"Inicio","item":"https:\/\/arjenoticias.com.mx\/"},{"@type":"ListItem","position":2,"name":"AMFECCO y CONOCER actualizar\u00e1n est\u00e1ndares de competencia en optometr\u00eda y oftalmolog\u00eda"}]},{"@type":"WebSite","@id":"https:\/\/arjenoticias.com.mx\/#website","url":"https:\/\/arjenoticias.com.mx\/","name":"arjenoticias.com.mx","description":"","publisher":{"@id":"https:\/\/arjenoticias.com.mx\/#organization"},"potentialAction":[{"@type":"SearchAction","target":{"@type":"EntryPoint","urlTemplate":"https:\/\/arjenoticias.com.mx\/?s={search_term_string}"},"query-input":{"@type":"PropertyValueSpecification","valueRequired":true,"valueName":"search_term_string"}}],"inLanguage":"es"},{"@type":"Organization","@id":"https:\/\/arjenoticias.com.mx\/#organization","name":"Arj\u00e9 de M\u00e9xico Noticias","url":"https:\/\/arjenoticias.com.mx\/","logo":{"@type":"ImageObject","inLanguage":"es","@id":"https:\/\/arjenoticias.com.mx\/#\/schema\/logo\/image\/","url":"https:\/\/arjenoticias.com.mx\/wp-content\/uploads\/2025\/07\/cropped-logo-scaled-1.png","contentUrl":"https:\/\/arjenoticias.com.mx\/wp-content\/uploads\/2025\/07\/cropped-logo-scaled-1.png","width":2558,"height":558,"caption":"Arj\u00e9 de M\u00e9xico Noticias"},"image":{"@id":"https:\/\/arjenoticias.com.mx\/#\/schema\/logo\/image\/"}},{"@type":"Person","@id":"https:\/\/arjenoticias.com.mx\/#\/schema\/person\/83f9fb68162b16794b69a8186dd31bc0","name":"Arj\u00e9 Noticias","image":{"@type":"ImageObject","inLanguage":"es","@id":"https:\/\/secure.gravatar.com\/avatar\/f604b88a0e24c04f3f89fae6b5400bfd6093d0999292a64803d3651d9d4a35a5?s=96&d=mm&r=g","url":"https:\/\/secure.gravatar.com\/avatar\/f604b88a0e24c04f3f89fae6b5400bfd6093d0999292a64803d3651d9d4a35a5?s=96&d=mm&r=g","contentUrl":"https:\/\/secure.gravatar.com\/avatar\/f604b88a0e24c04f3f89fae6b5400bfd6093d0999292a64803d3651d9d4a35a5?s=96&d=mm&r=g","caption":"Arj\u00e9 Noticias"},"url":"https:\/\/arjenoticias.com.mx\/?author=66"}]}},"_links":{"self":[{"href":"https:\/\/arjenoticias.com.mx\/index.php?rest_route=\/wp\/v2\/posts\/14071","targetHints":{"allow":["GET"]}}],"collection":[{"href":"https:\/\/arjenoticias.com.mx\/index.php?rest_route=\/wp\/v2\/posts"}],"about":[{"href":"https:\/\/arjenoticias.com.mx\/index.php?rest_route=\/wp\/v2\/types\/post"}],"author":[{"embeddable":true,"href":"https:\/\/arjenoticias.com.mx\/index.php?rest_route=\/wp\/v2\/users\/66"}],"replies":[{"embeddable":true,"href":"https:\/\/arjenoticias.com.mx\/index.php?rest_route=%2Fwp%2Fv2%2Fcomments&post=14071"}],"version-history":[{"count":0,"href":"https:\/\/arjenoticias.com.mx\/index.php?rest_route=\/wp\/v2\/posts\/14071\/revisions"}],"wp:featuredmedia":[{"embeddable":true,"href":"https:\/\/arjenoticias.com.mx\/index.php?rest_route=\/wp\/v2\/media\/14072"}],"wp:attachment":[{"href":"https:\/\/arjenoticias.com.mx\/index.php?rest_route=%2Fwp%2Fv2%2Fmedia&parent=14071"}],"wp:term":[{"taxonomy":"category","embeddable":true,"href":"https:\/\/arjenoticias.com.mx\/index.php?rest_route=%2Fwp%2Fv2%2Fcategories&post=14071"},{"taxonomy":"post_tag","embeddable":true,"href":"https:\/\/arjenoticias.com.mx\/index.php?rest_route=%2Fwp%2Fv2%2Ftags&post=14071"}],"curies":[{"name":"wp","href":"https:\/\/api.w.org\/{rel}","templated":true}]}}