{"id":14061,"date":"2026-05-15T11:59:00","date_gmt":"2026-05-15T17:59:00","guid":{"rendered":"https:\/\/arjenoticias.com\/?p=14061"},"modified":"2026-05-15T11:59:00","modified_gmt":"2026-05-15T17:59:00","slug":"sheinbaum-anuncia-aumento-salarial-del-9-a-maestros-y-reivindica-al-magisterio-nacional","status":"publish","type":"post","link":"https:\/\/arjenoticias.com.mx\/?p=14061","title":{"rendered":"Sheinbaum reivindica al magisterio nacional"},"content":{"rendered":"\n<h2 class=\"wp-block-heading\">La presidenta acusa que gobiernos anteriores responsabilizaban injustamente a docentes por problemas educativos.<\/h2>\n\n\n\n<p class=\"wp-block-paragraph\">En el marco del D\u00eda del Maestro, la presidenta Claudia Sheinbaum anunci\u00f3 un aumento salarial del 9% para maestras y maestros del pa\u00eds y defendi\u00f3 el papel del magisterio nacional, al asegurar que durante los gobiernos neoliberales se critic\u00f3 injustamente a los docentes y se promovi\u00f3 la idea de que la educaci\u00f3n privada era superior a la p\u00fablica.<\/p>\n\n\n\n<p class=\"wp-block-paragraph\">El anuncio fue realizado junto al secretario de Educaci\u00f3n P\u00fablica, Mario Delgado Carrillo, quien detall\u00f3 que el incremento estar\u00e1 integrado por distintos componentes salariales y prestaciones, como parte del reconocimiento a la labor educativa.<\/p>\n\n\n\n<p class=\"wp-block-paragraph\">\u201cCon esto se mantiene la recuperaci\u00f3n real del salario de los maestros\u201d, se\u00f1al\u00f3 el titular de la SEP, quien destac\u00f3 que en los \u00faltimos a\u00f1os se ha revertido el rezago salarial acumulado durante d\u00e9cadas.<\/p>\n\n\n\n<p class=\"wp-block-paragraph\">Durante su mensaje, Sheinbaum afirm\u00f3 que \u201cfue una injusticia\u201d que gobiernos anteriores culparan a las y los maestros de la mala educaci\u00f3n en M\u00e9xico.<\/p>\n\n\n\n<p class=\"wp-block-paragraph\"> \u201cUn gobierno que reconoce la educaci\u00f3n p\u00fablica es un gobierno cercano al pueblo. <strong>Un gobierno que se aleja de su identidad es aquel que critica a los maestros<\/strong>\u201d, expres\u00f3.<\/p>\n\n\n\n<p class=\"wp-block-paragraph\">La mandataria tambi\u00e9n asegur\u00f3 que la transformaci\u00f3n que vive el pa\u00eds no ser\u00eda posible sin el trabajo del magisterio nacional y destac\u00f3 que la educaci\u00f3n p\u00fablica \u201ces de lo mejor que tiene M\u00e9xico\u201d.<\/p>\n\n\n\n<p class=\"wp-block-paragraph\">\u201c\u00bfQu\u00e9 ser\u00eda de M\u00e9xico sin quienes ense\u00f1an a leer, a multiplicar y nuestra historia?\u201d, cuestion\u00f3.<\/p>\n\n\n\n<p class=\"wp-block-paragraph\">Adem\u00e1s, Sheinbaum destac\u00f3 que gracias a los programas sociales y al aumento salarial de distintos sectores, alrededor de 13.5 millones de personas salieron de la pobreza en los \u00faltimos a\u00f1os.<\/p>\n\n\n\n<p class=\"wp-block-paragraph\">El Gobierno federal tambi\u00e9n inform\u00f3 que continuar\u00e1 con acciones para mejorar las condiciones laborales del magisterio, entre ellas cambios en la Usicamm, fortalecimiento de pensiones y continuidad en la basificaci\u00f3n docente.<\/p>\n\n\n\n<p class=\"wp-block-paragraph\">Lo anterior se dio en el marco de la entrega de reconocimentos a 42 docentes por 40 a\u00f1os de servicio, quienes fueron acredores a la medalla &#8220;Manuel Altamirano&#8221;.<\/p>\n\n\n\n<figure class=\"wp-block-embed is-type-rich is-provider-twitter wp-block-embed-twitter\"><div class=\"wp-block-embed__wrapper\">\n<blockquote class=\"twitter-tweet\" data-width=\"550\" data-dnt=\"true\"><p lang=\"es\" dir=\"ltr\"><a href=\"https:\/\/t.co\/pnHvMQHSVU\">https:\/\/t.co\/pnHvMQHSVU<\/a>      Anuncian un 9 % de incremento al salario magisterial.<a href=\"https:\/\/twitter.com\/hashtag\/maestros?src=hash&amp;ref_src=twsrc%5Etfw\">#maestros<\/a> <a href=\"https:\/\/twitter.com\/hashtag\/d%C3%ADadelmaestro?src=hash&amp;ref_src=twsrc%5Etfw\">#d\u00edadelmaestro<\/a><\/p>&mdash; Arj\u00e9 Noticias (@ArjeNoticias) <a href=\"https:\/\/twitter.com\/ArjeNoticias\/status\/2055343564498887124?ref_src=twsrc%5Etfw\">May 15, 2026<\/a><\/blockquote><script async src=\"https:\/\/platform.twitter.com\/widgets.js\" charset=\"utf-8\"><\/script>\n<\/div><\/figure>\n\n\n\n<figure class=\"wp-block-image size-full\"><img fetchpriority=\"high\" decoding=\"async\" width=\"768\" height=\"432\" src=\"https:\/\/arjenoticias.com.mx\/wp-content\/uploads\/2026\/05\/image-7.png\" alt=\"\" class=\"wp-image-14062\" srcset=\"https:\/\/arjenoticias.com.mx\/wp-content\/uploads\/2026\/05\/image-7.png 768w, https:\/\/arjenoticias.com.mx\/wp-content\/uploads\/2026\/05\/image-7-300x169.png 300w\" sizes=\"(max-width: 768px) 100vw, 768px\" \/><\/figure>\n","protected":false},"excerpt":{"rendered":"<p>La presidenta acusa que gobiernos anteriores responsabilizaban injustamente a docentes por problemas educativos. En el&#8230;<\/p>\n","protected":false},"author":66,"featured_media":14063,"comment_status":"open","ping_status":"open","sticky":false,"template":"","format":"standard","meta":{"footnotes":""},"categories":[7,13],"tags":[1239,1585],"class_list":["post-14061","post","type-post","status-publish","format-standard","has-post-thumbnail","hentry","category-lo-mas-relevante","category-politica","tag-incremento-salarial-a-maestros","tag-maestros"],"yoast_head":"<!-- This site is optimized with the Yoast SEO plugin v28.4 - https:\/\/yoast.com\/product\/yoast-seo-wordpress\/ -->\n<title>Sheinbaum reivindica al magisterio nacional -<\/title>\n<meta name=\"description\" content=\"\u201cUn gobierno que reconoce la educaci\u00f3n p\u00fablica es un gobierno cercano al pueblo. Un gobierno que se aleja de su identidad es aquel que critica a los maestros\u201d, expres\u00f3.\" \/>\n<meta name=\"robots\" content=\"index, follow, max-snippet:-1, max-image-preview:large, max-video-preview:-1\" \/>\n<link rel=\"canonical\" href=\"https:\/\/arjenoticias.com.mx\/?p=14061\" \/>\n<meta property=\"og:locale\" content=\"es_MX\" \/>\n<meta property=\"og:type\" content=\"article\" \/>\n<meta property=\"og:title\" content=\"Sheinbaum reivindica al magisterio nacional -\" \/>\n<meta property=\"og:description\" content=\"\u201cUn gobierno que reconoce la educaci\u00f3n p\u00fablica es un gobierno cercano al pueblo. Un gobierno que se aleja de su identidad es aquel que critica a los maestros\u201d, expres\u00f3.\" \/>\n<meta property=\"og:url\" content=\"https:\/\/arjenoticias.com.mx\/?p=14061\" \/>\n<meta property=\"article:published_time\" content=\"2026-05-15T17:59:00+00:00\" \/>\n<meta property=\"og:image\" content=\"https:\/\/arjenoticias.com.mx\/wp-content\/uploads\/2026\/05\/Screenshot_1.png\" \/>\n\t<meta property=\"og:image:width\" content=\"697\" \/>\n\t<meta property=\"og:image:height\" content=\"737\" \/>\n\t<meta property=\"og:image:type\" content=\"image\/png\" \/>\n<meta name=\"author\" content=\"Arj\u00e9 Noticias\" \/>\n<meta name=\"twitter:card\" content=\"summary_large_image\" \/>\n<meta name=\"twitter:label1\" content=\"Escrito por\" \/>\n\t<meta name=\"twitter:data1\" content=\"Arj\u00e9 Noticias\" \/>\n\t<meta name=\"twitter:label2\" content=\"Tiempo de lectura\" \/>\n\t<meta name=\"twitter:data2\" content=\"2 minutos\" \/>\n<script type=\"application\/ld+json\" class=\"yoast-schema-graph\">{\"@context\":\"https:\\\/\\\/schema.org\",\"@graph\":[{\"@type\":\"Article\",\"@id\":\"https:\\\/\\\/arjenoticias.com.mx\\\/?p=14061#article\",\"isPartOf\":{\"@id\":\"https:\\\/\\\/arjenoticias.com.mx\\\/?p=14061\"},\"author\":{\"name\":\"Arj\u00e9 Noticias\",\"@id\":\"https:\\\/\\\/arjenoticias.com.mx\\\/#\\\/schema\\\/person\\\/83f9fb68162b16794b69a8186dd31bc0\"},\"headline\":\"Sheinbaum reivindica al magisterio nacional\",\"datePublished\":\"2026-05-15T17:59:00+00:00\",\"mainEntityOfPage\":{\"@id\":\"https:\\\/\\\/arjenoticias.com.mx\\\/?p=14061\"},\"wordCount\":365,\"commentCount\":0,\"publisher\":{\"@id\":\"https:\\\/\\\/arjenoticias.com.mx\\\/#organization\"},\"image\":{\"@id\":\"https:\\\/\\\/arjenoticias.com.mx\\\/?p=14061#primaryimage\"},\"thumbnailUrl\":\"https:\\\/\\\/arjenoticias.com.mx\\\/wp-content\\\/uploads\\\/2026\\\/05\\\/Screenshot_1.png\",\"keywords\":[\"incremento salarial a maestros\",\"Maestros\"],\"articleSection\":[\"Lo m\u00e1s relevante\",\"Pol\u00edtica\"],\"inLanguage\":\"es\",\"potentialAction\":[{\"@type\":\"CommentAction\",\"name\":\"Comment\",\"target\":[\"https:\\\/\\\/arjenoticias.com.mx\\\/?p=14061#respond\"]}]},{\"@type\":\"WebPage\",\"@id\":\"https:\\\/\\\/arjenoticias.com.mx\\\/?p=14061\",\"url\":\"https:\\\/\\\/arjenoticias.com.mx\\\/?p=14061\",\"name\":\"Sheinbaum reivindica al magisterio nacional -\",\"isPartOf\":{\"@id\":\"https:\\\/\\\/arjenoticias.com.mx\\\/#website\"},\"primaryImageOfPage\":{\"@id\":\"https:\\\/\\\/arjenoticias.com.mx\\\/?p=14061#primaryimage\"},\"image\":{\"@id\":\"https:\\\/\\\/arjenoticias.com.mx\\\/?p=14061#primaryimage\"},\"thumbnailUrl\":\"https:\\\/\\\/arjenoticias.com.mx\\\/wp-content\\\/uploads\\\/2026\\\/05\\\/Screenshot_1.png\",\"datePublished\":\"2026-05-15T17:59:00+00:00\",\"description\":\"\u201cUn gobierno que reconoce la educaci\u00f3n p\u00fablica es un gobierno cercano al pueblo. Un gobierno que se aleja de su identidad es aquel que critica a los maestros\u201d, expres\u00f3.\",\"breadcrumb\":{\"@id\":\"https:\\\/\\\/arjenoticias.com.mx\\\/?p=14061#breadcrumb\"},\"inLanguage\":\"es\",\"potentialAction\":[{\"@type\":\"ReadAction\",\"target\":[\"https:\\\/\\\/arjenoticias.com.mx\\\/?p=14061\"]}]},{\"@type\":\"ImageObject\",\"inLanguage\":\"es\",\"@id\":\"https:\\\/\\\/arjenoticias.com.mx\\\/?p=14061#primaryimage\",\"url\":\"https:\\\/\\\/arjenoticias.com.mx\\\/wp-content\\\/uploads\\\/2026\\\/05\\\/Screenshot_1.png\",\"contentUrl\":\"https:\\\/\\\/arjenoticias.com.mx\\\/wp-content\\\/uploads\\\/2026\\\/05\\\/Screenshot_1.png\",\"width\":697,\"height\":737,\"caption\":\"critica uso de recursos p\u00fablicos para gastos m\u00e9dicos\"},{\"@type\":\"BreadcrumbList\",\"@id\":\"https:\\\/\\\/arjenoticias.com.mx\\\/?p=14061#breadcrumb\",\"itemListElement\":[{\"@type\":\"ListItem\",\"position\":1,\"name\":\"Inicio\",\"item\":\"https:\\\/\\\/arjenoticias.com.mx\\\/\"},{\"@type\":\"ListItem\",\"position\":2,\"name\":\"Sheinbaum reivindica al magisterio nacional\"}]},{\"@type\":\"WebSite\",\"@id\":\"https:\\\/\\\/arjenoticias.com.mx\\\/#website\",\"url\":\"https:\\\/\\\/arjenoticias.com.mx\\\/\",\"name\":\"arjenoticias.com.mx\",\"description\":\"\",\"publisher\":{\"@id\":\"https:\\\/\\\/arjenoticias.com.mx\\\/#organization\"},\"potentialAction\":[{\"@type\":\"SearchAction\",\"target\":{\"@type\":\"EntryPoint\",\"urlTemplate\":\"https:\\\/\\\/arjenoticias.com.mx\\\/?s={search_term_string}\"},\"query-input\":{\"@type\":\"PropertyValueSpecification\",\"valueRequired\":true,\"valueName\":\"search_term_string\"}}],\"inLanguage\":\"es\"},{\"@type\":\"Organization\",\"@id\":\"https:\\\/\\\/arjenoticias.com.mx\\\/#organization\",\"name\":\"Arj\u00e9 de M\u00e9xico Noticias\",\"url\":\"https:\\\/\\\/arjenoticias.com.mx\\\/\",\"logo\":{\"@type\":\"ImageObject\",\"inLanguage\":\"es\",\"@id\":\"https:\\\/\\\/arjenoticias.com.mx\\\/#\\\/schema\\\/logo\\\/image\\\/\",\"url\":\"https:\\\/\\\/arjenoticias.com.mx\\\/wp-content\\\/uploads\\\/2025\\\/07\\\/cropped-logo-scaled-1.png\",\"contentUrl\":\"https:\\\/\\\/arjenoticias.com.mx\\\/wp-content\\\/uploads\\\/2025\\\/07\\\/cropped-logo-scaled-1.png\",\"width\":2558,\"height\":558,\"caption\":\"Arj\u00e9 de M\u00e9xico Noticias\"},\"image\":{\"@id\":\"https:\\\/\\\/arjenoticias.com.mx\\\/#\\\/schema\\\/logo\\\/image\\\/\"}},{\"@type\":\"Person\",\"@id\":\"https:\\\/\\\/arjenoticias.com.mx\\\/#\\\/schema\\\/person\\\/83f9fb68162b16794b69a8186dd31bc0\",\"name\":\"Arj\u00e9 Noticias\",\"image\":{\"@type\":\"ImageObject\",\"inLanguage\":\"es\",\"@id\":\"https:\\\/\\\/secure.gravatar.com\\\/avatar\\\/f604b88a0e24c04f3f89fae6b5400bfd6093d0999292a64803d3651d9d4a35a5?s=96&d=mm&r=g\",\"url\":\"https:\\\/\\\/secure.gravatar.com\\\/avatar\\\/f604b88a0e24c04f3f89fae6b5400bfd6093d0999292a64803d3651d9d4a35a5?s=96&d=mm&r=g\",\"contentUrl\":\"https:\\\/\\\/secure.gravatar.com\\\/avatar\\\/f604b88a0e24c04f3f89fae6b5400bfd6093d0999292a64803d3651d9d4a35a5?s=96&d=mm&r=g\",\"caption\":\"Arj\u00e9 Noticias\"},\"url\":\"https:\\\/\\\/arjenoticias.com.mx\\\/?author=66\"}]}<\/script>\n<!-- \/ Yoast SEO plugin. -->","yoast_head_json":{"title":"Sheinbaum reivindica al magisterio nacional -","description":"\u201cUn gobierno que reconoce la educaci\u00f3n p\u00fablica es un gobierno cercano al pueblo. Un gobierno que se aleja de su identidad es aquel que critica a los maestros\u201d, expres\u00f3.","robots":{"index":"index","follow":"follow","max-snippet":"max-snippet:-1","max-image-preview":"max-image-preview:large","max-video-preview":"max-video-preview:-1"},"canonical":"https:\/\/arjenoticias.com.mx\/?p=14061","og_locale":"es_MX","og_type":"article","og_title":"Sheinbaum reivindica al magisterio nacional -","og_description":"\u201cUn gobierno que reconoce la educaci\u00f3n p\u00fablica es un gobierno cercano al pueblo. Un gobierno que se aleja de su identidad es aquel que critica a los maestros\u201d, expres\u00f3.","og_url":"https:\/\/arjenoticias.com.mx\/?p=14061","article_published_time":"2026-05-15T17:59:00+00:00","og_image":[{"width":697,"height":737,"url":"https:\/\/arjenoticias.com.mx\/wp-content\/uploads\/2026\/05\/Screenshot_1.png","type":"image\/png"}],"author":"Arj\u00e9 Noticias","twitter_card":"summary_large_image","twitter_misc":{"Escrito por":"Arj\u00e9 Noticias","Tiempo de lectura":"2 minutos"},"schema":{"@context":"https:\/\/schema.org","@graph":[{"@type":"Article","@id":"https:\/\/arjenoticias.com.mx\/?p=14061#article","isPartOf":{"@id":"https:\/\/arjenoticias.com.mx\/?p=14061"},"author":{"name":"Arj\u00e9 Noticias","@id":"https:\/\/arjenoticias.com.mx\/#\/schema\/person\/83f9fb68162b16794b69a8186dd31bc0"},"headline":"Sheinbaum reivindica al magisterio nacional","datePublished":"2026-05-15T17:59:00+00:00","mainEntityOfPage":{"@id":"https:\/\/arjenoticias.com.mx\/?p=14061"},"wordCount":365,"commentCount":0,"publisher":{"@id":"https:\/\/arjenoticias.com.mx\/#organization"},"image":{"@id":"https:\/\/arjenoticias.com.mx\/?p=14061#primaryimage"},"thumbnailUrl":"https:\/\/arjenoticias.com.mx\/wp-content\/uploads\/2026\/05\/Screenshot_1.png","keywords":["incremento salarial a maestros","Maestros"],"articleSection":["Lo m\u00e1s relevante","Pol\u00edtica"],"inLanguage":"es","potentialAction":[{"@type":"CommentAction","name":"Comment","target":["https:\/\/arjenoticias.com.mx\/?p=14061#respond"]}]},{"@type":"WebPage","@id":"https:\/\/arjenoticias.com.mx\/?p=14061","url":"https:\/\/arjenoticias.com.mx\/?p=14061","name":"Sheinbaum reivindica al magisterio nacional -","isPartOf":{"@id":"https:\/\/arjenoticias.com.mx\/#website"},"primaryImageOfPage":{"@id":"https:\/\/arjenoticias.com.mx\/?p=14061#primaryimage"},"image":{"@id":"https:\/\/arjenoticias.com.mx\/?p=14061#primaryimage"},"thumbnailUrl":"https:\/\/arjenoticias.com.mx\/wp-content\/uploads\/2026\/05\/Screenshot_1.png","datePublished":"2026-05-15T17:59:00+00:00","description":"\u201cUn gobierno que reconoce la educaci\u00f3n p\u00fablica es un gobierno cercano al pueblo. Un gobierno que se aleja de su identidad es aquel que critica a los maestros\u201d, expres\u00f3.","breadcrumb":{"@id":"https:\/\/arjenoticias.com.mx\/?p=14061#breadcrumb"},"inLanguage":"es","potentialAction":[{"@type":"ReadAction","target":["https:\/\/arjenoticias.com.mx\/?p=14061"]}]},{"@type":"ImageObject","inLanguage":"es","@id":"https:\/\/arjenoticias.com.mx\/?p=14061#primaryimage","url":"https:\/\/arjenoticias.com.mx\/wp-content\/uploads\/2026\/05\/Screenshot_1.png","contentUrl":"https:\/\/arjenoticias.com.mx\/wp-content\/uploads\/2026\/05\/Screenshot_1.png","width":697,"height":737,"caption":"critica uso de recursos p\u00fablicos para gastos m\u00e9dicos"},{"@type":"BreadcrumbList","@id":"https:\/\/arjenoticias.com.mx\/?p=14061#breadcrumb","itemListElement":[{"@type":"ListItem","position":1,"name":"Inicio","item":"https:\/\/arjenoticias.com.mx\/"},{"@type":"ListItem","position":2,"name":"Sheinbaum reivindica al magisterio nacional"}]},{"@type":"WebSite","@id":"https:\/\/arjenoticias.com.mx\/#website","url":"https:\/\/arjenoticias.com.mx\/","name":"arjenoticias.com.mx","description":"","publisher":{"@id":"https:\/\/arjenoticias.com.mx\/#organization"},"potentialAction":[{"@type":"SearchAction","target":{"@type":"EntryPoint","urlTemplate":"https:\/\/arjenoticias.com.mx\/?s={search_term_string}"},"query-input":{"@type":"PropertyValueSpecification","valueRequired":true,"valueName":"search_term_string"}}],"inLanguage":"es"},{"@type":"Organization","@id":"https:\/\/arjenoticias.com.mx\/#organization","name":"Arj\u00e9 de M\u00e9xico Noticias","url":"https:\/\/arjenoticias.com.mx\/","logo":{"@type":"ImageObject","inLanguage":"es","@id":"https:\/\/arjenoticias.com.mx\/#\/schema\/logo\/image\/","url":"https:\/\/arjenoticias.com.mx\/wp-content\/uploads\/2025\/07\/cropped-logo-scaled-1.png","contentUrl":"https:\/\/arjenoticias.com.mx\/wp-content\/uploads\/2025\/07\/cropped-logo-scaled-1.png","width":2558,"height":558,"caption":"Arj\u00e9 de M\u00e9xico Noticias"},"image":{"@id":"https:\/\/arjenoticias.com.mx\/#\/schema\/logo\/image\/"}},{"@type":"Person","@id":"https:\/\/arjenoticias.com.mx\/#\/schema\/person\/83f9fb68162b16794b69a8186dd31bc0","name":"Arj\u00e9 Noticias","image":{"@type":"ImageObject","inLanguage":"es","@id":"https:\/\/secure.gravatar.com\/avatar\/f604b88a0e24c04f3f89fae6b5400bfd6093d0999292a64803d3651d9d4a35a5?s=96&d=mm&r=g","url":"https:\/\/secure.gravatar.com\/avatar\/f604b88a0e24c04f3f89fae6b5400bfd6093d0999292a64803d3651d9d4a35a5?s=96&d=mm&r=g","contentUrl":"https:\/\/secure.gravatar.com\/avatar\/f604b88a0e24c04f3f89fae6b5400bfd6093d0999292a64803d3651d9d4a35a5?s=96&d=mm&r=g","caption":"Arj\u00e9 Noticias"},"url":"https:\/\/arjenoticias.com.mx\/?author=66"}]}},"_links":{"self":[{"href":"https:\/\/arjenoticias.com.mx\/index.php?rest_route=\/wp\/v2\/posts\/14061","targetHints":{"allow":["GET"]}}],"collection":[{"href":"https:\/\/arjenoticias.com.mx\/index.php?rest_route=\/wp\/v2\/posts"}],"about":[{"href":"https:\/\/arjenoticias.com.mx\/index.php?rest_route=\/wp\/v2\/types\/post"}],"author":[{"embeddable":true,"href":"https:\/\/arjenoticias.com.mx\/index.php?rest_route=\/wp\/v2\/users\/66"}],"replies":[{"embeddable":true,"href":"https:\/\/arjenoticias.com.mx\/index.php?rest_route=%2Fwp%2Fv2%2Fcomments&post=14061"}],"version-history":[{"count":0,"href":"https:\/\/arjenoticias.com.mx\/index.php?rest_route=\/wp\/v2\/posts\/14061\/revisions"}],"wp:featuredmedia":[{"embeddable":true,"href":"https:\/\/arjenoticias.com.mx\/index.php?rest_route=\/wp\/v2\/media\/14063"}],"wp:attachment":[{"href":"https:\/\/arjenoticias.com.mx\/index.php?rest_route=%2Fwp%2Fv2%2Fmedia&parent=14061"}],"wp:term":[{"taxonomy":"category","embeddable":true,"href":"https:\/\/arjenoticias.com.mx\/index.php?rest_route=%2Fwp%2Fv2%2Fcategories&post=14061"},{"taxonomy":"post_tag","embeddable":true,"href":"https:\/\/arjenoticias.com.mx\/index.php?rest_route=%2Fwp%2Fv2%2Ftags&post=14061"}],"curies":[{"name":"wp","href":"https:\/\/api.w.org\/{rel}","templated":true}]}}