{"id":14044,"date":"2026-05-14T22:52:29","date_gmt":"2026-05-15T04:52:29","guid":{"rendered":"https:\/\/arjenoticias.com\/?p=14044"},"modified":"2026-05-14T22:52:45","modified_gmt":"2026-05-15T04:52:45","slug":"poder-bajo-sospecha-presion-internacional-y-un-estado-en-riesgo","status":"publish","type":"post","link":"https:\/\/arjenoticias.com.mx\/politica\/poder-bajo-sospecha-presion-internacional-y-un-estado-en-riesgo\/","title":{"rendered":"Poder bajo sospecha, presi\u00f3n internacional y un Estado en riesgo"},"content":{"rendered":"\n<h2 class=\"wp-block-heading\">El Faro de lo Razonable \u2013 Episodio 50<\/h2>\n\n\n\n<p class=\"wp-block-paragraph\">La relaci\u00f3n entre crimen organizado y poder pol\u00edtico entra en su punto m\u00e1s cr\u00edtico. En Milenio, Diego Fern\u00e1ndez de Cevallos advierte que la defensa oficial frente a solicitudes de extradici\u00f3n no responde a criterios jur\u00eddicos, sino a una l\u00f3gica de autoprotecci\u00f3n que expone la fragilidad institucional del Estado mexicano.<\/p>\n\n\n\n<p class=\"wp-block-paragraph\">Desde el mismo medio, H\u00e9ctor Aguilar Cam\u00edn sostiene que Washington ha dejado de perseguir solo a los criminales para enfocarse en las redes pol\u00edticas que los protegen, colocando a M\u00e9xico ante una disyuntiva estructural: cooperar o asumir el costo de la confrontaci\u00f3n.<\/p>\n\n\n\n<p class=\"wp-block-paragraph\">En El Universal, Carlos Loret de Mola advierte que las investigaciones en Estados Unidos podr\u00edan escalar hacia gobernadores y figuras clave de Morena, trasladando la tensi\u00f3n bilateral al terreno de la legitimidad pol\u00edtica interna.<\/p>\n\n\n\n<p class=\"wp-block-paragraph\">Desde El Heraldo de M\u00e9xico, Mario V\u00e1zquez Robles se\u00f1ala que, mientras la crisis de seguridad en Sinaloa se profundiza, el oficialismo desplaza el foco hacia conflictos pol\u00edticos en otras entidades, evidenciando una estrategia de contenci\u00f3n narrativa.<\/p>\n\n\n\n<p class=\"wp-block-paragraph\">En Reforma, Carlos P\u00e9rez Ricart advierte que la actuaci\u00f3n de agencias estadounidenses en territorio mexicano podr\u00eda haber cruzado un umbral cr\u00edtico, reconfigurando la l\u00f3gica de intervenci\u00f3n y soberan\u00eda.<\/p>\n\n\n\n<p class=\"wp-block-paragraph\">Desde Letras Libres, Juan Carlos Romero Puga documenta un caso donde m\u00e1s de mil p\u00e1ginas de evidencia no derivaron en acci\u00f3n penal, evidenciando que cuando el valor pol\u00edtico supera el peso de las v\u00edctimas, la impunidad deja de ser excepci\u00f3n y se vuelve regla.<\/p>\n\n\n\n<p class=\"wp-block-paragraph\">En el plano internacional, Ian Bremmer, en Project Syndicate, sostiene que la guerra entre Estados Unidos, Israel e Ir\u00e1n est\u00e1 redefiniendo el orden global, acelerando la p\u00e9rdida de liderazgo estadounidense y el ascenso estrat\u00e9gico de China.<\/p>\n\n\n\n<p class=\"wp-block-paragraph\">Una br\u00fajula cr\u00edtica frente a la niebla de nuestro presente. \ud83c\udfa7 Esc\u00fachalo aqu\u00ed \ud83d\udd17:<\/p>\n\n\n\n<p class=\"wp-block-paragraph\">\u2022Spotify: https:\/\/open.spotify.com\/episode\/6qYTx9I2VZ63Zxfc8FWl7f?si=Jj9zf-YhT0KMFOMB4huspQ<\/p>\n\n\n\n<p class=\"wp-block-paragraph\">\u2022Apple Podcasts: https:\/\/podcasts.apple.com\/mx\/podcast\/e50-poder-bajo-sospecha-presi%C3%B3n-internacional-y-un\/id1683052773?i=1000767828131<\/p>\n\n\n\n<p class=\"wp-block-paragraph\">\u2022Amazon Music: https:\/\/music.amazon.com.mx\/podcasts\/e06cb1ab-89ca-4572-be17-19d2de3eed27\/episodes\/d86ebc73-7ace-48e6-a4fa-6ffba744ae67\/fundaci%C3%B3n-rafael-preciado-hern%C3%A1ndez-e50%F0%9F%8E%99-poder-bajo-sospecha-presi%C3%B3n-internacional-y-un-estado-en-riesgo<\/p>\n\n\n\n<p class=\"wp-block-paragraph\">\u2022YouTube: https:\/\/youtu.be\/iRaE5GRYRiQ?si=OF7nHvBs3a0q4Kmm<\/p>\n\n\n\n<p class=\"wp-block-paragraph\">\u2022Sitio oficial: https:\/\/frph.info\/podcast\/<\/p>\n","protected":false},"excerpt":{"rendered":"<p>El Faro de lo Razonable \u2013 Episodio 50 La relaci\u00f3n entre crimen organizado y poder&#8230;<\/p>\n","protected":false},"author":3,"featured_media":14045,"comment_status":"open","ping_status":"open","sticky":false,"template":"","format":"standard","meta":{"footnotes":""},"categories":[7],"tags":[2109],"class_list":["post-14044","post","type-post","status-publish","format-standard","has-post-thumbnail","hentry","category-politica","tag-el-faro-de"],"yoast_head":"<!-- This site is optimized with the Yoast SEO plugin v28.4 - https:\/\/yoast.com\/product\/yoast-seo-wordpress\/ -->\n<title>Poder bajo sospecha, presi\u00f3n internacional y un Estado en riesgo -<\/title>\n<meta name=\"description\" content=\"H\u00e9ctor Aguilar Cam\u00edn sostiene que Washington ha dejado de perseguir solo a los criminales para enfocarse en las redes pol\u00edticas que los protegen, colocando a M\u00e9xico ante una disyuntiva estructural: cooperar o asumir el costo de la confrontaci\u00f3n.\" \/>\n<meta name=\"robots\" content=\"index, follow, max-snippet:-1, max-image-preview:large, max-video-preview:-1\" \/>\n<link rel=\"canonical\" href=\"https:\/\/arjenoticias.com.mx\/politica\/poder-bajo-sospecha-presion-internacional-y-un-estado-en-riesgo\/\" \/>\n<meta property=\"og:locale\" content=\"es_ES\" \/>\n<meta property=\"og:type\" content=\"article\" \/>\n<meta property=\"og:title\" content=\"Poder bajo sospecha, presi\u00f3n internacional y un Estado en riesgo -\" \/>\n<meta property=\"og:description\" content=\"H\u00e9ctor Aguilar Cam\u00edn sostiene que Washington ha dejado de perseguir solo a los criminales para enfocarse en las redes pol\u00edticas que los protegen, colocando a M\u00e9xico ante una disyuntiva estructural: cooperar o asumir el costo de la confrontaci\u00f3n.\" \/>\n<meta property=\"og:url\" content=\"https:\/\/arjenoticias.com.mx\/politica\/poder-bajo-sospecha-presion-internacional-y-un-estado-en-riesgo\/\" \/>\n<meta property=\"article:publisher\" content=\"https:\/\/www.facebook.com\/ArjeNoticiasMX\" \/>\n<meta property=\"article:published_time\" content=\"2026-05-15T04:52:29+00:00\" \/>\n<meta property=\"article:modified_time\" content=\"2026-05-15T04:52:45+00:00\" \/>\n<meta property=\"og:image\" content=\"https:\/\/arjenoticias.com.mx\/wp-content\/uploads\/2026\/05\/Julio-Castillo-Lopez-3.png\" \/>\n\t<meta property=\"og:image:width\" content=\"600\" \/>\n\t<meta property=\"og:image:height\" content=\"400\" \/>\n\t<meta property=\"og:image:type\" content=\"image\/png\" \/>\n<meta name=\"author\" content=\"Julio Castillo L\u00f3pez\" \/>\n<meta name=\"twitter:card\" content=\"summary_large_image\" \/>\n<meta name=\"twitter:creator\" content=\"@ArjeNoticias\" \/>\n<meta name=\"twitter:site\" content=\"@ArjeNoticias\" \/>\n<meta name=\"twitter:label1\" content=\"Escrito por\" \/>\n\t<meta name=\"twitter:data1\" content=\"Julio Castillo L\u00f3pez\" \/>\n\t<meta name=\"twitter:label2\" content=\"Tiempo de lectura\" \/>\n\t<meta name=\"twitter:data2\" content=\"2 minutos\" \/>\n<script type=\"application\/ld+json\" class=\"yoast-schema-graph\">{\"@context\":\"https:\\\/\\\/schema.org\",\"@graph\":[{\"@type\":\"Article\",\"@id\":\"https:\\\/\\\/arjenoticias.com.mx\\\/politica\\\/poder-bajo-sospecha-presion-internacional-y-un-estado-en-riesgo\\\/#article\",\"isPartOf\":{\"@id\":\"https:\\\/\\\/arjenoticias.com.mx\\\/politica\\\/poder-bajo-sospecha-presion-internacional-y-un-estado-en-riesgo\\\/\"},\"author\":{\"name\":\"Julio Castillo L\u00f3pez\",\"@id\":\"https:\\\/\\\/arjenoticias.com.mx\\\/#\\\/schema\\\/person\\\/6df27a4d9495dff5eb6ba2f93d91520c\"},\"headline\":\"Poder bajo sospecha, presi\u00f3n internacional y un Estado en riesgo\",\"datePublished\":\"2026-05-15T04:52:29+00:00\",\"dateModified\":\"2026-05-15T04:52:45+00:00\",\"mainEntityOfPage\":{\"@id\":\"https:\\\/\\\/arjenoticias.com.mx\\\/politica\\\/poder-bajo-sospecha-presion-internacional-y-un-estado-en-riesgo\\\/\"},\"wordCount\":430,\"commentCount\":0,\"publisher\":{\"@id\":\"https:\\\/\\\/arjenoticias.com.mx\\\/#organization\"},\"image\":{\"@id\":\"https:\\\/\\\/arjenoticias.com.mx\\\/politica\\\/poder-bajo-sospecha-presion-internacional-y-un-estado-en-riesgo\\\/#primaryimage\"},\"thumbnailUrl\":\"https:\\\/\\\/arjenoticias.com.mx\\\/wp-content\\\/uploads\\\/2026\\\/05\\\/Julio-Castillo-Lopez-3.png\",\"keywords\":[\"El Faro de\"],\"articleSection\":[\"Pol\u00edtica\"],\"inLanguage\":\"es\",\"potentialAction\":[{\"@type\":\"CommentAction\",\"name\":\"Comment\",\"target\":[\"https:\\\/\\\/arjenoticias.com.mx\\\/politica\\\/poder-bajo-sospecha-presion-internacional-y-un-estado-en-riesgo\\\/#respond\"]}]},{\"@type\":\"WebPage\",\"@id\":\"https:\\\/\\\/arjenoticias.com.mx\\\/politica\\\/poder-bajo-sospecha-presion-internacional-y-un-estado-en-riesgo\\\/\",\"url\":\"https:\\\/\\\/arjenoticias.com.mx\\\/politica\\\/poder-bajo-sospecha-presion-internacional-y-un-estado-en-riesgo\\\/\",\"name\":\"Poder bajo sospecha, presi\u00f3n internacional y un Estado en riesgo -\",\"isPartOf\":{\"@id\":\"https:\\\/\\\/arjenoticias.com.mx\\\/#website\"},\"primaryImageOfPage\":{\"@id\":\"https:\\\/\\\/arjenoticias.com.mx\\\/politica\\\/poder-bajo-sospecha-presion-internacional-y-un-estado-en-riesgo\\\/#primaryimage\"},\"image\":{\"@id\":\"https:\\\/\\\/arjenoticias.com.mx\\\/politica\\\/poder-bajo-sospecha-presion-internacional-y-un-estado-en-riesgo\\\/#primaryimage\"},\"thumbnailUrl\":\"https:\\\/\\\/arjenoticias.com.mx\\\/wp-content\\\/uploads\\\/2026\\\/05\\\/Julio-Castillo-Lopez-3.png\",\"datePublished\":\"2026-05-15T04:52:29+00:00\",\"dateModified\":\"2026-05-15T04:52:45+00:00\",\"description\":\"H\u00e9ctor Aguilar Cam\u00edn sostiene que Washington ha dejado de perseguir solo a los criminales para enfocarse en las redes pol\u00edticas que los protegen, colocando a M\u00e9xico ante una disyuntiva estructural: cooperar o asumir el costo de la confrontaci\u00f3n.\",\"breadcrumb\":{\"@id\":\"https:\\\/\\\/arjenoticias.com.mx\\\/politica\\\/poder-bajo-sospecha-presion-internacional-y-un-estado-en-riesgo\\\/#breadcrumb\"},\"inLanguage\":\"es\",\"potentialAction\":[{\"@type\":\"ReadAction\",\"target\":[\"https:\\\/\\\/arjenoticias.com.mx\\\/politica\\\/poder-bajo-sospecha-presion-internacional-y-un-estado-en-riesgo\\\/\"]}]},{\"@type\":\"ImageObject\",\"inLanguage\":\"es\",\"@id\":\"https:\\\/\\\/arjenoticias.com.mx\\\/politica\\\/poder-bajo-sospecha-presion-internacional-y-un-estado-en-riesgo\\\/#primaryimage\",\"url\":\"https:\\\/\\\/arjenoticias.com.mx\\\/wp-content\\\/uploads\\\/2026\\\/05\\\/Julio-Castillo-Lopez-3.png\",\"contentUrl\":\"https:\\\/\\\/arjenoticias.com.mx\\\/wp-content\\\/uploads\\\/2026\\\/05\\\/Julio-Castillo-Lopez-3.png\",\"width\":600,\"height\":400,\"caption\":\"La relaci\u00f3n entre crimen organizado y poder pol\u00edtico entra en su punto m\u00e1s cr\u00edtico\"},{\"@type\":\"BreadcrumbList\",\"@id\":\"https:\\\/\\\/arjenoticias.com.mx\\\/politica\\\/poder-bajo-sospecha-presion-internacional-y-un-estado-en-riesgo\\\/#breadcrumb\",\"itemListElement\":[{\"@type\":\"ListItem\",\"position\":1,\"name\":\"Portada\",\"item\":\"https:\\\/\\\/arjenoticias.com.mx\\\/\"},{\"@type\":\"ListItem\",\"position\":2,\"name\":\"Poder bajo sospecha, presi\u00f3n internacional y un Estado en riesgo\"}]},{\"@type\":\"WebSite\",\"@id\":\"https:\\\/\\\/arjenoticias.com.mx\\\/#website\",\"url\":\"https:\\\/\\\/arjenoticias.com.mx\\\/\",\"name\":\"Arj\u00e9 M\u00e9xico\",\"description\":\"\",\"publisher\":{\"@id\":\"https:\\\/\\\/arjenoticias.com.mx\\\/#organization\"},\"potentialAction\":[{\"@type\":\"SearchAction\",\"target\":{\"@type\":\"EntryPoint\",\"urlTemplate\":\"https:\\\/\\\/arjenoticias.com.mx\\\/?s={search_term_string}\"},\"query-input\":{\"@type\":\"PropertyValueSpecification\",\"valueRequired\":true,\"valueName\":\"search_term_string\"}}],\"inLanguage\":\"es\"},{\"@type\":\"Organization\",\"@id\":\"https:\\\/\\\/arjenoticias.com.mx\\\/#organization\",\"name\":\"Arj\u00e9 M\u00e9xico\",\"url\":\"https:\\\/\\\/arjenoticias.com.mx\\\/\",\"logo\":{\"@type\":\"ImageObject\",\"inLanguage\":\"es\",\"@id\":\"https:\\\/\\\/arjenoticias.com.mx\\\/#\\\/schema\\\/logo\\\/image\\\/\",\"url\":\"https:\\\/\\\/arjenoticias.com\\\/wp-content\\\/uploads\\\/2026\\\/04\\\/cropped-cropped-logo-inverted-1-scaled-1.png\",\"contentUrl\":\"https:\\\/\\\/arjenoticias.com\\\/wp-content\\\/uploads\\\/2026\\\/04\\\/cropped-cropped-logo-inverted-1-scaled-1.png\",\"width\":2556,\"height\":549,\"caption\":\"Arj\u00e9 M\u00e9xico\"},\"image\":{\"@id\":\"https:\\\/\\\/arjenoticias.com.mx\\\/#\\\/schema\\\/logo\\\/image\\\/\"},\"sameAs\":[\"https:\\\/\\\/www.facebook.com\\\/ArjeNoticiasMX\",\"https:\\\/\\\/x.com\\\/ArjeNoticias\"]},{\"@type\":\"Person\",\"@id\":\"https:\\\/\\\/arjenoticias.com.mx\\\/#\\\/schema\\\/person\\\/6df27a4d9495dff5eb6ba2f93d91520c\",\"name\":\"Julio Castillo L\u00f3pez\",\"image\":{\"@type\":\"ImageObject\",\"inLanguage\":\"es\",\"@id\":\"https:\\\/\\\/arjenoticias.com\\\/wp-content\\\/uploads\\\/2026\\\/04\\\/1000019319_afed9d8b710eea88058a48b0cac282fd-12_10_2025-12_43_46-96x96.png\",\"url\":\"https:\\\/\\\/arjenoticias.com\\\/wp-content\\\/uploads\\\/2026\\\/04\\\/1000019319_afed9d8b710eea88058a48b0cac282fd-12_10_2025-12_43_46-96x96.png\",\"contentUrl\":\"https:\\\/\\\/arjenoticias.com\\\/wp-content\\\/uploads\\\/2026\\\/04\\\/1000019319_afed9d8b710eea88058a48b0cac282fd-12_10_2025-12_43_46-96x96.png\",\"caption\":\"Julio Castillo L\u00f3pez\"},\"description\":\"Pol\u00edtico, analista e ide\u00f3logo del PAN. Director en Fundaci\u00f3n Rafael Preciado Hern\u00e1ndez, A.C. y Presidente en Fundaci\u00f3n Carlos E. Castillo Peraza.\",\"url\":\"https:\\\/\\\/arjenoticias.com.mx\\\/author\\\/julio-castillo-lopez\\\/\"}]}<\/script>\n<!-- \/ Yoast SEO plugin. -->","yoast_head_json":{"title":"Poder bajo sospecha, presi\u00f3n internacional y un Estado en riesgo -","description":"H\u00e9ctor Aguilar Cam\u00edn sostiene que Washington ha dejado de perseguir solo a los criminales para enfocarse en las redes pol\u00edticas que los protegen, colocando a M\u00e9xico ante una disyuntiva estructural: cooperar o asumir el costo de la confrontaci\u00f3n.","robots":{"index":"index","follow":"follow","max-snippet":"max-snippet:-1","max-image-preview":"max-image-preview:large","max-video-preview":"max-video-preview:-1"},"canonical":"https:\/\/arjenoticias.com.mx\/politica\/poder-bajo-sospecha-presion-internacional-y-un-estado-en-riesgo\/","og_locale":"es_ES","og_type":"article","og_title":"Poder bajo sospecha, presi\u00f3n internacional y un Estado en riesgo -","og_description":"H\u00e9ctor Aguilar Cam\u00edn sostiene que Washington ha dejado de perseguir solo a los criminales para enfocarse en las redes pol\u00edticas que los protegen, colocando a M\u00e9xico ante una disyuntiva estructural: cooperar o asumir el costo de la confrontaci\u00f3n.","og_url":"https:\/\/arjenoticias.com.mx\/politica\/poder-bajo-sospecha-presion-internacional-y-un-estado-en-riesgo\/","article_publisher":"https:\/\/www.facebook.com\/ArjeNoticiasMX","article_published_time":"2026-05-15T04:52:29+00:00","article_modified_time":"2026-05-15T04:52:45+00:00","og_image":[{"width":600,"height":400,"url":"https:\/\/arjenoticias.com.mx\/wp-content\/uploads\/2026\/05\/Julio-Castillo-Lopez-3.png","type":"image\/png"}],"author":"Julio Castillo L\u00f3pez","twitter_card":"summary_large_image","twitter_creator":"@ArjeNoticias","twitter_site":"@ArjeNoticias","twitter_misc":{"Escrito por":"Julio Castillo L\u00f3pez","Tiempo de lectura":"2 minutos"},"schema":{"@context":"https:\/\/schema.org","@graph":[{"@type":"Article","@id":"https:\/\/arjenoticias.com.mx\/politica\/poder-bajo-sospecha-presion-internacional-y-un-estado-en-riesgo\/#article","isPartOf":{"@id":"https:\/\/arjenoticias.com.mx\/politica\/poder-bajo-sospecha-presion-internacional-y-un-estado-en-riesgo\/"},"author":{"name":"Julio Castillo L\u00f3pez","@id":"https:\/\/arjenoticias.com.mx\/#\/schema\/person\/6df27a4d9495dff5eb6ba2f93d91520c"},"headline":"Poder bajo sospecha, presi\u00f3n internacional y un Estado en riesgo","datePublished":"2026-05-15T04:52:29+00:00","dateModified":"2026-05-15T04:52:45+00:00","mainEntityOfPage":{"@id":"https:\/\/arjenoticias.com.mx\/politica\/poder-bajo-sospecha-presion-internacional-y-un-estado-en-riesgo\/"},"wordCount":430,"commentCount":0,"publisher":{"@id":"https:\/\/arjenoticias.com.mx\/#organization"},"image":{"@id":"https:\/\/arjenoticias.com.mx\/politica\/poder-bajo-sospecha-presion-internacional-y-un-estado-en-riesgo\/#primaryimage"},"thumbnailUrl":"https:\/\/arjenoticias.com.mx\/wp-content\/uploads\/2026\/05\/Julio-Castillo-Lopez-3.png","keywords":["El Faro de"],"articleSection":["Pol\u00edtica"],"inLanguage":"es","potentialAction":[{"@type":"CommentAction","name":"Comment","target":["https:\/\/arjenoticias.com.mx\/politica\/poder-bajo-sospecha-presion-internacional-y-un-estado-en-riesgo\/#respond"]}]},{"@type":"WebPage","@id":"https:\/\/arjenoticias.com.mx\/politica\/poder-bajo-sospecha-presion-internacional-y-un-estado-en-riesgo\/","url":"https:\/\/arjenoticias.com.mx\/politica\/poder-bajo-sospecha-presion-internacional-y-un-estado-en-riesgo\/","name":"Poder bajo sospecha, presi\u00f3n internacional y un Estado en riesgo -","isPartOf":{"@id":"https:\/\/arjenoticias.com.mx\/#website"},"primaryImageOfPage":{"@id":"https:\/\/arjenoticias.com.mx\/politica\/poder-bajo-sospecha-presion-internacional-y-un-estado-en-riesgo\/#primaryimage"},"image":{"@id":"https:\/\/arjenoticias.com.mx\/politica\/poder-bajo-sospecha-presion-internacional-y-un-estado-en-riesgo\/#primaryimage"},"thumbnailUrl":"https:\/\/arjenoticias.com.mx\/wp-content\/uploads\/2026\/05\/Julio-Castillo-Lopez-3.png","datePublished":"2026-05-15T04:52:29+00:00","dateModified":"2026-05-15T04:52:45+00:00","description":"H\u00e9ctor Aguilar Cam\u00edn sostiene que Washington ha dejado de perseguir solo a los criminales para enfocarse en las redes pol\u00edticas que los protegen, colocando a M\u00e9xico ante una disyuntiva estructural: cooperar o asumir el costo de la confrontaci\u00f3n.","breadcrumb":{"@id":"https:\/\/arjenoticias.com.mx\/politica\/poder-bajo-sospecha-presion-internacional-y-un-estado-en-riesgo\/#breadcrumb"},"inLanguage":"es","potentialAction":[{"@type":"ReadAction","target":["https:\/\/arjenoticias.com.mx\/politica\/poder-bajo-sospecha-presion-internacional-y-un-estado-en-riesgo\/"]}]},{"@type":"ImageObject","inLanguage":"es","@id":"https:\/\/arjenoticias.com.mx\/politica\/poder-bajo-sospecha-presion-internacional-y-un-estado-en-riesgo\/#primaryimage","url":"https:\/\/arjenoticias.com.mx\/wp-content\/uploads\/2026\/05\/Julio-Castillo-Lopez-3.png","contentUrl":"https:\/\/arjenoticias.com.mx\/wp-content\/uploads\/2026\/05\/Julio-Castillo-Lopez-3.png","width":600,"height":400,"caption":"La relaci\u00f3n entre crimen organizado y poder pol\u00edtico entra en su punto m\u00e1s cr\u00edtico"},{"@type":"BreadcrumbList","@id":"https:\/\/arjenoticias.com.mx\/politica\/poder-bajo-sospecha-presion-internacional-y-un-estado-en-riesgo\/#breadcrumb","itemListElement":[{"@type":"ListItem","position":1,"name":"Portada","item":"https:\/\/arjenoticias.com.mx\/"},{"@type":"ListItem","position":2,"name":"Poder bajo sospecha, presi\u00f3n internacional y un Estado en riesgo"}]},{"@type":"WebSite","@id":"https:\/\/arjenoticias.com.mx\/#website","url":"https:\/\/arjenoticias.com.mx\/","name":"Arj\u00e9 M\u00e9xico","description":"","publisher":{"@id":"https:\/\/arjenoticias.com.mx\/#organization"},"potentialAction":[{"@type":"SearchAction","target":{"@type":"EntryPoint","urlTemplate":"https:\/\/arjenoticias.com.mx\/?s={search_term_string}"},"query-input":{"@type":"PropertyValueSpecification","valueRequired":true,"valueName":"search_term_string"}}],"inLanguage":"es"},{"@type":"Organization","@id":"https:\/\/arjenoticias.com.mx\/#organization","name":"Arj\u00e9 M\u00e9xico","url":"https:\/\/arjenoticias.com.mx\/","logo":{"@type":"ImageObject","inLanguage":"es","@id":"https:\/\/arjenoticias.com.mx\/#\/schema\/logo\/image\/","url":"https:\/\/arjenoticias.com\/wp-content\/uploads\/2026\/04\/cropped-cropped-logo-inverted-1-scaled-1.png","contentUrl":"https:\/\/arjenoticias.com\/wp-content\/uploads\/2026\/04\/cropped-cropped-logo-inverted-1-scaled-1.png","width":2556,"height":549,"caption":"Arj\u00e9 M\u00e9xico"},"image":{"@id":"https:\/\/arjenoticias.com.mx\/#\/schema\/logo\/image\/"},"sameAs":["https:\/\/www.facebook.com\/ArjeNoticiasMX","https:\/\/x.com\/ArjeNoticias"]},{"@type":"Person","@id":"https:\/\/arjenoticias.com.mx\/#\/schema\/person\/6df27a4d9495dff5eb6ba2f93d91520c","name":"Julio Castillo L\u00f3pez","image":{"@type":"ImageObject","inLanguage":"es","@id":"https:\/\/arjenoticias.com\/wp-content\/uploads\/2026\/04\/1000019319_afed9d8b710eea88058a48b0cac282fd-12_10_2025-12_43_46-96x96.png","url":"https:\/\/arjenoticias.com\/wp-content\/uploads\/2026\/04\/1000019319_afed9d8b710eea88058a48b0cac282fd-12_10_2025-12_43_46-96x96.png","contentUrl":"https:\/\/arjenoticias.com\/wp-content\/uploads\/2026\/04\/1000019319_afed9d8b710eea88058a48b0cac282fd-12_10_2025-12_43_46-96x96.png","caption":"Julio Castillo L\u00f3pez"},"description":"Pol\u00edtico, analista e ide\u00f3logo del PAN. Director en Fundaci\u00f3n Rafael Preciado Hern\u00e1ndez, A.C. y Presidente en Fundaci\u00f3n Carlos E. Castillo Peraza.","url":"https:\/\/arjenoticias.com.mx\/author\/julio-castillo-lopez\/"}]}},"featured_image_urls":{"full":["https:\/\/arjenoticias.com.mx\/wp-content\/uploads\/2026\/05\/Julio-Castillo-Lopez-3.png",600,400,false],"thumbnail":["https:\/\/arjenoticias.com.mx\/wp-content\/uploads\/2026\/05\/Julio-Castillo-Lopez-3-150x150.png",150,150,true],"medium":["https:\/\/arjenoticias.com.mx\/wp-content\/uploads\/2026\/05\/Julio-Castillo-Lopez-3-300x200.png",300,200,true],"medium_large":["https:\/\/arjenoticias.com.mx\/wp-content\/uploads\/2026\/05\/Julio-Castillo-Lopez-3.png",600,400,false],"large":["https:\/\/arjenoticias.com.mx\/wp-content\/uploads\/2026\/05\/Julio-Castillo-Lopez-3.png",600,400,false],"1536x1536":["https:\/\/arjenoticias.com.mx\/wp-content\/uploads\/2026\/05\/Julio-Castillo-Lopez-3.png",600,400,false],"2048x2048":["https:\/\/arjenoticias.com.mx\/wp-content\/uploads\/2026\/05\/Julio-Castillo-Lopez-3.png",600,400,false],"covernews-featured":["https:\/\/arjenoticias.com.mx\/wp-content\/uploads\/2026\/05\/Julio-Castillo-Lopez-3.png",600,400,false],"covernews-medium":["https:\/\/arjenoticias.com.mx\/wp-content\/uploads\/2026\/05\/Julio-Castillo-Lopez-3-540x340.png",540,340,true]},"author_info":{"info":["Julio Castillo L\u00f3pez"]},"category_info":"<a href=\"https:\/\/arjenoticias.com.mx\/category\/politica\/\" rel=\"category tag\">Pol\u00edtica<\/a>","tag_info":"Pol\u00edtica","comment_count":"0","_links":{"self":[{"href":"https:\/\/arjenoticias.com.mx\/wp-json\/wp\/v2\/posts\/14044","targetHints":{"allow":["GET"]}}],"collection":[{"href":"https:\/\/arjenoticias.com.mx\/wp-json\/wp\/v2\/posts"}],"about":[{"href":"https:\/\/arjenoticias.com.mx\/wp-json\/wp\/v2\/types\/post"}],"author":[{"embeddable":true,"href":"https:\/\/arjenoticias.com.mx\/wp-json\/wp\/v2\/users\/3"}],"replies":[{"embeddable":true,"href":"https:\/\/arjenoticias.com.mx\/wp-json\/wp\/v2\/comments?post=14044"}],"version-history":[{"count":1,"href":"https:\/\/arjenoticias.com.mx\/wp-json\/wp\/v2\/posts\/14044\/revisions"}],"predecessor-version":[{"id":14046,"href":"https:\/\/arjenoticias.com.mx\/wp-json\/wp\/v2\/posts\/14044\/revisions\/14046"}],"wp:featuredmedia":[{"embeddable":true,"href":"https:\/\/arjenoticias.com.mx\/wp-json\/wp\/v2\/media\/14045"}],"wp:attachment":[{"href":"https:\/\/arjenoticias.com.mx\/wp-json\/wp\/v2\/media?parent=14044"}],"wp:term":[{"taxonomy":"category","embeddable":true,"href":"https:\/\/arjenoticias.com.mx\/wp-json\/wp\/v2\/categories?post=14044"},{"taxonomy":"post_tag","embeddable":true,"href":"https:\/\/arjenoticias.com.mx\/wp-json\/wp\/v2\/tags?post=14044"}],"curies":[{"name":"wp","href":"https:\/\/api.w.org\/{rel}","templated":true}]}}