{"id":13795,"date":"2026-05-06T13:04:19","date_gmt":"2026-05-06T19:04:19","guid":{"rendered":"https:\/\/arjenoticias.com\/?p=13795"},"modified":"2026-05-06T13:04:19","modified_gmt":"2026-05-06T19:04:19","slug":"sheinbaun-y-trump-en-la-moderna-torre-de-babel","status":"publish","type":"post","link":"https:\/\/arjenoticias.com.mx\/?p=13795","title":{"rendered":"Sheinbaun y Trump en la moderna Torre de babel"},"content":{"rendered":"\n<p class=\"wp-block-paragraph\">Leopoldo Espinosa Benavides<\/p>\n\n\n\n<p class=\"wp-block-paragraph\">\u2018Al que madruga, Dios le ayuda\u2019, dec\u00edan nuestros abuelos para justificar la salida de madrugada para orde\u00f1ar las vacas.<\/p>\n\n\n\n<p class=\"wp-block-paragraph\">Pero despu\u00e9s ellos mismos justificaban el castigo al hijo que sorprend\u00eda a su hermano gan\u00e1ndole algo que no le correspond\u00eda diciendo: \u2018No por mucho madrugar amanece m\u00e1s temprano\u2019.<\/p>\n\n\n\n<p class=\"wp-block-paragraph\">Si este tipo de contradicciones se dan en las mismas personas, ya entre varias, suele suceder que las diferencias las lleven hasta alguna nociva divergencia.<\/p>\n\n\n\n<p class=\"wp-block-paragraph\">Y eso que las conversaciones son en el mismo idioma, porque si hablan en lenguas diversas, mucho menos posibilidades hay de que se pueda charlar en armon\u00eda.<\/p>\n\n\n\n<p class=\"wp-block-paragraph\">Es hasta cierto punto inexplicable que existan tantos idiomas, pues todos los humanos utilizamos la comunicaci\u00f3n universal de las se\u00f1as.<\/p>\n\n\n\n<p class=\"wp-block-paragraph\">En todas las civilizaciones se saluda con las manos, se abraza con las extremidades superiores, se gui\u00f1a un ojo para mostrar complicidad, se levantan las cejas para mostrar asombro, etc\u00e9tera.<\/p>\n\n\n\n<p class=\"wp-block-paragraph\">La Biblia explica el origen de los idiomas a su manera, en la historia de la Torre de Babel, una construcci\u00f3n que torpemente pretend\u00eda llegar hasta el cielo, Dios no lo permiti\u00f3.<\/p>\n\n\n\n<p class=\"wp-block-paragraph\">La forma sencilla de conseguirlo fue dotando a los diversos grupos que laboraban en la obra, diferentes lenguas, lo que fue suficiente para que no se entendieran.<\/p>\n\n\n\n<p class=\"wp-block-paragraph\">El primer efecto fue que se perdi\u00f3 la coordinaci\u00f3n entre los constructores de la Torre de Babel y se suspendi\u00f3 la obra, pero las lenguas continuaron y se dispersaron por toda la tierra.<\/p>\n\n\n\n<p class=\"wp-block-paragraph\">Hoy d\u00eda existen m\u00e1s de 6 mil lenguas, que se agrupan en una docena de familias ling\u00fc\u00edsticas principales, entre ellas: el idioma germ\u00e1nico, el it\u00e1lico, el celta, el griego, el indoiranio, el s\u00e1nscrito, y otros que vienen siendo protoindoeuropeos.<\/p>\n\n\n\n<p class=\"wp-block-paragraph\">Los idiomas romances pertenecen a la familia m\u00e1s grande de lenguas, conocida como indoeuropeo, que incluye lenguas germ\u00e1nicas como el alem\u00e1n, el ingl\u00e9s, el holand\u00e9s, y el dan\u00e9s. Igual abarca las lenguas indoarias, como el s\u00e1nscrito, el bengal\u00ed, el hindi, y el pujanb\u00ed. Seg\u00fan he le\u00eddo en libros especializados, la lengua original pudo ser la protolengua, con la que los humanos comenzaron a hablar.<\/p>\n\n\n\n<p class=\"wp-block-paragraph\">Sin embargo, como la escritura comenz\u00f3 a desarrollarse hasta el 3 mil 500 adC. aproximadamente, los especialistas pueden rastrear las lenguas hasta unos 10 mil o 15 mil a\u00f1os atr\u00e1s, pero antes de esa \u00e9poca todo est\u00e1 confuso.<\/p>\n\n\n\n<p class=\"wp-block-paragraph\">En tiempos recientes las reuniones de trabajo o conferencias internacionales requer\u00edan de un traductor que por medio de equipos auditivos trasladaba las frases de un idioma a otro, facilitando el entendimiento.<\/p>\n\n\n\n<p class=\"wp-block-paragraph\">Sin embargo, hoy d\u00eda los modernos aparatos de comunicaci\u00f3n digital traen asombrosas aplicaciones adicionales que traducen instant\u00e1neamente de un idioma a otro, permitiendo conversaciones inteligibles para todos los participantes.<\/p>\n\n\n\n<p class=\"wp-block-paragraph\">Ahora la falta de entendimiento se da no por cuestiones ling\u00fc\u00edsticas, sino por los intereses que hay detr\u00e1s de las palabras.<\/p>\n\n\n\n<p class=\"wp-block-paragraph\">Entre los presidentes Sheinbaun y Trump, por ejemplo, no ha habido hasta ahora malos entendidos ling\u00fc\u00edsticos, pero los t\u00e9rminos democracia, soberan\u00eda y comercio significan cosas muy diferentes para ambos.<\/p>\n","protected":false},"excerpt":{"rendered":"<p>Leopoldo Espinosa Benavides \u2018Al que madruga, Dios le ayuda\u2019, dec\u00edan nuestros abuelos para justificar la&#8230;<\/p>\n","protected":false},"author":103,"featured_media":13797,"comment_status":"open","ping_status":"open","sticky":false,"template":"","format":"standard","meta":{"footnotes":""},"categories":[7,12],"tags":[2493],"class_list":["post-13795","post","type-post","status-publish","format-standard","has-post-thumbnail","hentry","category-lo-mas-relevante","category-opinion","tag-sheinbaun-y-trump-en-la-moderna-torre-de-babel"],"yoast_head":"<!-- This site is optimized with the Yoast SEO plugin v28.4 - https:\/\/yoast.com\/product\/yoast-seo-wordpress\/ -->\n<title>Sheinbaun y Trump en la moderna Torre de babel -<\/title>\n<meta name=\"description\" content=\"Arjenoticias.com\/ Entre los presidentes Sheinbaun y Trump, los t\u00e9rminos democracia, soberan\u00eda y comercio significan cosas muy diferentes.\" \/>\n<meta name=\"robots\" content=\"index, follow, max-snippet:-1, max-image-preview:large, max-video-preview:-1\" \/>\n<link rel=\"canonical\" href=\"https:\/\/arjenoticias.com.mx\/?p=13795\" \/>\n<meta property=\"og:locale\" content=\"es_MX\" \/>\n<meta property=\"og:type\" content=\"article\" \/>\n<meta property=\"og:title\" content=\"Sheinbaun y Trump en la moderna Torre de babel -\" \/>\n<meta property=\"og:description\" content=\"Arjenoticias.com\/ Entre los presidentes Sheinbaun y Trump, los t\u00e9rminos democracia, soberan\u00eda y comercio significan cosas muy diferentes.\" \/>\n<meta property=\"og:url\" content=\"https:\/\/arjenoticias.com.mx\/?p=13795\" \/>\n<meta property=\"article:published_time\" content=\"2026-05-06T19:04:19+00:00\" \/>\n<meta property=\"og:image\" content=\"https:\/\/arjenoticias.com.mx\/wp-content\/uploads\/2026\/05\/Leopoldo-Espinosa-Benavides-3.png\" \/>\n\t<meta property=\"og:image:width\" content=\"600\" \/>\n\t<meta property=\"og:image:height\" content=\"400\" \/>\n\t<meta property=\"og:image:type\" content=\"image\/png\" \/>\n<meta name=\"author\" content=\"Leopoldo Espinosa Benavides\" \/>\n<meta name=\"twitter:card\" content=\"summary_large_image\" \/>\n<meta name=\"twitter:label1\" content=\"Escrito por\" \/>\n\t<meta name=\"twitter:data1\" content=\"Leopoldo Espinosa Benavides\" \/>\n\t<meta name=\"twitter:label2\" content=\"Tiempo de lectura\" \/>\n\t<meta name=\"twitter:data2\" content=\"3 minutos\" \/>\n<script type=\"application\/ld+json\" class=\"yoast-schema-graph\">{\"@context\":\"https:\\\/\\\/schema.org\",\"@graph\":[{\"@type\":\"Article\",\"@id\":\"https:\\\/\\\/arjenoticias.com.mx\\\/?p=13795#article\",\"isPartOf\":{\"@id\":\"https:\\\/\\\/arjenoticias.com.mx\\\/?p=13795\"},\"author\":{\"name\":\"Leopoldo Espinosa Benavides\",\"@id\":\"https:\\\/\\\/arjenoticias.com.mx\\\/#\\\/schema\\\/person\\\/b22477254c5fe44bbc7e9bbb51432771\"},\"headline\":\"Sheinbaun y Trump en la moderna Torre de babel\",\"datePublished\":\"2026-05-06T19:04:19+00:00\",\"mainEntityOfPage\":{\"@id\":\"https:\\\/\\\/arjenoticias.com.mx\\\/?p=13795\"},\"wordCount\":540,\"commentCount\":0,\"publisher\":{\"@id\":\"https:\\\/\\\/arjenoticias.com.mx\\\/#organization\"},\"image\":{\"@id\":\"https:\\\/\\\/arjenoticias.com.mx\\\/?p=13795#primaryimage\"},\"thumbnailUrl\":\"https:\\\/\\\/arjenoticias.com.mx\\\/wp-content\\\/uploads\\\/2026\\\/05\\\/Leopoldo-Espinosa-Benavides-3.png\",\"keywords\":[\"Sheinbaun y Trump en la moderna Torre de babel\"],\"articleSection\":[\"Lo m\u00e1s relevante\",\"Opini\u00f3n\"],\"inLanguage\":\"es\",\"potentialAction\":[{\"@type\":\"CommentAction\",\"name\":\"Comment\",\"target\":[\"https:\\\/\\\/arjenoticias.com.mx\\\/?p=13795#respond\"]}]},{\"@type\":\"WebPage\",\"@id\":\"https:\\\/\\\/arjenoticias.com.mx\\\/?p=13795\",\"url\":\"https:\\\/\\\/arjenoticias.com.mx\\\/?p=13795\",\"name\":\"Sheinbaun y Trump en la moderna Torre de babel -\",\"isPartOf\":{\"@id\":\"https:\\\/\\\/arjenoticias.com.mx\\\/#website\"},\"primaryImageOfPage\":{\"@id\":\"https:\\\/\\\/arjenoticias.com.mx\\\/?p=13795#primaryimage\"},\"image\":{\"@id\":\"https:\\\/\\\/arjenoticias.com.mx\\\/?p=13795#primaryimage\"},\"thumbnailUrl\":\"https:\\\/\\\/arjenoticias.com.mx\\\/wp-content\\\/uploads\\\/2026\\\/05\\\/Leopoldo-Espinosa-Benavides-3.png\",\"datePublished\":\"2026-05-06T19:04:19+00:00\",\"description\":\"Arjenoticias.com\\\/ Entre los presidentes Sheinbaun y Trump, los t\u00e9rminos democracia, soberan\u00eda y comercio significan cosas muy diferentes.\",\"breadcrumb\":{\"@id\":\"https:\\\/\\\/arjenoticias.com.mx\\\/?p=13795#breadcrumb\"},\"inLanguage\":\"es\",\"potentialAction\":[{\"@type\":\"ReadAction\",\"target\":[\"https:\\\/\\\/arjenoticias.com.mx\\\/?p=13795\"]}]},{\"@type\":\"ImageObject\",\"inLanguage\":\"es\",\"@id\":\"https:\\\/\\\/arjenoticias.com.mx\\\/?p=13795#primaryimage\",\"url\":\"https:\\\/\\\/arjenoticias.com.mx\\\/wp-content\\\/uploads\\\/2026\\\/05\\\/Leopoldo-Espinosa-Benavides-3.png\",\"contentUrl\":\"https:\\\/\\\/arjenoticias.com.mx\\\/wp-content\\\/uploads\\\/2026\\\/05\\\/Leopoldo-Espinosa-Benavides-3.png\",\"width\":600,\"height\":400,\"caption\":\"Soberan\u00eda no significa los mismo para Trump y para Sheinbaum\"},{\"@type\":\"BreadcrumbList\",\"@id\":\"https:\\\/\\\/arjenoticias.com.mx\\\/?p=13795#breadcrumb\",\"itemListElement\":[{\"@type\":\"ListItem\",\"position\":1,\"name\":\"Inicio\",\"item\":\"https:\\\/\\\/arjenoticias.com.mx\\\/\"},{\"@type\":\"ListItem\",\"position\":2,\"name\":\"Sheinbaun y Trump en la moderna Torre de babel\"}]},{\"@type\":\"WebSite\",\"@id\":\"https:\\\/\\\/arjenoticias.com.mx\\\/#website\",\"url\":\"https:\\\/\\\/arjenoticias.com.mx\\\/\",\"name\":\"arjenoticias.com.mx\",\"description\":\"\",\"publisher\":{\"@id\":\"https:\\\/\\\/arjenoticias.com.mx\\\/#organization\"},\"potentialAction\":[{\"@type\":\"SearchAction\",\"target\":{\"@type\":\"EntryPoint\",\"urlTemplate\":\"https:\\\/\\\/arjenoticias.com.mx\\\/?s={search_term_string}\"},\"query-input\":{\"@type\":\"PropertyValueSpecification\",\"valueRequired\":true,\"valueName\":\"search_term_string\"}}],\"inLanguage\":\"es\"},{\"@type\":\"Organization\",\"@id\":\"https:\\\/\\\/arjenoticias.com.mx\\\/#organization\",\"name\":\"Arj\u00e9 de M\u00e9xico Noticias\",\"url\":\"https:\\\/\\\/arjenoticias.com.mx\\\/\",\"logo\":{\"@type\":\"ImageObject\",\"inLanguage\":\"es\",\"@id\":\"https:\\\/\\\/arjenoticias.com.mx\\\/#\\\/schema\\\/logo\\\/image\\\/\",\"url\":\"https:\\\/\\\/arjenoticias.com.mx\\\/wp-content\\\/uploads\\\/2025\\\/07\\\/cropped-logo-scaled-1.png\",\"contentUrl\":\"https:\\\/\\\/arjenoticias.com.mx\\\/wp-content\\\/uploads\\\/2025\\\/07\\\/cropped-logo-scaled-1.png\",\"width\":2558,\"height\":558,\"caption\":\"Arj\u00e9 de M\u00e9xico Noticias\"},\"image\":{\"@id\":\"https:\\\/\\\/arjenoticias.com.mx\\\/#\\\/schema\\\/logo\\\/image\\\/\"}},{\"@type\":\"Person\",\"@id\":\"https:\\\/\\\/arjenoticias.com.mx\\\/#\\\/schema\\\/person\\\/b22477254c5fe44bbc7e9bbb51432771\",\"name\":\"Leopoldo Espinosa Benavides\",\"image\":{\"@type\":\"ImageObject\",\"inLanguage\":\"es\",\"@id\":\"https:\\\/\\\/secure.gravatar.com\\\/avatar\\\/138dd021239984aa31c4869255ae4b03e73edb0ecdca02ffde899a5db5e6bdb6?s=96&d=mm&r=g\",\"url\":\"https:\\\/\\\/secure.gravatar.com\\\/avatar\\\/138dd021239984aa31c4869255ae4b03e73edb0ecdca02ffde899a5db5e6bdb6?s=96&d=mm&r=g\",\"contentUrl\":\"https:\\\/\\\/secure.gravatar.com\\\/avatar\\\/138dd021239984aa31c4869255ae4b03e73edb0ecdca02ffde899a5db5e6bdb6?s=96&d=mm&r=g\",\"caption\":\"Leopoldo Espinosa Benavides\"},\"url\":\"https:\\\/\\\/arjenoticias.com.mx\\\/?author=103\"}]}<\/script>\n<!-- \/ Yoast SEO plugin. -->","yoast_head_json":{"title":"Sheinbaun y Trump en la moderna Torre de babel -","description":"Arjenoticias.com\/ Entre los presidentes Sheinbaun y Trump, los t\u00e9rminos democracia, soberan\u00eda y comercio significan cosas muy diferentes.","robots":{"index":"index","follow":"follow","max-snippet":"max-snippet:-1","max-image-preview":"max-image-preview:large","max-video-preview":"max-video-preview:-1"},"canonical":"https:\/\/arjenoticias.com.mx\/?p=13795","og_locale":"es_MX","og_type":"article","og_title":"Sheinbaun y Trump en la moderna Torre de babel -","og_description":"Arjenoticias.com\/ Entre los presidentes Sheinbaun y Trump, los t\u00e9rminos democracia, soberan\u00eda y comercio significan cosas muy diferentes.","og_url":"https:\/\/arjenoticias.com.mx\/?p=13795","article_published_time":"2026-05-06T19:04:19+00:00","og_image":[{"width":600,"height":400,"url":"https:\/\/arjenoticias.com.mx\/wp-content\/uploads\/2026\/05\/Leopoldo-Espinosa-Benavides-3.png","type":"image\/png"}],"author":"Leopoldo Espinosa Benavides","twitter_card":"summary_large_image","twitter_misc":{"Escrito por":"Leopoldo Espinosa Benavides","Tiempo de lectura":"3 minutos"},"schema":{"@context":"https:\/\/schema.org","@graph":[{"@type":"Article","@id":"https:\/\/arjenoticias.com.mx\/?p=13795#article","isPartOf":{"@id":"https:\/\/arjenoticias.com.mx\/?p=13795"},"author":{"name":"Leopoldo Espinosa Benavides","@id":"https:\/\/arjenoticias.com.mx\/#\/schema\/person\/b22477254c5fe44bbc7e9bbb51432771"},"headline":"Sheinbaun y Trump en la moderna Torre de babel","datePublished":"2026-05-06T19:04:19+00:00","mainEntityOfPage":{"@id":"https:\/\/arjenoticias.com.mx\/?p=13795"},"wordCount":540,"commentCount":0,"publisher":{"@id":"https:\/\/arjenoticias.com.mx\/#organization"},"image":{"@id":"https:\/\/arjenoticias.com.mx\/?p=13795#primaryimage"},"thumbnailUrl":"https:\/\/arjenoticias.com.mx\/wp-content\/uploads\/2026\/05\/Leopoldo-Espinosa-Benavides-3.png","keywords":["Sheinbaun y Trump en la moderna Torre de babel"],"articleSection":["Lo m\u00e1s relevante","Opini\u00f3n"],"inLanguage":"es","potentialAction":[{"@type":"CommentAction","name":"Comment","target":["https:\/\/arjenoticias.com.mx\/?p=13795#respond"]}]},{"@type":"WebPage","@id":"https:\/\/arjenoticias.com.mx\/?p=13795","url":"https:\/\/arjenoticias.com.mx\/?p=13795","name":"Sheinbaun y Trump en la moderna Torre de babel -","isPartOf":{"@id":"https:\/\/arjenoticias.com.mx\/#website"},"primaryImageOfPage":{"@id":"https:\/\/arjenoticias.com.mx\/?p=13795#primaryimage"},"image":{"@id":"https:\/\/arjenoticias.com.mx\/?p=13795#primaryimage"},"thumbnailUrl":"https:\/\/arjenoticias.com.mx\/wp-content\/uploads\/2026\/05\/Leopoldo-Espinosa-Benavides-3.png","datePublished":"2026-05-06T19:04:19+00:00","description":"Arjenoticias.com\/ Entre los presidentes Sheinbaun y Trump, los t\u00e9rminos democracia, soberan\u00eda y comercio significan cosas muy diferentes.","breadcrumb":{"@id":"https:\/\/arjenoticias.com.mx\/?p=13795#breadcrumb"},"inLanguage":"es","potentialAction":[{"@type":"ReadAction","target":["https:\/\/arjenoticias.com.mx\/?p=13795"]}]},{"@type":"ImageObject","inLanguage":"es","@id":"https:\/\/arjenoticias.com.mx\/?p=13795#primaryimage","url":"https:\/\/arjenoticias.com.mx\/wp-content\/uploads\/2026\/05\/Leopoldo-Espinosa-Benavides-3.png","contentUrl":"https:\/\/arjenoticias.com.mx\/wp-content\/uploads\/2026\/05\/Leopoldo-Espinosa-Benavides-3.png","width":600,"height":400,"caption":"Soberan\u00eda no significa los mismo para Trump y para Sheinbaum"},{"@type":"BreadcrumbList","@id":"https:\/\/arjenoticias.com.mx\/?p=13795#breadcrumb","itemListElement":[{"@type":"ListItem","position":1,"name":"Inicio","item":"https:\/\/arjenoticias.com.mx\/"},{"@type":"ListItem","position":2,"name":"Sheinbaun y Trump en la moderna Torre de babel"}]},{"@type":"WebSite","@id":"https:\/\/arjenoticias.com.mx\/#website","url":"https:\/\/arjenoticias.com.mx\/","name":"arjenoticias.com.mx","description":"","publisher":{"@id":"https:\/\/arjenoticias.com.mx\/#organization"},"potentialAction":[{"@type":"SearchAction","target":{"@type":"EntryPoint","urlTemplate":"https:\/\/arjenoticias.com.mx\/?s={search_term_string}"},"query-input":{"@type":"PropertyValueSpecification","valueRequired":true,"valueName":"search_term_string"}}],"inLanguage":"es"},{"@type":"Organization","@id":"https:\/\/arjenoticias.com.mx\/#organization","name":"Arj\u00e9 de M\u00e9xico Noticias","url":"https:\/\/arjenoticias.com.mx\/","logo":{"@type":"ImageObject","inLanguage":"es","@id":"https:\/\/arjenoticias.com.mx\/#\/schema\/logo\/image\/","url":"https:\/\/arjenoticias.com.mx\/wp-content\/uploads\/2025\/07\/cropped-logo-scaled-1.png","contentUrl":"https:\/\/arjenoticias.com.mx\/wp-content\/uploads\/2025\/07\/cropped-logo-scaled-1.png","width":2558,"height":558,"caption":"Arj\u00e9 de M\u00e9xico Noticias"},"image":{"@id":"https:\/\/arjenoticias.com.mx\/#\/schema\/logo\/image\/"}},{"@type":"Person","@id":"https:\/\/arjenoticias.com.mx\/#\/schema\/person\/b22477254c5fe44bbc7e9bbb51432771","name":"Leopoldo Espinosa Benavides","image":{"@type":"ImageObject","inLanguage":"es","@id":"https:\/\/secure.gravatar.com\/avatar\/138dd021239984aa31c4869255ae4b03e73edb0ecdca02ffde899a5db5e6bdb6?s=96&d=mm&r=g","url":"https:\/\/secure.gravatar.com\/avatar\/138dd021239984aa31c4869255ae4b03e73edb0ecdca02ffde899a5db5e6bdb6?s=96&d=mm&r=g","contentUrl":"https:\/\/secure.gravatar.com\/avatar\/138dd021239984aa31c4869255ae4b03e73edb0ecdca02ffde899a5db5e6bdb6?s=96&d=mm&r=g","caption":"Leopoldo Espinosa Benavides"},"url":"https:\/\/arjenoticias.com.mx\/?author=103"}]}},"_links":{"self":[{"href":"https:\/\/arjenoticias.com.mx\/index.php?rest_route=\/wp\/v2\/posts\/13795","targetHints":{"allow":["GET"]}}],"collection":[{"href":"https:\/\/arjenoticias.com.mx\/index.php?rest_route=\/wp\/v2\/posts"}],"about":[{"href":"https:\/\/arjenoticias.com.mx\/index.php?rest_route=\/wp\/v2\/types\/post"}],"author":[{"embeddable":true,"href":"https:\/\/arjenoticias.com.mx\/index.php?rest_route=\/wp\/v2\/users\/103"}],"replies":[{"embeddable":true,"href":"https:\/\/arjenoticias.com.mx\/index.php?rest_route=%2Fwp%2Fv2%2Fcomments&post=13795"}],"version-history":[{"count":0,"href":"https:\/\/arjenoticias.com.mx\/index.php?rest_route=\/wp\/v2\/posts\/13795\/revisions"}],"wp:featuredmedia":[{"embeddable":true,"href":"https:\/\/arjenoticias.com.mx\/index.php?rest_route=\/wp\/v2\/media\/13797"}],"wp:attachment":[{"href":"https:\/\/arjenoticias.com.mx\/index.php?rest_route=%2Fwp%2Fv2%2Fmedia&parent=13795"}],"wp:term":[{"taxonomy":"category","embeddable":true,"href":"https:\/\/arjenoticias.com.mx\/index.php?rest_route=%2Fwp%2Fv2%2Fcategories&post=13795"},{"taxonomy":"post_tag","embeddable":true,"href":"https:\/\/arjenoticias.com.mx\/index.php?rest_route=%2Fwp%2Fv2%2Ftags&post=13795"}],"curies":[{"name":"wp","href":"https:\/\/api.w.org\/{rel}","templated":true}]}}