{"id":13544,"date":"2026-04-29T14:45:20","date_gmt":"2026-04-29T20:45:20","guid":{"rendered":"https:\/\/arjenoticias.com\/?p=13544"},"modified":"2026-04-29T14:45:20","modified_gmt":"2026-04-29T20:45:20","slug":"orden-de-aprehension-contra-rocha-en-ny-cuestiona-al-gobierno-de-mexico","status":"publish","type":"post","link":"https:\/\/arjenoticias.com.mx\/?p=13544","title":{"rendered":"Orden de aprehensi\u00f3n contra Rocha en NY, cuestiona al gobierno de Mexico"},"content":{"rendered":"\n<figure class=\"wp-block-embed is-type-video is-provider-youtube wp-block-embed-youtube wp-embed-aspect-9-16 wp-has-aspect-ratio\"><div class=\"wp-block-embed__wrapper\">\n<iframe title=\"orden de aprehensi\u00f3n desde NY contra gobernador Rocha, se cimbra el gobierno y Morena\" width=\"540\" height=\"960\" src=\"https:\/\/www.youtube.com\/embed\/Sy6OhNpUOL4?feature=oembed\" frameborder=\"0\" allow=\"accelerometer; autoplay; clipboard-write; encrypted-media; gyroscope; picture-in-picture; web-share\" referrerpolicy=\"strict-origin-when-cross-origin\" allowfullscreen><\/iframe>\n<\/div><\/figure>\n\n\n\n<p class=\"wp-block-paragraph\">La pol\u00edtica mexicana vuelve a mirarse en un espejo inc\u00f3modo: el de la justicia extranjera. La&nbsp;<strong>orden de aprehensi\u00f3n girada en Nueva York contra el gobernador de Sinaloa,&nbsp;Rub\u00e9n Rocha Moya<\/strong>, no es solo un expediente judicial abierto fuera del pa\u00eds; es un cuestionamiento directo a la capacidad del Estado mexicano para investigar, procesar y sancionar a sus propios gobernantes.<\/p>\n\n\n\n<p class=\"wp-block-paragraph\">El caso ha detonado una reacci\u00f3n predecible pero reveladora. En el Senado de la Rep\u00fablica, las posturas se han dividido entre quienes apelan a la presunci\u00f3n de inocencia y quienes celebran que sea Estados Unidos quien investigue lo que, aseguran, en M\u00e9xico no se quiere tocar. En medio, la instituci\u00f3n guarda cautela. No hay juicio pol\u00edtico, no hay comisi\u00f3n especial robusta, no hay exigencia formal de rendici\u00f3n de cuentas. Hay silencio administrativo y c\u00e1lculo pol\u00edtico.<\/p>\n\n\n\n<p class=\"wp-block-paragraph\">El argumento recurrente es jur\u00eddico: \u201cno existe causa penal en M\u00e9xico\u201d. Es cierto. Pero tambi\u00e9n es insuficiente. El juicio pol\u00edtico no es un proceso penal; es una herramienta para evaluar responsabilidad pol\u00edtica cuando est\u00e1n en juego los intereses fundamentales del pa\u00eds. Seguridad, relaciones exteriores y credibilidad institucional lo est\u00e1n hoy.<\/p>\n\n\n\n<p class=\"wp-block-paragraph\">La pregunta de fondo no es si Rocha Moya es culpable o inocente \u2014eso deber\u00e1 probarse con evidencia\u2014, sino&nbsp;<strong>por qu\u00e9 M\u00e9xico espera a que un juez extranjero act\u00fae para siquiera discutir la responsabilidad de uno de sus gobernadores<\/strong>. Cada vez que el Estado mexicano se refugia en la inacci\u00f3n, refuerza la narrativa de que la rendici\u00f3n de cuentas solo es posible fuera de nuestras fronteras.<\/p>\n\n\n\n<p class=\"wp-block-paragraph\">El costo no es menor. Hacia el exterior, el mensaje es que la soberan\u00eda se defiende con discursos, no con instituciones eficaces. Hacia el interior, se normaliza la idea de que el poder pol\u00edtico otorga blindaje, y que la justicia llega solo cuando cruza la frontera. Para una democracia que presume transformaci\u00f3n y combate a la corrupci\u00f3n, el contraste es brutal.<\/p>\n\n\n\n<p class=\"wp-block-paragraph\">El Senado enfrenta una disyuntiva hist\u00f3rica. Puede optar por la comodidad del tiempo \u2014esperar, diluir, dejar que el caso se consuma en tribunales ajenos\u2014 o puede ejercer sus facultades pol\u00edticas para enviar una se\u00f1al clara:&nbsp;<strong>en M\u00e9xico, la responsabilidad p\u00fablica no se delega al extranjero<\/strong>.<\/p>\n\n\n\n<p class=\"wp-block-paragraph\">No se trata de linchamientos ni de sumisi\u00f3n ante Estados Unidos. Se trata de algo m\u00e1s b\u00e1sico y m\u00e1s urgente: demostrar que la soberan\u00eda no es un concepto ret\u00f3rico, sino una pr\u00e1ctica cotidiana. Porque cuando los gobernadores solo son investigados fuera del pa\u00eds, lo que est\u00e1 en entredicho no es un nombre propio, sino la autoridad moral y pol\u00edtica del Estado mexicano.<\/p>\n","protected":false},"excerpt":{"rendered":"<p>La pol\u00edtica mexicana vuelve a mirarse en un espejo inc\u00f3modo: el de la justicia extranjera&#8230;.<\/p>\n","protected":false},"author":68,"featured_media":13545,"comment_status":"open","ping_status":"open","sticky":false,"template":"","format":"standard","meta":{"footnotes":""},"categories":[7],"tags":[2314],"class_list":["post-13544","post","type-post","status-publish","format-standard","has-post-thumbnail","hentry","category-lo-mas-relevante","tag-rocha-moya"],"yoast_head":"<!-- This site is optimized with the Yoast SEO plugin v28.4 - https:\/\/yoast.com\/product\/yoast-seo-wordpress\/ -->\n<title>Orden de aprehensi\u00f3n contra Rocha en NY, cuestiona al gobierno de Mexico -<\/title>\n<meta name=\"description\" content=\"La pregunta de fondo no es si Rocha Moya es culpable o inocente \u2014eso deber\u00e1 probarse con evidencia\u2014, sino\u00a0por qu\u00e9 M\u00e9xico espera a que un juez extranjero act\u00fae para siquiera discutir la responsabilidad de uno de sus gobernadores\" \/>\n<meta name=\"robots\" content=\"index, follow, max-snippet:-1, max-image-preview:large, max-video-preview:-1\" \/>\n<link rel=\"canonical\" href=\"https:\/\/arjenoticias.com.mx\/?p=13544\" \/>\n<meta property=\"og:locale\" content=\"es_MX\" \/>\n<meta property=\"og:type\" content=\"article\" \/>\n<meta property=\"og:title\" content=\"Orden de aprehensi\u00f3n contra Rocha en NY, cuestiona al gobierno de Mexico -\" \/>\n<meta property=\"og:description\" content=\"La pregunta de fondo no es si Rocha Moya es culpable o inocente \u2014eso deber\u00e1 probarse con evidencia\u2014, sino\u00a0por qu\u00e9 M\u00e9xico espera a que un juez extranjero act\u00fae para siquiera discutir la responsabilidad de uno de sus gobernadores\" \/>\n<meta property=\"og:url\" content=\"https:\/\/arjenoticias.com.mx\/?p=13544\" \/>\n<meta property=\"article:published_time\" content=\"2026-04-29T20:45:20+00:00\" \/>\n<meta property=\"og:image\" content=\"https:\/\/arjenoticias.com.mx\/wp-content\/uploads\/2026\/04\/Raul-Monter-Ortega-19.png\" \/>\n\t<meta property=\"og:image:width\" content=\"600\" \/>\n\t<meta property=\"og:image:height\" content=\"400\" \/>\n\t<meta property=\"og:image:type\" content=\"image\/png\" \/>\n<meta name=\"author\" content=\"Ra\u00fal Monter Ortega\" \/>\n<meta name=\"twitter:card\" content=\"summary_large_image\" \/>\n<meta name=\"twitter:label1\" content=\"Escrito por\" \/>\n\t<meta name=\"twitter:data1\" content=\"Ra\u00fal Monter Ortega\" \/>\n\t<meta name=\"twitter:label2\" content=\"Tiempo de lectura\" \/>\n\t<meta name=\"twitter:data2\" content=\"3 minutos\" \/>\n<script type=\"application\/ld+json\" class=\"yoast-schema-graph\">{\"@context\":\"https:\\\/\\\/schema.org\",\"@graph\":[{\"@type\":\"Article\",\"@id\":\"https:\\\/\\\/arjenoticias.com.mx\\\/?p=13544#article\",\"isPartOf\":{\"@id\":\"https:\\\/\\\/arjenoticias.com.mx\\\/?p=13544\"},\"author\":{\"name\":\"Ra\u00fal Monter Ortega\",\"@id\":\"https:\\\/\\\/arjenoticias.com.mx\\\/#\\\/schema\\\/person\\\/f48bc28476b38490cbe82bd109c72b24\"},\"headline\":\"Orden de aprehensi\u00f3n contra Rocha en NY, cuestiona al gobierno de Mexico\",\"datePublished\":\"2026-04-29T20:45:20+00:00\",\"mainEntityOfPage\":{\"@id\":\"https:\\\/\\\/arjenoticias.com.mx\\\/?p=13544\"},\"wordCount\":487,\"commentCount\":0,\"publisher\":{\"@id\":\"https:\\\/\\\/arjenoticias.com.mx\\\/#organization\"},\"image\":{\"@id\":\"https:\\\/\\\/arjenoticias.com.mx\\\/?p=13544#primaryimage\"},\"thumbnailUrl\":\"https:\\\/\\\/arjenoticias.com.mx\\\/wp-content\\\/uploads\\\/2026\\\/04\\\/Raul-Monter-Ortega-19.png\",\"keywords\":[\"Rocha Moya\"],\"articleSection\":[\"Lo m\u00e1s relevante\"],\"inLanguage\":\"es\",\"potentialAction\":[{\"@type\":\"CommentAction\",\"name\":\"Comment\",\"target\":[\"https:\\\/\\\/arjenoticias.com.mx\\\/?p=13544#respond\"]}]},{\"@type\":\"WebPage\",\"@id\":\"https:\\\/\\\/arjenoticias.com.mx\\\/?p=13544\",\"url\":\"https:\\\/\\\/arjenoticias.com.mx\\\/?p=13544\",\"name\":\"Orden de aprehensi\u00f3n contra Rocha en NY, cuestiona al gobierno de Mexico -\",\"isPartOf\":{\"@id\":\"https:\\\/\\\/arjenoticias.com.mx\\\/#website\"},\"primaryImageOfPage\":{\"@id\":\"https:\\\/\\\/arjenoticias.com.mx\\\/?p=13544#primaryimage\"},\"image\":{\"@id\":\"https:\\\/\\\/arjenoticias.com.mx\\\/?p=13544#primaryimage\"},\"thumbnailUrl\":\"https:\\\/\\\/arjenoticias.com.mx\\\/wp-content\\\/uploads\\\/2026\\\/04\\\/Raul-Monter-Ortega-19.png\",\"datePublished\":\"2026-04-29T20:45:20+00:00\",\"description\":\"La pregunta de fondo no es si Rocha Moya es culpable o inocente \u2014eso deber\u00e1 probarse con evidencia\u2014, sino\u00a0por qu\u00e9 M\u00e9xico espera a que un juez extranjero act\u00fae para siquiera discutir la responsabilidad de uno de sus gobernadores\",\"breadcrumb\":{\"@id\":\"https:\\\/\\\/arjenoticias.com.mx\\\/?p=13544#breadcrumb\"},\"inLanguage\":\"es\",\"potentialAction\":[{\"@type\":\"ReadAction\",\"target\":[\"https:\\\/\\\/arjenoticias.com.mx\\\/?p=13544\"]}]},{\"@type\":\"ImageObject\",\"inLanguage\":\"es\",\"@id\":\"https:\\\/\\\/arjenoticias.com.mx\\\/?p=13544#primaryimage\",\"url\":\"https:\\\/\\\/arjenoticias.com.mx\\\/wp-content\\\/uploads\\\/2026\\\/04\\\/Raul-Monter-Ortega-19.png\",\"contentUrl\":\"https:\\\/\\\/arjenoticias.com.mx\\\/wp-content\\\/uploads\\\/2026\\\/04\\\/Raul-Monter-Ortega-19.png\",\"width\":600,\"height\":400,\"caption\":\"La pregunta de fondo no es si Rocha Moya es culpable o inocente \u2014eso deber\u00e1 probarse con evidencia\u2014, sino por qu\u00e9 M\u00e9xico espera a que un juez extranjero act\u00fae para siquiera discutir la responsabilidad de uno de sus gobernadores\"},{\"@type\":\"BreadcrumbList\",\"@id\":\"https:\\\/\\\/arjenoticias.com.mx\\\/?p=13544#breadcrumb\",\"itemListElement\":[{\"@type\":\"ListItem\",\"position\":1,\"name\":\"Inicio\",\"item\":\"https:\\\/\\\/arjenoticias.com.mx\\\/\"},{\"@type\":\"ListItem\",\"position\":2,\"name\":\"Orden de aprehensi\u00f3n contra Rocha en NY, cuestiona al gobierno de Mexico\"}]},{\"@type\":\"WebSite\",\"@id\":\"https:\\\/\\\/arjenoticias.com.mx\\\/#website\",\"url\":\"https:\\\/\\\/arjenoticias.com.mx\\\/\",\"name\":\"arjenoticias.com.mx\",\"description\":\"\",\"publisher\":{\"@id\":\"https:\\\/\\\/arjenoticias.com.mx\\\/#organization\"},\"potentialAction\":[{\"@type\":\"SearchAction\",\"target\":{\"@type\":\"EntryPoint\",\"urlTemplate\":\"https:\\\/\\\/arjenoticias.com.mx\\\/?s={search_term_string}\"},\"query-input\":{\"@type\":\"PropertyValueSpecification\",\"valueRequired\":true,\"valueName\":\"search_term_string\"}}],\"inLanguage\":\"es\"},{\"@type\":\"Organization\",\"@id\":\"https:\\\/\\\/arjenoticias.com.mx\\\/#organization\",\"name\":\"Arj\u00e9 de M\u00e9xico Noticias\",\"url\":\"https:\\\/\\\/arjenoticias.com.mx\\\/\",\"logo\":{\"@type\":\"ImageObject\",\"inLanguage\":\"es\",\"@id\":\"https:\\\/\\\/arjenoticias.com.mx\\\/#\\\/schema\\\/logo\\\/image\\\/\",\"url\":\"https:\\\/\\\/arjenoticias.com.mx\\\/wp-content\\\/uploads\\\/2025\\\/07\\\/cropped-logo-scaled-1.png\",\"contentUrl\":\"https:\\\/\\\/arjenoticias.com.mx\\\/wp-content\\\/uploads\\\/2025\\\/07\\\/cropped-logo-scaled-1.png\",\"width\":2558,\"height\":558,\"caption\":\"Arj\u00e9 de M\u00e9xico Noticias\"},\"image\":{\"@id\":\"https:\\\/\\\/arjenoticias.com.mx\\\/#\\\/schema\\\/logo\\\/image\\\/\"}},{\"@type\":\"Person\",\"@id\":\"https:\\\/\\\/arjenoticias.com.mx\\\/#\\\/schema\\\/person\\\/f48bc28476b38490cbe82bd109c72b24\",\"name\":\"Ra\u00fal Monter Ortega\",\"image\":{\"@type\":\"ImageObject\",\"inLanguage\":\"es\",\"@id\":\"https:\\\/\\\/secure.gravatar.com\\\/avatar\\\/1616403283ceadc5d9a2d98c21703f217676e6be6595972f5d3d26ff78793f9d?s=96&d=mm&r=g\",\"url\":\"https:\\\/\\\/secure.gravatar.com\\\/avatar\\\/1616403283ceadc5d9a2d98c21703f217676e6be6595972f5d3d26ff78793f9d?s=96&d=mm&r=g\",\"contentUrl\":\"https:\\\/\\\/secure.gravatar.com\\\/avatar\\\/1616403283ceadc5d9a2d98c21703f217676e6be6595972f5d3d26ff78793f9d?s=96&d=mm&r=g\",\"caption\":\"Ra\u00fal Monter Ortega\"},\"url\":\"https:\\\/\\\/arjenoticias.com.mx\\\/?author=68\"}]}<\/script>\n<!-- \/ Yoast SEO plugin. -->","yoast_head_json":{"title":"Orden de aprehensi\u00f3n contra Rocha en NY, cuestiona al gobierno de Mexico -","description":"La pregunta de fondo no es si Rocha Moya es culpable o inocente \u2014eso deber\u00e1 probarse con evidencia\u2014, sino\u00a0por qu\u00e9 M\u00e9xico espera a que un juez extranjero act\u00fae para siquiera discutir la responsabilidad de uno de sus gobernadores","robots":{"index":"index","follow":"follow","max-snippet":"max-snippet:-1","max-image-preview":"max-image-preview:large","max-video-preview":"max-video-preview:-1"},"canonical":"https:\/\/arjenoticias.com.mx\/?p=13544","og_locale":"es_MX","og_type":"article","og_title":"Orden de aprehensi\u00f3n contra Rocha en NY, cuestiona al gobierno de Mexico -","og_description":"La pregunta de fondo no es si Rocha Moya es culpable o inocente \u2014eso deber\u00e1 probarse con evidencia\u2014, sino\u00a0por qu\u00e9 M\u00e9xico espera a que un juez extranjero act\u00fae para siquiera discutir la responsabilidad de uno de sus gobernadores","og_url":"https:\/\/arjenoticias.com.mx\/?p=13544","article_published_time":"2026-04-29T20:45:20+00:00","og_image":[{"width":600,"height":400,"url":"https:\/\/arjenoticias.com.mx\/wp-content\/uploads\/2026\/04\/Raul-Monter-Ortega-19.png","type":"image\/png"}],"author":"Ra\u00fal Monter Ortega","twitter_card":"summary_large_image","twitter_misc":{"Escrito por":"Ra\u00fal Monter Ortega","Tiempo de lectura":"3 minutos"},"schema":{"@context":"https:\/\/schema.org","@graph":[{"@type":"Article","@id":"https:\/\/arjenoticias.com.mx\/?p=13544#article","isPartOf":{"@id":"https:\/\/arjenoticias.com.mx\/?p=13544"},"author":{"name":"Ra\u00fal Monter Ortega","@id":"https:\/\/arjenoticias.com.mx\/#\/schema\/person\/f48bc28476b38490cbe82bd109c72b24"},"headline":"Orden de aprehensi\u00f3n contra Rocha en NY, cuestiona al gobierno de Mexico","datePublished":"2026-04-29T20:45:20+00:00","mainEntityOfPage":{"@id":"https:\/\/arjenoticias.com.mx\/?p=13544"},"wordCount":487,"commentCount":0,"publisher":{"@id":"https:\/\/arjenoticias.com.mx\/#organization"},"image":{"@id":"https:\/\/arjenoticias.com.mx\/?p=13544#primaryimage"},"thumbnailUrl":"https:\/\/arjenoticias.com.mx\/wp-content\/uploads\/2026\/04\/Raul-Monter-Ortega-19.png","keywords":["Rocha Moya"],"articleSection":["Lo m\u00e1s relevante"],"inLanguage":"es","potentialAction":[{"@type":"CommentAction","name":"Comment","target":["https:\/\/arjenoticias.com.mx\/?p=13544#respond"]}]},{"@type":"WebPage","@id":"https:\/\/arjenoticias.com.mx\/?p=13544","url":"https:\/\/arjenoticias.com.mx\/?p=13544","name":"Orden de aprehensi\u00f3n contra Rocha en NY, cuestiona al gobierno de Mexico -","isPartOf":{"@id":"https:\/\/arjenoticias.com.mx\/#website"},"primaryImageOfPage":{"@id":"https:\/\/arjenoticias.com.mx\/?p=13544#primaryimage"},"image":{"@id":"https:\/\/arjenoticias.com.mx\/?p=13544#primaryimage"},"thumbnailUrl":"https:\/\/arjenoticias.com.mx\/wp-content\/uploads\/2026\/04\/Raul-Monter-Ortega-19.png","datePublished":"2026-04-29T20:45:20+00:00","description":"La pregunta de fondo no es si Rocha Moya es culpable o inocente \u2014eso deber\u00e1 probarse con evidencia\u2014, sino\u00a0por qu\u00e9 M\u00e9xico espera a que un juez extranjero act\u00fae para siquiera discutir la responsabilidad de uno de sus gobernadores","breadcrumb":{"@id":"https:\/\/arjenoticias.com.mx\/?p=13544#breadcrumb"},"inLanguage":"es","potentialAction":[{"@type":"ReadAction","target":["https:\/\/arjenoticias.com.mx\/?p=13544"]}]},{"@type":"ImageObject","inLanguage":"es","@id":"https:\/\/arjenoticias.com.mx\/?p=13544#primaryimage","url":"https:\/\/arjenoticias.com.mx\/wp-content\/uploads\/2026\/04\/Raul-Monter-Ortega-19.png","contentUrl":"https:\/\/arjenoticias.com.mx\/wp-content\/uploads\/2026\/04\/Raul-Monter-Ortega-19.png","width":600,"height":400,"caption":"La pregunta de fondo no es si Rocha Moya es culpable o inocente \u2014eso deber\u00e1 probarse con evidencia\u2014, sino por qu\u00e9 M\u00e9xico espera a que un juez extranjero act\u00fae para siquiera discutir la responsabilidad de uno de sus gobernadores"},{"@type":"BreadcrumbList","@id":"https:\/\/arjenoticias.com.mx\/?p=13544#breadcrumb","itemListElement":[{"@type":"ListItem","position":1,"name":"Inicio","item":"https:\/\/arjenoticias.com.mx\/"},{"@type":"ListItem","position":2,"name":"Orden de aprehensi\u00f3n contra Rocha en NY, cuestiona al gobierno de Mexico"}]},{"@type":"WebSite","@id":"https:\/\/arjenoticias.com.mx\/#website","url":"https:\/\/arjenoticias.com.mx\/","name":"arjenoticias.com.mx","description":"","publisher":{"@id":"https:\/\/arjenoticias.com.mx\/#organization"},"potentialAction":[{"@type":"SearchAction","target":{"@type":"EntryPoint","urlTemplate":"https:\/\/arjenoticias.com.mx\/?s={search_term_string}"},"query-input":{"@type":"PropertyValueSpecification","valueRequired":true,"valueName":"search_term_string"}}],"inLanguage":"es"},{"@type":"Organization","@id":"https:\/\/arjenoticias.com.mx\/#organization","name":"Arj\u00e9 de M\u00e9xico Noticias","url":"https:\/\/arjenoticias.com.mx\/","logo":{"@type":"ImageObject","inLanguage":"es","@id":"https:\/\/arjenoticias.com.mx\/#\/schema\/logo\/image\/","url":"https:\/\/arjenoticias.com.mx\/wp-content\/uploads\/2025\/07\/cropped-logo-scaled-1.png","contentUrl":"https:\/\/arjenoticias.com.mx\/wp-content\/uploads\/2025\/07\/cropped-logo-scaled-1.png","width":2558,"height":558,"caption":"Arj\u00e9 de M\u00e9xico Noticias"},"image":{"@id":"https:\/\/arjenoticias.com.mx\/#\/schema\/logo\/image\/"}},{"@type":"Person","@id":"https:\/\/arjenoticias.com.mx\/#\/schema\/person\/f48bc28476b38490cbe82bd109c72b24","name":"Ra\u00fal Monter Ortega","image":{"@type":"ImageObject","inLanguage":"es","@id":"https:\/\/secure.gravatar.com\/avatar\/1616403283ceadc5d9a2d98c21703f217676e6be6595972f5d3d26ff78793f9d?s=96&d=mm&r=g","url":"https:\/\/secure.gravatar.com\/avatar\/1616403283ceadc5d9a2d98c21703f217676e6be6595972f5d3d26ff78793f9d?s=96&d=mm&r=g","contentUrl":"https:\/\/secure.gravatar.com\/avatar\/1616403283ceadc5d9a2d98c21703f217676e6be6595972f5d3d26ff78793f9d?s=96&d=mm&r=g","caption":"Ra\u00fal Monter Ortega"},"url":"https:\/\/arjenoticias.com.mx\/?author=68"}]}},"_links":{"self":[{"href":"https:\/\/arjenoticias.com.mx\/index.php?rest_route=\/wp\/v2\/posts\/13544","targetHints":{"allow":["GET"]}}],"collection":[{"href":"https:\/\/arjenoticias.com.mx\/index.php?rest_route=\/wp\/v2\/posts"}],"about":[{"href":"https:\/\/arjenoticias.com.mx\/index.php?rest_route=\/wp\/v2\/types\/post"}],"author":[{"embeddable":true,"href":"https:\/\/arjenoticias.com.mx\/index.php?rest_route=\/wp\/v2\/users\/68"}],"replies":[{"embeddable":true,"href":"https:\/\/arjenoticias.com.mx\/index.php?rest_route=%2Fwp%2Fv2%2Fcomments&post=13544"}],"version-history":[{"count":0,"href":"https:\/\/arjenoticias.com.mx\/index.php?rest_route=\/wp\/v2\/posts\/13544\/revisions"}],"wp:featuredmedia":[{"embeddable":true,"href":"https:\/\/arjenoticias.com.mx\/index.php?rest_route=\/wp\/v2\/media\/13545"}],"wp:attachment":[{"href":"https:\/\/arjenoticias.com.mx\/index.php?rest_route=%2Fwp%2Fv2%2Fmedia&parent=13544"}],"wp:term":[{"taxonomy":"category","embeddable":true,"href":"https:\/\/arjenoticias.com.mx\/index.php?rest_route=%2Fwp%2Fv2%2Fcategories&post=13544"},{"taxonomy":"post_tag","embeddable":true,"href":"https:\/\/arjenoticias.com.mx\/index.php?rest_route=%2Fwp%2Fv2%2Ftags&post=13544"}],"curies":[{"name":"wp","href":"https:\/\/api.w.org\/{rel}","templated":true}]}}