{"id":13120,"date":"2026-04-20T17:20:13","date_gmt":"2026-04-20T23:20:13","guid":{"rendered":"https:\/\/arjenoticias.com\/?p=13120"},"modified":"2026-04-20T17:20:13","modified_gmt":"2026-04-20T23:20:13","slug":"por-una-oposicion-unida-carlos-angulo-parra","status":"publish","type":"post","link":"https:\/\/arjenoticias.com.mx\/?p=13120","title":{"rendered":"Por una oposici\u00f3n unida: Carlos Angulo Parra"},"content":{"rendered":"\n<p class=\"wp-block-paragraph\">En Venezuela hubo muchas expectativas ante el contundente triunfo de la oposici\u00f3n despu\u00e9s de m\u00faltiples fracasos en su unificaci\u00f3n en contra de la dictadura de Maduro, pero dicho triunfo no tuvo resultados para un cambio de r\u00e9gimen, sino que dio la oportunidad para que Estados Unidos interviniera militarmente para capturar a Maduro, curiosamente con el pretexto de que Maduro lideraba a carteles del crimen organizado que trafican droga a Estados Unidos, y no para deponer a un r\u00e9gimen autoritario que no respeta la democracia.&nbsp;<\/p>\n\n\n\n<p class=\"wp-block-paragraph\">Por desgracia, en lo \u00fanico que ha resultado es que la l\u00edder opositora de Venezuela, Mar\u00eda Corina Machado, al lograr huir de su pa\u00eds para recibir el Premio Nobel de la Paz, y despu\u00e9s de acudir a Wahsington a regal\u00e1rselo a Trump, ha estado visitando a dignatarios en Europa para hacer activismo internacional para presionar a Venezuela a que realice elecciones democr\u00e1ticas.<\/p>\n\n\n\n<p class=\"wp-block-paragraph\">Pero tenemos otro ejemplo reciente en Hungr\u00eda, en el que el dictador Viktor Orb\u00e1n, el 12 de abril de este a\u00f1o tuvo reconocer la derrota de su partido Fidesz que mantuvo el poder por 16 a\u00f1os, despu\u00e9s de una gran destrucci\u00f3n institucional de los \u00f3rganos democr\u00e1ticos del Estado y la p\u00e9rdida de la independencia del Poder Judicial, para que P\u00e9ter Magyar, con su partido Tisza fuera designado como Primer Ministro, con una indisputable mayor\u00eda de 2\/3 del Parlamento h\u00fangaro, con una muy alta participaci\u00f3n electoral.<\/p>\n\n\n\n<p class=\"wp-block-paragraph\">En M\u00e9xico, como sabemos, se ha venido cocinando por morena y sus aliados el establecimiento de una dictadura, mediante la colonizaci\u00f3n del INE y del Tribunal Electoral, y la captura del Poder Judicial, as\u00ed como la destrucci\u00f3n de los \u00f3rganos constitucionalmente aut\u00f3nomos.<\/p>\n\n\n\n<p class=\"wp-block-paragraph\">Con ello, es pr\u00e1cticamente imposible que la oposici\u00f3n pueda lograr ganar elecciones con mayor\u00edas simples que f\u00e1cilmente se pueden revertir con la intervenci\u00f3n de las autoridades electorales. Morena y aliados tienen alrededor de 1\/3 de los electores, pero con los grandes niveles de abstenci\u00f3n existentes y la dispersi\u00f3n de la oposici\u00f3n, con eso logran ganar.<\/p>\n\n\n\n<p class=\"wp-block-paragraph\">Es por ello que hay la imperiosa necesidad de tener una oposici\u00f3n unificada, estructurada, disciplinada, determinada y fuerte para poder sacar a morena del poder y reestablecer las instituciones democr\u00e1ticas destruidas.<\/p>\n\n\n\n<p class=\"wp-block-paragraph\">Pero para logar lo anterior, tenemos el peor escenario y entorno posible. Lo explico brevemente en las siguientes ideas:<\/p>\n\n\n\n<ol class=\"wp-block-list\">\n<li>Lo m\u00e1s importante, es que considero que con la divisi\u00f3n que hay en los partidos opositores no logramos obtener ni la mayor\u00eda relativa para un triunfo electoral.\u00a0<\/li>\n<\/ol>\n\n\n\n<ol start=\"2\" class=\"wp-block-list\">\n<li>La sociedad civil organizada (SCO) es muy peque\u00f1a.<\/li>\n<\/ol>\n\n\n\n<ol start=\"3\" class=\"wp-block-list\">\n<li>La SCO est\u00e1 divorciada de los partidos pol\u00edticos de oposici\u00f3n (PPOs).<\/li>\n<\/ol>\n\n\n\n<ol start=\"4\" class=\"wp-block-list\">\n<li>Los PPOs act\u00faan con miedo, con falta de contundencia y determinaci\u00f3n en contra del r\u00e9gimen, y<\/li>\n<\/ol>\n\n\n\n<ol start=\"5\" class=\"wp-block-list\">\n<li>La situaci\u00f3n econ\u00f3mica del pa\u00eds aun no se deteriora lo suficiente para que se d\u00e9 el hartazgo social.<\/li>\n<\/ol>\n\n\n\n<p class=\"wp-block-paragraph\">Conclusi\u00f3n: si no logramos que la SCO se una con los PPOs, nunca lograremos recuperar a nuestra democracia y reestablecer el camino hacia el progreso.<\/p>\n","protected":false},"excerpt":{"rendered":"<p>En Venezuela hubo muchas expectativas ante el contundente triunfo de la oposici\u00f3n despu\u00e9s de m\u00faltiples&#8230;<\/p>\n","protected":false},"author":85,"featured_media":11881,"comment_status":"open","ping_status":"open","sticky":false,"template":"","format":"standard","meta":{"footnotes":""},"categories":[13],"tags":[548],"class_list":["post-13120","post","type-post","status-publish","format-standard","has-post-thumbnail","hentry","category-politica","tag-cuidadanos-y-oposicion"],"yoast_head":"<!-- This site is optimized with the Yoast SEO plugin v28.4 - https:\/\/yoast.com\/product\/yoast-seo-wordpress\/ -->\n<title>Por una oposici\u00f3n unida: Carlos Angulo Parra -<\/title>\n<meta name=\"description\" content=\"Es por ello que la necesidad de tener una oposici\u00f3n unificada, estructurada, disciplinada, determinada y fuerte para poder sacar a Morena del poder\" \/>\n<meta name=\"robots\" content=\"index, follow, max-snippet:-1, max-image-preview:large, max-video-preview:-1\" \/>\n<link rel=\"canonical\" href=\"https:\/\/arjenoticias.com.mx\/?p=13120\" \/>\n<meta property=\"og:locale\" content=\"es_MX\" \/>\n<meta property=\"og:type\" content=\"article\" \/>\n<meta property=\"og:title\" content=\"Por una oposici\u00f3n unida: Carlos Angulo Parra -\" \/>\n<meta property=\"og:description\" content=\"Es por ello que la necesidad de tener una oposici\u00f3n unificada, estructurada, disciplinada, determinada y fuerte para poder sacar a Morena del poder\" \/>\n<meta property=\"og:url\" content=\"https:\/\/arjenoticias.com.mx\/?p=13120\" \/>\n<meta property=\"article:published_time\" content=\"2026-04-20T23:20:13+00:00\" \/>\n<meta property=\"og:image\" content=\"https:\/\/arjenoticias.com.mx\/wp-content\/uploads\/2026\/03\/image.webp\" \/>\n\t<meta property=\"og:image:width\" content=\"1200\" \/>\n\t<meta property=\"og:image:height\" content=\"750\" \/>\n\t<meta property=\"og:image:type\" content=\"image\/webp\" \/>\n<meta name=\"author\" content=\"Carlos Fernando Angulo Parra\" \/>\n<meta name=\"twitter:card\" content=\"summary_large_image\" \/>\n<meta name=\"twitter:label1\" content=\"Escrito por\" \/>\n\t<meta name=\"twitter:data1\" content=\"Carlos Fernando Angulo Parra\" \/>\n\t<meta name=\"twitter:label2\" content=\"Tiempo de lectura\" \/>\n\t<meta name=\"twitter:data2\" content=\"3 minutos\" \/>\n<script type=\"application\/ld+json\" class=\"yoast-schema-graph\">{\"@context\":\"https:\\\/\\\/schema.org\",\"@graph\":[{\"@type\":\"Article\",\"@id\":\"https:\\\/\\\/arjenoticias.com.mx\\\/?p=13120#article\",\"isPartOf\":{\"@id\":\"https:\\\/\\\/arjenoticias.com.mx\\\/?p=13120\"},\"author\":{\"name\":\"Carlos Fernando Angulo Parra\",\"@id\":\"https:\\\/\\\/arjenoticias.com.mx\\\/#\\\/schema\\\/person\\\/7cf85107cd016c7470ee0a74d076b2d4\"},\"headline\":\"Por una oposici\u00f3n unida: Carlos Angulo Parra\",\"datePublished\":\"2026-04-20T23:20:13+00:00\",\"mainEntityOfPage\":{\"@id\":\"https:\\\/\\\/arjenoticias.com.mx\\\/?p=13120\"},\"wordCount\":539,\"commentCount\":0,\"publisher\":{\"@id\":\"https:\\\/\\\/arjenoticias.com.mx\\\/#organization\"},\"image\":{\"@id\":\"https:\\\/\\\/arjenoticias.com.mx\\\/?p=13120#primaryimage\"},\"thumbnailUrl\":\"https:\\\/\\\/arjenoticias.com.mx\\\/wp-content\\\/uploads\\\/2026\\\/03\\\/image.webp\",\"keywords\":[\"Cuidadanos y oposici\u00f3n\"],\"articleSection\":[\"Pol\u00edtica\"],\"inLanguage\":\"es\",\"potentialAction\":[{\"@type\":\"CommentAction\",\"name\":\"Comment\",\"target\":[\"https:\\\/\\\/arjenoticias.com.mx\\\/?p=13120#respond\"]}]},{\"@type\":\"WebPage\",\"@id\":\"https:\\\/\\\/arjenoticias.com.mx\\\/?p=13120\",\"url\":\"https:\\\/\\\/arjenoticias.com.mx\\\/?p=13120\",\"name\":\"Por una oposici\u00f3n unida: Carlos Angulo Parra -\",\"isPartOf\":{\"@id\":\"https:\\\/\\\/arjenoticias.com.mx\\\/#website\"},\"primaryImageOfPage\":{\"@id\":\"https:\\\/\\\/arjenoticias.com.mx\\\/?p=13120#primaryimage\"},\"image\":{\"@id\":\"https:\\\/\\\/arjenoticias.com.mx\\\/?p=13120#primaryimage\"},\"thumbnailUrl\":\"https:\\\/\\\/arjenoticias.com.mx\\\/wp-content\\\/uploads\\\/2026\\\/03\\\/image.webp\",\"datePublished\":\"2026-04-20T23:20:13+00:00\",\"description\":\"Es por ello que la necesidad de tener una oposici\u00f3n unificada, estructurada, disciplinada, determinada y fuerte para poder sacar a Morena del poder\",\"breadcrumb\":{\"@id\":\"https:\\\/\\\/arjenoticias.com.mx\\\/?p=13120#breadcrumb\"},\"inLanguage\":\"es\",\"potentialAction\":[{\"@type\":\"ReadAction\",\"target\":[\"https:\\\/\\\/arjenoticias.com.mx\\\/?p=13120\"]}]},{\"@type\":\"ImageObject\",\"inLanguage\":\"es\",\"@id\":\"https:\\\/\\\/arjenoticias.com.mx\\\/?p=13120#primaryimage\",\"url\":\"https:\\\/\\\/arjenoticias.com.mx\\\/wp-content\\\/uploads\\\/2026\\\/03\\\/image.webp\",\"contentUrl\":\"https:\\\/\\\/arjenoticias.com.mx\\\/wp-content\\\/uploads\\\/2026\\\/03\\\/image.webp\",\"width\":1200,\"height\":750,\"caption\":\"o observo una visi\u00f3n estrat\u00e9gica, que represente los principios y valores del PAN, solo hay improvisaci\u00f3n, oportunismo,\"},{\"@type\":\"BreadcrumbList\",\"@id\":\"https:\\\/\\\/arjenoticias.com.mx\\\/?p=13120#breadcrumb\",\"itemListElement\":[{\"@type\":\"ListItem\",\"position\":1,\"name\":\"Inicio\",\"item\":\"https:\\\/\\\/arjenoticias.com.mx\\\/\"},{\"@type\":\"ListItem\",\"position\":2,\"name\":\"Por una oposici\u00f3n unida: Carlos Angulo Parra\"}]},{\"@type\":\"WebSite\",\"@id\":\"https:\\\/\\\/arjenoticias.com.mx\\\/#website\",\"url\":\"https:\\\/\\\/arjenoticias.com.mx\\\/\",\"name\":\"arjenoticias.com.mx\",\"description\":\"\",\"publisher\":{\"@id\":\"https:\\\/\\\/arjenoticias.com.mx\\\/#organization\"},\"potentialAction\":[{\"@type\":\"SearchAction\",\"target\":{\"@type\":\"EntryPoint\",\"urlTemplate\":\"https:\\\/\\\/arjenoticias.com.mx\\\/?s={search_term_string}\"},\"query-input\":{\"@type\":\"PropertyValueSpecification\",\"valueRequired\":true,\"valueName\":\"search_term_string\"}}],\"inLanguage\":\"es\"},{\"@type\":\"Organization\",\"@id\":\"https:\\\/\\\/arjenoticias.com.mx\\\/#organization\",\"name\":\"Arj\u00e9 de M\u00e9xico Noticias\",\"url\":\"https:\\\/\\\/arjenoticias.com.mx\\\/\",\"logo\":{\"@type\":\"ImageObject\",\"inLanguage\":\"es\",\"@id\":\"https:\\\/\\\/arjenoticias.com.mx\\\/#\\\/schema\\\/logo\\\/image\\\/\",\"url\":\"https:\\\/\\\/arjenoticias.com.mx\\\/wp-content\\\/uploads\\\/2025\\\/07\\\/cropped-logo-scaled-1.png\",\"contentUrl\":\"https:\\\/\\\/arjenoticias.com.mx\\\/wp-content\\\/uploads\\\/2025\\\/07\\\/cropped-logo-scaled-1.png\",\"width\":2558,\"height\":558,\"caption\":\"Arj\u00e9 de M\u00e9xico Noticias\"},\"image\":{\"@id\":\"https:\\\/\\\/arjenoticias.com.mx\\\/#\\\/schema\\\/logo\\\/image\\\/\"}},{\"@type\":\"Person\",\"@id\":\"https:\\\/\\\/arjenoticias.com.mx\\\/#\\\/schema\\\/person\\\/7cf85107cd016c7470ee0a74d076b2d4\",\"name\":\"Carlos Fernando Angulo Parra\",\"image\":{\"@type\":\"ImageObject\",\"inLanguage\":\"es\",\"@id\":\"https:\\\/\\\/secure.gravatar.com\\\/avatar\\\/7ed0bfe4780c6a70e37a228f84cbb9c7016007d7a5f73e0b55338e243b44eff8?s=96&d=mm&r=g\",\"url\":\"https:\\\/\\\/secure.gravatar.com\\\/avatar\\\/7ed0bfe4780c6a70e37a228f84cbb9c7016007d7a5f73e0b55338e243b44eff8?s=96&d=mm&r=g\",\"contentUrl\":\"https:\\\/\\\/secure.gravatar.com\\\/avatar\\\/7ed0bfe4780c6a70e37a228f84cbb9c7016007d7a5f73e0b55338e243b44eff8?s=96&d=mm&r=g\",\"caption\":\"Carlos Fernando Angulo Parra\"},\"url\":\"https:\\\/\\\/arjenoticias.com.mx\\\/?author=85\"}]}<\/script>\n<!-- \/ Yoast SEO plugin. -->","yoast_head_json":{"title":"Por una oposici\u00f3n unida: Carlos Angulo Parra -","description":"Es por ello que la necesidad de tener una oposici\u00f3n unificada, estructurada, disciplinada, determinada y fuerte para poder sacar a Morena del poder","robots":{"index":"index","follow":"follow","max-snippet":"max-snippet:-1","max-image-preview":"max-image-preview:large","max-video-preview":"max-video-preview:-1"},"canonical":"https:\/\/arjenoticias.com.mx\/?p=13120","og_locale":"es_MX","og_type":"article","og_title":"Por una oposici\u00f3n unida: Carlos Angulo Parra -","og_description":"Es por ello que la necesidad de tener una oposici\u00f3n unificada, estructurada, disciplinada, determinada y fuerte para poder sacar a Morena del poder","og_url":"https:\/\/arjenoticias.com.mx\/?p=13120","article_published_time":"2026-04-20T23:20:13+00:00","og_image":[{"width":1200,"height":750,"url":"https:\/\/arjenoticias.com.mx\/wp-content\/uploads\/2026\/03\/image.webp","type":"image\/webp"}],"author":"Carlos Fernando Angulo Parra","twitter_card":"summary_large_image","twitter_misc":{"Escrito por":"Carlos Fernando Angulo Parra","Tiempo de lectura":"3 minutos"},"schema":{"@context":"https:\/\/schema.org","@graph":[{"@type":"Article","@id":"https:\/\/arjenoticias.com.mx\/?p=13120#article","isPartOf":{"@id":"https:\/\/arjenoticias.com.mx\/?p=13120"},"author":{"name":"Carlos Fernando Angulo Parra","@id":"https:\/\/arjenoticias.com.mx\/#\/schema\/person\/7cf85107cd016c7470ee0a74d076b2d4"},"headline":"Por una oposici\u00f3n unida: Carlos Angulo Parra","datePublished":"2026-04-20T23:20:13+00:00","mainEntityOfPage":{"@id":"https:\/\/arjenoticias.com.mx\/?p=13120"},"wordCount":539,"commentCount":0,"publisher":{"@id":"https:\/\/arjenoticias.com.mx\/#organization"},"image":{"@id":"https:\/\/arjenoticias.com.mx\/?p=13120#primaryimage"},"thumbnailUrl":"https:\/\/arjenoticias.com.mx\/wp-content\/uploads\/2026\/03\/image.webp","keywords":["Cuidadanos y oposici\u00f3n"],"articleSection":["Pol\u00edtica"],"inLanguage":"es","potentialAction":[{"@type":"CommentAction","name":"Comment","target":["https:\/\/arjenoticias.com.mx\/?p=13120#respond"]}]},{"@type":"WebPage","@id":"https:\/\/arjenoticias.com.mx\/?p=13120","url":"https:\/\/arjenoticias.com.mx\/?p=13120","name":"Por una oposici\u00f3n unida: Carlos Angulo Parra -","isPartOf":{"@id":"https:\/\/arjenoticias.com.mx\/#website"},"primaryImageOfPage":{"@id":"https:\/\/arjenoticias.com.mx\/?p=13120#primaryimage"},"image":{"@id":"https:\/\/arjenoticias.com.mx\/?p=13120#primaryimage"},"thumbnailUrl":"https:\/\/arjenoticias.com.mx\/wp-content\/uploads\/2026\/03\/image.webp","datePublished":"2026-04-20T23:20:13+00:00","description":"Es por ello que la necesidad de tener una oposici\u00f3n unificada, estructurada, disciplinada, determinada y fuerte para poder sacar a Morena del poder","breadcrumb":{"@id":"https:\/\/arjenoticias.com.mx\/?p=13120#breadcrumb"},"inLanguage":"es","potentialAction":[{"@type":"ReadAction","target":["https:\/\/arjenoticias.com.mx\/?p=13120"]}]},{"@type":"ImageObject","inLanguage":"es","@id":"https:\/\/arjenoticias.com.mx\/?p=13120#primaryimage","url":"https:\/\/arjenoticias.com.mx\/wp-content\/uploads\/2026\/03\/image.webp","contentUrl":"https:\/\/arjenoticias.com.mx\/wp-content\/uploads\/2026\/03\/image.webp","width":1200,"height":750,"caption":"o observo una visi\u00f3n estrat\u00e9gica, que represente los principios y valores del PAN, solo hay improvisaci\u00f3n, oportunismo,"},{"@type":"BreadcrumbList","@id":"https:\/\/arjenoticias.com.mx\/?p=13120#breadcrumb","itemListElement":[{"@type":"ListItem","position":1,"name":"Inicio","item":"https:\/\/arjenoticias.com.mx\/"},{"@type":"ListItem","position":2,"name":"Por una oposici\u00f3n unida: Carlos Angulo Parra"}]},{"@type":"WebSite","@id":"https:\/\/arjenoticias.com.mx\/#website","url":"https:\/\/arjenoticias.com.mx\/","name":"arjenoticias.com.mx","description":"","publisher":{"@id":"https:\/\/arjenoticias.com.mx\/#organization"},"potentialAction":[{"@type":"SearchAction","target":{"@type":"EntryPoint","urlTemplate":"https:\/\/arjenoticias.com.mx\/?s={search_term_string}"},"query-input":{"@type":"PropertyValueSpecification","valueRequired":true,"valueName":"search_term_string"}}],"inLanguage":"es"},{"@type":"Organization","@id":"https:\/\/arjenoticias.com.mx\/#organization","name":"Arj\u00e9 de M\u00e9xico Noticias","url":"https:\/\/arjenoticias.com.mx\/","logo":{"@type":"ImageObject","inLanguage":"es","@id":"https:\/\/arjenoticias.com.mx\/#\/schema\/logo\/image\/","url":"https:\/\/arjenoticias.com.mx\/wp-content\/uploads\/2025\/07\/cropped-logo-scaled-1.png","contentUrl":"https:\/\/arjenoticias.com.mx\/wp-content\/uploads\/2025\/07\/cropped-logo-scaled-1.png","width":2558,"height":558,"caption":"Arj\u00e9 de M\u00e9xico Noticias"},"image":{"@id":"https:\/\/arjenoticias.com.mx\/#\/schema\/logo\/image\/"}},{"@type":"Person","@id":"https:\/\/arjenoticias.com.mx\/#\/schema\/person\/7cf85107cd016c7470ee0a74d076b2d4","name":"Carlos Fernando Angulo Parra","image":{"@type":"ImageObject","inLanguage":"es","@id":"https:\/\/secure.gravatar.com\/avatar\/7ed0bfe4780c6a70e37a228f84cbb9c7016007d7a5f73e0b55338e243b44eff8?s=96&d=mm&r=g","url":"https:\/\/secure.gravatar.com\/avatar\/7ed0bfe4780c6a70e37a228f84cbb9c7016007d7a5f73e0b55338e243b44eff8?s=96&d=mm&r=g","contentUrl":"https:\/\/secure.gravatar.com\/avatar\/7ed0bfe4780c6a70e37a228f84cbb9c7016007d7a5f73e0b55338e243b44eff8?s=96&d=mm&r=g","caption":"Carlos Fernando Angulo Parra"},"url":"https:\/\/arjenoticias.com.mx\/?author=85"}]}},"_links":{"self":[{"href":"https:\/\/arjenoticias.com.mx\/index.php?rest_route=\/wp\/v2\/posts\/13120","targetHints":{"allow":["GET"]}}],"collection":[{"href":"https:\/\/arjenoticias.com.mx\/index.php?rest_route=\/wp\/v2\/posts"}],"about":[{"href":"https:\/\/arjenoticias.com.mx\/index.php?rest_route=\/wp\/v2\/types\/post"}],"author":[{"embeddable":true,"href":"https:\/\/arjenoticias.com.mx\/index.php?rest_route=\/wp\/v2\/users\/85"}],"replies":[{"embeddable":true,"href":"https:\/\/arjenoticias.com.mx\/index.php?rest_route=%2Fwp%2Fv2%2Fcomments&post=13120"}],"version-history":[{"count":0,"href":"https:\/\/arjenoticias.com.mx\/index.php?rest_route=\/wp\/v2\/posts\/13120\/revisions"}],"wp:featuredmedia":[{"embeddable":true,"href":"https:\/\/arjenoticias.com.mx\/index.php?rest_route=\/wp\/v2\/media\/11881"}],"wp:attachment":[{"href":"https:\/\/arjenoticias.com.mx\/index.php?rest_route=%2Fwp%2Fv2%2Fmedia&parent=13120"}],"wp:term":[{"taxonomy":"category","embeddable":true,"href":"https:\/\/arjenoticias.com.mx\/index.php?rest_route=%2Fwp%2Fv2%2Fcategories&post=13120"},{"taxonomy":"post_tag","embeddable":true,"href":"https:\/\/arjenoticias.com.mx\/index.php?rest_route=%2Fwp%2Fv2%2Ftags&post=13120"}],"curies":[{"name":"wp","href":"https:\/\/api.w.org\/{rel}","templated":true}]}}