{"id":12635,"date":"2026-04-12T12:04:58","date_gmt":"2026-04-12T18:04:58","guid":{"rendered":"https:\/\/arjenoticias.com\/?p=12635"},"modified":"2026-04-12T12:04:58","modified_gmt":"2026-04-12T18:04:58","slug":"del-golpeado-sistema-de-salud-a-la-universalidad-hay-mas-de-un-paso-vito-saint-germain","status":"publish","type":"post","link":"https:\/\/arjenoticias.com.mx\/?p=12635","title":{"rendered":"Del golpeado Sistema de Salud a la universalidad hay m\u00e1s de un paso: Vito Saint Germain"},"content":{"rendered":"\n<p class=\"wp-block-paragraph\">El 13 de abril, el gobierno mexicano anunci\u00f3 la creaci\u00f3n de un Sistema Universal de Salud (SUS). Este proyecto inicia con la credencializaci\u00f3n progresiva de los beneficiarios, quienes, por la naturaleza universal del sistema, deben ser todos los mexicanos. La base jur\u00eddica de esta propuesta se encuentra en el art\u00edculo cuarto de la Constituci\u00f3n, que garantiza el derecho a la protecci\u00f3n de la salud sin discriminaci\u00f3n alguna.<\/p>\n\n\n\n<p class=\"wp-block-paragraph\">Sin embargo, en la vida diaria, la mayor\u00eda de los habitantes del pa\u00eds est\u00e1 lejos de percibir la atenci\u00f3n en salud \u2014para ellos y sus familias\u2014 como un derecho humano garantizado por el Estado. Cerca del 60% de la poblaci\u00f3n no est\u00e1 afiliada a ninguno de los m\u00faltiples servicios de salud p\u00fablica en que se fragmenta el sistema nacional: IMSS, ISSSTE, SEDENA, SEMAR, PEMEX y Hospitales Universitarios, entre otros.<\/p>\n\n\n\n<p class=\"wp-block-paragraph\">Esto significa que una gran parte de la poblaci\u00f3n no tiene garantizada su atenci\u00f3n m\u00e9dica. Por ello, recurren al sector privado o a saturados servicios estatales de salud o al IMSS Bienestar, los cuales frecuentemente carecen de todos los niveles de especialidad. En todos los casos, deben pagar de su propio bolsillo los medicamentos e insumos que falten, o directamente la cuenta, convirtiendo as\u00ed la falta de recursos econ\u00f3micos en una forma de discriminaci\u00f3n.<\/p>\n\n\n\n<p class=\"wp-block-paragraph\">Un sistema de salud se considera universal cuando toda la poblaci\u00f3n tiene acceso efectivo a servicios esenciales de calidad, de acuerdo con sus necesidades (promoci\u00f3n, prevenci\u00f3n, tratamiento, rehabilitaci\u00f3n y cuidados paliativos), sin enfrentar dificultades financieras.<\/p>\n\n\n\n<p class=\"wp-block-paragraph\">Oportunidades Perdidas y Retroceso en la Integraci\u00f3n<\/p>\n\n\n\n<p class=\"wp-block-paragraph\">Los primeros a\u00f1os de la administraci\u00f3n de Enrique Pe\u00f1a Nieto y el inicio de la presidencia de L\u00f3pez Obrador representaban una ventana de oportunidad para integrar los sistemas de atenci\u00f3n en M\u00e9xico. El Seguro Popular hab\u00eda logrado afiliar a la poblaci\u00f3n informal no asegurada y financiaba atenci\u00f3n para enfermedades frecuentes en adultos y en su totalidad para menores incluyendo las consideradas catastr\u00f3ficas, como las diferentes formas de leucemia. Adem\u00e1s, exist\u00eda un padr\u00f3n nacional de afiliados y se hab\u00edan invertido miles de millones de pesos en salud.<\/p>\n\n\n\n<p class=\"wp-block-paragraph\">A pesar de ello, Pe\u00f1a Nieto opt\u00f3 por la continuidad y consolidaci\u00f3n, mientras que L\u00f3pez Obrador, en lugar de avanzar hacia un sistema \u00fanico, desmantel\u00f3+ los logros previos, provocando un retroceso de d\u00e9cadas. Entre 2.5 y 4 a\u00f1os de esperanza de vida se perdieron durante su gesti\u00f3n para su amado pueblo mexicano.<\/p>\n\n\n\n<p class=\"wp-block-paragraph\">Dificultades para la Integraci\u00f3n del Sistema de Salud<\/p>\n\n\n\n<p class=\"wp-block-paragraph\">Integrar los sistemas de salud implica retos complejos, como la unificaci\u00f3n o el respeto de contratos sindicales, diferentes formas de administraci\u00f3n y la homologaci\u00f3n de niveles y costos de atenci\u00f3n m\u00e9dica. Pero el mayor desaf\u00edo es, sin duda, la necesidad de aumentar la inversi\u00f3n p\u00fablica en salud hasta alcanzar el 7 u 8% del PIB. Para comparar, Dinamarca invierte m\u00e1s del 10% y la recomendaci\u00f3n internacional es al menos el 6%.<\/p>\n\n\n\n<p class=\"wp-block-paragraph\">Radiograf\u00eda Actual: P\u00fablico en el Discurso, Privado en el Gasto<\/p>\n\n\n\n<p class=\"wp-block-paragraph\">Actualmente, el sistema de atenci\u00f3n m\u00e9dica en M\u00e9xico es p\u00fablico en el discurso, pero privado en el gasto. Las farmacias privadas se han convertido en la verdadera red de seguridad en salud, incrementando la desigualdad debido a su costo financiero.<\/p>\n\n\n\n<p class=\"wp-block-paragraph\">Aunque el presupuesto nominal ha aumentado, en t\u00e9rminos reales \u2014ajustando por inflaci\u00f3n y crecimiento poblacional\u2014 el gasto por persona sin seguridad social ha retrocedido. En 2024-2025, el gasto p\u00fablico por cada persona atendida en el sistema IMSS-Bienestar es aproximadamente un 20% menor que el destinado durante el periodo del Seguro Popular (2015-2018).<\/p>\n\n\n\n<p class=\"wp-block-paragraph\">Parte importante del presupuesto de salud se ha subejercido o reasignado a procesos log\u00edsticos ins\u00f3litos y poco eficientes, como la creaci\u00f3n de una mega farmacia, la imposici\u00f3n de un ca\u00f3tico sistema de compra consolidada de medicamento o la reestructuraci\u00f3n administrativa, dejando vac\u00edos en la adquisici\u00f3n de insulinas, quimioterapias y reactivos b\u00e1sicos.<\/p>\n\n\n\n<p class=\"wp-block-paragraph\">Consecuencias de la Centralizaci\u00f3n y la Falta de Operatividad<\/p>\n\n\n\n<p class=\"wp-block-paragraph\">La actual pol\u00edtica prioriz\u00f3 la centralizaci\u00f3n administrativa (IMSS-Bienestar) sobre la operatividad, lo que ha generado consecuencias directas en:<\/p>\n\n\n\n<ul class=\"wp-block-list\">\n<li><strong>Diagn\u00f3stico tard\u00edo:<\/strong> La saturaci\u00f3n del primer nivel p\u00fablico lleva a las personas a acudir al m\u00e9dico privado solo cuando ya presentan s\u00edntomas, perdiendo la oportunidad de detecci\u00f3n temprana.<\/li>\n\n\n\n<li><strong>Fragmentaci\u00f3n del tratamiento:<\/strong> Muchos pacientes alternan entre atenci\u00f3n p\u00fablica (cuando hay medicamentos) y privada (cuando hay urgencia), lo que rompe la continuidad del expediente cl\u00ednico.<\/li>\n\n\n\n<li><strong>Aumento de complicaciones:<\/strong> M\u00e9xico sigue presentando de las tasas de mortalidad por diabetes m\u00e1s altas de la OCDE, y el gasto de bolsillo es el principal factor de empobrecimiento por motivos de salud.<\/li>\n<\/ul>\n\n\n\n<p class=\"wp-block-paragraph\">Comparaci\u00f3n Internacional: M\u00e9xico, Costa Rica y Uruguay<\/p>\n\n\n\n<p class=\"wp-block-paragraph\">Mientras M\u00e9xico opt\u00f3 por desmontar el Seguro Popular, pa\u00edses como Costa Rica fortalecieron durante d\u00e9cadas su Caja Costarricense de Seguro Social (CCSS), invirtiendo casi el triple por ciudadano. En Uruguay, el primer nivel de atenci\u00f3n es una red de policl\u00ednicas p\u00fablicas, donde el gasto de bolsillo es m\u00ednimo y el ciudadano recibe consulta y medicina en el mismo lugar.<\/p>\n\n\n\n<p class=\"wp-block-paragraph\">El Auge de los Consultorios Adyacentes a Farmacias (CAF)<\/p>\n\n\n\n<p class=\"wp-block-paragraph\">A partir de 2010, tras la regulaci\u00f3n de la venta de antibi\u00f3ticos, el modelo de Consultorios Adyacentes a Farmacias (CAF) se expandi\u00f3 r\u00e1pidamente. Para 2012, la saturaci\u00f3n del sistema p\u00fablico, los largos tiempos de espera y el bajo costo asociado a la compra de medicamentos propiciaron que los CAF realizaran una cantidad de consultas diarias similar a la Secretar\u00eda de Salud.<\/p>\n\n\n\n<p class=\"wp-block-paragraph\">Seg\u00fan la Encuesta Nacional de Salud y Nutrici\u00f3n (ENSANUT 2020 y 2021), por primera vez m\u00e1s del 55% de la poblaci\u00f3n busc\u00f3 atenci\u00f3n m\u00e9dica en el sector privado y fue atendida en consultorios de farmacia. Efecto COVID. El gasto de bolsillo alcanz\u00f3 niveles hist\u00f3ricos y en 2022 casi el 49% de quienes tuvieron una necesidad de salud recurrieron a servicios privados. En las farmacias de cada colonia, la espera para consulta es de 15 a 20 minutos, frente a las largas horas o semanas en el sector p\u00fablico.<\/p>\n\n\n\n<p class=\"wp-block-paragraph\">Aunque la consulta es barata, el gasto total se incrementa por la compra de medicamentos.<\/p>\n\n\n\n<p class=\"wp-block-paragraph\">Magnitud del Fen\u00f3meno: Consultas en el Sector Privado y P\u00fablico<\/p>\n\n\n\n<p class=\"wp-block-paragraph\">En promedio, el sistema p\u00fablico realiza 4.5 millones de consultas mensuales, mientras que las farmacias con consultorios anexos, como Dr. Simi y otras cadenas, atienden aproximadamente 13.5 millones de consultas al mes. Otros privados (consultorios, cl\u00ednicas, hospitales) suman entre 6 y 8 millones de consultas mensuales. En total, el sector privado atiende entre 19.5 y 21.5 millones de consultas mensuales de primer nivel, muy por encima del sector p\u00fablico.<\/p>\n\n\n\n<p class=\"wp-block-paragraph\">Financiamiento: Gasto P\u00fablico vs. Gasto de Bolsillo<\/p>\n\n\n\n<p class=\"wp-block-paragraph\">El gasto total en salud en M\u00e9xico ronda el 5.2% del PIB, lejos del 6% recomendado por la OMS. Para 2025-2026, el gasto p\u00fablico directo representa solo entre 2.5% y 3% del PIB; el resto, aproximadamente 2%, corresponde a gasto privado.<\/p>\n\n\n\n<p class=\"wp-block-paragraph\">El gasto de bolsillo creci\u00f3 41% entre 2018 y 2024. Actualmente, <strong>casi 5 de cada 10 pesos gastados en salud provienen directamente de las familias.<\/strong><\/p>\n\n\n\n<p class=\"wp-block-paragraph\">Gran Reto y Alternativas<\/p>\n\n\n\n<p class=\"wp-block-paragraph\">El desaf\u00edo es enorme, pero no imposible. Para avanzar hacia un sistema de salud verdaderamente universal, es necesario duplicar el gasto p\u00fablico en salud. Esto podr\u00eda lograrse reasignando recursos (dejar el barril sin fondo que representa Pemex a la inversi\u00f3n privada), realizando una reforma fiscal integral o incluso considerando la compra de servicios a privados en forma terciada como se hace en Espa\u00f1a o Alemania y como lo comenz\u00f3 a hacer el Seguro Popular. No sobra decir, que dejar de lado las etiquetas ideol\u00f3gicas para integrar a quienes m\u00e1s conocen del tema ayudar\u00eda bastante. El futuro del sistema de salud en M\u00e9xico depender\u00e1 de la voluntad pol\u00edtica y de la capacidad para priorizar la salud como un derecho humano fundamental. Sin salud, las personas pierden todo.<\/p>\n","protected":false},"excerpt":{"rendered":"<p>El 13 de abril, el gobierno mexicano anunci\u00f3 la creaci\u00f3n de un Sistema Universal de&#8230;<\/p>\n","protected":false},"author":96,"featured_media":12899,"comment_status":"closed","ping_status":"closed","sticky":false,"template":"","format":"standard","meta":{"footnotes":""},"categories":[14],"tags":[2534],"class_list":["post-12635","post","type-post","status-publish","format-standard","has-post-thumbnail","hentry","category-salud","tag-sistema-de-salud-universal"],"yoast_head":"<!-- This site is optimized with the Yoast SEO plugin v28.4 - https:\/\/yoast.com\/product\/yoast-seo-wordpress\/ -->\n<title>Del golpeado Sistema de Salud a la universalidad hay m\u00e1s de un paso: Vito Saint Germain -<\/title>\n<meta name=\"description\" content=\"Cerca del 60% de la poblaci\u00f3n no est\u00e1 afiliada a ninguno de los m\u00faltiples servicios de salud p\u00fablica\" \/>\n<meta name=\"robots\" content=\"index, follow, max-snippet:-1, max-image-preview:large, max-video-preview:-1\" \/>\n<link rel=\"canonical\" href=\"https:\/\/arjenoticias.com.mx\/?p=12635\" \/>\n<meta property=\"og:locale\" content=\"es_MX\" \/>\n<meta property=\"og:type\" content=\"article\" \/>\n<meta property=\"og:title\" content=\"Del golpeado Sistema de Salud a la universalidad hay m\u00e1s de un paso: Vito Saint Germain -\" \/>\n<meta property=\"og:description\" content=\"Cerca del 60% de la poblaci\u00f3n no est\u00e1 afiliada a ninguno de los m\u00faltiples servicios de salud p\u00fablica\" \/>\n<meta property=\"og:url\" content=\"https:\/\/arjenoticias.com.mx\/?p=12635\" \/>\n<meta property=\"article:published_time\" content=\"2026-04-12T18:04:58+00:00\" \/>\n<meta property=\"og:image\" content=\"https:\/\/arjenoticias.com.mx\/wp-content\/uploads\/2026\/04\/Copia-de-Vito-Sant-Germain1.jpg\" \/>\n\t<meta property=\"og:image:width\" content=\"1920\" \/>\n\t<meta property=\"og:image:height\" content=\"1080\" \/>\n\t<meta property=\"og:image:type\" content=\"image\/jpeg\" \/>\n<meta name=\"author\" content=\"Vito Saint Germain\" \/>\n<meta name=\"twitter:card\" content=\"summary_large_image\" \/>\n<meta name=\"twitter:label1\" content=\"Escrito por\" \/>\n\t<meta name=\"twitter:data1\" content=\"Vito Saint Germain\" \/>\n\t<meta name=\"twitter:label2\" content=\"Tiempo de lectura\" \/>\n\t<meta name=\"twitter:data2\" content=\"6 minutos\" \/>\n<script type=\"application\/ld+json\" class=\"yoast-schema-graph\">{\"@context\":\"https:\\\/\\\/schema.org\",\"@graph\":[{\"@type\":\"Article\",\"@id\":\"https:\\\/\\\/arjenoticias.com.mx\\\/?p=12635#article\",\"isPartOf\":{\"@id\":\"https:\\\/\\\/arjenoticias.com.mx\\\/?p=12635\"},\"author\":{\"name\":\"Vito Saint Germain\",\"@id\":\"https:\\\/\\\/arjenoticias.com.mx\\\/#\\\/schema\\\/person\\\/7cfc08030a9e7d72e6aa24e37c2b7838\"},\"headline\":\"Del golpeado Sistema de Salud a la universalidad hay m\u00e1s de un paso: Vito Saint Germain\",\"datePublished\":\"2026-04-12T18:04:58+00:00\",\"mainEntityOfPage\":{\"@id\":\"https:\\\/\\\/arjenoticias.com.mx\\\/?p=12635\"},\"wordCount\":1368,\"publisher\":{\"@id\":\"https:\\\/\\\/arjenoticias.com.mx\\\/#organization\"},\"image\":{\"@id\":\"https:\\\/\\\/arjenoticias.com.mx\\\/?p=12635#primaryimage\"},\"thumbnailUrl\":\"https:\\\/\\\/arjenoticias.com.mx\\\/wp-content\\\/uploads\\\/2026\\\/04\\\/Copia-de-Vito-Sant-Germain1.jpg\",\"keywords\":[\"Sistema de Salud Universal\"],\"articleSection\":[\"Salud\"],\"inLanguage\":\"es\"},{\"@type\":\"WebPage\",\"@id\":\"https:\\\/\\\/arjenoticias.com.mx\\\/?p=12635\",\"url\":\"https:\\\/\\\/arjenoticias.com.mx\\\/?p=12635\",\"name\":\"Del golpeado Sistema de Salud a la universalidad hay m\u00e1s de un paso: Vito Saint Germain -\",\"isPartOf\":{\"@id\":\"https:\\\/\\\/arjenoticias.com.mx\\\/#website\"},\"primaryImageOfPage\":{\"@id\":\"https:\\\/\\\/arjenoticias.com.mx\\\/?p=12635#primaryimage\"},\"image\":{\"@id\":\"https:\\\/\\\/arjenoticias.com.mx\\\/?p=12635#primaryimage\"},\"thumbnailUrl\":\"https:\\\/\\\/arjenoticias.com.mx\\\/wp-content\\\/uploads\\\/2026\\\/04\\\/Copia-de-Vito-Sant-Germain1.jpg\",\"datePublished\":\"2026-04-12T18:04:58+00:00\",\"description\":\"Cerca del 60% de la poblaci\u00f3n no est\u00e1 afiliada a ninguno de los m\u00faltiples servicios de salud p\u00fablica\",\"breadcrumb\":{\"@id\":\"https:\\\/\\\/arjenoticias.com.mx\\\/?p=12635#breadcrumb\"},\"inLanguage\":\"es\",\"potentialAction\":[{\"@type\":\"ReadAction\",\"target\":[\"https:\\\/\\\/arjenoticias.com.mx\\\/?p=12635\"]}]},{\"@type\":\"ImageObject\",\"inLanguage\":\"es\",\"@id\":\"https:\\\/\\\/arjenoticias.com.mx\\\/?p=12635#primaryimage\",\"url\":\"https:\\\/\\\/arjenoticias.com.mx\\\/wp-content\\\/uploads\\\/2026\\\/04\\\/Copia-de-Vito-Sant-Germain1.jpg\",\"contentUrl\":\"https:\\\/\\\/arjenoticias.com.mx\\\/wp-content\\\/uploads\\\/2026\\\/04\\\/Copia-de-Vito-Sant-Germain1.jpg\",\"width\":1920,\"height\":1080,\"caption\":\"Sistema de Salud colapsado\"},{\"@type\":\"BreadcrumbList\",\"@id\":\"https:\\\/\\\/arjenoticias.com.mx\\\/?p=12635#breadcrumb\",\"itemListElement\":[{\"@type\":\"ListItem\",\"position\":1,\"name\":\"Inicio\",\"item\":\"https:\\\/\\\/arjenoticias.com.mx\\\/\"},{\"@type\":\"ListItem\",\"position\":2,\"name\":\"Del golpeado Sistema de Salud a la universalidad hay m\u00e1s de un paso: Vito Saint Germain\"}]},{\"@type\":\"WebSite\",\"@id\":\"https:\\\/\\\/arjenoticias.com.mx\\\/#website\",\"url\":\"https:\\\/\\\/arjenoticias.com.mx\\\/\",\"name\":\"arjenoticias.com.mx\",\"description\":\"\",\"publisher\":{\"@id\":\"https:\\\/\\\/arjenoticias.com.mx\\\/#organization\"},\"potentialAction\":[{\"@type\":\"SearchAction\",\"target\":{\"@type\":\"EntryPoint\",\"urlTemplate\":\"https:\\\/\\\/arjenoticias.com.mx\\\/?s={search_term_string}\"},\"query-input\":{\"@type\":\"PropertyValueSpecification\",\"valueRequired\":true,\"valueName\":\"search_term_string\"}}],\"inLanguage\":\"es\"},{\"@type\":\"Organization\",\"@id\":\"https:\\\/\\\/arjenoticias.com.mx\\\/#organization\",\"name\":\"Arj\u00e9 de M\u00e9xico Noticias\",\"url\":\"https:\\\/\\\/arjenoticias.com.mx\\\/\",\"logo\":{\"@type\":\"ImageObject\",\"inLanguage\":\"es\",\"@id\":\"https:\\\/\\\/arjenoticias.com.mx\\\/#\\\/schema\\\/logo\\\/image\\\/\",\"url\":\"https:\\\/\\\/arjenoticias.com.mx\\\/wp-content\\\/uploads\\\/2025\\\/07\\\/cropped-logo-scaled-1.png\",\"contentUrl\":\"https:\\\/\\\/arjenoticias.com.mx\\\/wp-content\\\/uploads\\\/2025\\\/07\\\/cropped-logo-scaled-1.png\",\"width\":2558,\"height\":558,\"caption\":\"Arj\u00e9 de M\u00e9xico Noticias\"},\"image\":{\"@id\":\"https:\\\/\\\/arjenoticias.com.mx\\\/#\\\/schema\\\/logo\\\/image\\\/\"}},{\"@type\":\"Person\",\"@id\":\"https:\\\/\\\/arjenoticias.com.mx\\\/#\\\/schema\\\/person\\\/7cfc08030a9e7d72e6aa24e37c2b7838\",\"name\":\"Vito Saint Germain\",\"image\":{\"@type\":\"ImageObject\",\"inLanguage\":\"es\",\"@id\":\"https:\\\/\\\/secure.gravatar.com\\\/avatar\\\/3b01e6f0e4461b73374b5227e4dd6c0f50f209cd738cb96c42bf493ecda95ab9?s=96&d=mm&r=g\",\"url\":\"https:\\\/\\\/secure.gravatar.com\\\/avatar\\\/3b01e6f0e4461b73374b5227e4dd6c0f50f209cd738cb96c42bf493ecda95ab9?s=96&d=mm&r=g\",\"contentUrl\":\"https:\\\/\\\/secure.gravatar.com\\\/avatar\\\/3b01e6f0e4461b73374b5227e4dd6c0f50f209cd738cb96c42bf493ecda95ab9?s=96&d=mm&r=g\",\"caption\":\"Vito Saint Germain\"},\"url\":\"https:\\\/\\\/arjenoticias.com.mx\\\/?author=96\"}]}<\/script>\n<!-- \/ Yoast SEO plugin. -->","yoast_head_json":{"title":"Del golpeado Sistema de Salud a la universalidad hay m\u00e1s de un paso: Vito Saint Germain -","description":"Cerca del 60% de la poblaci\u00f3n no est\u00e1 afiliada a ninguno de los m\u00faltiples servicios de salud p\u00fablica","robots":{"index":"index","follow":"follow","max-snippet":"max-snippet:-1","max-image-preview":"max-image-preview:large","max-video-preview":"max-video-preview:-1"},"canonical":"https:\/\/arjenoticias.com.mx\/?p=12635","og_locale":"es_MX","og_type":"article","og_title":"Del golpeado Sistema de Salud a la universalidad hay m\u00e1s de un paso: Vito Saint Germain -","og_description":"Cerca del 60% de la poblaci\u00f3n no est\u00e1 afiliada a ninguno de los m\u00faltiples servicios de salud p\u00fablica","og_url":"https:\/\/arjenoticias.com.mx\/?p=12635","article_published_time":"2026-04-12T18:04:58+00:00","og_image":[{"width":1920,"height":1080,"url":"https:\/\/arjenoticias.com.mx\/wp-content\/uploads\/2026\/04\/Copia-de-Vito-Sant-Germain1.jpg","type":"image\/jpeg"}],"author":"Vito Saint Germain","twitter_card":"summary_large_image","twitter_misc":{"Escrito por":"Vito Saint Germain","Tiempo de lectura":"6 minutos"},"schema":{"@context":"https:\/\/schema.org","@graph":[{"@type":"Article","@id":"https:\/\/arjenoticias.com.mx\/?p=12635#article","isPartOf":{"@id":"https:\/\/arjenoticias.com.mx\/?p=12635"},"author":{"name":"Vito Saint Germain","@id":"https:\/\/arjenoticias.com.mx\/#\/schema\/person\/7cfc08030a9e7d72e6aa24e37c2b7838"},"headline":"Del golpeado Sistema de Salud a la universalidad hay m\u00e1s de un paso: Vito Saint Germain","datePublished":"2026-04-12T18:04:58+00:00","mainEntityOfPage":{"@id":"https:\/\/arjenoticias.com.mx\/?p=12635"},"wordCount":1368,"publisher":{"@id":"https:\/\/arjenoticias.com.mx\/#organization"},"image":{"@id":"https:\/\/arjenoticias.com.mx\/?p=12635#primaryimage"},"thumbnailUrl":"https:\/\/arjenoticias.com.mx\/wp-content\/uploads\/2026\/04\/Copia-de-Vito-Sant-Germain1.jpg","keywords":["Sistema de Salud Universal"],"articleSection":["Salud"],"inLanguage":"es"},{"@type":"WebPage","@id":"https:\/\/arjenoticias.com.mx\/?p=12635","url":"https:\/\/arjenoticias.com.mx\/?p=12635","name":"Del golpeado Sistema de Salud a la universalidad hay m\u00e1s de un paso: Vito Saint Germain -","isPartOf":{"@id":"https:\/\/arjenoticias.com.mx\/#website"},"primaryImageOfPage":{"@id":"https:\/\/arjenoticias.com.mx\/?p=12635#primaryimage"},"image":{"@id":"https:\/\/arjenoticias.com.mx\/?p=12635#primaryimage"},"thumbnailUrl":"https:\/\/arjenoticias.com.mx\/wp-content\/uploads\/2026\/04\/Copia-de-Vito-Sant-Germain1.jpg","datePublished":"2026-04-12T18:04:58+00:00","description":"Cerca del 60% de la poblaci\u00f3n no est\u00e1 afiliada a ninguno de los m\u00faltiples servicios de salud p\u00fablica","breadcrumb":{"@id":"https:\/\/arjenoticias.com.mx\/?p=12635#breadcrumb"},"inLanguage":"es","potentialAction":[{"@type":"ReadAction","target":["https:\/\/arjenoticias.com.mx\/?p=12635"]}]},{"@type":"ImageObject","inLanguage":"es","@id":"https:\/\/arjenoticias.com.mx\/?p=12635#primaryimage","url":"https:\/\/arjenoticias.com.mx\/wp-content\/uploads\/2026\/04\/Copia-de-Vito-Sant-Germain1.jpg","contentUrl":"https:\/\/arjenoticias.com.mx\/wp-content\/uploads\/2026\/04\/Copia-de-Vito-Sant-Germain1.jpg","width":1920,"height":1080,"caption":"Sistema de Salud colapsado"},{"@type":"BreadcrumbList","@id":"https:\/\/arjenoticias.com.mx\/?p=12635#breadcrumb","itemListElement":[{"@type":"ListItem","position":1,"name":"Inicio","item":"https:\/\/arjenoticias.com.mx\/"},{"@type":"ListItem","position":2,"name":"Del golpeado Sistema de Salud a la universalidad hay m\u00e1s de un paso: Vito Saint Germain"}]},{"@type":"WebSite","@id":"https:\/\/arjenoticias.com.mx\/#website","url":"https:\/\/arjenoticias.com.mx\/","name":"arjenoticias.com.mx","description":"","publisher":{"@id":"https:\/\/arjenoticias.com.mx\/#organization"},"potentialAction":[{"@type":"SearchAction","target":{"@type":"EntryPoint","urlTemplate":"https:\/\/arjenoticias.com.mx\/?s={search_term_string}"},"query-input":{"@type":"PropertyValueSpecification","valueRequired":true,"valueName":"search_term_string"}}],"inLanguage":"es"},{"@type":"Organization","@id":"https:\/\/arjenoticias.com.mx\/#organization","name":"Arj\u00e9 de M\u00e9xico Noticias","url":"https:\/\/arjenoticias.com.mx\/","logo":{"@type":"ImageObject","inLanguage":"es","@id":"https:\/\/arjenoticias.com.mx\/#\/schema\/logo\/image\/","url":"https:\/\/arjenoticias.com.mx\/wp-content\/uploads\/2025\/07\/cropped-logo-scaled-1.png","contentUrl":"https:\/\/arjenoticias.com.mx\/wp-content\/uploads\/2025\/07\/cropped-logo-scaled-1.png","width":2558,"height":558,"caption":"Arj\u00e9 de M\u00e9xico Noticias"},"image":{"@id":"https:\/\/arjenoticias.com.mx\/#\/schema\/logo\/image\/"}},{"@type":"Person","@id":"https:\/\/arjenoticias.com.mx\/#\/schema\/person\/7cfc08030a9e7d72e6aa24e37c2b7838","name":"Vito Saint Germain","image":{"@type":"ImageObject","inLanguage":"es","@id":"https:\/\/secure.gravatar.com\/avatar\/3b01e6f0e4461b73374b5227e4dd6c0f50f209cd738cb96c42bf493ecda95ab9?s=96&d=mm&r=g","url":"https:\/\/secure.gravatar.com\/avatar\/3b01e6f0e4461b73374b5227e4dd6c0f50f209cd738cb96c42bf493ecda95ab9?s=96&d=mm&r=g","contentUrl":"https:\/\/secure.gravatar.com\/avatar\/3b01e6f0e4461b73374b5227e4dd6c0f50f209cd738cb96c42bf493ecda95ab9?s=96&d=mm&r=g","caption":"Vito Saint Germain"},"url":"https:\/\/arjenoticias.com.mx\/?author=96"}]}},"_links":{"self":[{"href":"https:\/\/arjenoticias.com.mx\/index.php?rest_route=\/wp\/v2\/posts\/12635","targetHints":{"allow":["GET"]}}],"collection":[{"href":"https:\/\/arjenoticias.com.mx\/index.php?rest_route=\/wp\/v2\/posts"}],"about":[{"href":"https:\/\/arjenoticias.com.mx\/index.php?rest_route=\/wp\/v2\/types\/post"}],"author":[{"embeddable":true,"href":"https:\/\/arjenoticias.com.mx\/index.php?rest_route=\/wp\/v2\/users\/96"}],"replies":[{"embeddable":true,"href":"https:\/\/arjenoticias.com.mx\/index.php?rest_route=%2Fwp%2Fv2%2Fcomments&post=12635"}],"version-history":[{"count":0,"href":"https:\/\/arjenoticias.com.mx\/index.php?rest_route=\/wp\/v2\/posts\/12635\/revisions"}],"wp:featuredmedia":[{"embeddable":true,"href":"https:\/\/arjenoticias.com.mx\/index.php?rest_route=\/wp\/v2\/media\/12899"}],"wp:attachment":[{"href":"https:\/\/arjenoticias.com.mx\/index.php?rest_route=%2Fwp%2Fv2%2Fmedia&parent=12635"}],"wp:term":[{"taxonomy":"category","embeddable":true,"href":"https:\/\/arjenoticias.com.mx\/index.php?rest_route=%2Fwp%2Fv2%2Fcategories&post=12635"},{"taxonomy":"post_tag","embeddable":true,"href":"https:\/\/arjenoticias.com.mx\/index.php?rest_route=%2Fwp%2Fv2%2Ftags&post=12635"}],"curies":[{"name":"wp","href":"https:\/\/api.w.org\/{rel}","templated":true}]}}