{"id":12510,"date":"2026-04-09T12:33:42","date_gmt":"2026-04-09T18:33:42","guid":{"rendered":"https:\/\/arjenoticias.com\/?p=12510"},"modified":"2026-04-09T12:33:42","modified_gmt":"2026-04-09T18:33:42","slug":"las-flores-del-mal-charles-baudelaire-y-la-belleza-de-lo-prohibido","status":"publish","type":"post","link":"https:\/\/arjenoticias.com.mx\/?p=12510","title":{"rendered":"Las flores del mal: Charles Baudelaire y la belleza de lo prohibido"},"content":{"rendered":"\n<p class=\"wp-block-paragraph\">En 1857, el poeta franc\u00e9s Charles Baudelaire public\u00f3 una de las obras m\u00e1s influyentes y pol\u00e9micas de la literatura universal: Las flores del mal. Este libro no solo rompi\u00f3 con los esquemas tradicionales de la poes\u00eda de su tiempo, sino que abri\u00f3 la puerta a nuevas corrientes literarias como el simbolismo y el modernismo.<\/p>\n\n\n\n<p class=\"wp-block-paragraph\">Desde su aparici\u00f3n, la obra caus\u00f3 un fuerte esc\u00e1ndalo en la sociedad francesa. Seis de sus poemas fueron censurados por las autoridades debido a su contenido considerado inmoral, al abordar temas como el erotismo, la muerte, el pecado y la decadencia urbana. Sin embargo, lo que en su momento fue motivo de rechazo, hoy es visto como una profunda exploraci\u00f3n de la condici\u00f3n humana.<\/p>\n\n\n\n<p class=\"wp-block-paragraph\">\u201cLas flores del mal\u201d est\u00e1 estructurada en varias secciones que reflejan el conflicto interno del poeta, especialmente entre el ideal y el hast\u00edo, lo que Baudelaire denomin\u00f3 \u201cspleen\u201d. A lo largo del libro, el autor transforma lo cotidiano y lo oscuro en una forma de belleza po\u00e9tica, mostrando que incluso en lo m\u00e1s decadente puede existir arte.<\/p>\n\n\n\n<p class=\"wp-block-paragraph\">La figura del poeta en esta obra es la de un observador cr\u00edtico de la modernidad, especialmente de la vida en la ciudad de Par\u00eds. <strong>Baudelaire retrata una sociedad marcada por el tedio, la corrupci\u00f3n moral y la b\u00fasqueda constante de placer, anticipando muchos de los dilemas del mundo contempor\u00e1neo.<\/strong><\/p>\n\n\n\n<p class=\"wp-block-paragraph\">Con el paso del tiempo, \u201cLas flores del mal\u201d ha sido reconocida como una obra fundamental que redefini\u00f3 la poes\u00eda. Su influencia se extiende a generaciones de escritores que encontraron en Baudelaire una nueva forma de expresar la complejidad del alma humana.<\/p>\n\n\n\n<p class=\"wp-block-paragraph\">Hoy, m\u00e1s de un siglo despu\u00e9s de su publicaci\u00f3n, la obra sigue vigente, record\u00e1ndonos que la belleza puede surgir incluso en los rincones m\u00e1s oscuros de la existencia.<\/p>\n","protected":false},"excerpt":{"rendered":"<p>En 1857, el poeta franc\u00e9s Charles Baudelaire public\u00f3 una de las obras m\u00e1s influyentes y&#8230;<\/p>\n","protected":false},"author":66,"featured_media":12511,"comment_status":"closed","ping_status":"closed","sticky":false,"template":"","format":"standard","meta":{"footnotes":""},"categories":[5],"tags":[380,1016],"class_list":["post-12510","post","type-post","status-publish","format-standard","has-post-thumbnail","hentry","category-cultura","tag-charles-baudelaire","tag-flores-del-mal"],"yoast_head":"<!-- This site is optimized with the Yoast SEO plugin v28.4 - https:\/\/yoast.com\/product\/yoast-seo-wordpress\/ -->\n<title>Las flores del mal: Charles Baudelaire y la belleza de lo prohibido -<\/title>\n<meta name=\"description\" content=\"Esta colecci\u00f3n po\u00e9tica de Charles Baudelaire explora la belleza en lo prohibido, lo decadente y lo oscuro, Arjenoticias te informa.\" \/>\n<meta name=\"robots\" content=\"index, follow, max-snippet:-1, max-image-preview:large, max-video-preview:-1\" \/>\n<link rel=\"canonical\" href=\"https:\/\/arjenoticias.com.mx\/?p=12510\" \/>\n<meta property=\"og:locale\" content=\"es_MX\" \/>\n<meta property=\"og:type\" content=\"article\" \/>\n<meta property=\"og:title\" content=\"Las flores del mal: Charles Baudelaire y la belleza de lo prohibido -\" \/>\n<meta property=\"og:description\" content=\"Esta colecci\u00f3n po\u00e9tica de Charles Baudelaire explora la belleza en lo prohibido, lo decadente y lo oscuro, Arjenoticias te informa.\" \/>\n<meta property=\"og:url\" content=\"https:\/\/arjenoticias.com.mx\/?p=12510\" \/>\n<meta property=\"article:published_time\" content=\"2026-04-09T18:33:42+00:00\" \/>\n<meta property=\"og:image\" content=\"https:\/\/arjenoticias.com.mx\/wp-content\/uploads\/2026\/04\/Las-flores-del-mal.jpg\" \/>\n\t<meta property=\"og:image:width\" content=\"649\" \/>\n\t<meta property=\"og:image:height\" content=\"1000\" \/>\n\t<meta property=\"og:image:type\" content=\"image\/jpeg\" \/>\n<meta name=\"author\" content=\"Arj\u00e9 Noticias\" \/>\n<meta name=\"twitter:card\" content=\"summary_large_image\" \/>\n<meta name=\"twitter:label1\" content=\"Escrito por\" \/>\n\t<meta name=\"twitter:data1\" content=\"Arj\u00e9 Noticias\" \/>\n\t<meta name=\"twitter:label2\" content=\"Tiempo de lectura\" \/>\n\t<meta name=\"twitter:data2\" content=\"2 minutos\" \/>\n<script type=\"application\/ld+json\" class=\"yoast-schema-graph\">{\"@context\":\"https:\\\/\\\/schema.org\",\"@graph\":[{\"@type\":\"Article\",\"@id\":\"https:\\\/\\\/arjenoticias.com.mx\\\/?p=12510#article\",\"isPartOf\":{\"@id\":\"https:\\\/\\\/arjenoticias.com.mx\\\/?p=12510\"},\"author\":{\"name\":\"Arj\u00e9 Noticias\",\"@id\":\"https:\\\/\\\/arjenoticias.com.mx\\\/#\\\/schema\\\/person\\\/83f9fb68162b16794b69a8186dd31bc0\"},\"headline\":\"Las flores del mal: Charles Baudelaire y la belleza de lo prohibido\",\"datePublished\":\"2026-04-09T18:33:42+00:00\",\"mainEntityOfPage\":{\"@id\":\"https:\\\/\\\/arjenoticias.com.mx\\\/?p=12510\"},\"wordCount\":328,\"publisher\":{\"@id\":\"https:\\\/\\\/arjenoticias.com.mx\\\/#organization\"},\"image\":{\"@id\":\"https:\\\/\\\/arjenoticias.com.mx\\\/?p=12510#primaryimage\"},\"thumbnailUrl\":\"https:\\\/\\\/arjenoticias.com.mx\\\/wp-content\\\/uploads\\\/2026\\\/04\\\/Las-flores-del-mal.jpg\",\"keywords\":[\"Charles Baudelaire\",\"Flores del mal\"],\"articleSection\":[\"Cultura y Entretenimiento\"],\"inLanguage\":\"es\"},{\"@type\":\"WebPage\",\"@id\":\"https:\\\/\\\/arjenoticias.com.mx\\\/?p=12510\",\"url\":\"https:\\\/\\\/arjenoticias.com.mx\\\/?p=12510\",\"name\":\"Las flores del mal: Charles Baudelaire y la belleza de lo prohibido -\",\"isPartOf\":{\"@id\":\"https:\\\/\\\/arjenoticias.com.mx\\\/#website\"},\"primaryImageOfPage\":{\"@id\":\"https:\\\/\\\/arjenoticias.com.mx\\\/?p=12510#primaryimage\"},\"image\":{\"@id\":\"https:\\\/\\\/arjenoticias.com.mx\\\/?p=12510#primaryimage\"},\"thumbnailUrl\":\"https:\\\/\\\/arjenoticias.com.mx\\\/wp-content\\\/uploads\\\/2026\\\/04\\\/Las-flores-del-mal.jpg\",\"datePublished\":\"2026-04-09T18:33:42+00:00\",\"description\":\"Esta colecci\u00f3n po\u00e9tica de Charles Baudelaire explora la belleza en lo prohibido, lo decadente y lo oscuro, Arjenoticias te informa.\",\"breadcrumb\":{\"@id\":\"https:\\\/\\\/arjenoticias.com.mx\\\/?p=12510#breadcrumb\"},\"inLanguage\":\"es\",\"potentialAction\":[{\"@type\":\"ReadAction\",\"target\":[\"https:\\\/\\\/arjenoticias.com.mx\\\/?p=12510\"]}]},{\"@type\":\"ImageObject\",\"inLanguage\":\"es\",\"@id\":\"https:\\\/\\\/arjenoticias.com.mx\\\/?p=12510#primaryimage\",\"url\":\"https:\\\/\\\/arjenoticias.com.mx\\\/wp-content\\\/uploads\\\/2026\\\/04\\\/Las-flores-del-mal.jpg\",\"contentUrl\":\"https:\\\/\\\/arjenoticias.com.mx\\\/wp-content\\\/uploads\\\/2026\\\/04\\\/Las-flores-del-mal.jpg\",\"width\":649,\"height\":1000,\"caption\":\"Publicada en el siglo XIX, esta colecci\u00f3n po\u00e9tica marc\u00f3 un antes y un despu\u00e9s en la literatura al explorar la belleza en lo prohibido, lo decadente y lo oscuro.\"},{\"@type\":\"BreadcrumbList\",\"@id\":\"https:\\\/\\\/arjenoticias.com.mx\\\/?p=12510#breadcrumb\",\"itemListElement\":[{\"@type\":\"ListItem\",\"position\":1,\"name\":\"Inicio\",\"item\":\"https:\\\/\\\/arjenoticias.com.mx\\\/\"},{\"@type\":\"ListItem\",\"position\":2,\"name\":\"Las flores del mal: Charles Baudelaire y la belleza de lo prohibido\"}]},{\"@type\":\"WebSite\",\"@id\":\"https:\\\/\\\/arjenoticias.com.mx\\\/#website\",\"url\":\"https:\\\/\\\/arjenoticias.com.mx\\\/\",\"name\":\"arjenoticias.com.mx\",\"description\":\"\",\"publisher\":{\"@id\":\"https:\\\/\\\/arjenoticias.com.mx\\\/#organization\"},\"potentialAction\":[{\"@type\":\"SearchAction\",\"target\":{\"@type\":\"EntryPoint\",\"urlTemplate\":\"https:\\\/\\\/arjenoticias.com.mx\\\/?s={search_term_string}\"},\"query-input\":{\"@type\":\"PropertyValueSpecification\",\"valueRequired\":true,\"valueName\":\"search_term_string\"}}],\"inLanguage\":\"es\"},{\"@type\":\"Organization\",\"@id\":\"https:\\\/\\\/arjenoticias.com.mx\\\/#organization\",\"name\":\"Arj\u00e9 de M\u00e9xico Noticias\",\"url\":\"https:\\\/\\\/arjenoticias.com.mx\\\/\",\"logo\":{\"@type\":\"ImageObject\",\"inLanguage\":\"es\",\"@id\":\"https:\\\/\\\/arjenoticias.com.mx\\\/#\\\/schema\\\/logo\\\/image\\\/\",\"url\":\"https:\\\/\\\/arjenoticias.com.mx\\\/wp-content\\\/uploads\\\/2025\\\/07\\\/cropped-logo-scaled-1.png\",\"contentUrl\":\"https:\\\/\\\/arjenoticias.com.mx\\\/wp-content\\\/uploads\\\/2025\\\/07\\\/cropped-logo-scaled-1.png\",\"width\":2558,\"height\":558,\"caption\":\"Arj\u00e9 de M\u00e9xico Noticias\"},\"image\":{\"@id\":\"https:\\\/\\\/arjenoticias.com.mx\\\/#\\\/schema\\\/logo\\\/image\\\/\"}},{\"@type\":\"Person\",\"@id\":\"https:\\\/\\\/arjenoticias.com.mx\\\/#\\\/schema\\\/person\\\/83f9fb68162b16794b69a8186dd31bc0\",\"name\":\"Arj\u00e9 Noticias\",\"image\":{\"@type\":\"ImageObject\",\"inLanguage\":\"es\",\"@id\":\"https:\\\/\\\/secure.gravatar.com\\\/avatar\\\/f604b88a0e24c04f3f89fae6b5400bfd6093d0999292a64803d3651d9d4a35a5?s=96&d=mm&r=g\",\"url\":\"https:\\\/\\\/secure.gravatar.com\\\/avatar\\\/f604b88a0e24c04f3f89fae6b5400bfd6093d0999292a64803d3651d9d4a35a5?s=96&d=mm&r=g\",\"contentUrl\":\"https:\\\/\\\/secure.gravatar.com\\\/avatar\\\/f604b88a0e24c04f3f89fae6b5400bfd6093d0999292a64803d3651d9d4a35a5?s=96&d=mm&r=g\",\"caption\":\"Arj\u00e9 Noticias\"},\"url\":\"https:\\\/\\\/arjenoticias.com.mx\\\/?author=66\"}]}<\/script>\n<!-- \/ Yoast SEO plugin. -->","yoast_head_json":{"title":"Las flores del mal: Charles Baudelaire y la belleza de lo prohibido -","description":"Esta colecci\u00f3n po\u00e9tica de Charles Baudelaire explora la belleza en lo prohibido, lo decadente y lo oscuro, Arjenoticias te informa.","robots":{"index":"index","follow":"follow","max-snippet":"max-snippet:-1","max-image-preview":"max-image-preview:large","max-video-preview":"max-video-preview:-1"},"canonical":"https:\/\/arjenoticias.com.mx\/?p=12510","og_locale":"es_MX","og_type":"article","og_title":"Las flores del mal: Charles Baudelaire y la belleza de lo prohibido -","og_description":"Esta colecci\u00f3n po\u00e9tica de Charles Baudelaire explora la belleza en lo prohibido, lo decadente y lo oscuro, Arjenoticias te informa.","og_url":"https:\/\/arjenoticias.com.mx\/?p=12510","article_published_time":"2026-04-09T18:33:42+00:00","og_image":[{"width":649,"height":1000,"url":"https:\/\/arjenoticias.com.mx\/wp-content\/uploads\/2026\/04\/Las-flores-del-mal.jpg","type":"image\/jpeg"}],"author":"Arj\u00e9 Noticias","twitter_card":"summary_large_image","twitter_misc":{"Escrito por":"Arj\u00e9 Noticias","Tiempo de lectura":"2 minutos"},"schema":{"@context":"https:\/\/schema.org","@graph":[{"@type":"Article","@id":"https:\/\/arjenoticias.com.mx\/?p=12510#article","isPartOf":{"@id":"https:\/\/arjenoticias.com.mx\/?p=12510"},"author":{"name":"Arj\u00e9 Noticias","@id":"https:\/\/arjenoticias.com.mx\/#\/schema\/person\/83f9fb68162b16794b69a8186dd31bc0"},"headline":"Las flores del mal: Charles Baudelaire y la belleza de lo prohibido","datePublished":"2026-04-09T18:33:42+00:00","mainEntityOfPage":{"@id":"https:\/\/arjenoticias.com.mx\/?p=12510"},"wordCount":328,"publisher":{"@id":"https:\/\/arjenoticias.com.mx\/#organization"},"image":{"@id":"https:\/\/arjenoticias.com.mx\/?p=12510#primaryimage"},"thumbnailUrl":"https:\/\/arjenoticias.com.mx\/wp-content\/uploads\/2026\/04\/Las-flores-del-mal.jpg","keywords":["Charles Baudelaire","Flores del mal"],"articleSection":["Cultura y Entretenimiento"],"inLanguage":"es"},{"@type":"WebPage","@id":"https:\/\/arjenoticias.com.mx\/?p=12510","url":"https:\/\/arjenoticias.com.mx\/?p=12510","name":"Las flores del mal: Charles Baudelaire y la belleza de lo prohibido -","isPartOf":{"@id":"https:\/\/arjenoticias.com.mx\/#website"},"primaryImageOfPage":{"@id":"https:\/\/arjenoticias.com.mx\/?p=12510#primaryimage"},"image":{"@id":"https:\/\/arjenoticias.com.mx\/?p=12510#primaryimage"},"thumbnailUrl":"https:\/\/arjenoticias.com.mx\/wp-content\/uploads\/2026\/04\/Las-flores-del-mal.jpg","datePublished":"2026-04-09T18:33:42+00:00","description":"Esta colecci\u00f3n po\u00e9tica de Charles Baudelaire explora la belleza en lo prohibido, lo decadente y lo oscuro, Arjenoticias te informa.","breadcrumb":{"@id":"https:\/\/arjenoticias.com.mx\/?p=12510#breadcrumb"},"inLanguage":"es","potentialAction":[{"@type":"ReadAction","target":["https:\/\/arjenoticias.com.mx\/?p=12510"]}]},{"@type":"ImageObject","inLanguage":"es","@id":"https:\/\/arjenoticias.com.mx\/?p=12510#primaryimage","url":"https:\/\/arjenoticias.com.mx\/wp-content\/uploads\/2026\/04\/Las-flores-del-mal.jpg","contentUrl":"https:\/\/arjenoticias.com.mx\/wp-content\/uploads\/2026\/04\/Las-flores-del-mal.jpg","width":649,"height":1000,"caption":"Publicada en el siglo XIX, esta colecci\u00f3n po\u00e9tica marc\u00f3 un antes y un despu\u00e9s en la literatura al explorar la belleza en lo prohibido, lo decadente y lo oscuro."},{"@type":"BreadcrumbList","@id":"https:\/\/arjenoticias.com.mx\/?p=12510#breadcrumb","itemListElement":[{"@type":"ListItem","position":1,"name":"Inicio","item":"https:\/\/arjenoticias.com.mx\/"},{"@type":"ListItem","position":2,"name":"Las flores del mal: Charles Baudelaire y la belleza de lo prohibido"}]},{"@type":"WebSite","@id":"https:\/\/arjenoticias.com.mx\/#website","url":"https:\/\/arjenoticias.com.mx\/","name":"arjenoticias.com.mx","description":"","publisher":{"@id":"https:\/\/arjenoticias.com.mx\/#organization"},"potentialAction":[{"@type":"SearchAction","target":{"@type":"EntryPoint","urlTemplate":"https:\/\/arjenoticias.com.mx\/?s={search_term_string}"},"query-input":{"@type":"PropertyValueSpecification","valueRequired":true,"valueName":"search_term_string"}}],"inLanguage":"es"},{"@type":"Organization","@id":"https:\/\/arjenoticias.com.mx\/#organization","name":"Arj\u00e9 de M\u00e9xico Noticias","url":"https:\/\/arjenoticias.com.mx\/","logo":{"@type":"ImageObject","inLanguage":"es","@id":"https:\/\/arjenoticias.com.mx\/#\/schema\/logo\/image\/","url":"https:\/\/arjenoticias.com.mx\/wp-content\/uploads\/2025\/07\/cropped-logo-scaled-1.png","contentUrl":"https:\/\/arjenoticias.com.mx\/wp-content\/uploads\/2025\/07\/cropped-logo-scaled-1.png","width":2558,"height":558,"caption":"Arj\u00e9 de M\u00e9xico Noticias"},"image":{"@id":"https:\/\/arjenoticias.com.mx\/#\/schema\/logo\/image\/"}},{"@type":"Person","@id":"https:\/\/arjenoticias.com.mx\/#\/schema\/person\/83f9fb68162b16794b69a8186dd31bc0","name":"Arj\u00e9 Noticias","image":{"@type":"ImageObject","inLanguage":"es","@id":"https:\/\/secure.gravatar.com\/avatar\/f604b88a0e24c04f3f89fae6b5400bfd6093d0999292a64803d3651d9d4a35a5?s=96&d=mm&r=g","url":"https:\/\/secure.gravatar.com\/avatar\/f604b88a0e24c04f3f89fae6b5400bfd6093d0999292a64803d3651d9d4a35a5?s=96&d=mm&r=g","contentUrl":"https:\/\/secure.gravatar.com\/avatar\/f604b88a0e24c04f3f89fae6b5400bfd6093d0999292a64803d3651d9d4a35a5?s=96&d=mm&r=g","caption":"Arj\u00e9 Noticias"},"url":"https:\/\/arjenoticias.com.mx\/?author=66"}]}},"_links":{"self":[{"href":"https:\/\/arjenoticias.com.mx\/index.php?rest_route=\/wp\/v2\/posts\/12510","targetHints":{"allow":["GET"]}}],"collection":[{"href":"https:\/\/arjenoticias.com.mx\/index.php?rest_route=\/wp\/v2\/posts"}],"about":[{"href":"https:\/\/arjenoticias.com.mx\/index.php?rest_route=\/wp\/v2\/types\/post"}],"author":[{"embeddable":true,"href":"https:\/\/arjenoticias.com.mx\/index.php?rest_route=\/wp\/v2\/users\/66"}],"replies":[{"embeddable":true,"href":"https:\/\/arjenoticias.com.mx\/index.php?rest_route=%2Fwp%2Fv2%2Fcomments&post=12510"}],"version-history":[{"count":0,"href":"https:\/\/arjenoticias.com.mx\/index.php?rest_route=\/wp\/v2\/posts\/12510\/revisions"}],"wp:featuredmedia":[{"embeddable":true,"href":"https:\/\/arjenoticias.com.mx\/index.php?rest_route=\/wp\/v2\/media\/12511"}],"wp:attachment":[{"href":"https:\/\/arjenoticias.com.mx\/index.php?rest_route=%2Fwp%2Fv2%2Fmedia&parent=12510"}],"wp:term":[{"taxonomy":"category","embeddable":true,"href":"https:\/\/arjenoticias.com.mx\/index.php?rest_route=%2Fwp%2Fv2%2Fcategories&post=12510"},{"taxonomy":"post_tag","embeddable":true,"href":"https:\/\/arjenoticias.com.mx\/index.php?rest_route=%2Fwp%2Fv2%2Ftags&post=12510"}],"curies":[{"name":"wp","href":"https:\/\/api.w.org\/{rel}","templated":true}]}}