{"id":12506,"date":"2026-04-09T11:50:11","date_gmt":"2026-04-09T17:50:11","guid":{"rendered":"https:\/\/arjenoticias.com\/?p=12506"},"modified":"2026-04-09T11:50:11","modified_gmt":"2026-04-09T17:50:11","slug":"cuando-la-guerra-se-decide-antes-de-que-la-realidad-la-alcance","status":"publish","type":"post","link":"https:\/\/arjenoticias.com.mx\/?p=12506","title":{"rendered":"Cuando la guerra se decide, antes de que la realidad la alcance"},"content":{"rendered":"\n<p class=\"wp-block-paragraph\">En los niveles m\u00e1s altos del poder, las decisiones no siempre se toman con la mejor informaci\u00f3n disponible, sino con la narrativa m\u00e1s convincente, influidas por din\u00e1micas donde la lealtad al \u201cjefe\u201d, la preservaci\u00f3n del cargo y la b\u00fasqueda de protagonismo desplazan la racionalidad y el an\u00e1lisis objetivo.<\/p>\n\n\n\n<p class=\"wp-block-paragraph\">Un reciente trabajo de investigaci\u00f3n period\u00edstica de The New York Times \u2014resultado de m\u00faltiples entrevistas, contrastaci\u00f3n de fuentes y un esfuerzo colaborativo digno de reconocerse, dada la opacidad con la que operan estos procesos\u2014 ha permitido reconstruir con notable detalle las circunstancias que rodearon la decisi\u00f3n de Donald Trump de atacar a Ir\u00e1n.<\/p>\n\n\n\n<p class=\"wp-block-paragraph\">Los reportes revelan un proceso que, m\u00e1s all\u00e1 de lo militar, expone con claridad las din\u00e1micas profundas de la Micropol\u00edtica en acci\u00f3n.<\/p>\n\n\n\n\n\n<p class=\"wp-block-paragraph\"><strong>La narrativa precede a la evidencia<\/strong><\/p>\n\n\n\n<p class=\"wp-block-paragraph\">La propuesta no surgi\u00f3 de un an\u00e1lisis interno pausado ni de una evaluaci\u00f3n t\u00e9cnica prolongada. Surgi\u00f3 desde fuera, presentada por Benjam\u00edn Netanyahu en el coraz\u00f3n mismo del poder: la Sala de Crisis. No fue simplemente un informe. Fue una narrativa completa: destruir la capacidad misil\u00edstica de Ir\u00e1n, provocar un cambio de r\u00e9gimen y abrir paso a un nuevo orden pol\u00edtico.<\/p>\n\n\n\n\n\n<p class=\"wp-block-paragraph\"><strong>La se\u00f1al del l\u00edder<\/strong><\/p>\n\n\n\n<p class=\"wp-block-paragraph\">La respuesta inicial fue reveladora. El presidente Donald Trump reaccion\u00f3 con una frase breve pero significativa: \u201csuena bien\u201d.<\/p>\n\n\n\n<p class=\"wp-block-paragraph\">Esa frase, aparentemente simple, contiene una de las claves del ejercicio del poder. No se trata de la veracidad inmediata de la propuesta, sino de su capacidad de encajar con una visi\u00f3n previa, de resultar coherente con un marco mental ya establecido. Pero, adem\u00e1s, en la cultura organizacional que ha construido Donald Trump \u2014donde la lealtad y la obediencia suelen pesar m\u00e1s que las habilidades y el profesionalismo\u2014, el \u201cme parece bien\u201d oper\u00f3 como una se\u00f1al clara de lo que esperaba el jefe: fue, en los hechos, la indicaci\u00f3n de lo que deb\u00eda ser respaldado por sus subalternos.<\/p>\n\n\n\n\n\n<p class=\"wp-block-paragraph\"><strong>Inteligencia vs poder<\/strong><\/p>\n\n\n\n<p class=\"wp-block-paragraph\">Al d\u00eda siguiente, el aparato de inteligencia intent\u00f3 introducir matices. Cuestion\u00f3 la viabilidad de un levantamiento popular, la posibilidad de instaurar un nuevo liderazgo y la rapidez del desenlace. Algunas de esas ideas fueron calificadas como desconectadas de la realidad, incluso como francamente irreales.<\/p>\n\n\n\n<p class=\"wp-block-paragraph\">Sin embargo, el curso de la decisi\u00f3n ya estaba trazado.<\/p>\n\n\n\n<p class=\"wp-block-paragraph\">Aqu\u00ed emerge una de las tensiones m\u00e1s importantes en el ejercicio del poder: la que existe entre la racionalidad t\u00e9cnica y la racionalidad pol\u00edtica. La primera se basa en evidencia, escenarios y l\u00edmites. La segunda en oportunidad, percepci\u00f3n y narrativa.<\/p>\n\n\n\n<p class=\"wp-block-paragraph\">Cuando ambas entran en conflicto, no siempre prevalece la m\u00e1s informada.<\/p>\n\n\n\n\n\n<p class=\"wp-block-paragraph\"><strong>La ilusi\u00f3n de control<\/strong><\/p>\n\n\n\n<p class=\"wp-block-paragraph\">La historia ofrece ejemplos claros de este fen\u00f3meno. Tras sus primeras victorias, Adolf Hitler desarroll\u00f3 una confianza creciente en la eficacia de sus estrategias, mientras las voces de cautela eran progresivamente desplazadas por din\u00e1micas de lealtad y confirmaci\u00f3n.<\/p>\n\n\n\n\n\n<p class=\"wp-block-paragraph\"><strong>El silenciamiento del disenso<\/strong><\/p>\n\n\n\n<p class=\"wp-block-paragraph\">Pero hay un elemento a\u00fan m\u00e1s delicado: el manejo que se hace de los que disienten.<\/p>\n\n\n\n<p class=\"wp-block-paragraph\">El hecho de que la decisi\u00f3n avanzara con poca oposici\u00f3n efectiva no implica ausencia de informaci\u00f3n contraria, sino una limitada capacidad de esa informaci\u00f3n para influir en el proceso. Cuando los c\u00edrculos de decisi\u00f3n se estrechan y la narrativa dominante se impone, la evidencia pierde peso relativo.<\/p>\n\n\n\n<p class=\"wp-block-paragraph\">Esto no es un accidente. Es una caracter\u00edstica recurrente del poder concentrado.<\/p>\n\n\n\n\n\n<p class=\"wp-block-paragraph\"><strong>El proceso detr\u00e1s de la decisi\u00f3n<\/strong><\/p>\n\n\n\n<p class=\"wp-block-paragraph\">En Micropol\u00edtica, entendemos que las decisiones no se toman en el vac\u00edo, sino dentro de estructuras donde influyen relaciones, lealtades, percepciones y, sobre todo, la forma en que se construye la realidad.<\/p>\n\n\n\n<p class=\"wp-block-paragraph\">El problema no es \u00fanicamente la decisi\u00f3n en s\u00ed, sino el proceso que la produce.<\/p>\n\n\n\n<p class=\"wp-block-paragraph\">Cuando la narrativa sustituye a la evidencia, cuando la convicci\u00f3n precede al an\u00e1lisis, y cuando el disenso no logra alterar el curso de acci\u00f3n, el margen de error se ampl\u00eda significativamente.<\/p>\n\n\n\n<p class=\"wp-block-paragraph\">Y en contextos como el de la guerra, ese margen no es menor.<\/p>\n\n\n\n\n\n<p class=\"wp-block-paragraph\"><strong>En s\u00edntesis<\/strong><\/p>\n\n\n\n<p class=\"wp-block-paragraph\">Estamos hablando de dos de los ej\u00e9rcitos m\u00e1s poderosos del mundo, de sistemas de inteligencia altamente sofisticados y de una naci\u00f3n que lidera el desarrollo de la inteligencia artificial a nivel global. Y, sin embargo, incluso en ese nivel, las decisiones pueden estar influidas por din\u00e1micas profundamente humanas: percepci\u00f3n, lealtad, narrativa y poder.<\/p>\n\n\n\n<p class=\"wp-block-paragraph\">No estamos solo ante una decisi\u00f3n militar, sino ante una lecci\u00f3n inquietante sobre c\u00f3mo opera el poder en sus niveles m\u00e1s altos: seleccionando qu\u00e9 creer, a qui\u00e9n escuchar y cu\u00e1ndo actuar.<\/p>\n\n\n\n<p class=\"wp-block-paragraph\">Si esto ocurre en las estructuras m\u00e1s avanzadas del mundo, la pregunta que queda es inevitable:<\/p>\n\n\n\n<p class=\"wp-block-paragraph\">\u00bfqu\u00e9 podemos esperar en contextos donde los controles son m\u00e1s d\u00e9biles, la informaci\u00f3n m\u00e1s limitada y el poder menos cuestionado?<\/p>\n\n\n\n<p class=\"wp-block-paragraph\">Porque, en el ejercicio del poder, la realidad no siempre se impone\u2026<\/p>\n\n\n\n<p class=\"wp-block-paragraph\">a veces, primero se interpreta.<\/p>\n\n\n\n\n\n<p class=\"wp-block-paragraph\">*Dr. Alfredo Cu\u00e9llar<\/p>\n\n\n\n<p class=\"wp-block-paragraph\">Profesor, consultor internacional y creador de la Micropol\u00edtica. alfredocuellar@me.com<\/p>\n","protected":false},"excerpt":{"rendered":"<p>En los niveles m\u00e1s altos del poder, las decisiones no siempre se toman con la&#8230;<\/p>\n","protected":false},"author":75,"featured_media":12507,"comment_status":"closed","ping_status":"closed","sticky":false,"template":"","format":"standard","meta":{"footnotes":""},"categories":[7],"tags":[2703],"class_list":["post-12506","post","type-post","status-publish","format-standard","has-post-thumbnail","hentry","category-lo-mas-relevante","tag-trump-y-su-toma-de-decisiones"],"yoast_head":"<!-- This site is optimized with the Yoast SEO plugin v28.4 - https:\/\/yoast.com\/product\/yoast-seo-wordpress\/ -->\n<title>Cuando la guerra se decide, antes de que la realidad la alcance -<\/title>\n<meta name=\"description\" content=\"No estamos solo ante una decisi\u00f3n militar, sino ante una lecci\u00f3n inquietante sobre c\u00f3mo opera el poder en sus niveles m\u00e1s altos: seleccionando qu\u00e9 creer, a qui\u00e9n escuchar y cu\u00e1ndo actuar.\" \/>\n<meta name=\"robots\" content=\"index, follow, max-snippet:-1, max-image-preview:large, max-video-preview:-1\" \/>\n<link rel=\"canonical\" href=\"https:\/\/arjenoticias.com.mx\/?p=12506\" \/>\n<meta property=\"og:locale\" content=\"es_MX\" \/>\n<meta property=\"og:type\" content=\"article\" \/>\n<meta property=\"og:title\" content=\"Cuando la guerra se decide, antes de que la realidad la alcance -\" \/>\n<meta property=\"og:description\" content=\"No estamos solo ante una decisi\u00f3n militar, sino ante una lecci\u00f3n inquietante sobre c\u00f3mo opera el poder en sus niveles m\u00e1s altos: seleccionando qu\u00e9 creer, a qui\u00e9n escuchar y cu\u00e1ndo actuar.\" \/>\n<meta property=\"og:url\" content=\"https:\/\/arjenoticias.com.mx\/?p=12506\" \/>\n<meta property=\"article:published_time\" content=\"2026-04-09T17:50:11+00:00\" \/>\n<meta property=\"og:image\" content=\"https:\/\/arjenoticias.com.mx\/wp-content\/uploads\/2026\/04\/Alfredo-Cuellar.png\" \/>\n\t<meta property=\"og:image:width\" content=\"600\" \/>\n\t<meta property=\"og:image:height\" content=\"400\" \/>\n\t<meta property=\"og:image:type\" content=\"image\/png\" \/>\n<meta name=\"author\" content=\"Dr. Alfredo Cuellar\" \/>\n<meta name=\"twitter:card\" content=\"summary_large_image\" \/>\n<meta name=\"twitter:label1\" content=\"Escrito por\" \/>\n\t<meta name=\"twitter:data1\" content=\"Dr. Alfredo Cuellar\" \/>\n\t<meta name=\"twitter:label2\" content=\"Tiempo de lectura\" \/>\n\t<meta name=\"twitter:data2\" content=\"6 minutos\" \/>\n<script type=\"application\/ld+json\" class=\"yoast-schema-graph\">{\"@context\":\"https:\\\/\\\/schema.org\",\"@graph\":[{\"@type\":\"Article\",\"@id\":\"https:\\\/\\\/arjenoticias.com.mx\\\/?p=12506#article\",\"isPartOf\":{\"@id\":\"https:\\\/\\\/arjenoticias.com.mx\\\/?p=12506\"},\"author\":{\"name\":\"Dr. Alfredo Cuellar\",\"@id\":\"https:\\\/\\\/arjenoticias.com.mx\\\/#\\\/schema\\\/person\\\/cf11d3dea554a6ed41918734814150bb\"},\"headline\":\"Cuando la guerra se decide, antes de que la realidad la alcance\",\"datePublished\":\"2026-04-09T17:50:11+00:00\",\"mainEntityOfPage\":{\"@id\":\"https:\\\/\\\/arjenoticias.com.mx\\\/?p=12506\"},\"wordCount\":883,\"publisher\":{\"@id\":\"https:\\\/\\\/arjenoticias.com.mx\\\/#organization\"},\"image\":{\"@id\":\"https:\\\/\\\/arjenoticias.com.mx\\\/?p=12506#primaryimage\"},\"thumbnailUrl\":\"https:\\\/\\\/arjenoticias.com.mx\\\/wp-content\\\/uploads\\\/2026\\\/04\\\/Alfredo-Cuellar.png\",\"keywords\":[\"Trump y su toma de decisiones\"],\"articleSection\":[\"Lo m\u00e1s relevante\"],\"inLanguage\":\"es\"},{\"@type\":\"WebPage\",\"@id\":\"https:\\\/\\\/arjenoticias.com.mx\\\/?p=12506\",\"url\":\"https:\\\/\\\/arjenoticias.com.mx\\\/?p=12506\",\"name\":\"Cuando la guerra se decide, antes de que la realidad la alcance -\",\"isPartOf\":{\"@id\":\"https:\\\/\\\/arjenoticias.com.mx\\\/#website\"},\"primaryImageOfPage\":{\"@id\":\"https:\\\/\\\/arjenoticias.com.mx\\\/?p=12506#primaryimage\"},\"image\":{\"@id\":\"https:\\\/\\\/arjenoticias.com.mx\\\/?p=12506#primaryimage\"},\"thumbnailUrl\":\"https:\\\/\\\/arjenoticias.com.mx\\\/wp-content\\\/uploads\\\/2026\\\/04\\\/Alfredo-Cuellar.png\",\"datePublished\":\"2026-04-09T17:50:11+00:00\",\"description\":\"No estamos solo ante una decisi\u00f3n militar, sino ante una lecci\u00f3n inquietante sobre c\u00f3mo opera el poder en sus niveles m\u00e1s altos: seleccionando qu\u00e9 creer, a qui\u00e9n escuchar y cu\u00e1ndo actuar.\",\"breadcrumb\":{\"@id\":\"https:\\\/\\\/arjenoticias.com.mx\\\/?p=12506#breadcrumb\"},\"inLanguage\":\"es\",\"potentialAction\":[{\"@type\":\"ReadAction\",\"target\":[\"https:\\\/\\\/arjenoticias.com.mx\\\/?p=12506\"]}]},{\"@type\":\"ImageObject\",\"inLanguage\":\"es\",\"@id\":\"https:\\\/\\\/arjenoticias.com.mx\\\/?p=12506#primaryimage\",\"url\":\"https:\\\/\\\/arjenoticias.com.mx\\\/wp-content\\\/uploads\\\/2026\\\/04\\\/Alfredo-Cuellar.png\",\"contentUrl\":\"https:\\\/\\\/arjenoticias.com.mx\\\/wp-content\\\/uploads\\\/2026\\\/04\\\/Alfredo-Cuellar.png\",\"width\":600,\"height\":400,\"caption\":\"No estamos solo ante una decisi\u00f3n militar, sino ante una lecci\u00f3n inquietante sobre c\u00f3mo opera el poder en sus niveles m\u00e1s altos: seleccionando qu\u00e9 creer, a qui\u00e9n escuchar y cu\u00e1ndo actuar.\"},{\"@type\":\"BreadcrumbList\",\"@id\":\"https:\\\/\\\/arjenoticias.com.mx\\\/?p=12506#breadcrumb\",\"itemListElement\":[{\"@type\":\"ListItem\",\"position\":1,\"name\":\"Inicio\",\"item\":\"https:\\\/\\\/arjenoticias.com.mx\\\/\"},{\"@type\":\"ListItem\",\"position\":2,\"name\":\"Cuando la guerra se decide, antes de que la realidad la alcance\"}]},{\"@type\":\"WebSite\",\"@id\":\"https:\\\/\\\/arjenoticias.com.mx\\\/#website\",\"url\":\"https:\\\/\\\/arjenoticias.com.mx\\\/\",\"name\":\"arjenoticias.com.mx\",\"description\":\"\",\"publisher\":{\"@id\":\"https:\\\/\\\/arjenoticias.com.mx\\\/#organization\"},\"potentialAction\":[{\"@type\":\"SearchAction\",\"target\":{\"@type\":\"EntryPoint\",\"urlTemplate\":\"https:\\\/\\\/arjenoticias.com.mx\\\/?s={search_term_string}\"},\"query-input\":{\"@type\":\"PropertyValueSpecification\",\"valueRequired\":true,\"valueName\":\"search_term_string\"}}],\"inLanguage\":\"es\"},{\"@type\":\"Organization\",\"@id\":\"https:\\\/\\\/arjenoticias.com.mx\\\/#organization\",\"name\":\"Arj\u00e9 de M\u00e9xico Noticias\",\"url\":\"https:\\\/\\\/arjenoticias.com.mx\\\/\",\"logo\":{\"@type\":\"ImageObject\",\"inLanguage\":\"es\",\"@id\":\"https:\\\/\\\/arjenoticias.com.mx\\\/#\\\/schema\\\/logo\\\/image\\\/\",\"url\":\"https:\\\/\\\/arjenoticias.com.mx\\\/wp-content\\\/uploads\\\/2025\\\/07\\\/cropped-logo-scaled-1.png\",\"contentUrl\":\"https:\\\/\\\/arjenoticias.com.mx\\\/wp-content\\\/uploads\\\/2025\\\/07\\\/cropped-logo-scaled-1.png\",\"width\":2558,\"height\":558,\"caption\":\"Arj\u00e9 de M\u00e9xico Noticias\"},\"image\":{\"@id\":\"https:\\\/\\\/arjenoticias.com.mx\\\/#\\\/schema\\\/logo\\\/image\\\/\"}},{\"@type\":\"Person\",\"@id\":\"https:\\\/\\\/arjenoticias.com.mx\\\/#\\\/schema\\\/person\\\/cf11d3dea554a6ed41918734814150bb\",\"name\":\"Dr. Alfredo Cuellar\",\"image\":{\"@type\":\"ImageObject\",\"inLanguage\":\"es\",\"@id\":\"https:\\\/\\\/secure.gravatar.com\\\/avatar\\\/c86d6589b189cbfca3f1d29a6f0eca09a09a32cc21654c44a3b9bee8063adc25?s=96&d=mm&r=g\",\"url\":\"https:\\\/\\\/secure.gravatar.com\\\/avatar\\\/c86d6589b189cbfca3f1d29a6f0eca09a09a32cc21654c44a3b9bee8063adc25?s=96&d=mm&r=g\",\"contentUrl\":\"https:\\\/\\\/secure.gravatar.com\\\/avatar\\\/c86d6589b189cbfca3f1d29a6f0eca09a09a32cc21654c44a3b9bee8063adc25?s=96&d=mm&r=g\",\"caption\":\"Dr. Alfredo Cuellar\"},\"url\":\"https:\\\/\\\/arjenoticias.com.mx\\\/?author=75\"}]}<\/script>\n<!-- \/ Yoast SEO plugin. -->","yoast_head_json":{"title":"Cuando la guerra se decide, antes de que la realidad la alcance -","description":"No estamos solo ante una decisi\u00f3n militar, sino ante una lecci\u00f3n inquietante sobre c\u00f3mo opera el poder en sus niveles m\u00e1s altos: seleccionando qu\u00e9 creer, a qui\u00e9n escuchar y cu\u00e1ndo actuar.","robots":{"index":"index","follow":"follow","max-snippet":"max-snippet:-1","max-image-preview":"max-image-preview:large","max-video-preview":"max-video-preview:-1"},"canonical":"https:\/\/arjenoticias.com.mx\/?p=12506","og_locale":"es_MX","og_type":"article","og_title":"Cuando la guerra se decide, antes de que la realidad la alcance -","og_description":"No estamos solo ante una decisi\u00f3n militar, sino ante una lecci\u00f3n inquietante sobre c\u00f3mo opera el poder en sus niveles m\u00e1s altos: seleccionando qu\u00e9 creer, a qui\u00e9n escuchar y cu\u00e1ndo actuar.","og_url":"https:\/\/arjenoticias.com.mx\/?p=12506","article_published_time":"2026-04-09T17:50:11+00:00","og_image":[{"width":600,"height":400,"url":"https:\/\/arjenoticias.com.mx\/wp-content\/uploads\/2026\/04\/Alfredo-Cuellar.png","type":"image\/png"}],"author":"Dr. Alfredo Cuellar","twitter_card":"summary_large_image","twitter_misc":{"Escrito por":"Dr. Alfredo Cuellar","Tiempo de lectura":"6 minutos"},"schema":{"@context":"https:\/\/schema.org","@graph":[{"@type":"Article","@id":"https:\/\/arjenoticias.com.mx\/?p=12506#article","isPartOf":{"@id":"https:\/\/arjenoticias.com.mx\/?p=12506"},"author":{"name":"Dr. Alfredo Cuellar","@id":"https:\/\/arjenoticias.com.mx\/#\/schema\/person\/cf11d3dea554a6ed41918734814150bb"},"headline":"Cuando la guerra se decide, antes de que la realidad la alcance","datePublished":"2026-04-09T17:50:11+00:00","mainEntityOfPage":{"@id":"https:\/\/arjenoticias.com.mx\/?p=12506"},"wordCount":883,"publisher":{"@id":"https:\/\/arjenoticias.com.mx\/#organization"},"image":{"@id":"https:\/\/arjenoticias.com.mx\/?p=12506#primaryimage"},"thumbnailUrl":"https:\/\/arjenoticias.com.mx\/wp-content\/uploads\/2026\/04\/Alfredo-Cuellar.png","keywords":["Trump y su toma de decisiones"],"articleSection":["Lo m\u00e1s relevante"],"inLanguage":"es"},{"@type":"WebPage","@id":"https:\/\/arjenoticias.com.mx\/?p=12506","url":"https:\/\/arjenoticias.com.mx\/?p=12506","name":"Cuando la guerra se decide, antes de que la realidad la alcance -","isPartOf":{"@id":"https:\/\/arjenoticias.com.mx\/#website"},"primaryImageOfPage":{"@id":"https:\/\/arjenoticias.com.mx\/?p=12506#primaryimage"},"image":{"@id":"https:\/\/arjenoticias.com.mx\/?p=12506#primaryimage"},"thumbnailUrl":"https:\/\/arjenoticias.com.mx\/wp-content\/uploads\/2026\/04\/Alfredo-Cuellar.png","datePublished":"2026-04-09T17:50:11+00:00","description":"No estamos solo ante una decisi\u00f3n militar, sino ante una lecci\u00f3n inquietante sobre c\u00f3mo opera el poder en sus niveles m\u00e1s altos: seleccionando qu\u00e9 creer, a qui\u00e9n escuchar y cu\u00e1ndo actuar.","breadcrumb":{"@id":"https:\/\/arjenoticias.com.mx\/?p=12506#breadcrumb"},"inLanguage":"es","potentialAction":[{"@type":"ReadAction","target":["https:\/\/arjenoticias.com.mx\/?p=12506"]}]},{"@type":"ImageObject","inLanguage":"es","@id":"https:\/\/arjenoticias.com.mx\/?p=12506#primaryimage","url":"https:\/\/arjenoticias.com.mx\/wp-content\/uploads\/2026\/04\/Alfredo-Cuellar.png","contentUrl":"https:\/\/arjenoticias.com.mx\/wp-content\/uploads\/2026\/04\/Alfredo-Cuellar.png","width":600,"height":400,"caption":"No estamos solo ante una decisi\u00f3n militar, sino ante una lecci\u00f3n inquietante sobre c\u00f3mo opera el poder en sus niveles m\u00e1s altos: seleccionando qu\u00e9 creer, a qui\u00e9n escuchar y cu\u00e1ndo actuar."},{"@type":"BreadcrumbList","@id":"https:\/\/arjenoticias.com.mx\/?p=12506#breadcrumb","itemListElement":[{"@type":"ListItem","position":1,"name":"Inicio","item":"https:\/\/arjenoticias.com.mx\/"},{"@type":"ListItem","position":2,"name":"Cuando la guerra se decide, antes de que la realidad la alcance"}]},{"@type":"WebSite","@id":"https:\/\/arjenoticias.com.mx\/#website","url":"https:\/\/arjenoticias.com.mx\/","name":"arjenoticias.com.mx","description":"","publisher":{"@id":"https:\/\/arjenoticias.com.mx\/#organization"},"potentialAction":[{"@type":"SearchAction","target":{"@type":"EntryPoint","urlTemplate":"https:\/\/arjenoticias.com.mx\/?s={search_term_string}"},"query-input":{"@type":"PropertyValueSpecification","valueRequired":true,"valueName":"search_term_string"}}],"inLanguage":"es"},{"@type":"Organization","@id":"https:\/\/arjenoticias.com.mx\/#organization","name":"Arj\u00e9 de M\u00e9xico Noticias","url":"https:\/\/arjenoticias.com.mx\/","logo":{"@type":"ImageObject","inLanguage":"es","@id":"https:\/\/arjenoticias.com.mx\/#\/schema\/logo\/image\/","url":"https:\/\/arjenoticias.com.mx\/wp-content\/uploads\/2025\/07\/cropped-logo-scaled-1.png","contentUrl":"https:\/\/arjenoticias.com.mx\/wp-content\/uploads\/2025\/07\/cropped-logo-scaled-1.png","width":2558,"height":558,"caption":"Arj\u00e9 de M\u00e9xico Noticias"},"image":{"@id":"https:\/\/arjenoticias.com.mx\/#\/schema\/logo\/image\/"}},{"@type":"Person","@id":"https:\/\/arjenoticias.com.mx\/#\/schema\/person\/cf11d3dea554a6ed41918734814150bb","name":"Dr. Alfredo Cuellar","image":{"@type":"ImageObject","inLanguage":"es","@id":"https:\/\/secure.gravatar.com\/avatar\/c86d6589b189cbfca3f1d29a6f0eca09a09a32cc21654c44a3b9bee8063adc25?s=96&d=mm&r=g","url":"https:\/\/secure.gravatar.com\/avatar\/c86d6589b189cbfca3f1d29a6f0eca09a09a32cc21654c44a3b9bee8063adc25?s=96&d=mm&r=g","contentUrl":"https:\/\/secure.gravatar.com\/avatar\/c86d6589b189cbfca3f1d29a6f0eca09a09a32cc21654c44a3b9bee8063adc25?s=96&d=mm&r=g","caption":"Dr. Alfredo Cuellar"},"url":"https:\/\/arjenoticias.com.mx\/?author=75"}]}},"_links":{"self":[{"href":"https:\/\/arjenoticias.com.mx\/index.php?rest_route=\/wp\/v2\/posts\/12506","targetHints":{"allow":["GET"]}}],"collection":[{"href":"https:\/\/arjenoticias.com.mx\/index.php?rest_route=\/wp\/v2\/posts"}],"about":[{"href":"https:\/\/arjenoticias.com.mx\/index.php?rest_route=\/wp\/v2\/types\/post"}],"author":[{"embeddable":true,"href":"https:\/\/arjenoticias.com.mx\/index.php?rest_route=\/wp\/v2\/users\/75"}],"replies":[{"embeddable":true,"href":"https:\/\/arjenoticias.com.mx\/index.php?rest_route=%2Fwp%2Fv2%2Fcomments&post=12506"}],"version-history":[{"count":0,"href":"https:\/\/arjenoticias.com.mx\/index.php?rest_route=\/wp\/v2\/posts\/12506\/revisions"}],"wp:featuredmedia":[{"embeddable":true,"href":"https:\/\/arjenoticias.com.mx\/index.php?rest_route=\/wp\/v2\/media\/12507"}],"wp:attachment":[{"href":"https:\/\/arjenoticias.com.mx\/index.php?rest_route=%2Fwp%2Fv2%2Fmedia&parent=12506"}],"wp:term":[{"taxonomy":"category","embeddable":true,"href":"https:\/\/arjenoticias.com.mx\/index.php?rest_route=%2Fwp%2Fv2%2Fcategories&post=12506"},{"taxonomy":"post_tag","embeddable":true,"href":"https:\/\/arjenoticias.com.mx\/index.php?rest_route=%2Fwp%2Fv2%2Ftags&post=12506"}],"curies":[{"name":"wp","href":"https:\/\/api.w.org\/{rel}","templated":true}]}}