{"id":12500,"date":"2026-04-09T10:40:03","date_gmt":"2026-04-09T16:40:03","guid":{"rendered":"https:\/\/arjenoticias.com\/?p=12500"},"modified":"2026-04-09T10:40:03","modified_gmt":"2026-04-09T16:40:03","slug":"la-cuarta-transformacion","status":"publish","type":"post","link":"https:\/\/arjenoticias.com.mx\/?p=12500","title":{"rendered":"\u00bfLa cuarta transformaci\u00f3n?"},"content":{"rendered":"\n<h2 class=\"wp-block-heading\">Sin autoridad es imposible gobernar a los hombres<br>Isaiah Berlin<\/h2>\n\n\n\n<p class=\"wp-block-paragraph\">\u00bfCon qu\u00e9 idea naci\u00f3 esa ideolog\u00eda bautizada en la Asamblea francesa en 1789 como \u201cla izquierda\u201d? No hay duda: la que gritaron los disidentes para criticar a los hombres del poder, fuera pol\u00edtico o econ\u00f3mico. Recoge inquietudes de muchos siglos atr\u00e1s de insumisos, de rebeldes. Se teoriz\u00f3 sobre el derecho de resistencia, de desobediencia; capacidad de pensar y diferir de mandatos injustos.<\/p>\n\n\n\n<p class=\"wp-block-paragraph\">Un partido que arriba al poder y gobierna tendenciosamente, cerrando espacios a sus opositores, ni remotamente puede ser calificado de izquierda. Los presidentes mexicanos del siglo pasado lo entendieron. Rehu\u00edan la \u201cgeometr\u00eda ideol\u00f3gica\u201d, a excepci\u00f3n de L\u00f3pez Mateos quien se defini\u00f3 como de izquierda, para matizar posteriormente, \u201cdentro de la Constituci\u00f3n\u201d, y as\u00ed ratificar su imparcialidad como jefe de Estado.<\/p>\n\n\n\n<p class=\"wp-block-paragraph\">Instituciones que no son solidarias con quienes heroicamente se empe\u00f1an y arriesgan sus vidas en buscar a personas desaparecidas en lo que algunos califican como nuestra mayor fractura social, no son de izquierda ni de derecha, simplemente carecen de la esencia humanista que toda profesi\u00f3n exige.<\/p>\n\n\n\n<p class=\"wp-block-paragraph\">No se pueden alegar afinidades doctrinarias al apoyar a tiran\u00edas que cada vez m\u00e1s confirman su desprecio por los derechos humanos y que por presiones externas liberan a sus presos pol\u00edticos. M\u00e1s bien se trata de una enorme incongruencia.<\/p>\n\n\n\n<p class=\"wp-block-paragraph\">La referencia es obligada. En 1976 el PRI gan\u00f3 las elecciones con candidato \u00fanico a la presidencia de la Rep\u00fablica. En 1977 inici\u00f3 una reforma pol\u00edtica con un prop\u00f3sito claro: alentar la competencia y darles pluralidad a los \u00f3rganos de representaci\u00f3n ciudadana. Ese intento primigenio sigui\u00f3 por varias d\u00e9cadas.<\/p>\n\n\n\n<p class=\"wp-block-paragraph\">AMLO, como todo l\u00edder populista, se regodea compar\u00e1ndose con los personajes relevantes de nuestra historia. Reiteraba que no incurrir\u00eda en el \u201cerror\u201d de L\u00e1zaro C\u00e1rdenas al escoger a un sucesor que no diera continuidad a sus lineamientos gubernamentales. No obstante, design\u00f3 a quien m\u00e1s se identificaba con sus creencias, dizque de izquierda. Hasta ahora, el plan ha funcionado. Sin embargo, me parece que ha llegado la hora en que la realidad implacable exige su protagonismo y demanda respuestas.<\/p>\n\n\n\n<p class=\"wp-block-paragraph\">Es muy dif\u00edcil negar el grave deterioro de nuestra vida institucional. El Estado mexicano, dicen, est\u00e1 fallando en sus tareas b\u00e1sicas mientras concentra el poder. Difiero, yo m\u00e1s bien percibo su atrofiamiento. Lo dicen los organismos internacionales, lo siente en carne propia el pueblo, lo confirman las respuestas torpes y negligentes de los responsables de otorgar servicios.<\/p>\n\n\n\n<p class=\"wp-block-paragraph\">En los pr\u00f3ximos d\u00edas se tendr\u00e1n que asumir decisiones cruciales para el otorgamiento o rechazo de algunas organizaciones pol\u00edticas. La atenci\u00f3n est\u00e1 puesta en una: \u201cSomos M\u00e9xico\u201d puede ser la m\u00e1s retadora en las pr\u00f3ximas contiendas por sus integrantes y su conformaci\u00f3n diversa e incluyente.<\/p>\n\n\n\n<p class=\"wp-block-paragraph\">Es un desaf\u00edo insoslayable: o se respeta la ley y se permite la contienda electoral equitativa o se sigue actuando en forma sesgada con el prop\u00f3sito avieso de ganar elecciones al precio que sea. Continuar como vamos es un camino sin retorno a la anarqu\u00eda y el desorden, no es viable esa ruta. Cada vez se desnuda m\u00e1s la impudicia para enfrentar los problemas. Los actores de nuestra vida p\u00fablica est\u00e1n descalificados para el desempe\u00f1o de sus tareas. Ning\u00fan asesor en las altas esferas del poder debe, en su af\u00e1n de adular, negar lo que los hechos claman a gritos.<\/p>\n\n\n\n<p class=\"wp-block-paragraph\">En un r\u00e9gimen presidencial el Poder ejecutivo recae en una persona y de ah\u00ed emanan las \u00f3rdenes. El discurso debe cambiar. No son tiempos de querellas ni de dimes y diretes. Es hora de la convocatoria sensata y respetuosa, respaldada por una equivalencia entre los dichos y los hechos.<\/p>\n\n\n\n<p class=\"wp-block-paragraph\">Carlos Fuentes escribe en La regi\u00f3n m\u00e1s transparente: \u201cM\u00e9xico tan cargado de experiencias confusas, de vida contradictoria. \u00bfLe ser\u00e1 posible escoger su propio camino o se dejar\u00e1 arrastrar por la ceguera criminal de los escogidos?\u201d.<\/p>\n","protected":false},"excerpt":{"rendered":"<p>Sin autoridad es imposible gobernar a los hombresIsaiah Berlin \u00bfCon qu\u00e9 idea naci\u00f3 esa ideolog\u00eda&#8230;<\/p>\n","protected":false},"author":80,"featured_media":12501,"comment_status":"closed","ping_status":"closed","sticky":false,"template":"","format":"standard","meta":{"footnotes":""},"categories":[12],"tags":[1797],"class_list":["post-12500","post","type-post","status-publish","format-standard","has-post-thumbnail","hentry","category-opinion","tag-morena-es-dictatorial"],"yoast_head":"<!-- This site is optimized with the Yoast SEO plugin v28.4 - https:\/\/yoast.com\/product\/yoast-seo-wordpress\/ -->\n<title>\u00bfLa cuarta transformaci\u00f3n? -<\/title>\n<meta name=\"description\" content=\"El Estado mexicano, dicen, est\u00e1 fallando en sus tareas b\u00e1sicas mientras concentra el poder. Difiero, yo m\u00e1s bien percibo su atrofiamiento.\" \/>\n<meta name=\"robots\" content=\"index, follow, max-snippet:-1, max-image-preview:large, max-video-preview:-1\" \/>\n<link rel=\"canonical\" href=\"https:\/\/arjenoticias.com.mx\/?p=12500\" \/>\n<meta property=\"og:locale\" content=\"es_MX\" \/>\n<meta property=\"og:type\" content=\"article\" \/>\n<meta property=\"og:title\" content=\"\u00bfLa cuarta transformaci\u00f3n? -\" \/>\n<meta property=\"og:description\" content=\"El Estado mexicano, dicen, est\u00e1 fallando en sus tareas b\u00e1sicas mientras concentra el poder. Difiero, yo m\u00e1s bien percibo su atrofiamiento.\" \/>\n<meta property=\"og:url\" content=\"https:\/\/arjenoticias.com.mx\/?p=12500\" \/>\n<meta property=\"article:published_time\" content=\"2026-04-09T16:40:03+00:00\" \/>\n<meta property=\"og:image\" content=\"https:\/\/arjenoticias.com.mx\/wp-content\/uploads\/2026\/04\/Juan-Jose-Rodriguez-Prats-3.png\" \/>\n\t<meta property=\"og:image:width\" content=\"600\" \/>\n\t<meta property=\"og:image:height\" content=\"400\" \/>\n\t<meta property=\"og:image:type\" content=\"image\/png\" \/>\n<meta name=\"author\" content=\"Juan Jos\u00e9 Rodr\u00edguez Prats\" \/>\n<meta name=\"twitter:card\" content=\"summary_large_image\" \/>\n<meta name=\"twitter:label1\" content=\"Escrito por\" \/>\n\t<meta name=\"twitter:data1\" content=\"Juan Jos\u00e9 Rodr\u00edguez Prats\" \/>\n\t<meta name=\"twitter:label2\" content=\"Tiempo de lectura\" \/>\n\t<meta name=\"twitter:data2\" content=\"4 minutos\" \/>\n<script type=\"application\/ld+json\" class=\"yoast-schema-graph\">{\"@context\":\"https:\\\/\\\/schema.org\",\"@graph\":[{\"@type\":\"Article\",\"@id\":\"https:\\\/\\\/arjenoticias.com.mx\\\/?p=12500#article\",\"isPartOf\":{\"@id\":\"https:\\\/\\\/arjenoticias.com.mx\\\/?p=12500\"},\"author\":{\"name\":\"Juan Jos\u00e9 Rodr\u00edguez Prats\",\"@id\":\"https:\\\/\\\/arjenoticias.com.mx\\\/#\\\/schema\\\/person\\\/57e92262f9cd96ecf3e790d007019c9b\"},\"headline\":\"\u00bfLa cuarta transformaci\u00f3n?\",\"datePublished\":\"2026-04-09T16:40:03+00:00\",\"mainEntityOfPage\":{\"@id\":\"https:\\\/\\\/arjenoticias.com.mx\\\/?p=12500\"},\"wordCount\":682,\"publisher\":{\"@id\":\"https:\\\/\\\/arjenoticias.com.mx\\\/#organization\"},\"image\":{\"@id\":\"https:\\\/\\\/arjenoticias.com.mx\\\/?p=12500#primaryimage\"},\"thumbnailUrl\":\"https:\\\/\\\/arjenoticias.com.mx\\\/wp-content\\\/uploads\\\/2026\\\/04\\\/Juan-Jose-Rodriguez-Prats-3.png\",\"keywords\":[\"Morena es dictatorial\"],\"articleSection\":[\"Opini\u00f3n\"],\"inLanguage\":\"es\"},{\"@type\":\"WebPage\",\"@id\":\"https:\\\/\\\/arjenoticias.com.mx\\\/?p=12500\",\"url\":\"https:\\\/\\\/arjenoticias.com.mx\\\/?p=12500\",\"name\":\"\u00bfLa cuarta transformaci\u00f3n? -\",\"isPartOf\":{\"@id\":\"https:\\\/\\\/arjenoticias.com.mx\\\/#website\"},\"primaryImageOfPage\":{\"@id\":\"https:\\\/\\\/arjenoticias.com.mx\\\/?p=12500#primaryimage\"},\"image\":{\"@id\":\"https:\\\/\\\/arjenoticias.com.mx\\\/?p=12500#primaryimage\"},\"thumbnailUrl\":\"https:\\\/\\\/arjenoticias.com.mx\\\/wp-content\\\/uploads\\\/2026\\\/04\\\/Juan-Jose-Rodriguez-Prats-3.png\",\"datePublished\":\"2026-04-09T16:40:03+00:00\",\"description\":\"El Estado mexicano, dicen, est\u00e1 fallando en sus tareas b\u00e1sicas mientras concentra el poder. Difiero, yo m\u00e1s bien percibo su atrofiamiento.\",\"breadcrumb\":{\"@id\":\"https:\\\/\\\/arjenoticias.com.mx\\\/?p=12500#breadcrumb\"},\"inLanguage\":\"es\",\"potentialAction\":[{\"@type\":\"ReadAction\",\"target\":[\"https:\\\/\\\/arjenoticias.com.mx\\\/?p=12500\"]}]},{\"@type\":\"ImageObject\",\"inLanguage\":\"es\",\"@id\":\"https:\\\/\\\/arjenoticias.com.mx\\\/?p=12500#primaryimage\",\"url\":\"https:\\\/\\\/arjenoticias.com.mx\\\/wp-content\\\/uploads\\\/2026\\\/04\\\/Juan-Jose-Rodriguez-Prats-3.png\",\"contentUrl\":\"https:\\\/\\\/arjenoticias.com.mx\\\/wp-content\\\/uploads\\\/2026\\\/04\\\/Juan-Jose-Rodriguez-Prats-3.png\",\"width\":600,\"height\":400,\"caption\":\"Un partido que arriba al poder y gobierna tendenciosamente, cerrando espacios a sus opositores, ni remotamente puede ser calificado de izquierda.\"},{\"@type\":\"BreadcrumbList\",\"@id\":\"https:\\\/\\\/arjenoticias.com.mx\\\/?p=12500#breadcrumb\",\"itemListElement\":[{\"@type\":\"ListItem\",\"position\":1,\"name\":\"Inicio\",\"item\":\"https:\\\/\\\/arjenoticias.com.mx\\\/\"},{\"@type\":\"ListItem\",\"position\":2,\"name\":\"\u00bfLa cuarta transformaci\u00f3n?\"}]},{\"@type\":\"WebSite\",\"@id\":\"https:\\\/\\\/arjenoticias.com.mx\\\/#website\",\"url\":\"https:\\\/\\\/arjenoticias.com.mx\\\/\",\"name\":\"arjenoticias.com.mx\",\"description\":\"\",\"publisher\":{\"@id\":\"https:\\\/\\\/arjenoticias.com.mx\\\/#organization\"},\"potentialAction\":[{\"@type\":\"SearchAction\",\"target\":{\"@type\":\"EntryPoint\",\"urlTemplate\":\"https:\\\/\\\/arjenoticias.com.mx\\\/?s={search_term_string}\"},\"query-input\":{\"@type\":\"PropertyValueSpecification\",\"valueRequired\":true,\"valueName\":\"search_term_string\"}}],\"inLanguage\":\"es\"},{\"@type\":\"Organization\",\"@id\":\"https:\\\/\\\/arjenoticias.com.mx\\\/#organization\",\"name\":\"Arj\u00e9 de M\u00e9xico Noticias\",\"url\":\"https:\\\/\\\/arjenoticias.com.mx\\\/\",\"logo\":{\"@type\":\"ImageObject\",\"inLanguage\":\"es\",\"@id\":\"https:\\\/\\\/arjenoticias.com.mx\\\/#\\\/schema\\\/logo\\\/image\\\/\",\"url\":\"https:\\\/\\\/arjenoticias.com.mx\\\/wp-content\\\/uploads\\\/2025\\\/07\\\/cropped-logo-scaled-1.png\",\"contentUrl\":\"https:\\\/\\\/arjenoticias.com.mx\\\/wp-content\\\/uploads\\\/2025\\\/07\\\/cropped-logo-scaled-1.png\",\"width\":2558,\"height\":558,\"caption\":\"Arj\u00e9 de M\u00e9xico Noticias\"},\"image\":{\"@id\":\"https:\\\/\\\/arjenoticias.com.mx\\\/#\\\/schema\\\/logo\\\/image\\\/\"}},{\"@type\":\"Person\",\"@id\":\"https:\\\/\\\/arjenoticias.com.mx\\\/#\\\/schema\\\/person\\\/57e92262f9cd96ecf3e790d007019c9b\",\"name\":\"Juan Jos\u00e9 Rodr\u00edguez Prats\",\"image\":{\"@type\":\"ImageObject\",\"inLanguage\":\"es\",\"@id\":\"https:\\\/\\\/secure.gravatar.com\\\/avatar\\\/555f08f2d784c676ca3a71c3ff4c2675fb04432a5ccc6858ef2c3f475a39a638?s=96&d=mm&r=g\",\"url\":\"https:\\\/\\\/secure.gravatar.com\\\/avatar\\\/555f08f2d784c676ca3a71c3ff4c2675fb04432a5ccc6858ef2c3f475a39a638?s=96&d=mm&r=g\",\"contentUrl\":\"https:\\\/\\\/secure.gravatar.com\\\/avatar\\\/555f08f2d784c676ca3a71c3ff4c2675fb04432a5ccc6858ef2c3f475a39a638?s=96&d=mm&r=g\",\"caption\":\"Juan Jos\u00e9 Rodr\u00edguez Prats\"},\"url\":\"https:\\\/\\\/arjenoticias.com.mx\\\/?author=80\"}]}<\/script>\n<!-- \/ Yoast SEO plugin. -->","yoast_head_json":{"title":"\u00bfLa cuarta transformaci\u00f3n? -","description":"El Estado mexicano, dicen, est\u00e1 fallando en sus tareas b\u00e1sicas mientras concentra el poder. Difiero, yo m\u00e1s bien percibo su atrofiamiento.","robots":{"index":"index","follow":"follow","max-snippet":"max-snippet:-1","max-image-preview":"max-image-preview:large","max-video-preview":"max-video-preview:-1"},"canonical":"https:\/\/arjenoticias.com.mx\/?p=12500","og_locale":"es_MX","og_type":"article","og_title":"\u00bfLa cuarta transformaci\u00f3n? -","og_description":"El Estado mexicano, dicen, est\u00e1 fallando en sus tareas b\u00e1sicas mientras concentra el poder. Difiero, yo m\u00e1s bien percibo su atrofiamiento.","og_url":"https:\/\/arjenoticias.com.mx\/?p=12500","article_published_time":"2026-04-09T16:40:03+00:00","og_image":[{"width":600,"height":400,"url":"https:\/\/arjenoticias.com.mx\/wp-content\/uploads\/2026\/04\/Juan-Jose-Rodriguez-Prats-3.png","type":"image\/png"}],"author":"Juan Jos\u00e9 Rodr\u00edguez Prats","twitter_card":"summary_large_image","twitter_misc":{"Escrito por":"Juan Jos\u00e9 Rodr\u00edguez Prats","Tiempo de lectura":"4 minutos"},"schema":{"@context":"https:\/\/schema.org","@graph":[{"@type":"Article","@id":"https:\/\/arjenoticias.com.mx\/?p=12500#article","isPartOf":{"@id":"https:\/\/arjenoticias.com.mx\/?p=12500"},"author":{"name":"Juan Jos\u00e9 Rodr\u00edguez Prats","@id":"https:\/\/arjenoticias.com.mx\/#\/schema\/person\/57e92262f9cd96ecf3e790d007019c9b"},"headline":"\u00bfLa cuarta transformaci\u00f3n?","datePublished":"2026-04-09T16:40:03+00:00","mainEntityOfPage":{"@id":"https:\/\/arjenoticias.com.mx\/?p=12500"},"wordCount":682,"publisher":{"@id":"https:\/\/arjenoticias.com.mx\/#organization"},"image":{"@id":"https:\/\/arjenoticias.com.mx\/?p=12500#primaryimage"},"thumbnailUrl":"https:\/\/arjenoticias.com.mx\/wp-content\/uploads\/2026\/04\/Juan-Jose-Rodriguez-Prats-3.png","keywords":["Morena es dictatorial"],"articleSection":["Opini\u00f3n"],"inLanguage":"es"},{"@type":"WebPage","@id":"https:\/\/arjenoticias.com.mx\/?p=12500","url":"https:\/\/arjenoticias.com.mx\/?p=12500","name":"\u00bfLa cuarta transformaci\u00f3n? -","isPartOf":{"@id":"https:\/\/arjenoticias.com.mx\/#website"},"primaryImageOfPage":{"@id":"https:\/\/arjenoticias.com.mx\/?p=12500#primaryimage"},"image":{"@id":"https:\/\/arjenoticias.com.mx\/?p=12500#primaryimage"},"thumbnailUrl":"https:\/\/arjenoticias.com.mx\/wp-content\/uploads\/2026\/04\/Juan-Jose-Rodriguez-Prats-3.png","datePublished":"2026-04-09T16:40:03+00:00","description":"El Estado mexicano, dicen, est\u00e1 fallando en sus tareas b\u00e1sicas mientras concentra el poder. Difiero, yo m\u00e1s bien percibo su atrofiamiento.","breadcrumb":{"@id":"https:\/\/arjenoticias.com.mx\/?p=12500#breadcrumb"},"inLanguage":"es","potentialAction":[{"@type":"ReadAction","target":["https:\/\/arjenoticias.com.mx\/?p=12500"]}]},{"@type":"ImageObject","inLanguage":"es","@id":"https:\/\/arjenoticias.com.mx\/?p=12500#primaryimage","url":"https:\/\/arjenoticias.com.mx\/wp-content\/uploads\/2026\/04\/Juan-Jose-Rodriguez-Prats-3.png","contentUrl":"https:\/\/arjenoticias.com.mx\/wp-content\/uploads\/2026\/04\/Juan-Jose-Rodriguez-Prats-3.png","width":600,"height":400,"caption":"Un partido que arriba al poder y gobierna tendenciosamente, cerrando espacios a sus opositores, ni remotamente puede ser calificado de izquierda."},{"@type":"BreadcrumbList","@id":"https:\/\/arjenoticias.com.mx\/?p=12500#breadcrumb","itemListElement":[{"@type":"ListItem","position":1,"name":"Inicio","item":"https:\/\/arjenoticias.com.mx\/"},{"@type":"ListItem","position":2,"name":"\u00bfLa cuarta transformaci\u00f3n?"}]},{"@type":"WebSite","@id":"https:\/\/arjenoticias.com.mx\/#website","url":"https:\/\/arjenoticias.com.mx\/","name":"arjenoticias.com.mx","description":"","publisher":{"@id":"https:\/\/arjenoticias.com.mx\/#organization"},"potentialAction":[{"@type":"SearchAction","target":{"@type":"EntryPoint","urlTemplate":"https:\/\/arjenoticias.com.mx\/?s={search_term_string}"},"query-input":{"@type":"PropertyValueSpecification","valueRequired":true,"valueName":"search_term_string"}}],"inLanguage":"es"},{"@type":"Organization","@id":"https:\/\/arjenoticias.com.mx\/#organization","name":"Arj\u00e9 de M\u00e9xico Noticias","url":"https:\/\/arjenoticias.com.mx\/","logo":{"@type":"ImageObject","inLanguage":"es","@id":"https:\/\/arjenoticias.com.mx\/#\/schema\/logo\/image\/","url":"https:\/\/arjenoticias.com.mx\/wp-content\/uploads\/2025\/07\/cropped-logo-scaled-1.png","contentUrl":"https:\/\/arjenoticias.com.mx\/wp-content\/uploads\/2025\/07\/cropped-logo-scaled-1.png","width":2558,"height":558,"caption":"Arj\u00e9 de M\u00e9xico Noticias"},"image":{"@id":"https:\/\/arjenoticias.com.mx\/#\/schema\/logo\/image\/"}},{"@type":"Person","@id":"https:\/\/arjenoticias.com.mx\/#\/schema\/person\/57e92262f9cd96ecf3e790d007019c9b","name":"Juan Jos\u00e9 Rodr\u00edguez Prats","image":{"@type":"ImageObject","inLanguage":"es","@id":"https:\/\/secure.gravatar.com\/avatar\/555f08f2d784c676ca3a71c3ff4c2675fb04432a5ccc6858ef2c3f475a39a638?s=96&d=mm&r=g","url":"https:\/\/secure.gravatar.com\/avatar\/555f08f2d784c676ca3a71c3ff4c2675fb04432a5ccc6858ef2c3f475a39a638?s=96&d=mm&r=g","contentUrl":"https:\/\/secure.gravatar.com\/avatar\/555f08f2d784c676ca3a71c3ff4c2675fb04432a5ccc6858ef2c3f475a39a638?s=96&d=mm&r=g","caption":"Juan Jos\u00e9 Rodr\u00edguez Prats"},"url":"https:\/\/arjenoticias.com.mx\/?author=80"}]}},"_links":{"self":[{"href":"https:\/\/arjenoticias.com.mx\/index.php?rest_route=\/wp\/v2\/posts\/12500","targetHints":{"allow":["GET"]}}],"collection":[{"href":"https:\/\/arjenoticias.com.mx\/index.php?rest_route=\/wp\/v2\/posts"}],"about":[{"href":"https:\/\/arjenoticias.com.mx\/index.php?rest_route=\/wp\/v2\/types\/post"}],"author":[{"embeddable":true,"href":"https:\/\/arjenoticias.com.mx\/index.php?rest_route=\/wp\/v2\/users\/80"}],"replies":[{"embeddable":true,"href":"https:\/\/arjenoticias.com.mx\/index.php?rest_route=%2Fwp%2Fv2%2Fcomments&post=12500"}],"version-history":[{"count":0,"href":"https:\/\/arjenoticias.com.mx\/index.php?rest_route=\/wp\/v2\/posts\/12500\/revisions"}],"wp:featuredmedia":[{"embeddable":true,"href":"https:\/\/arjenoticias.com.mx\/index.php?rest_route=\/wp\/v2\/media\/12501"}],"wp:attachment":[{"href":"https:\/\/arjenoticias.com.mx\/index.php?rest_route=%2Fwp%2Fv2%2Fmedia&parent=12500"}],"wp:term":[{"taxonomy":"category","embeddable":true,"href":"https:\/\/arjenoticias.com.mx\/index.php?rest_route=%2Fwp%2Fv2%2Fcategories&post=12500"},{"taxonomy":"post_tag","embeddable":true,"href":"https:\/\/arjenoticias.com.mx\/index.php?rest_route=%2Fwp%2Fv2%2Ftags&post=12500"}],"curies":[{"name":"wp","href":"https:\/\/api.w.org\/{rel}","templated":true}]}}