{"id":12248,"date":"2026-04-04T10:13:59","date_gmt":"2026-04-04T16:13:59","guid":{"rendered":"https:\/\/arjenoticias.com\/?p=12248"},"modified":"2026-04-04T10:14:39","modified_gmt":"2026-04-04T16:14:39","slug":"obcecacion-indefendible","status":"publish","type":"post","link":"https:\/\/arjenoticias.com.mx\/opinion\/obcecacion-indefendible\/","title":{"rendered":"Obcecaci\u00f3n indefendible"},"content":{"rendered":"\n<h2 class=\"wp-block-heading\">Si algo no se hace, ese algo se hace por s\u00ed solo alg\u00fan d\u00eda, de una manera que no agradar\u00e1 a nadie<br>Thomas Carlyle<\/h2>\n\n\n\n<p class=\"wp-block-paragraph\">El nacionalismo mexicano sostuvo, desde el gobierno de L\u00e1zaro C\u00e1rdenas, que el Estado era m\u00e1s eficiente que los particulares en el aspecto econ\u00f3mico. Part\u00eda del supuesto que generaba riqueza y, sobre todo, la distribu\u00eda mejor en su prop\u00f3sito de hacer justicia social. De ah\u00ed que a mayor intervenci\u00f3n, m\u00e1s bienestar para la gente. Craso error. Ni se gener\u00f3 riqueza ni se distribuy\u00f3. Lo que s\u00ed ocasion\u00f3 fue inhibir a la iniciativa privada para ser mejores empresarios.<\/p>\n\n\n\n<p class=\"wp-block-paragraph\">Hoy, con sigilo, se busca revertir ese proceso. Digo con sigilo porque no hay nada m\u00e1s ominoso y engorroso para funcionarios ideologizados que reconocer un error y, por lo tanto, corregirlo.<\/p>\n\n\n\n<p class=\"wp-block-paragraph\">\u00bfA qui\u00e9n se roba en las empresas del gobierno? A la naci\u00f3n, que es muy torpe para defenderse, denunciar y castigar. En cambio, quien ve amenazado o da\u00f1ado su patrimonio, es notoriamente m\u00e1s eficaz para cuidarlo. Sabe lo elemental: que los ahorros incrementan su utilidad.<\/p>\n\n\n\n<p class=\"wp-block-paragraph\">El secretario de Hacienda de 1935 a 1946, Eduardo Su\u00e1rez, fue una figura clave para amortiguar los efectos de la pol\u00edtica estatista. Hac\u00eda malabares para suavizar el impacto que recib\u00edan nuestro vecino y los sectores productivos para que no se perdiera la confianza y desistieran de hacer inversiones.<\/p>\n\n\n\n<p class=\"wp-block-paragraph\">En esa ambivalencia, nuestro crecimiento era relativamente sustentable. Con el desarrollo estabilizador, interrumpido bruscamente por el populismo de 1970 a 1982, se alcanzaron buenos indicadores en el PIB y en el control de la inflaci\u00f3n. Con el gobierno de Carlos Salinas, la definici\u00f3n fue clara, se opt\u00f3 por el denominado neoliberalismo.<\/p>\n\n\n\n<p class=\"wp-block-paragraph\">En lo internacional, despu\u00e9s de la Segunda Guerra Mundial, se aplic\u00f3 el Plan Marshall, denominado as\u00ed por su creador, George C. Marshall. Fue sin duda el programa m\u00e1s exitoso de las \u00faltimas d\u00e9cadas, concebido con principios muy claros: econom\u00eda de mercado, Estado de derecho, capacitaci\u00f3n empresarial, integraci\u00f3n. La diferencia con lo hecho por la URSS en Europa del Este es abismal. De 1947 a 1951, el PIB de los pa\u00edses que recibieron las cuantiosas inversiones de Estados Unidos creci\u00f3 30 por ciento. Si de esas experiencias no aprendimos es por una obcecaci\u00f3n indefendible.<\/p>\n\n\n\n<p class=\"wp-block-paragraph\">Llevamos 40 a\u00f1os discutiendo sobre el marco jur\u00eddico del sector energ\u00eda. Deprime que M\u00e9xico no crezca porque sus leyes se lo impiden. Duele tanta mezquindad y negligencia. Per\u00fa tiene graves trastornos institucionales, pero le da continuidad a lo que funciona y su econom\u00eda est\u00e1 creciendo tres veces m\u00e1s que nosotros.<\/p>\n\n\n\n<p class=\"wp-block-paragraph\">La pol\u00edtica no es un asunto de inventos, sino de deberes. No estamos para ensayos en cada periodo gubernamental. Es ignominioso cancelar proyectos exitosos por no ser de la autor\u00eda del partido en el poder. Sin continuidad reformista seguiremos dando tumbos en detrimento del nivel de vida de los mexicanos.<\/p>\n\n\n\n<p class=\"wp-block-paragraph\">Qu\u00e9 dif\u00edcil ha sido deslindar lo que pueden hacer los particulares y lo que corresponde al sector p\u00fablico cuando lo importante es determinar qui\u00e9n lo hace mejor y con m\u00e1s responsabilidad en el manejo de los recursos que siempre son escasos y pertenecen a los contribuyentes que esperan el uso m\u00e1s adecuado para recibir servicios p\u00fablicos eficientes.<\/p>\n\n\n\n<p class=\"wp-block-paragraph\">Seguir inyectando dinero cuantioso a empresas quebradas es absurdo. No hay m\u00e1s remedio que abrirse a la inversi\u00f3n privada con claridad, sin ocultamientos y con aut\u00e9ntica rendici\u00f3n de cuentas. Entre m\u00e1s se dilate la soluci\u00f3n, m\u00e1s p\u00e9rdidas habr\u00e1.<\/p>\n\n\n\n<p class=\"wp-block-paragraph\">La cacareada 4T deambula en la toma de decisiones. Por un lado insiste a los due\u00f1os del capital que tienen las garant\u00edas para la prosperidad de sus negocios y por otro, se sigue incursionando en \u00e1reas que no son de la competencia del sector p\u00fablico. La exclusividad de la explotaci\u00f3n del litio es un ejemplo.<\/p>\n\n\n\n<p class=\"wp-block-paragraph\">Ya es rutina reconocer que estamos en una nueva era. Si los retr\u00f3gradas no lo entienden, seguiremos empantanados en nuestra mediocridad ancestral.<\/p>\n","protected":false},"excerpt":{"rendered":"<p>Si algo no se hace, ese algo se hace por s\u00ed solo alg\u00fan d\u00eda, de&#8230;<\/p>\n","protected":false},"author":12,"featured_media":12249,"comment_status":"closed","ping_status":"closed","sticky":false,"template":"","format":"standard","meta":{"footnotes":""},"categories":[59],"tags":[1814],"class_list":["post-12248","post","type-post","status-publish","format-standard","has-post-thumbnail","hentry","category-opinion","tag-nacionalismo-mexicano"],"yoast_head":"<!-- This site is optimized with the Yoast SEO plugin v28.4 - https:\/\/yoast.com\/product\/yoast-seo-wordpress\/ -->\n<title>Obcecaci\u00f3n indefendible -<\/title>\n<meta name=\"description\" content=\"La cacareada 4T deambula en la toma de decisiones.\" \/>\n<meta name=\"robots\" content=\"index, follow, max-snippet:-1, max-image-preview:large, max-video-preview:-1\" \/>\n<link rel=\"canonical\" href=\"https:\/\/arjenoticias.com.mx\/opinion\/obcecacion-indefendible\/\" \/>\n<meta property=\"og:locale\" content=\"es_ES\" \/>\n<meta property=\"og:type\" content=\"article\" \/>\n<meta property=\"og:title\" content=\"Obcecaci\u00f3n indefendible -\" \/>\n<meta property=\"og:description\" content=\"La cacareada 4T deambula en la toma de decisiones.\" \/>\n<meta property=\"og:url\" content=\"https:\/\/arjenoticias.com.mx\/opinion\/obcecacion-indefendible\/\" \/>\n<meta property=\"article:publisher\" content=\"https:\/\/www.facebook.com\/ArjeNoticiasMX\" \/>\n<meta property=\"article:author\" content=\"https:\/\/www.facebook.com\/rodriguezpratsjj\" \/>\n<meta property=\"article:published_time\" content=\"2026-04-04T16:13:59+00:00\" \/>\n<meta property=\"article:modified_time\" content=\"2026-04-04T16:14:39+00:00\" \/>\n<meta property=\"og:image\" content=\"https:\/\/arjenoticias.com.mx\/wp-content\/uploads\/2026\/04\/Juan-Jose-Rodriguez-Prats-2.png\" \/>\n\t<meta property=\"og:image:width\" content=\"600\" \/>\n\t<meta property=\"og:image:height\" content=\"400\" \/>\n\t<meta property=\"og:image:type\" content=\"image\/png\" \/>\n<meta name=\"author\" content=\"Juan Jos\u00e9 Rodr\u00edguez Prats\" \/>\n<meta name=\"twitter:card\" content=\"summary_large_image\" \/>\n<meta name=\"twitter:creator\" content=\"@rodriguezprats\" \/>\n<meta name=\"twitter:site\" content=\"@ArjeNoticias\" \/>\n<meta name=\"twitter:label1\" content=\"Escrito por\" \/>\n\t<meta name=\"twitter:data1\" content=\"Juan Jos\u00e9 Rodr\u00edguez Prats\" \/>\n\t<meta name=\"twitter:label2\" content=\"Tiempo de lectura\" \/>\n\t<meta name=\"twitter:data2\" content=\"4 minutos\" \/>\n<script type=\"application\/ld+json\" class=\"yoast-schema-graph\">{\"@context\":\"https:\\\/\\\/schema.org\",\"@graph\":[{\"@type\":\"Article\",\"@id\":\"https:\\\/\\\/arjenoticias.com.mx\\\/opinion\\\/obcecacion-indefendible\\\/#article\",\"isPartOf\":{\"@id\":\"https:\\\/\\\/arjenoticias.com.mx\\\/opinion\\\/obcecacion-indefendible\\\/\"},\"author\":{\"name\":\"Juan Jos\u00e9 Rodr\u00edguez Prats\",\"@id\":\"https:\\\/\\\/arjenoticias.com.mx\\\/#\\\/schema\\\/person\\\/11f88da7e234e83367053310aaa2c5c6\"},\"headline\":\"Obcecaci\u00f3n indefendible\",\"datePublished\":\"2026-04-04T16:13:59+00:00\",\"dateModified\":\"2026-04-04T16:14:39+00:00\",\"mainEntityOfPage\":{\"@id\":\"https:\\\/\\\/arjenoticias.com.mx\\\/opinion\\\/obcecacion-indefendible\\\/\"},\"wordCount\":691,\"publisher\":{\"@id\":\"https:\\\/\\\/arjenoticias.com.mx\\\/#organization\"},\"image\":{\"@id\":\"https:\\\/\\\/arjenoticias.com.mx\\\/opinion\\\/obcecacion-indefendible\\\/#primaryimage\"},\"thumbnailUrl\":\"https:\\\/\\\/arjenoticias.com.mx\\\/wp-content\\\/uploads\\\/2026\\\/04\\\/Juan-Jose-Rodriguez-Prats-2.png\",\"keywords\":[\"Nacionalismo mexicano\"],\"articleSection\":[\"Opini\u00f3n\"],\"inLanguage\":\"es\"},{\"@type\":\"WebPage\",\"@id\":\"https:\\\/\\\/arjenoticias.com.mx\\\/opinion\\\/obcecacion-indefendible\\\/\",\"url\":\"https:\\\/\\\/arjenoticias.com.mx\\\/opinion\\\/obcecacion-indefendible\\\/\",\"name\":\"Obcecaci\u00f3n indefendible -\",\"isPartOf\":{\"@id\":\"https:\\\/\\\/arjenoticias.com.mx\\\/#website\"},\"primaryImageOfPage\":{\"@id\":\"https:\\\/\\\/arjenoticias.com.mx\\\/opinion\\\/obcecacion-indefendible\\\/#primaryimage\"},\"image\":{\"@id\":\"https:\\\/\\\/arjenoticias.com.mx\\\/opinion\\\/obcecacion-indefendible\\\/#primaryimage\"},\"thumbnailUrl\":\"https:\\\/\\\/arjenoticias.com.mx\\\/wp-content\\\/uploads\\\/2026\\\/04\\\/Juan-Jose-Rodriguez-Prats-2.png\",\"datePublished\":\"2026-04-04T16:13:59+00:00\",\"dateModified\":\"2026-04-04T16:14:39+00:00\",\"description\":\"La cacareada 4T deambula en la toma de decisiones.\",\"breadcrumb\":{\"@id\":\"https:\\\/\\\/arjenoticias.com.mx\\\/opinion\\\/obcecacion-indefendible\\\/#breadcrumb\"},\"inLanguage\":\"es\",\"potentialAction\":[{\"@type\":\"ReadAction\",\"target\":[\"https:\\\/\\\/arjenoticias.com.mx\\\/opinion\\\/obcecacion-indefendible\\\/\"]}]},{\"@type\":\"ImageObject\",\"inLanguage\":\"es\",\"@id\":\"https:\\\/\\\/arjenoticias.com.mx\\\/opinion\\\/obcecacion-indefendible\\\/#primaryimage\",\"url\":\"https:\\\/\\\/arjenoticias.com.mx\\\/wp-content\\\/uploads\\\/2026\\\/04\\\/Juan-Jose-Rodriguez-Prats-2.png\",\"contentUrl\":\"https:\\\/\\\/arjenoticias.com.mx\\\/wp-content\\\/uploads\\\/2026\\\/04\\\/Juan-Jose-Rodriguez-Prats-2.png\",\"width\":600,\"height\":400,\"caption\":\"Nacionalismo mexicano esta de moda\"},{\"@type\":\"BreadcrumbList\",\"@id\":\"https:\\\/\\\/arjenoticias.com.mx\\\/opinion\\\/obcecacion-indefendible\\\/#breadcrumb\",\"itemListElement\":[{\"@type\":\"ListItem\",\"position\":1,\"name\":\"Portada\",\"item\":\"https:\\\/\\\/arjenoticias.com.mx\\\/\"},{\"@type\":\"ListItem\",\"position\":2,\"name\":\"Obcecaci\u00f3n indefendible\"}]},{\"@type\":\"WebSite\",\"@id\":\"https:\\\/\\\/arjenoticias.com.mx\\\/#website\",\"url\":\"https:\\\/\\\/arjenoticias.com.mx\\\/\",\"name\":\"Arj\u00e9 M\u00e9xico\",\"description\":\"\",\"publisher\":{\"@id\":\"https:\\\/\\\/arjenoticias.com.mx\\\/#organization\"},\"potentialAction\":[{\"@type\":\"SearchAction\",\"target\":{\"@type\":\"EntryPoint\",\"urlTemplate\":\"https:\\\/\\\/arjenoticias.com.mx\\\/?s={search_term_string}\"},\"query-input\":{\"@type\":\"PropertyValueSpecification\",\"valueRequired\":true,\"valueName\":\"search_term_string\"}}],\"inLanguage\":\"es\"},{\"@type\":\"Organization\",\"@id\":\"https:\\\/\\\/arjenoticias.com.mx\\\/#organization\",\"name\":\"Arj\u00e9 M\u00e9xico\",\"url\":\"https:\\\/\\\/arjenoticias.com.mx\\\/\",\"logo\":{\"@type\":\"ImageObject\",\"inLanguage\":\"es\",\"@id\":\"https:\\\/\\\/arjenoticias.com.mx\\\/#\\\/schema\\\/logo\\\/image\\\/\",\"url\":\"https:\\\/\\\/arjenoticias.com\\\/wp-content\\\/uploads\\\/2026\\\/04\\\/cropped-cropped-logo-inverted-1-scaled-1.png\",\"contentUrl\":\"https:\\\/\\\/arjenoticias.com\\\/wp-content\\\/uploads\\\/2026\\\/04\\\/cropped-cropped-logo-inverted-1-scaled-1.png\",\"width\":2556,\"height\":549,\"caption\":\"Arj\u00e9 M\u00e9xico\"},\"image\":{\"@id\":\"https:\\\/\\\/arjenoticias.com.mx\\\/#\\\/schema\\\/logo\\\/image\\\/\"},\"sameAs\":[\"https:\\\/\\\/www.facebook.com\\\/ArjeNoticiasMX\",\"https:\\\/\\\/x.com\\\/ArjeNoticias\"]},{\"@type\":\"Person\",\"@id\":\"https:\\\/\\\/arjenoticias.com.mx\\\/#\\\/schema\\\/person\\\/11f88da7e234e83367053310aaa2c5c6\",\"name\":\"Juan Jos\u00e9 Rodr\u00edguez Prats\",\"image\":{\"@type\":\"ImageObject\",\"inLanguage\":\"es\",\"@id\":\"https:\\\/\\\/arjenoticias.com\\\/wp-content\\\/uploads\\\/2026\\\/04\\\/JUAN-JOSE-RODRIGUEZ-PRATS-96x96.png\",\"url\":\"https:\\\/\\\/arjenoticias.com\\\/wp-content\\\/uploads\\\/2026\\\/04\\\/JUAN-JOSE-RODRIGUEZ-PRATS-96x96.png\",\"contentUrl\":\"https:\\\/\\\/arjenoticias.com\\\/wp-content\\\/uploads\\\/2026\\\/04\\\/JUAN-JOSE-RODRIGUEZ-PRATS-96x96.png\",\"caption\":\"Juan Jos\u00e9 Rodr\u00edguez Prats\"},\"description\":\"Abogado y pol\u00edtico mexicano, a sido Senador de la Rep\u00fablica y Diputado Federal tres veces.\",\"sameAs\":[\"https:\\\/\\\/www.facebook.com\\\/rodriguezpratsjj\",\"https:\\\/\\\/x.com\\\/rodriguezprats\"],\"url\":\"https:\\\/\\\/arjenoticias.com.mx\\\/author\\\/juan-jose-rodriguez-prats\\\/\"}]}<\/script>\n<!-- \/ Yoast SEO plugin. -->","yoast_head_json":{"title":"Obcecaci\u00f3n indefendible -","description":"La cacareada 4T deambula en la toma de decisiones.","robots":{"index":"index","follow":"follow","max-snippet":"max-snippet:-1","max-image-preview":"max-image-preview:large","max-video-preview":"max-video-preview:-1"},"canonical":"https:\/\/arjenoticias.com.mx\/opinion\/obcecacion-indefendible\/","og_locale":"es_ES","og_type":"article","og_title":"Obcecaci\u00f3n indefendible -","og_description":"La cacareada 4T deambula en la toma de decisiones.","og_url":"https:\/\/arjenoticias.com.mx\/opinion\/obcecacion-indefendible\/","article_publisher":"https:\/\/www.facebook.com\/ArjeNoticiasMX","article_author":"https:\/\/www.facebook.com\/rodriguezpratsjj","article_published_time":"2026-04-04T16:13:59+00:00","article_modified_time":"2026-04-04T16:14:39+00:00","og_image":[{"width":600,"height":400,"url":"https:\/\/arjenoticias.com.mx\/wp-content\/uploads\/2026\/04\/Juan-Jose-Rodriguez-Prats-2.png","type":"image\/png"}],"author":"Juan Jos\u00e9 Rodr\u00edguez Prats","twitter_card":"summary_large_image","twitter_creator":"@rodriguezprats","twitter_site":"@ArjeNoticias","twitter_misc":{"Escrito por":"Juan Jos\u00e9 Rodr\u00edguez Prats","Tiempo de lectura":"4 minutos"},"schema":{"@context":"https:\/\/schema.org","@graph":[{"@type":"Article","@id":"https:\/\/arjenoticias.com.mx\/opinion\/obcecacion-indefendible\/#article","isPartOf":{"@id":"https:\/\/arjenoticias.com.mx\/opinion\/obcecacion-indefendible\/"},"author":{"name":"Juan Jos\u00e9 Rodr\u00edguez Prats","@id":"https:\/\/arjenoticias.com.mx\/#\/schema\/person\/11f88da7e234e83367053310aaa2c5c6"},"headline":"Obcecaci\u00f3n indefendible","datePublished":"2026-04-04T16:13:59+00:00","dateModified":"2026-04-04T16:14:39+00:00","mainEntityOfPage":{"@id":"https:\/\/arjenoticias.com.mx\/opinion\/obcecacion-indefendible\/"},"wordCount":691,"publisher":{"@id":"https:\/\/arjenoticias.com.mx\/#organization"},"image":{"@id":"https:\/\/arjenoticias.com.mx\/opinion\/obcecacion-indefendible\/#primaryimage"},"thumbnailUrl":"https:\/\/arjenoticias.com.mx\/wp-content\/uploads\/2026\/04\/Juan-Jose-Rodriguez-Prats-2.png","keywords":["Nacionalismo mexicano"],"articleSection":["Opini\u00f3n"],"inLanguage":"es"},{"@type":"WebPage","@id":"https:\/\/arjenoticias.com.mx\/opinion\/obcecacion-indefendible\/","url":"https:\/\/arjenoticias.com.mx\/opinion\/obcecacion-indefendible\/","name":"Obcecaci\u00f3n indefendible -","isPartOf":{"@id":"https:\/\/arjenoticias.com.mx\/#website"},"primaryImageOfPage":{"@id":"https:\/\/arjenoticias.com.mx\/opinion\/obcecacion-indefendible\/#primaryimage"},"image":{"@id":"https:\/\/arjenoticias.com.mx\/opinion\/obcecacion-indefendible\/#primaryimage"},"thumbnailUrl":"https:\/\/arjenoticias.com.mx\/wp-content\/uploads\/2026\/04\/Juan-Jose-Rodriguez-Prats-2.png","datePublished":"2026-04-04T16:13:59+00:00","dateModified":"2026-04-04T16:14:39+00:00","description":"La cacareada 4T deambula en la toma de decisiones.","breadcrumb":{"@id":"https:\/\/arjenoticias.com.mx\/opinion\/obcecacion-indefendible\/#breadcrumb"},"inLanguage":"es","potentialAction":[{"@type":"ReadAction","target":["https:\/\/arjenoticias.com.mx\/opinion\/obcecacion-indefendible\/"]}]},{"@type":"ImageObject","inLanguage":"es","@id":"https:\/\/arjenoticias.com.mx\/opinion\/obcecacion-indefendible\/#primaryimage","url":"https:\/\/arjenoticias.com.mx\/wp-content\/uploads\/2026\/04\/Juan-Jose-Rodriguez-Prats-2.png","contentUrl":"https:\/\/arjenoticias.com.mx\/wp-content\/uploads\/2026\/04\/Juan-Jose-Rodriguez-Prats-2.png","width":600,"height":400,"caption":"Nacionalismo mexicano esta de moda"},{"@type":"BreadcrumbList","@id":"https:\/\/arjenoticias.com.mx\/opinion\/obcecacion-indefendible\/#breadcrumb","itemListElement":[{"@type":"ListItem","position":1,"name":"Portada","item":"https:\/\/arjenoticias.com.mx\/"},{"@type":"ListItem","position":2,"name":"Obcecaci\u00f3n indefendible"}]},{"@type":"WebSite","@id":"https:\/\/arjenoticias.com.mx\/#website","url":"https:\/\/arjenoticias.com.mx\/","name":"Arj\u00e9 M\u00e9xico","description":"","publisher":{"@id":"https:\/\/arjenoticias.com.mx\/#organization"},"potentialAction":[{"@type":"SearchAction","target":{"@type":"EntryPoint","urlTemplate":"https:\/\/arjenoticias.com.mx\/?s={search_term_string}"},"query-input":{"@type":"PropertyValueSpecification","valueRequired":true,"valueName":"search_term_string"}}],"inLanguage":"es"},{"@type":"Organization","@id":"https:\/\/arjenoticias.com.mx\/#organization","name":"Arj\u00e9 M\u00e9xico","url":"https:\/\/arjenoticias.com.mx\/","logo":{"@type":"ImageObject","inLanguage":"es","@id":"https:\/\/arjenoticias.com.mx\/#\/schema\/logo\/image\/","url":"https:\/\/arjenoticias.com\/wp-content\/uploads\/2026\/04\/cropped-cropped-logo-inverted-1-scaled-1.png","contentUrl":"https:\/\/arjenoticias.com\/wp-content\/uploads\/2026\/04\/cropped-cropped-logo-inverted-1-scaled-1.png","width":2556,"height":549,"caption":"Arj\u00e9 M\u00e9xico"},"image":{"@id":"https:\/\/arjenoticias.com.mx\/#\/schema\/logo\/image\/"},"sameAs":["https:\/\/www.facebook.com\/ArjeNoticiasMX","https:\/\/x.com\/ArjeNoticias"]},{"@type":"Person","@id":"https:\/\/arjenoticias.com.mx\/#\/schema\/person\/11f88da7e234e83367053310aaa2c5c6","name":"Juan Jos\u00e9 Rodr\u00edguez Prats","image":{"@type":"ImageObject","inLanguage":"es","@id":"https:\/\/arjenoticias.com\/wp-content\/uploads\/2026\/04\/JUAN-JOSE-RODRIGUEZ-PRATS-96x96.png","url":"https:\/\/arjenoticias.com\/wp-content\/uploads\/2026\/04\/JUAN-JOSE-RODRIGUEZ-PRATS-96x96.png","contentUrl":"https:\/\/arjenoticias.com\/wp-content\/uploads\/2026\/04\/JUAN-JOSE-RODRIGUEZ-PRATS-96x96.png","caption":"Juan Jos\u00e9 Rodr\u00edguez Prats"},"description":"Abogado y pol\u00edtico mexicano, a sido Senador de la Rep\u00fablica y Diputado Federal tres veces.","sameAs":["https:\/\/www.facebook.com\/rodriguezpratsjj","https:\/\/x.com\/rodriguezprats"],"url":"https:\/\/arjenoticias.com.mx\/author\/juan-jose-rodriguez-prats\/"}]}},"featured_image_urls":{"full":["https:\/\/arjenoticias.com.mx\/wp-content\/uploads\/2026\/04\/Juan-Jose-Rodriguez-Prats-2.png",600,400,false],"thumbnail":["https:\/\/arjenoticias.com.mx\/wp-content\/uploads\/2026\/04\/Juan-Jose-Rodriguez-Prats-2-150x150.png",150,150,true],"medium":["https:\/\/arjenoticias.com.mx\/wp-content\/uploads\/2026\/04\/Juan-Jose-Rodriguez-Prats-2-300x200.png",300,200,true],"medium_large":["https:\/\/arjenoticias.com.mx\/wp-content\/uploads\/2026\/04\/Juan-Jose-Rodriguez-Prats-2.png",600,400,false],"large":["https:\/\/arjenoticias.com.mx\/wp-content\/uploads\/2026\/04\/Juan-Jose-Rodriguez-Prats-2.png",600,400,false],"1536x1536":["https:\/\/arjenoticias.com.mx\/wp-content\/uploads\/2026\/04\/Juan-Jose-Rodriguez-Prats-2.png",600,400,false],"2048x2048":["https:\/\/arjenoticias.com.mx\/wp-content\/uploads\/2026\/04\/Juan-Jose-Rodriguez-Prats-2.png",600,400,false],"covernews-featured":["https:\/\/arjenoticias.com.mx\/wp-content\/uploads\/2026\/04\/Juan-Jose-Rodriguez-Prats-2.png",600,400,false],"covernews-medium":["https:\/\/arjenoticias.com.mx\/wp-content\/uploads\/2026\/04\/Juan-Jose-Rodriguez-Prats-2-540x340.png",540,340,true]},"author_info":{"info":["Juan Jos\u00e9 Rodr\u00edguez Prats"]},"category_info":"<a href=\"https:\/\/arjenoticias.com.mx\/category\/opinion\/\" rel=\"category tag\">Opini\u00f3n<\/a>","tag_info":"Opini\u00f3n","comment_count":"0","_links":{"self":[{"href":"https:\/\/arjenoticias.com.mx\/wp-json\/wp\/v2\/posts\/12248","targetHints":{"allow":["GET"]}}],"collection":[{"href":"https:\/\/arjenoticias.com.mx\/wp-json\/wp\/v2\/posts"}],"about":[{"href":"https:\/\/arjenoticias.com.mx\/wp-json\/wp\/v2\/types\/post"}],"author":[{"embeddable":true,"href":"https:\/\/arjenoticias.com.mx\/wp-json\/wp\/v2\/users\/12"}],"replies":[{"embeddable":true,"href":"https:\/\/arjenoticias.com.mx\/wp-json\/wp\/v2\/comments?post=12248"}],"version-history":[{"count":1,"href":"https:\/\/arjenoticias.com.mx\/wp-json\/wp\/v2\/posts\/12248\/revisions"}],"predecessor-version":[{"id":12250,"href":"https:\/\/arjenoticias.com.mx\/wp-json\/wp\/v2\/posts\/12248\/revisions\/12250"}],"wp:featuredmedia":[{"embeddable":true,"href":"https:\/\/arjenoticias.com.mx\/wp-json\/wp\/v2\/media\/12249"}],"wp:attachment":[{"href":"https:\/\/arjenoticias.com.mx\/wp-json\/wp\/v2\/media?parent=12248"}],"wp:term":[{"taxonomy":"category","embeddable":true,"href":"https:\/\/arjenoticias.com.mx\/wp-json\/wp\/v2\/categories?post=12248"},{"taxonomy":"post_tag","embeddable":true,"href":"https:\/\/arjenoticias.com.mx\/wp-json\/wp\/v2\/tags?post=12248"}],"curies":[{"name":"wp","href":"https:\/\/api.w.org\/{rel}","templated":true}]}}