{"id":12129,"date":"2026-03-31T09:20:43","date_gmt":"2026-03-31T15:20:43","guid":{"rendered":"https:\/\/arjenoticias.com\/?p=12129"},"modified":"2026-03-31T09:20:43","modified_gmt":"2026-03-31T15:20:43","slug":"he-vencido-al-mundo-revive-la-pasion-de-cristo-desde-una-mirada-intima-y-humana","status":"publish","type":"post","link":"https:\/\/arjenoticias.com.mx\/?p=12129","title":{"rendered":"&#8220;He vencido al mundo&#8221; revive la Pasi\u00f3n de Cristo desde una mirada \u00edntima y humana"},"content":{"rendered":"\n<p class=\"wp-block-paragraph\">En un contexto donde la literatura contempor\u00e1nea ha buscado reinterpretar los grandes relatos de la historia y la religi\u00f3n, <em>\u201cHe vencido al mundo\u201d<\/em> de Christian G\u00e1lvez se inserta como una propuesta que apuesta por humanizar uno de los episodios m\u00e1s trascendentales del cristianismo: la Pasi\u00f3n de Jesucristo.<\/p>\n\n\n\n<p class=\"wp-block-paragraph\">La obra sit\u00faa al lector en la Jerusal\u00e9n del siglo I, en v\u00edsperas de la Pascua, momento en que Jes\u00fas de Nazaret anuncia a sus seguidores su inminente destino: ser entregado, juzgado y condenado a muerte. A pesar de las advertencias y del creciente peligro que representan tanto el Sanedr\u00edn como el poder romano, decide entrar en la ciudad, marcando un punto de no retorno para sus disc\u00edpulos.<\/p>\n\n\n\n<p class=\"wp-block-paragraph\">G\u00e1lvez construye el relato desde una perspectiva coral que se aleja del enfoque tradicional. En lugar de centrarse \u00fanicamente en la figura de Jes\u00fas, la narrativa se articula a partir de tres personajes fundamentales: Mar\u00eda, su madre; Judas, el disc\u00edpulo destinado a cargar con el peso de la traici\u00f3n; y un centuri\u00f3n romano que observa los acontecimientos mientras se debate entre la obediencia y la fe. Esta elecci\u00f3n permite ofrecer una visi\u00f3n m\u00e1s compleja y emocional de los hechos, destacando los conflictos internos y las decisiones que definieron el curso de la historia.<\/p>\n\n\n\n<p class=\"wp-block-paragraph\">La novela se enmarca dentro de una tendencia de divulgaci\u00f3n hist\u00f3rica con tintes literarios, caracter\u00edstica del trabajo previo del autor, quien ha explorado figuras como Leonardo da Vinci. En este caso, G\u00e1lvez traslada su inter\u00e9s por los grandes personajes al terreno espiritual, combinando rigor narrativo con una prosa cargada de sensibilidad.<\/p>\n\n\n\n<p class=\"wp-block-paragraph\">M\u00e1s all\u00e1 de la reconstrucci\u00f3n hist\u00f3rica, <em>\u201cHe vencido al mundo\u201d<\/em> plantea una reflexi\u00f3n sobre el sacrificio, entendido no solo como un acto religioso, sino como una experiencia profundamente humana. La historia, contada desde la voz de quienes \u201clo perdieron todo\u201d, invita al lector a reconsiderar los significados de la lealtad, el amor y la redenci\u00f3n.<\/p>\n\n\n\n<p class=\"wp-block-paragraph\">As\u00ed, en un panorama donde las reinterpretaciones de textos sagrados generan tanto inter\u00e9s como debate, la obra de G\u00e1lvez se presenta como una lectura que busca tender puentes entre la tradici\u00f3n y la mirada contempor\u00e1nea, colocando en el centro una pregunta vigente: \u00bfqu\u00e9 significa, realmente, vencer al mundo?<\/p>\n\n\n\n<figure class=\"wp-block-image size-full is-resized\"><img fetchpriority=\"high\" decoding=\"async\" width=\"250\" height=\"386\" src=\"https:\/\/arjenoticias.com.mx\/wp-content\/uploads\/2026\/03\/image-15.png\" alt=\"\" class=\"wp-image-12131\" style=\"aspect-ratio:0.6476946119904465;width:434px;height:auto\" srcset=\"https:\/\/arjenoticias.com.mx\/wp-content\/uploads\/2026\/03\/image-15.png 250w, https:\/\/arjenoticias.com.mx\/wp-content\/uploads\/2026\/03\/image-15-194x300.png 194w\" sizes=\"(max-width: 250px) 100vw, 250px\" \/><\/figure>\n","protected":false},"excerpt":{"rendered":"<p>En un contexto donde la literatura contempor\u00e1nea ha buscado reinterpretar los grandes relatos de la&#8230;<\/p>\n","protected":false},"author":66,"featured_media":12130,"comment_status":"closed","ping_status":"closed","sticky":false,"template":"","format":"standard","meta":{"footnotes":""},"categories":[5],"tags":[392,1168],"class_list":["post-12129","post","type-post","status-publish","format-standard","has-post-thumbnail","hentry","category-cultura","tag-christian-galvez","tag-he-vencido-al-mundo"],"yoast_head":"<!-- This site is optimized with the Yoast SEO plugin v28.4 - https:\/\/yoast.com\/product\/yoast-seo-wordpress\/ -->\n<title>&quot;He vencido al mundo&quot; revive la Pasi\u00f3n de Cristo desde una mirada \u00edntima y humana -<\/title>\n<meta name=\"description\" content=\"La novela reconstruye los \u00faltimos d\u00edas de Jes\u00fas a trav\u00e9s de Mar\u00eda, Judas y un centuri\u00f3n romano, arjenoticias te informa.\" \/>\n<meta name=\"robots\" content=\"index, follow, max-snippet:-1, max-image-preview:large, max-video-preview:-1\" \/>\n<link rel=\"canonical\" href=\"https:\/\/arjenoticias.com.mx\/?p=12129\" \/>\n<meta property=\"og:locale\" content=\"es_MX\" \/>\n<meta property=\"og:type\" content=\"article\" \/>\n<meta property=\"og:title\" content=\"&quot;He vencido al mundo&quot; revive la Pasi\u00f3n de Cristo desde una mirada \u00edntima y humana -\" \/>\n<meta property=\"og:description\" content=\"La novela reconstruye los \u00faltimos d\u00edas de Jes\u00fas a trav\u00e9s de Mar\u00eda, Judas y un centuri\u00f3n romano, arjenoticias te informa.\" \/>\n<meta property=\"og:url\" content=\"https:\/\/arjenoticias.com.mx\/?p=12129\" \/>\n<meta property=\"article:published_time\" content=\"2026-03-31T15:20:43+00:00\" \/>\n<meta property=\"og:image\" content=\"https:\/\/arjenoticias.com.mx\/wp-content\/uploads\/2026\/03\/1340_christian-galvez-avila.jpg\" \/>\n\t<meta property=\"og:image:width\" content=\"1200\" \/>\n\t<meta property=\"og:image:height\" content=\"673\" \/>\n\t<meta property=\"og:image:type\" content=\"image\/jpeg\" \/>\n<meta name=\"author\" content=\"Arj\u00e9 Noticias\" \/>\n<meta name=\"twitter:card\" content=\"summary_large_image\" \/>\n<meta name=\"twitter:label1\" content=\"Escrito por\" \/>\n\t<meta name=\"twitter:data1\" content=\"Arj\u00e9 Noticias\" \/>\n\t<meta name=\"twitter:label2\" content=\"Tiempo de lectura\" \/>\n\t<meta name=\"twitter:data2\" content=\"3 minutos\" \/>\n<script type=\"application\/ld+json\" class=\"yoast-schema-graph\">{\"@context\":\"https:\\\/\\\/schema.org\",\"@graph\":[{\"@type\":\"Article\",\"@id\":\"https:\\\/\\\/arjenoticias.com.mx\\\/?p=12129#article\",\"isPartOf\":{\"@id\":\"https:\\\/\\\/arjenoticias.com.mx\\\/?p=12129\"},\"author\":{\"name\":\"Arj\u00e9 Noticias\",\"@id\":\"https:\\\/\\\/arjenoticias.com.mx\\\/#\\\/schema\\\/person\\\/83f9fb68162b16794b69a8186dd31bc0\"},\"headline\":\"&#8220;He vencido al mundo&#8221; revive la Pasi\u00f3n de Cristo desde una mirada \u00edntima y humana\",\"datePublished\":\"2026-03-31T15:20:43+00:00\",\"mainEntityOfPage\":{\"@id\":\"https:\\\/\\\/arjenoticias.com.mx\\\/?p=12129\"},\"wordCount\":412,\"publisher\":{\"@id\":\"https:\\\/\\\/arjenoticias.com.mx\\\/#organization\"},\"image\":{\"@id\":\"https:\\\/\\\/arjenoticias.com.mx\\\/?p=12129#primaryimage\"},\"thumbnailUrl\":\"https:\\\/\\\/arjenoticias.com.mx\\\/wp-content\\\/uploads\\\/2026\\\/03\\\/1340_christian-galvez-avila.jpg\",\"keywords\":[\"Christian G\u00e1lvez\",\"He vencido al mundo\"],\"articleSection\":[\"Cultura y Entretenimiento\"],\"inLanguage\":\"es\"},{\"@type\":\"WebPage\",\"@id\":\"https:\\\/\\\/arjenoticias.com.mx\\\/?p=12129\",\"url\":\"https:\\\/\\\/arjenoticias.com.mx\\\/?p=12129\",\"name\":\"\\\"He vencido al mundo\\\" revive la Pasi\u00f3n de Cristo desde una mirada \u00edntima y humana -\",\"isPartOf\":{\"@id\":\"https:\\\/\\\/arjenoticias.com.mx\\\/#website\"},\"primaryImageOfPage\":{\"@id\":\"https:\\\/\\\/arjenoticias.com.mx\\\/?p=12129#primaryimage\"},\"image\":{\"@id\":\"https:\\\/\\\/arjenoticias.com.mx\\\/?p=12129#primaryimage\"},\"thumbnailUrl\":\"https:\\\/\\\/arjenoticias.com.mx\\\/wp-content\\\/uploads\\\/2026\\\/03\\\/1340_christian-galvez-avila.jpg\",\"datePublished\":\"2026-03-31T15:20:43+00:00\",\"description\":\"La novela reconstruye los \u00faltimos d\u00edas de Jes\u00fas a trav\u00e9s de Mar\u00eda, Judas y un centuri\u00f3n romano, arjenoticias te informa.\",\"breadcrumb\":{\"@id\":\"https:\\\/\\\/arjenoticias.com.mx\\\/?p=12129#breadcrumb\"},\"inLanguage\":\"es\",\"potentialAction\":[{\"@type\":\"ReadAction\",\"target\":[\"https:\\\/\\\/arjenoticias.com.mx\\\/?p=12129\"]}]},{\"@type\":\"ImageObject\",\"inLanguage\":\"es\",\"@id\":\"https:\\\/\\\/arjenoticias.com.mx\\\/?p=12129#primaryimage\",\"url\":\"https:\\\/\\\/arjenoticias.com.mx\\\/wp-content\\\/uploads\\\/2026\\\/03\\\/1340_christian-galvez-avila.jpg\",\"contentUrl\":\"https:\\\/\\\/arjenoticias.com.mx\\\/wp-content\\\/uploads\\\/2026\\\/03\\\/1340_christian-galvez-avila.jpg\",\"width\":1200,\"height\":673,\"caption\":\"\u201cHe vencido al mundo\u201d: la Pasi\u00f3n de Cristo desde la mirada humana de Christian G\u00e1lvez\"},{\"@type\":\"BreadcrumbList\",\"@id\":\"https:\\\/\\\/arjenoticias.com.mx\\\/?p=12129#breadcrumb\",\"itemListElement\":[{\"@type\":\"ListItem\",\"position\":1,\"name\":\"Inicio\",\"item\":\"https:\\\/\\\/arjenoticias.com.mx\\\/\"},{\"@type\":\"ListItem\",\"position\":2,\"name\":\"&#8220;He vencido al mundo&#8221; revive la Pasi\u00f3n de Cristo desde una mirada \u00edntima y humana\"}]},{\"@type\":\"WebSite\",\"@id\":\"https:\\\/\\\/arjenoticias.com.mx\\\/#website\",\"url\":\"https:\\\/\\\/arjenoticias.com.mx\\\/\",\"name\":\"arjenoticias.com.mx\",\"description\":\"\",\"publisher\":{\"@id\":\"https:\\\/\\\/arjenoticias.com.mx\\\/#organization\"},\"potentialAction\":[{\"@type\":\"SearchAction\",\"target\":{\"@type\":\"EntryPoint\",\"urlTemplate\":\"https:\\\/\\\/arjenoticias.com.mx\\\/?s={search_term_string}\"},\"query-input\":{\"@type\":\"PropertyValueSpecification\",\"valueRequired\":true,\"valueName\":\"search_term_string\"}}],\"inLanguage\":\"es\"},{\"@type\":\"Organization\",\"@id\":\"https:\\\/\\\/arjenoticias.com.mx\\\/#organization\",\"name\":\"Arj\u00e9 de M\u00e9xico Noticias\",\"url\":\"https:\\\/\\\/arjenoticias.com.mx\\\/\",\"logo\":{\"@type\":\"ImageObject\",\"inLanguage\":\"es\",\"@id\":\"https:\\\/\\\/arjenoticias.com.mx\\\/#\\\/schema\\\/logo\\\/image\\\/\",\"url\":\"https:\\\/\\\/arjenoticias.com.mx\\\/wp-content\\\/uploads\\\/2025\\\/07\\\/cropped-logo-scaled-1.png\",\"contentUrl\":\"https:\\\/\\\/arjenoticias.com.mx\\\/wp-content\\\/uploads\\\/2025\\\/07\\\/cropped-logo-scaled-1.png\",\"width\":2558,\"height\":558,\"caption\":\"Arj\u00e9 de M\u00e9xico Noticias\"},\"image\":{\"@id\":\"https:\\\/\\\/arjenoticias.com.mx\\\/#\\\/schema\\\/logo\\\/image\\\/\"}},{\"@type\":\"Person\",\"@id\":\"https:\\\/\\\/arjenoticias.com.mx\\\/#\\\/schema\\\/person\\\/83f9fb68162b16794b69a8186dd31bc0\",\"name\":\"Arj\u00e9 Noticias\",\"image\":{\"@type\":\"ImageObject\",\"inLanguage\":\"es\",\"@id\":\"https:\\\/\\\/secure.gravatar.com\\\/avatar\\\/f604b88a0e24c04f3f89fae6b5400bfd6093d0999292a64803d3651d9d4a35a5?s=96&d=mm&r=g\",\"url\":\"https:\\\/\\\/secure.gravatar.com\\\/avatar\\\/f604b88a0e24c04f3f89fae6b5400bfd6093d0999292a64803d3651d9d4a35a5?s=96&d=mm&r=g\",\"contentUrl\":\"https:\\\/\\\/secure.gravatar.com\\\/avatar\\\/f604b88a0e24c04f3f89fae6b5400bfd6093d0999292a64803d3651d9d4a35a5?s=96&d=mm&r=g\",\"caption\":\"Arj\u00e9 Noticias\"},\"url\":\"https:\\\/\\\/arjenoticias.com.mx\\\/?author=66\"}]}<\/script>\n<!-- \/ Yoast SEO plugin. -->","yoast_head_json":{"title":"\"He vencido al mundo\" revive la Pasi\u00f3n de Cristo desde una mirada \u00edntima y humana -","description":"La novela reconstruye los \u00faltimos d\u00edas de Jes\u00fas a trav\u00e9s de Mar\u00eda, Judas y un centuri\u00f3n romano, arjenoticias te informa.","robots":{"index":"index","follow":"follow","max-snippet":"max-snippet:-1","max-image-preview":"max-image-preview:large","max-video-preview":"max-video-preview:-1"},"canonical":"https:\/\/arjenoticias.com.mx\/?p=12129","og_locale":"es_MX","og_type":"article","og_title":"\"He vencido al mundo\" revive la Pasi\u00f3n de Cristo desde una mirada \u00edntima y humana -","og_description":"La novela reconstruye los \u00faltimos d\u00edas de Jes\u00fas a trav\u00e9s de Mar\u00eda, Judas y un centuri\u00f3n romano, arjenoticias te informa.","og_url":"https:\/\/arjenoticias.com.mx\/?p=12129","article_published_time":"2026-03-31T15:20:43+00:00","og_image":[{"width":1200,"height":673,"url":"https:\/\/arjenoticias.com.mx\/wp-content\/uploads\/2026\/03\/1340_christian-galvez-avila.jpg","type":"image\/jpeg"}],"author":"Arj\u00e9 Noticias","twitter_card":"summary_large_image","twitter_misc":{"Escrito por":"Arj\u00e9 Noticias","Tiempo de lectura":"3 minutos"},"schema":{"@context":"https:\/\/schema.org","@graph":[{"@type":"Article","@id":"https:\/\/arjenoticias.com.mx\/?p=12129#article","isPartOf":{"@id":"https:\/\/arjenoticias.com.mx\/?p=12129"},"author":{"name":"Arj\u00e9 Noticias","@id":"https:\/\/arjenoticias.com.mx\/#\/schema\/person\/83f9fb68162b16794b69a8186dd31bc0"},"headline":"&#8220;He vencido al mundo&#8221; revive la Pasi\u00f3n de Cristo desde una mirada \u00edntima y humana","datePublished":"2026-03-31T15:20:43+00:00","mainEntityOfPage":{"@id":"https:\/\/arjenoticias.com.mx\/?p=12129"},"wordCount":412,"publisher":{"@id":"https:\/\/arjenoticias.com.mx\/#organization"},"image":{"@id":"https:\/\/arjenoticias.com.mx\/?p=12129#primaryimage"},"thumbnailUrl":"https:\/\/arjenoticias.com.mx\/wp-content\/uploads\/2026\/03\/1340_christian-galvez-avila.jpg","keywords":["Christian G\u00e1lvez","He vencido al mundo"],"articleSection":["Cultura y Entretenimiento"],"inLanguage":"es"},{"@type":"WebPage","@id":"https:\/\/arjenoticias.com.mx\/?p=12129","url":"https:\/\/arjenoticias.com.mx\/?p=12129","name":"\"He vencido al mundo\" revive la Pasi\u00f3n de Cristo desde una mirada \u00edntima y humana -","isPartOf":{"@id":"https:\/\/arjenoticias.com.mx\/#website"},"primaryImageOfPage":{"@id":"https:\/\/arjenoticias.com.mx\/?p=12129#primaryimage"},"image":{"@id":"https:\/\/arjenoticias.com.mx\/?p=12129#primaryimage"},"thumbnailUrl":"https:\/\/arjenoticias.com.mx\/wp-content\/uploads\/2026\/03\/1340_christian-galvez-avila.jpg","datePublished":"2026-03-31T15:20:43+00:00","description":"La novela reconstruye los \u00faltimos d\u00edas de Jes\u00fas a trav\u00e9s de Mar\u00eda, Judas y un centuri\u00f3n romano, arjenoticias te informa.","breadcrumb":{"@id":"https:\/\/arjenoticias.com.mx\/?p=12129#breadcrumb"},"inLanguage":"es","potentialAction":[{"@type":"ReadAction","target":["https:\/\/arjenoticias.com.mx\/?p=12129"]}]},{"@type":"ImageObject","inLanguage":"es","@id":"https:\/\/arjenoticias.com.mx\/?p=12129#primaryimage","url":"https:\/\/arjenoticias.com.mx\/wp-content\/uploads\/2026\/03\/1340_christian-galvez-avila.jpg","contentUrl":"https:\/\/arjenoticias.com.mx\/wp-content\/uploads\/2026\/03\/1340_christian-galvez-avila.jpg","width":1200,"height":673,"caption":"\u201cHe vencido al mundo\u201d: la Pasi\u00f3n de Cristo desde la mirada humana de Christian G\u00e1lvez"},{"@type":"BreadcrumbList","@id":"https:\/\/arjenoticias.com.mx\/?p=12129#breadcrumb","itemListElement":[{"@type":"ListItem","position":1,"name":"Inicio","item":"https:\/\/arjenoticias.com.mx\/"},{"@type":"ListItem","position":2,"name":"&#8220;He vencido al mundo&#8221; revive la Pasi\u00f3n de Cristo desde una mirada \u00edntima y humana"}]},{"@type":"WebSite","@id":"https:\/\/arjenoticias.com.mx\/#website","url":"https:\/\/arjenoticias.com.mx\/","name":"arjenoticias.com.mx","description":"","publisher":{"@id":"https:\/\/arjenoticias.com.mx\/#organization"},"potentialAction":[{"@type":"SearchAction","target":{"@type":"EntryPoint","urlTemplate":"https:\/\/arjenoticias.com.mx\/?s={search_term_string}"},"query-input":{"@type":"PropertyValueSpecification","valueRequired":true,"valueName":"search_term_string"}}],"inLanguage":"es"},{"@type":"Organization","@id":"https:\/\/arjenoticias.com.mx\/#organization","name":"Arj\u00e9 de M\u00e9xico Noticias","url":"https:\/\/arjenoticias.com.mx\/","logo":{"@type":"ImageObject","inLanguage":"es","@id":"https:\/\/arjenoticias.com.mx\/#\/schema\/logo\/image\/","url":"https:\/\/arjenoticias.com.mx\/wp-content\/uploads\/2025\/07\/cropped-logo-scaled-1.png","contentUrl":"https:\/\/arjenoticias.com.mx\/wp-content\/uploads\/2025\/07\/cropped-logo-scaled-1.png","width":2558,"height":558,"caption":"Arj\u00e9 de M\u00e9xico Noticias"},"image":{"@id":"https:\/\/arjenoticias.com.mx\/#\/schema\/logo\/image\/"}},{"@type":"Person","@id":"https:\/\/arjenoticias.com.mx\/#\/schema\/person\/83f9fb68162b16794b69a8186dd31bc0","name":"Arj\u00e9 Noticias","image":{"@type":"ImageObject","inLanguage":"es","@id":"https:\/\/secure.gravatar.com\/avatar\/f604b88a0e24c04f3f89fae6b5400bfd6093d0999292a64803d3651d9d4a35a5?s=96&d=mm&r=g","url":"https:\/\/secure.gravatar.com\/avatar\/f604b88a0e24c04f3f89fae6b5400bfd6093d0999292a64803d3651d9d4a35a5?s=96&d=mm&r=g","contentUrl":"https:\/\/secure.gravatar.com\/avatar\/f604b88a0e24c04f3f89fae6b5400bfd6093d0999292a64803d3651d9d4a35a5?s=96&d=mm&r=g","caption":"Arj\u00e9 Noticias"},"url":"https:\/\/arjenoticias.com.mx\/?author=66"}]}},"_links":{"self":[{"href":"https:\/\/arjenoticias.com.mx\/index.php?rest_route=\/wp\/v2\/posts\/12129","targetHints":{"allow":["GET"]}}],"collection":[{"href":"https:\/\/arjenoticias.com.mx\/index.php?rest_route=\/wp\/v2\/posts"}],"about":[{"href":"https:\/\/arjenoticias.com.mx\/index.php?rest_route=\/wp\/v2\/types\/post"}],"author":[{"embeddable":true,"href":"https:\/\/arjenoticias.com.mx\/index.php?rest_route=\/wp\/v2\/users\/66"}],"replies":[{"embeddable":true,"href":"https:\/\/arjenoticias.com.mx\/index.php?rest_route=%2Fwp%2Fv2%2Fcomments&post=12129"}],"version-history":[{"count":0,"href":"https:\/\/arjenoticias.com.mx\/index.php?rest_route=\/wp\/v2\/posts\/12129\/revisions"}],"wp:featuredmedia":[{"embeddable":true,"href":"https:\/\/arjenoticias.com.mx\/index.php?rest_route=\/wp\/v2\/media\/12130"}],"wp:attachment":[{"href":"https:\/\/arjenoticias.com.mx\/index.php?rest_route=%2Fwp%2Fv2%2Fmedia&parent=12129"}],"wp:term":[{"taxonomy":"category","embeddable":true,"href":"https:\/\/arjenoticias.com.mx\/index.php?rest_route=%2Fwp%2Fv2%2Fcategories&post=12129"},{"taxonomy":"post_tag","embeddable":true,"href":"https:\/\/arjenoticias.com.mx\/index.php?rest_route=%2Fwp%2Fv2%2Ftags&post=12129"}],"curies":[{"name":"wp","href":"https:\/\/api.w.org\/{rel}","templated":true}]}}