{"id":12092,"date":"2026-03-30T10:04:06","date_gmt":"2026-03-30T16:04:06","guid":{"rendered":"https:\/\/arjenoticias.com\/?p=12092"},"modified":"2026-03-30T10:04:06","modified_gmt":"2026-03-30T16:04:06","slug":"simulacion-o-derrota","status":"publish","type":"post","link":"https:\/\/arjenoticias.com.mx\/?p=12092","title":{"rendered":"\u00bfSimulaci\u00f3n o derrota?"},"content":{"rendered":"\n<h2 class=\"wp-block-heading\">La reiteraci\u00f3n de iniciativas condenadas al fracaso legislativo no parece un error de c\u00e1lculo; m\u00e1s bien, revela tensiones internas, estrategias de posicionamiento y, posiblemente, una pugna por el control del proyecto pol\u00edtico.<\/h2>\n\n\n\n<p class=\"wp-block-paragraph\">Que alguien me explique qu\u00e9 pas\u00f3. Parece poco cre\u00edble que en cualquier pa\u00eds, pero con mayor raz\u00f3n en uno hiperpresidencialista como el nuestro, una iniciativa turnada desde el Poder Ejecutivo corra la suerte como la que tuvo la propuesta de reforma electoral presentada por la doctora Claudia Sheinbaum.<\/p>\n\n\n\n<p class=\"wp-block-paragraph\">Para entender el momento actual es necesario mirar hacia atr\u00e1s. El antecedente inmediato se encuentra en el intento de reforma pol\u00edtico-electoral promovido por Andr\u00e9s Manuel L\u00f3pez Obrador en 2022.<\/p>\n\n\n\n<p class=\"wp-block-paragraph\">Aquella propuesta no prosper\u00f3 al carecer de mayor\u00eda calificada en la C\u00e1mara de Diputados. Posteriormente, el llamado \u201cPlan B\u201d, dise\u00f1ado como una reforma legal para sortear el obst\u00e1culo constitucional, fue invalidado por la Suprema Corte de Justicia de la Naci\u00f3n debido a irregularidades en el procedimiento legislativo.<\/p>\n\n\n\n<p class=\"wp-block-paragraph\">Lejos de cerrar el cap\u00edtulo, el entonces presidente dej\u00f3 sembrada la ruta de un \u201cPlan C\u201d, retomado ahora por Claudia Sheinbaum.<\/p>\n\n\n\n<p class=\"wp-block-paragraph\">El eje de la propuesta ha sido claro: redise\u00f1ar la representaci\u00f3n pol\u00edtica \u2014con una reducci\u00f3n de la representaci\u00f3n proporcional en primera instancia o al menos definir nuevas rutas para ocupar esas posiciones\u2014, disminuir el financiamiento p\u00fablico a los partidos y ajustar las capacidades operativas de las autoridades electorales.<\/p>\n\n\n\n<p class=\"wp-block-paragraph\">En sus versiones m\u00e1s radicales, incluso se plante\u00f3 la desaparici\u00f3n de los organismos p\u00fablicos locales electorales.<\/p>\n\n\n\n<p class=\"wp-block-paragraph\">No sorprende el contenido de la pretendida reforma; se trataba de garantizar la continuidad de la 4T, disminuir a la oposici\u00f3n alterando las reglas de equidad en la competencia pol\u00edtica y consolidar el proceso de cooptaci\u00f3n de las autoridades electorales.<\/p>\n\n\n\n<p class=\"wp-block-paragraph\">Lo que sorprende es la insistencia en impulsarla aun sin contar con los votos necesarios.<\/p>\n\n\n\n<p class=\"wp-block-paragraph\">Ni el Partido Verde Ecologista de M\u00e9xico ni el Partido del Trabajo estuvieron dispuestos a acompa\u00f1ar una iniciativa que afectaba directamente su supervivencia pol\u00edtica y financiera.<\/p>\n\n\n\n<p class=\"wp-block-paragraph\">Aun as\u00ed, la presidenta envi\u00f3 la propuesta al Congreso, la misma que fue rechazada. La ajust\u00f3 parcialmente y volvi\u00f3 a presentarla ahora al Senado, con un destino igualmente previsible, de manera tal que la intenci\u00f3n estructural que culminaba el redise\u00f1o del Estado mexicano revirtiendo la democratizaci\u00f3n qued\u00f3 solo en un atropello al federalismo.<\/p>\n\n\n\n<p class=\"wp-block-paragraph\">\u00bfC\u00f3mo explicar esto en un sistema donde las iniciativas presidenciales se negocian y aseguran antes de ser enviadas, con mayor raz\u00f3n si se trata de \u201carreglarlo\u201d con los aliados? No suelo especular; sin embargo, en esta ocasi\u00f3n aventurar\u00e9 algunas hip\u00f3tesis.<\/p>\n\n\n\n<p class=\"wp-block-paragraph\">Una primera hip\u00f3tesis es de car\u00e1cter pol\u00edtico-comunicacional. La presidenta puede estar buscando cumplir con \u201ccompromisos de campa\u00f1a\u201d, como ella lo ha sostenido, aun a sabiendas de que no se concretar\u00e1n legislativamente.<\/p>\n\n\n\n<p class=\"wp-block-paragraph\">Bajo esta l\u00f3gica, el mensaje es claro: la Ejecutiva cumple; si la reforma no avanza, la responsabilidad recae en los aliados o en la oposici\u00f3n.<\/p>\n\n\n\n<p class=\"wp-block-paragraph\">Una segunda lectura apunta a la construcci\u00f3n de agenda. En momentos en que M\u00e9xico enfrenta presiones externas \u2014particularmente en la relaci\u00f3n con Estados Unidos en materia de seguridad y de cara a la revisi\u00f3n del tratado comercial regional\u2014, colocar la reforma electoral en el centro del debate podr\u00eda funcionar como una cortina de humo que desplace la atenci\u00f3n p\u00fablica de temas m\u00e1s sensibles para la gobernabilidad.<\/p>\n\n\n\n<p class=\"wp-block-paragraph\">Pero existe una tercera hip\u00f3tesis, m\u00e1s inquietante, que remite a la disputa real por el poder. La insistencia en adelantar la revocaci\u00f3n de mandato de 2028 a 2027 no es un detalle menor.<\/p>\n\n\n\n<p class=\"wp-block-paragraph\">De concretarse, permitir\u00eda a la presidenta aprovechar su capital pol\u00edtico para influir decisivamente en las elecciones intermedias \u2014gubernaturas, congresos locales y ayuntamientos\u2014 y consolidar un liderazgo propio, rest\u00e1ndole peso al ahora vital respaldo de quien la postul\u00f3.<\/p>\n\n\n\n<p class=\"wp-block-paragraph\">Desde esta perspectiva, la resistencia de algunos aliados podr\u00eda no explicarse solo por c\u00e1lculos partidistas, sino por din\u00e1micas m\u00e1s profundas dentro del propio bloque gobernante.<\/p>\n\n\n\n<p class=\"wp-block-paragraph\">La pregunta de fondo es inevitable: \u00bfqui\u00e9n ejerce hoy el poder pol\u00edtico en M\u00e9xico? \u00bfLa titular del Ejecutivo o su antecesor, que mantiene influencia en estructuras partidistas y de gobierno?<\/p>\n\n\n\n<p class=\"wp-block-paragraph\">No hay respuestas definitivas, pero s\u00ed indicios de una transici\u00f3n a\u00fan inconclusa. La reiteraci\u00f3n de iniciativas condenadas al fracaso legislativo no parece un error de c\u00e1lculo; m\u00e1s bien, revela tensiones internas, estrategias de posicionamiento y, posiblemente, una pugna por el control del proyecto pol\u00edtico.<\/p>\n\n\n\n<p class=\"wp-block-paragraph\">En un sistema que durante d\u00e9cadas gir\u00f3 en torno a la figura presidencial, el hecho de que el Congreso rechace, una y otra vez, propuestas del Ejecutivo no solo ofrece la lectura de la ruptura de inercias hist\u00f3ricas, sino que tambi\u00e9n abre una ventana para observar, con mayor nitidez, las fisuras del poder en M\u00e9xico.<\/p>\n\n\n\n<p class=\"wp-block-paragraph\"><\/p>\n","protected":false},"excerpt":{"rendered":"<p>La reiteraci\u00f3n de iniciativas condenadas al fracaso legislativo no parece un error de c\u00e1lculo; m\u00e1s&#8230;<\/p>\n","protected":false},"author":92,"featured_media":12093,"comment_status":"closed","ping_status":"closed","sticky":false,"template":"","format":"standard","meta":{"footnotes":""},"categories":[13],"tags":[2460],"class_list":["post-12092","post","type-post","status-publish","format-standard","has-post-thumbnail","hentry","category-politica","tag-sheinbaum-derrotada"],"yoast_head":"<!-- This site is optimized with the Yoast SEO plugin v28.4 - https:\/\/yoast.com\/product\/yoast-seo-wordpress\/ -->\n<title>\u00bfSimulaci\u00f3n o derrota? -<\/title>\n<meta name=\"description\" content=\"La reiteraci\u00f3n de iniciativas condenadas al fracaso legislativo no parece un error de c\u00e1lculo; m\u00e1s bien, revela tensiones internas\" \/>\n<meta name=\"robots\" content=\"index, follow, max-snippet:-1, max-image-preview:large, max-video-preview:-1\" \/>\n<link rel=\"canonical\" href=\"https:\/\/arjenoticias.com.mx\/?p=12092\" \/>\n<meta property=\"og:locale\" content=\"es_MX\" \/>\n<meta property=\"og:type\" content=\"article\" \/>\n<meta property=\"og:title\" content=\"\u00bfSimulaci\u00f3n o derrota? -\" \/>\n<meta property=\"og:description\" content=\"La reiteraci\u00f3n de iniciativas condenadas al fracaso legislativo no parece un error de c\u00e1lculo; m\u00e1s bien, revela tensiones internas\" \/>\n<meta property=\"og:url\" content=\"https:\/\/arjenoticias.com.mx\/?p=12092\" \/>\n<meta property=\"article:published_time\" content=\"2026-03-30T16:04:06+00:00\" \/>\n<meta property=\"og:image\" content=\"https:\/\/arjenoticias.com.mx\/wp-content\/uploads\/2026\/03\/Edmundo-Jacobo-Molina-3.png\" \/>\n\t<meta property=\"og:image:width\" content=\"600\" \/>\n\t<meta property=\"og:image:height\" content=\"400\" \/>\n\t<meta property=\"og:image:type\" content=\"image\/png\" \/>\n<meta name=\"author\" content=\"Edmundo Jacobo Molina\" \/>\n<meta name=\"twitter:card\" content=\"summary_large_image\" \/>\n<meta name=\"twitter:label1\" content=\"Escrito por\" \/>\n\t<meta name=\"twitter:data1\" content=\"Edmundo Jacobo Molina\" \/>\n\t<meta name=\"twitter:label2\" content=\"Tiempo de lectura\" \/>\n\t<meta name=\"twitter:data2\" content=\"4 minutos\" \/>\n<script type=\"application\/ld+json\" class=\"yoast-schema-graph\">{\"@context\":\"https:\\\/\\\/schema.org\",\"@graph\":[{\"@type\":\"Article\",\"@id\":\"https:\\\/\\\/arjenoticias.com.mx\\\/?p=12092#article\",\"isPartOf\":{\"@id\":\"https:\\\/\\\/arjenoticias.com.mx\\\/?p=12092\"},\"author\":{\"name\":\"Edmundo Jacobo Molina\",\"@id\":\"https:\\\/\\\/arjenoticias.com.mx\\\/#\\\/schema\\\/person\\\/1a41465c296e9e3df18e71b7dee74397\"},\"headline\":\"\u00bfSimulaci\u00f3n o derrota?\",\"datePublished\":\"2026-03-30T16:04:06+00:00\",\"mainEntityOfPage\":{\"@id\":\"https:\\\/\\\/arjenoticias.com.mx\\\/?p=12092\"},\"wordCount\":839,\"publisher\":{\"@id\":\"https:\\\/\\\/arjenoticias.com.mx\\\/#organization\"},\"image\":{\"@id\":\"https:\\\/\\\/arjenoticias.com.mx\\\/?p=12092#primaryimage\"},\"thumbnailUrl\":\"https:\\\/\\\/arjenoticias.com.mx\\\/wp-content\\\/uploads\\\/2026\\\/03\\\/Edmundo-Jacobo-Molina-3.png\",\"keywords\":[\"Sheinbaum derrotada\"],\"articleSection\":[\"Pol\u00edtica\"],\"inLanguage\":\"es\"},{\"@type\":\"WebPage\",\"@id\":\"https:\\\/\\\/arjenoticias.com.mx\\\/?p=12092\",\"url\":\"https:\\\/\\\/arjenoticias.com.mx\\\/?p=12092\",\"name\":\"\u00bfSimulaci\u00f3n o derrota? -\",\"isPartOf\":{\"@id\":\"https:\\\/\\\/arjenoticias.com.mx\\\/#website\"},\"primaryImageOfPage\":{\"@id\":\"https:\\\/\\\/arjenoticias.com.mx\\\/?p=12092#primaryimage\"},\"image\":{\"@id\":\"https:\\\/\\\/arjenoticias.com.mx\\\/?p=12092#primaryimage\"},\"thumbnailUrl\":\"https:\\\/\\\/arjenoticias.com.mx\\\/wp-content\\\/uploads\\\/2026\\\/03\\\/Edmundo-Jacobo-Molina-3.png\",\"datePublished\":\"2026-03-30T16:04:06+00:00\",\"description\":\"La reiteraci\u00f3n de iniciativas condenadas al fracaso legislativo no parece un error de c\u00e1lculo; m\u00e1s bien, revela tensiones internas\",\"breadcrumb\":{\"@id\":\"https:\\\/\\\/arjenoticias.com.mx\\\/?p=12092#breadcrumb\"},\"inLanguage\":\"es\",\"potentialAction\":[{\"@type\":\"ReadAction\",\"target\":[\"https:\\\/\\\/arjenoticias.com.mx\\\/?p=12092\"]}]},{\"@type\":\"ImageObject\",\"inLanguage\":\"es\",\"@id\":\"https:\\\/\\\/arjenoticias.com.mx\\\/?p=12092#primaryimage\",\"url\":\"https:\\\/\\\/arjenoticias.com.mx\\\/wp-content\\\/uploads\\\/2026\\\/03\\\/Edmundo-Jacobo-Molina-3.png\",\"contentUrl\":\"https:\\\/\\\/arjenoticias.com.mx\\\/wp-content\\\/uploads\\\/2026\\\/03\\\/Edmundo-Jacobo-Molina-3.png\",\"width\":600,\"height\":400,\"caption\":\"Hay ruptura entre el gobierno y Morena\"},{\"@type\":\"BreadcrumbList\",\"@id\":\"https:\\\/\\\/arjenoticias.com.mx\\\/?p=12092#breadcrumb\",\"itemListElement\":[{\"@type\":\"ListItem\",\"position\":1,\"name\":\"Inicio\",\"item\":\"https:\\\/\\\/arjenoticias.com.mx\\\/\"},{\"@type\":\"ListItem\",\"position\":2,\"name\":\"\u00bfSimulaci\u00f3n o derrota?\"}]},{\"@type\":\"WebSite\",\"@id\":\"https:\\\/\\\/arjenoticias.com.mx\\\/#website\",\"url\":\"https:\\\/\\\/arjenoticias.com.mx\\\/\",\"name\":\"arjenoticias.com.mx\",\"description\":\"\",\"publisher\":{\"@id\":\"https:\\\/\\\/arjenoticias.com.mx\\\/#organization\"},\"potentialAction\":[{\"@type\":\"SearchAction\",\"target\":{\"@type\":\"EntryPoint\",\"urlTemplate\":\"https:\\\/\\\/arjenoticias.com.mx\\\/?s={search_term_string}\"},\"query-input\":{\"@type\":\"PropertyValueSpecification\",\"valueRequired\":true,\"valueName\":\"search_term_string\"}}],\"inLanguage\":\"es\"},{\"@type\":\"Organization\",\"@id\":\"https:\\\/\\\/arjenoticias.com.mx\\\/#organization\",\"name\":\"Arj\u00e9 de M\u00e9xico Noticias\",\"url\":\"https:\\\/\\\/arjenoticias.com.mx\\\/\",\"logo\":{\"@type\":\"ImageObject\",\"inLanguage\":\"es\",\"@id\":\"https:\\\/\\\/arjenoticias.com.mx\\\/#\\\/schema\\\/logo\\\/image\\\/\",\"url\":\"https:\\\/\\\/arjenoticias.com.mx\\\/wp-content\\\/uploads\\\/2025\\\/07\\\/cropped-logo-scaled-1.png\",\"contentUrl\":\"https:\\\/\\\/arjenoticias.com.mx\\\/wp-content\\\/uploads\\\/2025\\\/07\\\/cropped-logo-scaled-1.png\",\"width\":2558,\"height\":558,\"caption\":\"Arj\u00e9 de M\u00e9xico Noticias\"},\"image\":{\"@id\":\"https:\\\/\\\/arjenoticias.com.mx\\\/#\\\/schema\\\/logo\\\/image\\\/\"}},{\"@type\":\"Person\",\"@id\":\"https:\\\/\\\/arjenoticias.com.mx\\\/#\\\/schema\\\/person\\\/1a41465c296e9e3df18e71b7dee74397\",\"name\":\"Edmundo Jacobo Molina\",\"image\":{\"@type\":\"ImageObject\",\"inLanguage\":\"es\",\"@id\":\"https:\\\/\\\/secure.gravatar.com\\\/avatar\\\/f2461446ec50fd3e1cde6a8b1c088e4507436d93ef72d758a4f583b3dcb40f56?s=96&d=mm&r=g\",\"url\":\"https:\\\/\\\/secure.gravatar.com\\\/avatar\\\/f2461446ec50fd3e1cde6a8b1c088e4507436d93ef72d758a4f583b3dcb40f56?s=96&d=mm&r=g\",\"contentUrl\":\"https:\\\/\\\/secure.gravatar.com\\\/avatar\\\/f2461446ec50fd3e1cde6a8b1c088e4507436d93ef72d758a4f583b3dcb40f56?s=96&d=mm&r=g\",\"caption\":\"Edmundo Jacobo Molina\"},\"url\":\"https:\\\/\\\/arjenoticias.com.mx\\\/?author=92\"}]}<\/script>\n<!-- \/ Yoast SEO plugin. -->","yoast_head_json":{"title":"\u00bfSimulaci\u00f3n o derrota? -","description":"La reiteraci\u00f3n de iniciativas condenadas al fracaso legislativo no parece un error de c\u00e1lculo; m\u00e1s bien, revela tensiones internas","robots":{"index":"index","follow":"follow","max-snippet":"max-snippet:-1","max-image-preview":"max-image-preview:large","max-video-preview":"max-video-preview:-1"},"canonical":"https:\/\/arjenoticias.com.mx\/?p=12092","og_locale":"es_MX","og_type":"article","og_title":"\u00bfSimulaci\u00f3n o derrota? -","og_description":"La reiteraci\u00f3n de iniciativas condenadas al fracaso legislativo no parece un error de c\u00e1lculo; m\u00e1s bien, revela tensiones internas","og_url":"https:\/\/arjenoticias.com.mx\/?p=12092","article_published_time":"2026-03-30T16:04:06+00:00","og_image":[{"width":600,"height":400,"url":"https:\/\/arjenoticias.com.mx\/wp-content\/uploads\/2026\/03\/Edmundo-Jacobo-Molina-3.png","type":"image\/png"}],"author":"Edmundo Jacobo Molina","twitter_card":"summary_large_image","twitter_misc":{"Escrito por":"Edmundo Jacobo Molina","Tiempo de lectura":"4 minutos"},"schema":{"@context":"https:\/\/schema.org","@graph":[{"@type":"Article","@id":"https:\/\/arjenoticias.com.mx\/?p=12092#article","isPartOf":{"@id":"https:\/\/arjenoticias.com.mx\/?p=12092"},"author":{"name":"Edmundo Jacobo Molina","@id":"https:\/\/arjenoticias.com.mx\/#\/schema\/person\/1a41465c296e9e3df18e71b7dee74397"},"headline":"\u00bfSimulaci\u00f3n o derrota?","datePublished":"2026-03-30T16:04:06+00:00","mainEntityOfPage":{"@id":"https:\/\/arjenoticias.com.mx\/?p=12092"},"wordCount":839,"publisher":{"@id":"https:\/\/arjenoticias.com.mx\/#organization"},"image":{"@id":"https:\/\/arjenoticias.com.mx\/?p=12092#primaryimage"},"thumbnailUrl":"https:\/\/arjenoticias.com.mx\/wp-content\/uploads\/2026\/03\/Edmundo-Jacobo-Molina-3.png","keywords":["Sheinbaum derrotada"],"articleSection":["Pol\u00edtica"],"inLanguage":"es"},{"@type":"WebPage","@id":"https:\/\/arjenoticias.com.mx\/?p=12092","url":"https:\/\/arjenoticias.com.mx\/?p=12092","name":"\u00bfSimulaci\u00f3n o derrota? -","isPartOf":{"@id":"https:\/\/arjenoticias.com.mx\/#website"},"primaryImageOfPage":{"@id":"https:\/\/arjenoticias.com.mx\/?p=12092#primaryimage"},"image":{"@id":"https:\/\/arjenoticias.com.mx\/?p=12092#primaryimage"},"thumbnailUrl":"https:\/\/arjenoticias.com.mx\/wp-content\/uploads\/2026\/03\/Edmundo-Jacobo-Molina-3.png","datePublished":"2026-03-30T16:04:06+00:00","description":"La reiteraci\u00f3n de iniciativas condenadas al fracaso legislativo no parece un error de c\u00e1lculo; m\u00e1s bien, revela tensiones internas","breadcrumb":{"@id":"https:\/\/arjenoticias.com.mx\/?p=12092#breadcrumb"},"inLanguage":"es","potentialAction":[{"@type":"ReadAction","target":["https:\/\/arjenoticias.com.mx\/?p=12092"]}]},{"@type":"ImageObject","inLanguage":"es","@id":"https:\/\/arjenoticias.com.mx\/?p=12092#primaryimage","url":"https:\/\/arjenoticias.com.mx\/wp-content\/uploads\/2026\/03\/Edmundo-Jacobo-Molina-3.png","contentUrl":"https:\/\/arjenoticias.com.mx\/wp-content\/uploads\/2026\/03\/Edmundo-Jacobo-Molina-3.png","width":600,"height":400,"caption":"Hay ruptura entre el gobierno y Morena"},{"@type":"BreadcrumbList","@id":"https:\/\/arjenoticias.com.mx\/?p=12092#breadcrumb","itemListElement":[{"@type":"ListItem","position":1,"name":"Inicio","item":"https:\/\/arjenoticias.com.mx\/"},{"@type":"ListItem","position":2,"name":"\u00bfSimulaci\u00f3n o derrota?"}]},{"@type":"WebSite","@id":"https:\/\/arjenoticias.com.mx\/#website","url":"https:\/\/arjenoticias.com.mx\/","name":"arjenoticias.com.mx","description":"","publisher":{"@id":"https:\/\/arjenoticias.com.mx\/#organization"},"potentialAction":[{"@type":"SearchAction","target":{"@type":"EntryPoint","urlTemplate":"https:\/\/arjenoticias.com.mx\/?s={search_term_string}"},"query-input":{"@type":"PropertyValueSpecification","valueRequired":true,"valueName":"search_term_string"}}],"inLanguage":"es"},{"@type":"Organization","@id":"https:\/\/arjenoticias.com.mx\/#organization","name":"Arj\u00e9 de M\u00e9xico Noticias","url":"https:\/\/arjenoticias.com.mx\/","logo":{"@type":"ImageObject","inLanguage":"es","@id":"https:\/\/arjenoticias.com.mx\/#\/schema\/logo\/image\/","url":"https:\/\/arjenoticias.com.mx\/wp-content\/uploads\/2025\/07\/cropped-logo-scaled-1.png","contentUrl":"https:\/\/arjenoticias.com.mx\/wp-content\/uploads\/2025\/07\/cropped-logo-scaled-1.png","width":2558,"height":558,"caption":"Arj\u00e9 de M\u00e9xico Noticias"},"image":{"@id":"https:\/\/arjenoticias.com.mx\/#\/schema\/logo\/image\/"}},{"@type":"Person","@id":"https:\/\/arjenoticias.com.mx\/#\/schema\/person\/1a41465c296e9e3df18e71b7dee74397","name":"Edmundo Jacobo Molina","image":{"@type":"ImageObject","inLanguage":"es","@id":"https:\/\/secure.gravatar.com\/avatar\/f2461446ec50fd3e1cde6a8b1c088e4507436d93ef72d758a4f583b3dcb40f56?s=96&d=mm&r=g","url":"https:\/\/secure.gravatar.com\/avatar\/f2461446ec50fd3e1cde6a8b1c088e4507436d93ef72d758a4f583b3dcb40f56?s=96&d=mm&r=g","contentUrl":"https:\/\/secure.gravatar.com\/avatar\/f2461446ec50fd3e1cde6a8b1c088e4507436d93ef72d758a4f583b3dcb40f56?s=96&d=mm&r=g","caption":"Edmundo Jacobo Molina"},"url":"https:\/\/arjenoticias.com.mx\/?author=92"}]}},"_links":{"self":[{"href":"https:\/\/arjenoticias.com.mx\/index.php?rest_route=\/wp\/v2\/posts\/12092","targetHints":{"allow":["GET"]}}],"collection":[{"href":"https:\/\/arjenoticias.com.mx\/index.php?rest_route=\/wp\/v2\/posts"}],"about":[{"href":"https:\/\/arjenoticias.com.mx\/index.php?rest_route=\/wp\/v2\/types\/post"}],"author":[{"embeddable":true,"href":"https:\/\/arjenoticias.com.mx\/index.php?rest_route=\/wp\/v2\/users\/92"}],"replies":[{"embeddable":true,"href":"https:\/\/arjenoticias.com.mx\/index.php?rest_route=%2Fwp%2Fv2%2Fcomments&post=12092"}],"version-history":[{"count":0,"href":"https:\/\/arjenoticias.com.mx\/index.php?rest_route=\/wp\/v2\/posts\/12092\/revisions"}],"wp:featuredmedia":[{"embeddable":true,"href":"https:\/\/arjenoticias.com.mx\/index.php?rest_route=\/wp\/v2\/media\/12093"}],"wp:attachment":[{"href":"https:\/\/arjenoticias.com.mx\/index.php?rest_route=%2Fwp%2Fv2%2Fmedia&parent=12092"}],"wp:term":[{"taxonomy":"category","embeddable":true,"href":"https:\/\/arjenoticias.com.mx\/index.php?rest_route=%2Fwp%2Fv2%2Fcategories&post=12092"},{"taxonomy":"post_tag","embeddable":true,"href":"https:\/\/arjenoticias.com.mx\/index.php?rest_route=%2Fwp%2Fv2%2Ftags&post=12092"}],"curies":[{"name":"wp","href":"https:\/\/api.w.org\/{rel}","templated":true}]}}