{"id":11872,"date":"2026-03-24T10:26:10","date_gmt":"2026-03-24T16:26:10","guid":{"rendered":"https:\/\/arjenoticias.com\/?p=11872"},"modified":"2026-03-24T10:26:10","modified_gmt":"2026-03-24T16:26:10","slug":"el-muro-la-normalizacion-del-horror-y-la-ilegalidad-martha-barcena","status":"publish","type":"post","link":"https:\/\/arjenoticias.com.mx\/?p=11872","title":{"rendered":"El muro: la normalizaci\u00f3n del horror y la ilegalidad: Martha Barcena"},"content":{"rendered":"\n<h2 class=\"wp-block-heading\">El gobierno de Trump ha reanudado la construcci\u00f3n del infame muro fronterizo entre M\u00e9xico y EU ante la escasa reacci\u00f3n en EU y la nula oposici\u00f3n del gobierno mexicano<\/h2>\n\n\n\n<p class=\"wp-block-paragraph\">El muro inici\u00f3 en 1990, cuando la Oficina de Aduanas y Protecci\u00f3n Fronteriza (CBP) instal\u00f3 22 kms de barreras para frenar a migrantes y drogas en la zona de San Diego. Continu\u00f3 la edificaci\u00f3n en 2005, 2006 y 2011. Se destinaron 2 mil 500 millones de d\u00f3lares para ampliar el muro en 1,367 kms.<\/p>\n\n\n\n<p class=\"wp-block-paragraph\">En la primera administraci\u00f3n Trump el muro se convirti\u00f3 en una premisa central de la seguridad fronteriza. Se destinaron cerca de 11,1 mil millones de d\u00f3lares para construir 442 kms adicionales y sustituir viejas vallas. Al final, los kil\u00f3metros construidos fueron menores, debido a las demandas legales en EU en contra del muro, tanto por propietarios de terrenos -en particular en Texas, donde la mayor parte de las tierras fronterizas son propiedad privada- como por organizaciones de la sociedad civil y del propio gobierno de M\u00e9xico a trav\u00e9s de la Comisi\u00f3n Internacional de L\u00edmites y Aguas (CILA).<\/p>\n\n\n\n<p class=\"wp-block-paragraph\">El segundo gobierno de Trump cuenta con m\u00e1s recursos para continuar el muro, sin importarle los impactos ambientales, econ\u00f3micos, sociales, culturales y de la relaci\u00f3n con M\u00e9xico.<\/p>\n\n\n\n<p class=\"wp-block-paragraph\">La ley OBBBA (One Big Beautiful Bill Act) de 2025 autoriz\u00f3 46,5 mil millones de d\u00f3lares a la construcci\u00f3n del muro, 4 veces m\u00e1s de lo destinado anteriormente. En las \u00faltimas semanas se ha registrado actividad fren\u00e9tica en zonas fronterizas particularmente fr\u00e1giles y relevantes.<\/p>\n\n\n\n<p class=\"wp-block-paragraph\">Por un lado, en la frontera Sonora-Arizona (el Valle de San Rafael en el \u00e1rea del parque Memorial de Coronado en Arizona), entre Nogales y Agua Prieta, cerca de la zona habitada por los Tohono O\u2019odham o p\u00e1pagos. La construcci\u00f3n del muro pintado de negro de m\u00e1s de 3 metros de alto est\u00e1 destruyendo monta\u00f1as, cuencas medioambientales fr\u00e1giles, impidiendo la circulaci\u00f3n de fauna como jaguares. En la zona NO se registran \u00edndices de cruces irregulares, por lo que el muro no ser\u00eda necesario. Los contratos se han otorgado a compa\u00f1\u00edas que han financiado campa\u00f1as de republicanos y de la propia Kristi Noem, ex secretaria de Seguridad Interior.<\/p>\n\n\n\n<p class=\"wp-block-paragraph\">Por otra parte, se observa intensa construcci\u00f3n documentada por medios de EU, en la frontera de Texas con Chihuahua y Coahuila, tanto en el parque estatal de Big Bend como en el parque nacional Big Bend de EU. Nunca ha habido un muro en la zona por la propia geograf\u00eda: el R\u00edo Bravo, ca\u00f1ones, monta\u00f1as, que la hace casi intransitable para cruzarla. Del lado mexicano est\u00e1 el parque Ocampo. En Texas hay protestas tanto de dem\u00f3cratas como republicanos por violaci\u00f3n a sus derechos de propiedad privada, da\u00f1o medioambiental, afectaci\u00f3n a los recursos acu\u00edferos, a la biodiversidad. En la zona hay dos cruces fronterizos: el de Presidio-Ojinaga y el peatonal de Boquillas del Carmen en Coahuila conectado con el Parque Big Bend.<\/p>\n\n\n\n<p class=\"wp-block-paragraph\">El gobierno de M\u00e9xico debe protestar en\u00e9rgicamente por la reanudaci\u00f3n de la construcci\u00f3n al atentar contra la buena vecindad y la cooperaci\u00f3n fronteriza, por violar tratados internacionales y afectar econ\u00f3mica, social, cultural y medioambientalmente a las poblaciones fronterizas.&nbsp;<\/p>\n\n\n\n<p class=\"wp-block-paragraph\">POR MARTHA B\u00c1RCENA<\/p>\n\n\n\n<p class=\"wp-block-paragraph\">@MARTHA_BARCENA<\/p>\n","protected":false},"excerpt":{"rendered":"<p>El gobierno de Trump ha reanudado la construcci\u00f3n del infame muro fronterizo entre M\u00e9xico y&#8230;<\/p>\n","protected":false},"author":72,"featured_media":11873,"comment_status":"closed","ping_status":"closed","sticky":false,"template":"","format":"standard","meta":{"footnotes":""},"categories":[7],"tags":[1862],"class_list":["post-11872","post","type-post","status-publish","format-standard","has-post-thumbnail","hentry","category-lo-mas-relevante","tag-muro-de-trump"],"yoast_head":"<!-- This site is optimized with the Yoast SEO plugin v28.4 - https:\/\/yoast.com\/product\/yoast-seo-wordpress\/ -->\n<title>El muro: la normalizaci\u00f3n del horror y la ilegalidad: Martha Barcena -<\/title>\n<meta name=\"description\" content=\"El segundo gobierno de Trump cuenta con m\u00e1s recursos para continuar el muro, sin importarle los impactos ambientales, econ\u00f3micos, sociales, culturales y de la relaci\u00f3n con M\u00e9xico.\" \/>\n<meta name=\"robots\" content=\"index, follow, max-snippet:-1, max-image-preview:large, max-video-preview:-1\" \/>\n<link rel=\"canonical\" href=\"https:\/\/arjenoticias.com.mx\/?p=11872\" \/>\n<meta property=\"og:locale\" content=\"es_MX\" \/>\n<meta property=\"og:type\" content=\"article\" \/>\n<meta property=\"og:title\" content=\"El muro: la normalizaci\u00f3n del horror y la ilegalidad: Martha Barcena -\" \/>\n<meta property=\"og:description\" content=\"El segundo gobierno de Trump cuenta con m\u00e1s recursos para continuar el muro, sin importarle los impactos ambientales, econ\u00f3micos, sociales, culturales y de la relaci\u00f3n con M\u00e9xico.\" \/>\n<meta property=\"og:url\" content=\"https:\/\/arjenoticias.com.mx\/?p=11872\" \/>\n<meta property=\"article:published_time\" content=\"2026-03-24T16:26:10+00:00\" \/>\n<meta name=\"author\" content=\"Martha B\u00e1rcena Coqui\" \/>\n<meta name=\"twitter:card\" content=\"summary_large_image\" \/>\n<meta name=\"twitter:label1\" content=\"Escrito por\" \/>\n\t<meta name=\"twitter:data1\" content=\"Martha B\u00e1rcena Coqui\" \/>\n\t<meta name=\"twitter:label2\" content=\"Tiempo de lectura\" \/>\n\t<meta name=\"twitter:data2\" content=\"3 minutos\" \/>\n<script type=\"application\/ld+json\" class=\"yoast-schema-graph\">{\"@context\":\"https:\\\/\\\/schema.org\",\"@graph\":[{\"@type\":\"Article\",\"@id\":\"https:\\\/\\\/arjenoticias.com.mx\\\/?p=11872#article\",\"isPartOf\":{\"@id\":\"https:\\\/\\\/arjenoticias.com.mx\\\/?p=11872\"},\"author\":{\"name\":\"Martha B\u00e1rcena Coqui\",\"@id\":\"https:\\\/\\\/arjenoticias.com.mx\\\/#\\\/schema\\\/person\\\/a4a3962915988bab00ea0882aa06ade7\"},\"headline\":\"El muro: la normalizaci\u00f3n del horror y la ilegalidad: Martha Barcena\",\"datePublished\":\"2026-03-24T16:26:10+00:00\",\"mainEntityOfPage\":{\"@id\":\"https:\\\/\\\/arjenoticias.com.mx\\\/?p=11872\"},\"wordCount\":571,\"publisher\":{\"@id\":\"https:\\\/\\\/arjenoticias.com.mx\\\/#organization\"},\"image\":{\"@id\":\"https:\\\/\\\/arjenoticias.com.mx\\\/?p=11872#primaryimage\"},\"thumbnailUrl\":\"https:\\\/\\\/arjenoticias.com.mx\\\/wp-content\\\/uploads\\\/2026\\\/03\\\/4745H5OX5NGQ3AOBR2Q4SEPNJ4.jpg.avif\",\"keywords\":[\"Muro de Trump\"],\"articleSection\":[\"Lo m\u00e1s relevante\"],\"inLanguage\":\"es\"},{\"@type\":\"WebPage\",\"@id\":\"https:\\\/\\\/arjenoticias.com.mx\\\/?p=11872\",\"url\":\"https:\\\/\\\/arjenoticias.com.mx\\\/?p=11872\",\"name\":\"El muro: la normalizaci\u00f3n del horror y la ilegalidad: Martha Barcena -\",\"isPartOf\":{\"@id\":\"https:\\\/\\\/arjenoticias.com.mx\\\/#website\"},\"primaryImageOfPage\":{\"@id\":\"https:\\\/\\\/arjenoticias.com.mx\\\/?p=11872#primaryimage\"},\"image\":{\"@id\":\"https:\\\/\\\/arjenoticias.com.mx\\\/?p=11872#primaryimage\"},\"thumbnailUrl\":\"https:\\\/\\\/arjenoticias.com.mx\\\/wp-content\\\/uploads\\\/2026\\\/03\\\/4745H5OX5NGQ3AOBR2Q4SEPNJ4.jpg.avif\",\"datePublished\":\"2026-03-24T16:26:10+00:00\",\"description\":\"El segundo gobierno de Trump cuenta con m\u00e1s recursos para continuar el muro, sin importarle los impactos ambientales, econ\u00f3micos, sociales, culturales y de la relaci\u00f3n con M\u00e9xico.\",\"breadcrumb\":{\"@id\":\"https:\\\/\\\/arjenoticias.com.mx\\\/?p=11872#breadcrumb\"},\"inLanguage\":\"es\",\"potentialAction\":[{\"@type\":\"ReadAction\",\"target\":[\"https:\\\/\\\/arjenoticias.com.mx\\\/?p=11872\"]}]},{\"@type\":\"ImageObject\",\"inLanguage\":\"es\",\"@id\":\"https:\\\/\\\/arjenoticias.com.mx\\\/?p=11872#primaryimage\",\"url\":\"https:\\\/\\\/arjenoticias.com.mx\\\/wp-content\\\/uploads\\\/2026\\\/03\\\/4745H5OX5NGQ3AOBR2Q4SEPNJ4.jpg.avif\",\"contentUrl\":\"https:\\\/\\\/arjenoticias.com.mx\\\/wp-content\\\/uploads\\\/2026\\\/03\\\/4745H5OX5NGQ3AOBR2Q4SEPNJ4.jpg.avif\",\"width\":414,\"height\":276,\"caption\":\"El gobierno de Trump ha reanudado la construcci\u00f3n del infame muro fronterizo entre M\u00e9xico y EU\"},{\"@type\":\"BreadcrumbList\",\"@id\":\"https:\\\/\\\/arjenoticias.com.mx\\\/?p=11872#breadcrumb\",\"itemListElement\":[{\"@type\":\"ListItem\",\"position\":1,\"name\":\"Inicio\",\"item\":\"https:\\\/\\\/arjenoticias.com.mx\\\/\"},{\"@type\":\"ListItem\",\"position\":2,\"name\":\"El muro: la normalizaci\u00f3n del horror y la ilegalidad: Martha Barcena\"}]},{\"@type\":\"WebSite\",\"@id\":\"https:\\\/\\\/arjenoticias.com.mx\\\/#website\",\"url\":\"https:\\\/\\\/arjenoticias.com.mx\\\/\",\"name\":\"arjenoticias.com.mx\",\"description\":\"\",\"publisher\":{\"@id\":\"https:\\\/\\\/arjenoticias.com.mx\\\/#organization\"},\"potentialAction\":[{\"@type\":\"SearchAction\",\"target\":{\"@type\":\"EntryPoint\",\"urlTemplate\":\"https:\\\/\\\/arjenoticias.com.mx\\\/?s={search_term_string}\"},\"query-input\":{\"@type\":\"PropertyValueSpecification\",\"valueRequired\":true,\"valueName\":\"search_term_string\"}}],\"inLanguage\":\"es\"},{\"@type\":\"Organization\",\"@id\":\"https:\\\/\\\/arjenoticias.com.mx\\\/#organization\",\"name\":\"Arj\u00e9 de M\u00e9xico Noticias\",\"url\":\"https:\\\/\\\/arjenoticias.com.mx\\\/\",\"logo\":{\"@type\":\"ImageObject\",\"inLanguage\":\"es\",\"@id\":\"https:\\\/\\\/arjenoticias.com.mx\\\/#\\\/schema\\\/logo\\\/image\\\/\",\"url\":\"https:\\\/\\\/arjenoticias.com.mx\\\/wp-content\\\/uploads\\\/2025\\\/07\\\/cropped-logo-scaled-1.png\",\"contentUrl\":\"https:\\\/\\\/arjenoticias.com.mx\\\/wp-content\\\/uploads\\\/2025\\\/07\\\/cropped-logo-scaled-1.png\",\"width\":2558,\"height\":558,\"caption\":\"Arj\u00e9 de M\u00e9xico Noticias\"},\"image\":{\"@id\":\"https:\\\/\\\/arjenoticias.com.mx\\\/#\\\/schema\\\/logo\\\/image\\\/\"}},{\"@type\":\"Person\",\"@id\":\"https:\\\/\\\/arjenoticias.com.mx\\\/#\\\/schema\\\/person\\\/a4a3962915988bab00ea0882aa06ade7\",\"name\":\"Martha B\u00e1rcena Coqui\",\"image\":{\"@type\":\"ImageObject\",\"inLanguage\":\"es\",\"@id\":\"https:\\\/\\\/secure.gravatar.com\\\/avatar\\\/b87d375fe0018f171fae94e13c314c46c401d649f22c65faaa065c3d8b5aea80?s=96&d=mm&r=g\",\"url\":\"https:\\\/\\\/secure.gravatar.com\\\/avatar\\\/b87d375fe0018f171fae94e13c314c46c401d649f22c65faaa065c3d8b5aea80?s=96&d=mm&r=g\",\"contentUrl\":\"https:\\\/\\\/secure.gravatar.com\\\/avatar\\\/b87d375fe0018f171fae94e13c314c46c401d649f22c65faaa065c3d8b5aea80?s=96&d=mm&r=g\",\"caption\":\"Martha B\u00e1rcena Coqui\"},\"url\":\"https:\\\/\\\/arjenoticias.com.mx\\\/?author=72\"}]}<\/script>\n<!-- \/ Yoast SEO plugin. -->","yoast_head_json":{"title":"El muro: la normalizaci\u00f3n del horror y la ilegalidad: Martha Barcena -","description":"El segundo gobierno de Trump cuenta con m\u00e1s recursos para continuar el muro, sin importarle los impactos ambientales, econ\u00f3micos, sociales, culturales y de la relaci\u00f3n con M\u00e9xico.","robots":{"index":"index","follow":"follow","max-snippet":"max-snippet:-1","max-image-preview":"max-image-preview:large","max-video-preview":"max-video-preview:-1"},"canonical":"https:\/\/arjenoticias.com.mx\/?p=11872","og_locale":"es_MX","og_type":"article","og_title":"El muro: la normalizaci\u00f3n del horror y la ilegalidad: Martha Barcena -","og_description":"El segundo gobierno de Trump cuenta con m\u00e1s recursos para continuar el muro, sin importarle los impactos ambientales, econ\u00f3micos, sociales, culturales y de la relaci\u00f3n con M\u00e9xico.","og_url":"https:\/\/arjenoticias.com.mx\/?p=11872","article_published_time":"2026-03-24T16:26:10+00:00","author":"Martha B\u00e1rcena Coqui","twitter_card":"summary_large_image","twitter_misc":{"Escrito por":"Martha B\u00e1rcena Coqui","Tiempo de lectura":"3 minutos"},"schema":{"@context":"https:\/\/schema.org","@graph":[{"@type":"Article","@id":"https:\/\/arjenoticias.com.mx\/?p=11872#article","isPartOf":{"@id":"https:\/\/arjenoticias.com.mx\/?p=11872"},"author":{"name":"Martha B\u00e1rcena Coqui","@id":"https:\/\/arjenoticias.com.mx\/#\/schema\/person\/a4a3962915988bab00ea0882aa06ade7"},"headline":"El muro: la normalizaci\u00f3n del horror y la ilegalidad: Martha Barcena","datePublished":"2026-03-24T16:26:10+00:00","mainEntityOfPage":{"@id":"https:\/\/arjenoticias.com.mx\/?p=11872"},"wordCount":571,"publisher":{"@id":"https:\/\/arjenoticias.com.mx\/#organization"},"image":{"@id":"https:\/\/arjenoticias.com.mx\/?p=11872#primaryimage"},"thumbnailUrl":"https:\/\/arjenoticias.com.mx\/wp-content\/uploads\/2026\/03\/4745H5OX5NGQ3AOBR2Q4SEPNJ4.jpg.avif","keywords":["Muro de Trump"],"articleSection":["Lo m\u00e1s relevante"],"inLanguage":"es"},{"@type":"WebPage","@id":"https:\/\/arjenoticias.com.mx\/?p=11872","url":"https:\/\/arjenoticias.com.mx\/?p=11872","name":"El muro: la normalizaci\u00f3n del horror y la ilegalidad: Martha Barcena -","isPartOf":{"@id":"https:\/\/arjenoticias.com.mx\/#website"},"primaryImageOfPage":{"@id":"https:\/\/arjenoticias.com.mx\/?p=11872#primaryimage"},"image":{"@id":"https:\/\/arjenoticias.com.mx\/?p=11872#primaryimage"},"thumbnailUrl":"https:\/\/arjenoticias.com.mx\/wp-content\/uploads\/2026\/03\/4745H5OX5NGQ3AOBR2Q4SEPNJ4.jpg.avif","datePublished":"2026-03-24T16:26:10+00:00","description":"El segundo gobierno de Trump cuenta con m\u00e1s recursos para continuar el muro, sin importarle los impactos ambientales, econ\u00f3micos, sociales, culturales y de la relaci\u00f3n con M\u00e9xico.","breadcrumb":{"@id":"https:\/\/arjenoticias.com.mx\/?p=11872#breadcrumb"},"inLanguage":"es","potentialAction":[{"@type":"ReadAction","target":["https:\/\/arjenoticias.com.mx\/?p=11872"]}]},{"@type":"ImageObject","inLanguage":"es","@id":"https:\/\/arjenoticias.com.mx\/?p=11872#primaryimage","url":"https:\/\/arjenoticias.com.mx\/wp-content\/uploads\/2026\/03\/4745H5OX5NGQ3AOBR2Q4SEPNJ4.jpg.avif","contentUrl":"https:\/\/arjenoticias.com.mx\/wp-content\/uploads\/2026\/03\/4745H5OX5NGQ3AOBR2Q4SEPNJ4.jpg.avif","width":414,"height":276,"caption":"El gobierno de Trump ha reanudado la construcci\u00f3n del infame muro fronterizo entre M\u00e9xico y EU"},{"@type":"BreadcrumbList","@id":"https:\/\/arjenoticias.com.mx\/?p=11872#breadcrumb","itemListElement":[{"@type":"ListItem","position":1,"name":"Inicio","item":"https:\/\/arjenoticias.com.mx\/"},{"@type":"ListItem","position":2,"name":"El muro: la normalizaci\u00f3n del horror y la ilegalidad: Martha Barcena"}]},{"@type":"WebSite","@id":"https:\/\/arjenoticias.com.mx\/#website","url":"https:\/\/arjenoticias.com.mx\/","name":"arjenoticias.com.mx","description":"","publisher":{"@id":"https:\/\/arjenoticias.com.mx\/#organization"},"potentialAction":[{"@type":"SearchAction","target":{"@type":"EntryPoint","urlTemplate":"https:\/\/arjenoticias.com.mx\/?s={search_term_string}"},"query-input":{"@type":"PropertyValueSpecification","valueRequired":true,"valueName":"search_term_string"}}],"inLanguage":"es"},{"@type":"Organization","@id":"https:\/\/arjenoticias.com.mx\/#organization","name":"Arj\u00e9 de M\u00e9xico Noticias","url":"https:\/\/arjenoticias.com.mx\/","logo":{"@type":"ImageObject","inLanguage":"es","@id":"https:\/\/arjenoticias.com.mx\/#\/schema\/logo\/image\/","url":"https:\/\/arjenoticias.com.mx\/wp-content\/uploads\/2025\/07\/cropped-logo-scaled-1.png","contentUrl":"https:\/\/arjenoticias.com.mx\/wp-content\/uploads\/2025\/07\/cropped-logo-scaled-1.png","width":2558,"height":558,"caption":"Arj\u00e9 de M\u00e9xico Noticias"},"image":{"@id":"https:\/\/arjenoticias.com.mx\/#\/schema\/logo\/image\/"}},{"@type":"Person","@id":"https:\/\/arjenoticias.com.mx\/#\/schema\/person\/a4a3962915988bab00ea0882aa06ade7","name":"Martha B\u00e1rcena Coqui","image":{"@type":"ImageObject","inLanguage":"es","@id":"https:\/\/secure.gravatar.com\/avatar\/b87d375fe0018f171fae94e13c314c46c401d649f22c65faaa065c3d8b5aea80?s=96&d=mm&r=g","url":"https:\/\/secure.gravatar.com\/avatar\/b87d375fe0018f171fae94e13c314c46c401d649f22c65faaa065c3d8b5aea80?s=96&d=mm&r=g","contentUrl":"https:\/\/secure.gravatar.com\/avatar\/b87d375fe0018f171fae94e13c314c46c401d649f22c65faaa065c3d8b5aea80?s=96&d=mm&r=g","caption":"Martha B\u00e1rcena Coqui"},"url":"https:\/\/arjenoticias.com.mx\/?author=72"}]}},"_links":{"self":[{"href":"https:\/\/arjenoticias.com.mx\/index.php?rest_route=\/wp\/v2\/posts\/11872","targetHints":{"allow":["GET"]}}],"collection":[{"href":"https:\/\/arjenoticias.com.mx\/index.php?rest_route=\/wp\/v2\/posts"}],"about":[{"href":"https:\/\/arjenoticias.com.mx\/index.php?rest_route=\/wp\/v2\/types\/post"}],"author":[{"embeddable":true,"href":"https:\/\/arjenoticias.com.mx\/index.php?rest_route=\/wp\/v2\/users\/72"}],"replies":[{"embeddable":true,"href":"https:\/\/arjenoticias.com.mx\/index.php?rest_route=%2Fwp%2Fv2%2Fcomments&post=11872"}],"version-history":[{"count":0,"href":"https:\/\/arjenoticias.com.mx\/index.php?rest_route=\/wp\/v2\/posts\/11872\/revisions"}],"wp:featuredmedia":[{"embeddable":true,"href":"https:\/\/arjenoticias.com.mx\/index.php?rest_route=\/wp\/v2\/media\/11873"}],"wp:attachment":[{"href":"https:\/\/arjenoticias.com.mx\/index.php?rest_route=%2Fwp%2Fv2%2Fmedia&parent=11872"}],"wp:term":[{"taxonomy":"category","embeddable":true,"href":"https:\/\/arjenoticias.com.mx\/index.php?rest_route=%2Fwp%2Fv2%2Fcategories&post=11872"},{"taxonomy":"post_tag","embeddable":true,"href":"https:\/\/arjenoticias.com.mx\/index.php?rest_route=%2Fwp%2Fv2%2Ftags&post=11872"}],"curies":[{"name":"wp","href":"https:\/\/api.w.org\/{rel}","templated":true}]}}