{"id":11868,"date":"2026-03-24T10:10:46","date_gmt":"2026-03-24T16:10:46","guid":{"rendered":"https:\/\/arjenoticias.com\/?p=11868"},"modified":"2026-03-24T10:10:46","modified_gmt":"2026-03-24T16:10:46","slug":"el-precio-de-la-democracia-vs-el-costo-del-despilfarro","status":"publish","type":"post","link":"https:\/\/arjenoticias.com.mx\/?p=11868","title":{"rendered":"El precio de la democracia vs. el costo del despilfarro"},"content":{"rendered":"\n<p class=\"wp-block-paragraph\">Las elecciones libres son el instrumento del ciudadano para premiar la buena gesti\u00f3n o castigar el abuso. Sin embargo, los proyectos de izquierda populista buscan perpetuarse en el poder asfixiando a las instituciones que protegen el voto. Bajo la narrativa de la &#8220;austeridad&#8221; y el &#8220;ahorro&#8221;, se recortan recursos a la democracia para alimentar una burocracia dorada y financiar obras con sobrecostos que financian la corrupci\u00f3n.<\/p>\n\n\n\n<p class=\"wp-block-paragraph\"><strong>El mapa del sobregasto en M\u00e9xico<\/strong><\/p>\n\n\n\n<p class=\"wp-block-paragraph\">La realidad de las obras emblem\u00e1ticas del partido en el Gobierno revela una cifra alarmante: <strong>673,000 millones de pesos en sobrecostos<\/strong>. Lo que inici\u00f3 como una promesa de ahorro, termin\u00f3 en presupuestos duplicados o triplicados:<\/p>\n\n\n\n<p class=\"wp-block-paragraph\"><strong>Desglose aproximado por proyecto (sobrecostos principales):<\/strong><\/p>\n\n\n\n<ul class=\"wp-block-list\">\n<li><strong>Tren Maya<\/strong>: Inicial 197 mil millones de pesos. Real 544 mil millones. Sobrecosto 347 mil millones (248% m\u00e1s).<\/li>\n\n\n\n<li><strong>Refiner\u00eda Dos Bocas:<\/strong> Inicial 211 mil millones de pesos. Real 398 mil millones.\u00a0 Sobrecosto 187 mil millones de pesos (100% m\u00e1s).<\/li>\n\n\n\n<li><strong>AIFA + cancelaci\u00f3n Texcoco:<\/strong> El costo inicial del AIFA fue 89 mil millones de pesos, el real fue de 139 mil millones (50 mil millones m\u00e1s) y si agregamos el costo de la cancelaci\u00f3n aeropuerto en Texcoco que se estima en 145 mil millones de pesos, el sobre costo fue de 139 mil millones (145% m\u00e1s).<\/li>\n<\/ul>\n\n\n\n<p class=\"wp-block-paragraph\">El &#8220;boquete&#8221; principal generado por sobrecostos de estas obras asciende a de <strong>673 mil millones de pesos.&nbsp;<\/strong><\/p>\n\n\n\n<p class=\"wp-block-paragraph\">Para 2026, el presupuesto operativo del INE se fij\u00f3 en aproximadamente <strong>14,100 millones de pesos<\/strong>. Si dividimos el sobrecosto acumulado de estos tres megaproyectos ($673,000 millones de pesos) entre el gasto anual del organismo, el resultado es contundente:<\/p>\n\n\n\n<p class=\"wp-block-paragraph\"><strong>Con lo que se gast\u00f3 &#8220;de m\u00e1s&#8221; en estas obras, M\u00e9xico podr\u00eda haber financiado la operaci\u00f3n del INE durante 47 a\u00f1os.<\/strong><\/p>\n\n\n\n<p class=\"wp-block-paragraph\">Mientras se etiqueta al \u00e1rbitro electoral como &#8220;caro&#8221;, su presupuesto representa apenas una fracci\u00f3n del despilfarro en infraestructura. Un INE s\u00f3lido no es un lujo, es la garant\u00eda de tres pilares b\u00e1sicos:<\/p>\n\n\n\n<ol class=\"wp-block-list\">\n<li><strong>Tu voto cuenta:<\/strong> Asegura casillas cercanas, boletas infalsificables y ciudadanos capacitados.<\/li>\n\n\n\n<li><strong>Certidumbre econ\u00f3mica:<\/strong> Evita conflictos postelectorales y pol\u00edticos que vuelven inestable la econom\u00eda, que disparan el d\u00f3lar y encarecen la vida.<\/li>\n\n\n\n<li><strong>Dan poder al ciudadano:<\/strong> La democracia permite que, si un gobierno no da resultados, el ciudadano tenga la llave para cambiar el rumbo sin necesidad de violencia. Es el seguro de vida de nuestra libertad.<\/li>\n<\/ol>\n\n\n\n<p class=\"wp-block-paragraph\">No hay verdadera austeridad cuando se despilfarra el dinero p\u00fablico para debilitar las instituciones. El objetivo es claro: controlar el sistema para que, cuando el ciudadano quiera castigar los abusos e ineficacias del gobierno, su voto ya no cuente. A esa ruta fallida se dirige M\u00e9xico, si los ciudadanos responsables no se activan para defender sus libertades. Para que haya democracia, debe haber dem\u00f3cratas.<\/p>\n","protected":false},"excerpt":{"rendered":"<p>Las elecciones libres son el instrumento del ciudadano para premiar la buena gesti\u00f3n o castigar&#8230;<\/p>\n","protected":false},"author":110,"featured_media":11869,"comment_status":"closed","ping_status":"closed","sticky":false,"template":"","format":"standard","meta":{"footnotes":""},"categories":[13],"tags":[2102],"class_list":["post-11868","post","type-post","status-publish","format-standard","has-post-thumbnail","hentry","category-politica","tag-plan-b"],"yoast_head":"<!-- This site is optimized with the Yoast SEO plugin v28.4 - https:\/\/yoast.com\/product\/yoast-seo-wordpress\/ -->\n<title>El precio de la democracia vs. el costo del despilfarro -<\/title>\n<meta name=\"description\" content=\"los proyectos de izquierda populista buscan perpetuarse en el poder asfixiando a las instituciones que protegen el voto. Bajo la narrativa de la &quot;austeridad&quot; y el &quot;ahorro&quot;\" \/>\n<meta name=\"robots\" content=\"index, follow, max-snippet:-1, max-image-preview:large, max-video-preview:-1\" \/>\n<link rel=\"canonical\" href=\"https:\/\/arjenoticias.com.mx\/?p=11868\" \/>\n<meta property=\"og:locale\" content=\"es_MX\" \/>\n<meta property=\"og:type\" content=\"article\" \/>\n<meta property=\"og:title\" content=\"El precio de la democracia vs. el costo del despilfarro -\" \/>\n<meta property=\"og:description\" content=\"los proyectos de izquierda populista buscan perpetuarse en el poder asfixiando a las instituciones que protegen el voto. Bajo la narrativa de la &quot;austeridad&quot; y el &quot;ahorro&quot;\" \/>\n<meta property=\"og:url\" content=\"https:\/\/arjenoticias.com.mx\/?p=11868\" \/>\n<meta property=\"article:published_time\" content=\"2026-03-24T16:10:46+00:00\" \/>\n<meta property=\"og:image\" content=\"https:\/\/arjenoticias.com.mx\/wp-content\/uploads\/2026\/03\/Dario-Mendoza-2.png\" \/>\n\t<meta property=\"og:image:width\" content=\"600\" \/>\n\t<meta property=\"og:image:height\" content=\"400\" \/>\n\t<meta property=\"og:image:type\" content=\"image\/png\" \/>\n<meta name=\"author\" content=\"Dar\u00edo Mendoza\" \/>\n<meta name=\"twitter:card\" content=\"summary_large_image\" \/>\n<meta name=\"twitter:label1\" content=\"Escrito por\" \/>\n\t<meta name=\"twitter:data1\" content=\"Dar\u00edo Mendoza\" \/>\n\t<meta name=\"twitter:label2\" content=\"Tiempo de lectura\" \/>\n\t<meta name=\"twitter:data2\" content=\"3 minutos\" \/>\n<script type=\"application\/ld+json\" class=\"yoast-schema-graph\">{\"@context\":\"https:\\\/\\\/schema.org\",\"@graph\":[{\"@type\":\"Article\",\"@id\":\"https:\\\/\\\/arjenoticias.com.mx\\\/?p=11868#article\",\"isPartOf\":{\"@id\":\"https:\\\/\\\/arjenoticias.com.mx\\\/?p=11868\"},\"author\":{\"name\":\"Dar\u00edo Mendoza\",\"@id\":\"https:\\\/\\\/arjenoticias.com.mx\\\/#\\\/schema\\\/person\\\/c4476dc5fce7609a57870e766747cf71\"},\"headline\":\"El precio de la democracia vs. el costo del despilfarro\",\"datePublished\":\"2026-03-24T16:10:46+00:00\",\"mainEntityOfPage\":{\"@id\":\"https:\\\/\\\/arjenoticias.com.mx\\\/?p=11868\"},\"wordCount\":463,\"publisher\":{\"@id\":\"https:\\\/\\\/arjenoticias.com.mx\\\/#organization\"},\"image\":{\"@id\":\"https:\\\/\\\/arjenoticias.com.mx\\\/?p=11868#primaryimage\"},\"thumbnailUrl\":\"https:\\\/\\\/arjenoticias.com.mx\\\/wp-content\\\/uploads\\\/2026\\\/03\\\/Dario-Mendoza-2.png\",\"keywords\":[\"Plan B\"],\"articleSection\":[\"Pol\u00edtica\"],\"inLanguage\":\"es\"},{\"@type\":\"WebPage\",\"@id\":\"https:\\\/\\\/arjenoticias.com.mx\\\/?p=11868\",\"url\":\"https:\\\/\\\/arjenoticias.com.mx\\\/?p=11868\",\"name\":\"El precio de la democracia vs. el costo del despilfarro -\",\"isPartOf\":{\"@id\":\"https:\\\/\\\/arjenoticias.com.mx\\\/#website\"},\"primaryImageOfPage\":{\"@id\":\"https:\\\/\\\/arjenoticias.com.mx\\\/?p=11868#primaryimage\"},\"image\":{\"@id\":\"https:\\\/\\\/arjenoticias.com.mx\\\/?p=11868#primaryimage\"},\"thumbnailUrl\":\"https:\\\/\\\/arjenoticias.com.mx\\\/wp-content\\\/uploads\\\/2026\\\/03\\\/Dario-Mendoza-2.png\",\"datePublished\":\"2026-03-24T16:10:46+00:00\",\"description\":\"los proyectos de izquierda populista buscan perpetuarse en el poder asfixiando a las instituciones que protegen el voto. Bajo la narrativa de la \\\"austeridad\\\" y el \\\"ahorro\\\"\",\"breadcrumb\":{\"@id\":\"https:\\\/\\\/arjenoticias.com.mx\\\/?p=11868#breadcrumb\"},\"inLanguage\":\"es\",\"potentialAction\":[{\"@type\":\"ReadAction\",\"target\":[\"https:\\\/\\\/arjenoticias.com.mx\\\/?p=11868\"]}]},{\"@type\":\"ImageObject\",\"inLanguage\":\"es\",\"@id\":\"https:\\\/\\\/arjenoticias.com.mx\\\/?p=11868#primaryimage\",\"url\":\"https:\\\/\\\/arjenoticias.com.mx\\\/wp-content\\\/uploads\\\/2026\\\/03\\\/Dario-Mendoza-2.png\",\"contentUrl\":\"https:\\\/\\\/arjenoticias.com.mx\\\/wp-content\\\/uploads\\\/2026\\\/03\\\/Dario-Mendoza-2.png\",\"width\":600,\"height\":400,\"caption\":\"No hay verdadera austeridad cuando se despilfarra el dinero p\u00fablico para debilitar las instituciones.\"},{\"@type\":\"BreadcrumbList\",\"@id\":\"https:\\\/\\\/arjenoticias.com.mx\\\/?p=11868#breadcrumb\",\"itemListElement\":[{\"@type\":\"ListItem\",\"position\":1,\"name\":\"Inicio\",\"item\":\"https:\\\/\\\/arjenoticias.com.mx\\\/\"},{\"@type\":\"ListItem\",\"position\":2,\"name\":\"El precio de la democracia vs. el costo del despilfarro\"}]},{\"@type\":\"WebSite\",\"@id\":\"https:\\\/\\\/arjenoticias.com.mx\\\/#website\",\"url\":\"https:\\\/\\\/arjenoticias.com.mx\\\/\",\"name\":\"arjenoticias.com.mx\",\"description\":\"\",\"publisher\":{\"@id\":\"https:\\\/\\\/arjenoticias.com.mx\\\/#organization\"},\"potentialAction\":[{\"@type\":\"SearchAction\",\"target\":{\"@type\":\"EntryPoint\",\"urlTemplate\":\"https:\\\/\\\/arjenoticias.com.mx\\\/?s={search_term_string}\"},\"query-input\":{\"@type\":\"PropertyValueSpecification\",\"valueRequired\":true,\"valueName\":\"search_term_string\"}}],\"inLanguage\":\"es\"},{\"@type\":\"Organization\",\"@id\":\"https:\\\/\\\/arjenoticias.com.mx\\\/#organization\",\"name\":\"Arj\u00e9 de M\u00e9xico Noticias\",\"url\":\"https:\\\/\\\/arjenoticias.com.mx\\\/\",\"logo\":{\"@type\":\"ImageObject\",\"inLanguage\":\"es\",\"@id\":\"https:\\\/\\\/arjenoticias.com.mx\\\/#\\\/schema\\\/logo\\\/image\\\/\",\"url\":\"https:\\\/\\\/arjenoticias.com.mx\\\/wp-content\\\/uploads\\\/2025\\\/07\\\/cropped-logo-scaled-1.png\",\"contentUrl\":\"https:\\\/\\\/arjenoticias.com.mx\\\/wp-content\\\/uploads\\\/2025\\\/07\\\/cropped-logo-scaled-1.png\",\"width\":2558,\"height\":558,\"caption\":\"Arj\u00e9 de M\u00e9xico Noticias\"},\"image\":{\"@id\":\"https:\\\/\\\/arjenoticias.com.mx\\\/#\\\/schema\\\/logo\\\/image\\\/\"}},{\"@type\":\"Person\",\"@id\":\"https:\\\/\\\/arjenoticias.com.mx\\\/#\\\/schema\\\/person\\\/c4476dc5fce7609a57870e766747cf71\",\"name\":\"Dar\u00edo Mendoza\",\"image\":{\"@type\":\"ImageObject\",\"inLanguage\":\"es\",\"@id\":\"https:\\\/\\\/secure.gravatar.com\\\/avatar\\\/8c5e77208236ecd5de2f7ba5d685bc38d61a0026a4021594adb1b3353fcf385b?s=96&d=mm&r=g\",\"url\":\"https:\\\/\\\/secure.gravatar.com\\\/avatar\\\/8c5e77208236ecd5de2f7ba5d685bc38d61a0026a4021594adb1b3353fcf385b?s=96&d=mm&r=g\",\"contentUrl\":\"https:\\\/\\\/secure.gravatar.com\\\/avatar\\\/8c5e77208236ecd5de2f7ba5d685bc38d61a0026a4021594adb1b3353fcf385b?s=96&d=mm&r=g\",\"caption\":\"Dar\u00edo Mendoza\"},\"url\":\"https:\\\/\\\/arjenoticias.com.mx\\\/?author=110\"}]}<\/script>\n<!-- \/ Yoast SEO plugin. -->","yoast_head_json":{"title":"El precio de la democracia vs. el costo del despilfarro -","description":"los proyectos de izquierda populista buscan perpetuarse en el poder asfixiando a las instituciones que protegen el voto. Bajo la narrativa de la \"austeridad\" y el \"ahorro\"","robots":{"index":"index","follow":"follow","max-snippet":"max-snippet:-1","max-image-preview":"max-image-preview:large","max-video-preview":"max-video-preview:-1"},"canonical":"https:\/\/arjenoticias.com.mx\/?p=11868","og_locale":"es_MX","og_type":"article","og_title":"El precio de la democracia vs. el costo del despilfarro -","og_description":"los proyectos de izquierda populista buscan perpetuarse en el poder asfixiando a las instituciones que protegen el voto. Bajo la narrativa de la \"austeridad\" y el \"ahorro\"","og_url":"https:\/\/arjenoticias.com.mx\/?p=11868","article_published_time":"2026-03-24T16:10:46+00:00","og_image":[{"width":600,"height":400,"url":"https:\/\/arjenoticias.com.mx\/wp-content\/uploads\/2026\/03\/Dario-Mendoza-2.png","type":"image\/png"}],"author":"Dar\u00edo Mendoza","twitter_card":"summary_large_image","twitter_misc":{"Escrito por":"Dar\u00edo Mendoza","Tiempo de lectura":"3 minutos"},"schema":{"@context":"https:\/\/schema.org","@graph":[{"@type":"Article","@id":"https:\/\/arjenoticias.com.mx\/?p=11868#article","isPartOf":{"@id":"https:\/\/arjenoticias.com.mx\/?p=11868"},"author":{"name":"Dar\u00edo Mendoza","@id":"https:\/\/arjenoticias.com.mx\/#\/schema\/person\/c4476dc5fce7609a57870e766747cf71"},"headline":"El precio de la democracia vs. el costo del despilfarro","datePublished":"2026-03-24T16:10:46+00:00","mainEntityOfPage":{"@id":"https:\/\/arjenoticias.com.mx\/?p=11868"},"wordCount":463,"publisher":{"@id":"https:\/\/arjenoticias.com.mx\/#organization"},"image":{"@id":"https:\/\/arjenoticias.com.mx\/?p=11868#primaryimage"},"thumbnailUrl":"https:\/\/arjenoticias.com.mx\/wp-content\/uploads\/2026\/03\/Dario-Mendoza-2.png","keywords":["Plan B"],"articleSection":["Pol\u00edtica"],"inLanguage":"es"},{"@type":"WebPage","@id":"https:\/\/arjenoticias.com.mx\/?p=11868","url":"https:\/\/arjenoticias.com.mx\/?p=11868","name":"El precio de la democracia vs. el costo del despilfarro -","isPartOf":{"@id":"https:\/\/arjenoticias.com.mx\/#website"},"primaryImageOfPage":{"@id":"https:\/\/arjenoticias.com.mx\/?p=11868#primaryimage"},"image":{"@id":"https:\/\/arjenoticias.com.mx\/?p=11868#primaryimage"},"thumbnailUrl":"https:\/\/arjenoticias.com.mx\/wp-content\/uploads\/2026\/03\/Dario-Mendoza-2.png","datePublished":"2026-03-24T16:10:46+00:00","description":"los proyectos de izquierda populista buscan perpetuarse en el poder asfixiando a las instituciones que protegen el voto. Bajo la narrativa de la \"austeridad\" y el \"ahorro\"","breadcrumb":{"@id":"https:\/\/arjenoticias.com.mx\/?p=11868#breadcrumb"},"inLanguage":"es","potentialAction":[{"@type":"ReadAction","target":["https:\/\/arjenoticias.com.mx\/?p=11868"]}]},{"@type":"ImageObject","inLanguage":"es","@id":"https:\/\/arjenoticias.com.mx\/?p=11868#primaryimage","url":"https:\/\/arjenoticias.com.mx\/wp-content\/uploads\/2026\/03\/Dario-Mendoza-2.png","contentUrl":"https:\/\/arjenoticias.com.mx\/wp-content\/uploads\/2026\/03\/Dario-Mendoza-2.png","width":600,"height":400,"caption":"No hay verdadera austeridad cuando se despilfarra el dinero p\u00fablico para debilitar las instituciones."},{"@type":"BreadcrumbList","@id":"https:\/\/arjenoticias.com.mx\/?p=11868#breadcrumb","itemListElement":[{"@type":"ListItem","position":1,"name":"Inicio","item":"https:\/\/arjenoticias.com.mx\/"},{"@type":"ListItem","position":2,"name":"El precio de la democracia vs. el costo del despilfarro"}]},{"@type":"WebSite","@id":"https:\/\/arjenoticias.com.mx\/#website","url":"https:\/\/arjenoticias.com.mx\/","name":"arjenoticias.com.mx","description":"","publisher":{"@id":"https:\/\/arjenoticias.com.mx\/#organization"},"potentialAction":[{"@type":"SearchAction","target":{"@type":"EntryPoint","urlTemplate":"https:\/\/arjenoticias.com.mx\/?s={search_term_string}"},"query-input":{"@type":"PropertyValueSpecification","valueRequired":true,"valueName":"search_term_string"}}],"inLanguage":"es"},{"@type":"Organization","@id":"https:\/\/arjenoticias.com.mx\/#organization","name":"Arj\u00e9 de M\u00e9xico Noticias","url":"https:\/\/arjenoticias.com.mx\/","logo":{"@type":"ImageObject","inLanguage":"es","@id":"https:\/\/arjenoticias.com.mx\/#\/schema\/logo\/image\/","url":"https:\/\/arjenoticias.com.mx\/wp-content\/uploads\/2025\/07\/cropped-logo-scaled-1.png","contentUrl":"https:\/\/arjenoticias.com.mx\/wp-content\/uploads\/2025\/07\/cropped-logo-scaled-1.png","width":2558,"height":558,"caption":"Arj\u00e9 de M\u00e9xico Noticias"},"image":{"@id":"https:\/\/arjenoticias.com.mx\/#\/schema\/logo\/image\/"}},{"@type":"Person","@id":"https:\/\/arjenoticias.com.mx\/#\/schema\/person\/c4476dc5fce7609a57870e766747cf71","name":"Dar\u00edo Mendoza","image":{"@type":"ImageObject","inLanguage":"es","@id":"https:\/\/secure.gravatar.com\/avatar\/8c5e77208236ecd5de2f7ba5d685bc38d61a0026a4021594adb1b3353fcf385b?s=96&d=mm&r=g","url":"https:\/\/secure.gravatar.com\/avatar\/8c5e77208236ecd5de2f7ba5d685bc38d61a0026a4021594adb1b3353fcf385b?s=96&d=mm&r=g","contentUrl":"https:\/\/secure.gravatar.com\/avatar\/8c5e77208236ecd5de2f7ba5d685bc38d61a0026a4021594adb1b3353fcf385b?s=96&d=mm&r=g","caption":"Dar\u00edo Mendoza"},"url":"https:\/\/arjenoticias.com.mx\/?author=110"}]}},"_links":{"self":[{"href":"https:\/\/arjenoticias.com.mx\/index.php?rest_route=\/wp\/v2\/posts\/11868","targetHints":{"allow":["GET"]}}],"collection":[{"href":"https:\/\/arjenoticias.com.mx\/index.php?rest_route=\/wp\/v2\/posts"}],"about":[{"href":"https:\/\/arjenoticias.com.mx\/index.php?rest_route=\/wp\/v2\/types\/post"}],"author":[{"embeddable":true,"href":"https:\/\/arjenoticias.com.mx\/index.php?rest_route=\/wp\/v2\/users\/110"}],"replies":[{"embeddable":true,"href":"https:\/\/arjenoticias.com.mx\/index.php?rest_route=%2Fwp%2Fv2%2Fcomments&post=11868"}],"version-history":[{"count":0,"href":"https:\/\/arjenoticias.com.mx\/index.php?rest_route=\/wp\/v2\/posts\/11868\/revisions"}],"wp:featuredmedia":[{"embeddable":true,"href":"https:\/\/arjenoticias.com.mx\/index.php?rest_route=\/wp\/v2\/media\/11869"}],"wp:attachment":[{"href":"https:\/\/arjenoticias.com.mx\/index.php?rest_route=%2Fwp%2Fv2%2Fmedia&parent=11868"}],"wp:term":[{"taxonomy":"category","embeddable":true,"href":"https:\/\/arjenoticias.com.mx\/index.php?rest_route=%2Fwp%2Fv2%2Fcategories&post=11868"},{"taxonomy":"post_tag","embeddable":true,"href":"https:\/\/arjenoticias.com.mx\/index.php?rest_route=%2Fwp%2Fv2%2Ftags&post=11868"}],"curies":[{"name":"wp","href":"https:\/\/api.w.org\/{rel}","templated":true}]}}