{"id":11864,"date":"2026-03-23T18:53:02","date_gmt":"2026-03-24T00:53:02","guid":{"rendered":"https:\/\/arjenoticias.com\/?p=11864"},"modified":"2026-03-23T18:53:02","modified_gmt":"2026-03-24T00:53:02","slug":"continua-martha-herrera-al-frentede-secretaria-de-igualdad-e-inclusion","status":"publish","type":"post","link":"https:\/\/arjenoticias.com.mx\/?p=11864","title":{"rendered":"CONTIN\u00daA MARTHA HERRERA AL FRENTE DE SECRETAR\u00cdA DE IGUALDAD E INCLUSI\u00d3N"},"content":{"rendered":"\n<p class=\"wp-block-paragraph\">Ante la ola de rumores que afirmaban que Martha Herrera dejaba el gobierno, para irse a trabajo partidista en Monterrey, la secretaria Herrera dio instrucciones de enviarnos un bolet\u00edn que dice lo siguiente:<\/p>\n\n\n\n<ul class=\"wp-block-list\">\n<li><em>La Secretaria de Igualdad e Inclusi\u00f3n sigue trabajando en programas prioritarios, como Hambre Cero y Jefas de Familia.<\/em><\/li>\n\n\n\n<li><em>Martha Herrera reitera su compromiso para seguir trabajando con responsabilidad en beneficio de los ciudadanos.<\/em><\/li>\n<\/ul>\n\n\n\n<p class=\"wp-block-paragraph\"><strong>Monterrey, Nuevo Le\u00f3n.-<\/strong> Ante versiones difundidas en algunos espacios, informamos que Martha Herrera contin\u00faa al frente de la Secretar\u00eda de Igualdad e Inclusi\u00f3n del Gobierno de Nuevo Le\u00f3n, desempe\u00f1ando sus funciones con normalidad.<\/p>\n\n\n\n<p class=\"wp-block-paragraph\">Actualmente, la Secretar\u00eda mantiene su agenda de trabajo enfocada en programas prioritarios como Hambre Cero y Jefas de familia, as\u00ed como cuidadoras, en beneficio de miles de familias en el estado.<\/p>\n\n\n\n<p class=\"wp-block-paragraph\">Reiteramos nuestro compromiso de seguir trabajando con responsabilidad y resultados para la ciudadan\u00eda.<\/p>\n\n\n\n<p class=\"wp-block-paragraph\"><\/p>\n","protected":false},"excerpt":{"rendered":"<p>Ante la ola de rumores que afirmaban que Martha Herrera dejaba el gobierno, para irse&#8230;<\/p>\n","protected":false},"author":68,"featured_media":11865,"comment_status":"closed","ping_status":"closed","sticky":false,"template":"","format":"standard","meta":{"footnotes":""},"categories":[7],"tags":[1627],"class_list":["post-11864","post","type-post","status-publish","format-standard","has-post-thumbnail","hentry","category-lo-mas-relevante","tag-martha-herrera"],"yoast_head":"<!-- This site is optimized with the Yoast SEO plugin v28.4 - https:\/\/yoast.com\/product\/yoast-seo-wordpress\/ -->\n<title>CONTIN\u00daA MARTHA HERRERA AL FRENTE DE SECRETAR\u00cdA DE IGUALDAD E INCLUSI\u00d3N -<\/title>\n<meta name=\"description\" content=\"a Secretar\u00eda mantiene su agenda de trabajo enfocada en programas prioritarios como Hambre Cero y Jefas de familia, as\u00ed como cuidadoras, en beneficio de miles de familias en el estado.\" \/>\n<meta name=\"robots\" content=\"index, follow, max-snippet:-1, max-image-preview:large, max-video-preview:-1\" \/>\n<link rel=\"canonical\" href=\"https:\/\/arjenoticias.com.mx\/?p=11864\" \/>\n<meta property=\"og:locale\" content=\"es_MX\" \/>\n<meta property=\"og:type\" content=\"article\" \/>\n<meta property=\"og:title\" content=\"CONTIN\u00daA MARTHA HERRERA AL FRENTE DE SECRETAR\u00cdA DE IGUALDAD E INCLUSI\u00d3N -\" \/>\n<meta property=\"og:description\" content=\"a Secretar\u00eda mantiene su agenda de trabajo enfocada en programas prioritarios como Hambre Cero y Jefas de familia, as\u00ed como cuidadoras, en beneficio de miles de familias en el estado.\" \/>\n<meta property=\"og:url\" content=\"https:\/\/arjenoticias.com.mx\/?p=11864\" \/>\n<meta property=\"article:published_time\" content=\"2026-03-24T00:53:02+00:00\" \/>\n<meta property=\"og:image\" content=\"https:\/\/arjenoticias.com.mx\/wp-content\/uploads\/2026\/03\/Unknown-1-2.jpeg\" \/>\n\t<meta property=\"og:image:width\" content=\"225\" \/>\n\t<meta property=\"og:image:height\" content=\"225\" \/>\n\t<meta property=\"og:image:type\" content=\"image\/jpeg\" \/>\n<meta name=\"author\" content=\"Ra\u00fal Monter Ortega\" \/>\n<meta name=\"twitter:card\" content=\"summary_large_image\" \/>\n<meta name=\"twitter:label1\" content=\"Escrito por\" \/>\n\t<meta name=\"twitter:data1\" content=\"Ra\u00fal Monter Ortega\" \/>\n\t<meta name=\"twitter:label2\" content=\"Tiempo de lectura\" \/>\n\t<meta name=\"twitter:data2\" content=\"1 minuto\" \/>\n<script type=\"application\/ld+json\" class=\"yoast-schema-graph\">{\"@context\":\"https:\\\/\\\/schema.org\",\"@graph\":[{\"@type\":\"Article\",\"@id\":\"https:\\\/\\\/arjenoticias.com.mx\\\/?p=11864#article\",\"isPartOf\":{\"@id\":\"https:\\\/\\\/arjenoticias.com.mx\\\/?p=11864\"},\"author\":{\"name\":\"Ra\u00fal Monter Ortega\",\"@id\":\"https:\\\/\\\/arjenoticias.com.mx\\\/#\\\/schema\\\/person\\\/f48bc28476b38490cbe82bd109c72b24\"},\"headline\":\"CONTIN\u00daA MARTHA HERRERA AL FRENTE DE SECRETAR\u00cdA DE IGUALDAD E INCLUSI\u00d3N\",\"datePublished\":\"2026-03-24T00:53:02+00:00\",\"mainEntityOfPage\":{\"@id\":\"https:\\\/\\\/arjenoticias.com.mx\\\/?p=11864\"},\"wordCount\":168,\"publisher\":{\"@id\":\"https:\\\/\\\/arjenoticias.com.mx\\\/#organization\"},\"image\":{\"@id\":\"https:\\\/\\\/arjenoticias.com.mx\\\/?p=11864#primaryimage\"},\"thumbnailUrl\":\"https:\\\/\\\/arjenoticias.com.mx\\\/wp-content\\\/uploads\\\/2026\\\/03\\\/Unknown-1-2.jpeg\",\"keywords\":[\"Martha Herrera\"],\"articleSection\":[\"Lo m\u00e1s relevante\"],\"inLanguage\":\"es\"},{\"@type\":\"WebPage\",\"@id\":\"https:\\\/\\\/arjenoticias.com.mx\\\/?p=11864\",\"url\":\"https:\\\/\\\/arjenoticias.com.mx\\\/?p=11864\",\"name\":\"CONTIN\u00daA MARTHA HERRERA AL FRENTE DE SECRETAR\u00cdA DE IGUALDAD E INCLUSI\u00d3N -\",\"isPartOf\":{\"@id\":\"https:\\\/\\\/arjenoticias.com.mx\\\/#website\"},\"primaryImageOfPage\":{\"@id\":\"https:\\\/\\\/arjenoticias.com.mx\\\/?p=11864#primaryimage\"},\"image\":{\"@id\":\"https:\\\/\\\/arjenoticias.com.mx\\\/?p=11864#primaryimage\"},\"thumbnailUrl\":\"https:\\\/\\\/arjenoticias.com.mx\\\/wp-content\\\/uploads\\\/2026\\\/03\\\/Unknown-1-2.jpeg\",\"datePublished\":\"2026-03-24T00:53:02+00:00\",\"description\":\"a Secretar\u00eda mantiene su agenda de trabajo enfocada en programas prioritarios como Hambre Cero y Jefas de familia, as\u00ed como cuidadoras, en beneficio de miles de familias en el estado.\",\"breadcrumb\":{\"@id\":\"https:\\\/\\\/arjenoticias.com.mx\\\/?p=11864#breadcrumb\"},\"inLanguage\":\"es\",\"potentialAction\":[{\"@type\":\"ReadAction\",\"target\":[\"https:\\\/\\\/arjenoticias.com.mx\\\/?p=11864\"]}]},{\"@type\":\"ImageObject\",\"inLanguage\":\"es\",\"@id\":\"https:\\\/\\\/arjenoticias.com.mx\\\/?p=11864#primaryimage\",\"url\":\"https:\\\/\\\/arjenoticias.com.mx\\\/wp-content\\\/uploads\\\/2026\\\/03\\\/Unknown-1-2.jpeg\",\"contentUrl\":\"https:\\\/\\\/arjenoticias.com.mx\\\/wp-content\\\/uploads\\\/2026\\\/03\\\/Unknown-1-2.jpeg\",\"width\":225,\"height\":225,\"caption\":\"Martha Herrera sigue en su puesto\"},{\"@type\":\"BreadcrumbList\",\"@id\":\"https:\\\/\\\/arjenoticias.com.mx\\\/?p=11864#breadcrumb\",\"itemListElement\":[{\"@type\":\"ListItem\",\"position\":1,\"name\":\"Inicio\",\"item\":\"https:\\\/\\\/arjenoticias.com.mx\\\/\"},{\"@type\":\"ListItem\",\"position\":2,\"name\":\"CONTIN\u00daA MARTHA HERRERA AL FRENTE DE SECRETAR\u00cdA DE IGUALDAD E INCLUSI\u00d3N\"}]},{\"@type\":\"WebSite\",\"@id\":\"https:\\\/\\\/arjenoticias.com.mx\\\/#website\",\"url\":\"https:\\\/\\\/arjenoticias.com.mx\\\/\",\"name\":\"arjenoticias.com.mx\",\"description\":\"\",\"publisher\":{\"@id\":\"https:\\\/\\\/arjenoticias.com.mx\\\/#organization\"},\"potentialAction\":[{\"@type\":\"SearchAction\",\"target\":{\"@type\":\"EntryPoint\",\"urlTemplate\":\"https:\\\/\\\/arjenoticias.com.mx\\\/?s={search_term_string}\"},\"query-input\":{\"@type\":\"PropertyValueSpecification\",\"valueRequired\":true,\"valueName\":\"search_term_string\"}}],\"inLanguage\":\"es\"},{\"@type\":\"Organization\",\"@id\":\"https:\\\/\\\/arjenoticias.com.mx\\\/#organization\",\"name\":\"Arj\u00e9 de M\u00e9xico Noticias\",\"url\":\"https:\\\/\\\/arjenoticias.com.mx\\\/\",\"logo\":{\"@type\":\"ImageObject\",\"inLanguage\":\"es\",\"@id\":\"https:\\\/\\\/arjenoticias.com.mx\\\/#\\\/schema\\\/logo\\\/image\\\/\",\"url\":\"https:\\\/\\\/arjenoticias.com.mx\\\/wp-content\\\/uploads\\\/2025\\\/07\\\/cropped-logo-scaled-1.png\",\"contentUrl\":\"https:\\\/\\\/arjenoticias.com.mx\\\/wp-content\\\/uploads\\\/2025\\\/07\\\/cropped-logo-scaled-1.png\",\"width\":2558,\"height\":558,\"caption\":\"Arj\u00e9 de M\u00e9xico Noticias\"},\"image\":{\"@id\":\"https:\\\/\\\/arjenoticias.com.mx\\\/#\\\/schema\\\/logo\\\/image\\\/\"}},{\"@type\":\"Person\",\"@id\":\"https:\\\/\\\/arjenoticias.com.mx\\\/#\\\/schema\\\/person\\\/f48bc28476b38490cbe82bd109c72b24\",\"name\":\"Ra\u00fal Monter Ortega\",\"image\":{\"@type\":\"ImageObject\",\"inLanguage\":\"es\",\"@id\":\"https:\\\/\\\/secure.gravatar.com\\\/avatar\\\/1616403283ceadc5d9a2d98c21703f217676e6be6595972f5d3d26ff78793f9d?s=96&d=mm&r=g\",\"url\":\"https:\\\/\\\/secure.gravatar.com\\\/avatar\\\/1616403283ceadc5d9a2d98c21703f217676e6be6595972f5d3d26ff78793f9d?s=96&d=mm&r=g\",\"contentUrl\":\"https:\\\/\\\/secure.gravatar.com\\\/avatar\\\/1616403283ceadc5d9a2d98c21703f217676e6be6595972f5d3d26ff78793f9d?s=96&d=mm&r=g\",\"caption\":\"Ra\u00fal Monter Ortega\"},\"url\":\"https:\\\/\\\/arjenoticias.com.mx\\\/?author=68\"}]}<\/script>\n<!-- \/ Yoast SEO plugin. -->","yoast_head_json":{"title":"CONTIN\u00daA MARTHA HERRERA AL FRENTE DE SECRETAR\u00cdA DE IGUALDAD E INCLUSI\u00d3N -","description":"a Secretar\u00eda mantiene su agenda de trabajo enfocada en programas prioritarios como Hambre Cero y Jefas de familia, as\u00ed como cuidadoras, en beneficio de miles de familias en el estado.","robots":{"index":"index","follow":"follow","max-snippet":"max-snippet:-1","max-image-preview":"max-image-preview:large","max-video-preview":"max-video-preview:-1"},"canonical":"https:\/\/arjenoticias.com.mx\/?p=11864","og_locale":"es_MX","og_type":"article","og_title":"CONTIN\u00daA MARTHA HERRERA AL FRENTE DE SECRETAR\u00cdA DE IGUALDAD E INCLUSI\u00d3N -","og_description":"a Secretar\u00eda mantiene su agenda de trabajo enfocada en programas prioritarios como Hambre Cero y Jefas de familia, as\u00ed como cuidadoras, en beneficio de miles de familias en el estado.","og_url":"https:\/\/arjenoticias.com.mx\/?p=11864","article_published_time":"2026-03-24T00:53:02+00:00","og_image":[{"width":225,"height":225,"url":"https:\/\/arjenoticias.com.mx\/wp-content\/uploads\/2026\/03\/Unknown-1-2.jpeg","type":"image\/jpeg"}],"author":"Ra\u00fal Monter Ortega","twitter_card":"summary_large_image","twitter_misc":{"Escrito por":"Ra\u00fal Monter Ortega","Tiempo de lectura":"1 minuto"},"schema":{"@context":"https:\/\/schema.org","@graph":[{"@type":"Article","@id":"https:\/\/arjenoticias.com.mx\/?p=11864#article","isPartOf":{"@id":"https:\/\/arjenoticias.com.mx\/?p=11864"},"author":{"name":"Ra\u00fal Monter Ortega","@id":"https:\/\/arjenoticias.com.mx\/#\/schema\/person\/f48bc28476b38490cbe82bd109c72b24"},"headline":"CONTIN\u00daA MARTHA HERRERA AL FRENTE DE SECRETAR\u00cdA DE IGUALDAD E INCLUSI\u00d3N","datePublished":"2026-03-24T00:53:02+00:00","mainEntityOfPage":{"@id":"https:\/\/arjenoticias.com.mx\/?p=11864"},"wordCount":168,"publisher":{"@id":"https:\/\/arjenoticias.com.mx\/#organization"},"image":{"@id":"https:\/\/arjenoticias.com.mx\/?p=11864#primaryimage"},"thumbnailUrl":"https:\/\/arjenoticias.com.mx\/wp-content\/uploads\/2026\/03\/Unknown-1-2.jpeg","keywords":["Martha Herrera"],"articleSection":["Lo m\u00e1s relevante"],"inLanguage":"es"},{"@type":"WebPage","@id":"https:\/\/arjenoticias.com.mx\/?p=11864","url":"https:\/\/arjenoticias.com.mx\/?p=11864","name":"CONTIN\u00daA MARTHA HERRERA AL FRENTE DE SECRETAR\u00cdA DE IGUALDAD E INCLUSI\u00d3N -","isPartOf":{"@id":"https:\/\/arjenoticias.com.mx\/#website"},"primaryImageOfPage":{"@id":"https:\/\/arjenoticias.com.mx\/?p=11864#primaryimage"},"image":{"@id":"https:\/\/arjenoticias.com.mx\/?p=11864#primaryimage"},"thumbnailUrl":"https:\/\/arjenoticias.com.mx\/wp-content\/uploads\/2026\/03\/Unknown-1-2.jpeg","datePublished":"2026-03-24T00:53:02+00:00","description":"a Secretar\u00eda mantiene su agenda de trabajo enfocada en programas prioritarios como Hambre Cero y Jefas de familia, as\u00ed como cuidadoras, en beneficio de miles de familias en el estado.","breadcrumb":{"@id":"https:\/\/arjenoticias.com.mx\/?p=11864#breadcrumb"},"inLanguage":"es","potentialAction":[{"@type":"ReadAction","target":["https:\/\/arjenoticias.com.mx\/?p=11864"]}]},{"@type":"ImageObject","inLanguage":"es","@id":"https:\/\/arjenoticias.com.mx\/?p=11864#primaryimage","url":"https:\/\/arjenoticias.com.mx\/wp-content\/uploads\/2026\/03\/Unknown-1-2.jpeg","contentUrl":"https:\/\/arjenoticias.com.mx\/wp-content\/uploads\/2026\/03\/Unknown-1-2.jpeg","width":225,"height":225,"caption":"Martha Herrera sigue en su puesto"},{"@type":"BreadcrumbList","@id":"https:\/\/arjenoticias.com.mx\/?p=11864#breadcrumb","itemListElement":[{"@type":"ListItem","position":1,"name":"Inicio","item":"https:\/\/arjenoticias.com.mx\/"},{"@type":"ListItem","position":2,"name":"CONTIN\u00daA MARTHA HERRERA AL FRENTE DE SECRETAR\u00cdA DE IGUALDAD E INCLUSI\u00d3N"}]},{"@type":"WebSite","@id":"https:\/\/arjenoticias.com.mx\/#website","url":"https:\/\/arjenoticias.com.mx\/","name":"arjenoticias.com.mx","description":"","publisher":{"@id":"https:\/\/arjenoticias.com.mx\/#organization"},"potentialAction":[{"@type":"SearchAction","target":{"@type":"EntryPoint","urlTemplate":"https:\/\/arjenoticias.com.mx\/?s={search_term_string}"},"query-input":{"@type":"PropertyValueSpecification","valueRequired":true,"valueName":"search_term_string"}}],"inLanguage":"es"},{"@type":"Organization","@id":"https:\/\/arjenoticias.com.mx\/#organization","name":"Arj\u00e9 de M\u00e9xico Noticias","url":"https:\/\/arjenoticias.com.mx\/","logo":{"@type":"ImageObject","inLanguage":"es","@id":"https:\/\/arjenoticias.com.mx\/#\/schema\/logo\/image\/","url":"https:\/\/arjenoticias.com.mx\/wp-content\/uploads\/2025\/07\/cropped-logo-scaled-1.png","contentUrl":"https:\/\/arjenoticias.com.mx\/wp-content\/uploads\/2025\/07\/cropped-logo-scaled-1.png","width":2558,"height":558,"caption":"Arj\u00e9 de M\u00e9xico Noticias"},"image":{"@id":"https:\/\/arjenoticias.com.mx\/#\/schema\/logo\/image\/"}},{"@type":"Person","@id":"https:\/\/arjenoticias.com.mx\/#\/schema\/person\/f48bc28476b38490cbe82bd109c72b24","name":"Ra\u00fal Monter Ortega","image":{"@type":"ImageObject","inLanguage":"es","@id":"https:\/\/secure.gravatar.com\/avatar\/1616403283ceadc5d9a2d98c21703f217676e6be6595972f5d3d26ff78793f9d?s=96&d=mm&r=g","url":"https:\/\/secure.gravatar.com\/avatar\/1616403283ceadc5d9a2d98c21703f217676e6be6595972f5d3d26ff78793f9d?s=96&d=mm&r=g","contentUrl":"https:\/\/secure.gravatar.com\/avatar\/1616403283ceadc5d9a2d98c21703f217676e6be6595972f5d3d26ff78793f9d?s=96&d=mm&r=g","caption":"Ra\u00fal Monter Ortega"},"url":"https:\/\/arjenoticias.com.mx\/?author=68"}]}},"_links":{"self":[{"href":"https:\/\/arjenoticias.com.mx\/index.php?rest_route=\/wp\/v2\/posts\/11864","targetHints":{"allow":["GET"]}}],"collection":[{"href":"https:\/\/arjenoticias.com.mx\/index.php?rest_route=\/wp\/v2\/posts"}],"about":[{"href":"https:\/\/arjenoticias.com.mx\/index.php?rest_route=\/wp\/v2\/types\/post"}],"author":[{"embeddable":true,"href":"https:\/\/arjenoticias.com.mx\/index.php?rest_route=\/wp\/v2\/users\/68"}],"replies":[{"embeddable":true,"href":"https:\/\/arjenoticias.com.mx\/index.php?rest_route=%2Fwp%2Fv2%2Fcomments&post=11864"}],"version-history":[{"count":0,"href":"https:\/\/arjenoticias.com.mx\/index.php?rest_route=\/wp\/v2\/posts\/11864\/revisions"}],"wp:featuredmedia":[{"embeddable":true,"href":"https:\/\/arjenoticias.com.mx\/index.php?rest_route=\/wp\/v2\/media\/11865"}],"wp:attachment":[{"href":"https:\/\/arjenoticias.com.mx\/index.php?rest_route=%2Fwp%2Fv2%2Fmedia&parent=11864"}],"wp:term":[{"taxonomy":"category","embeddable":true,"href":"https:\/\/arjenoticias.com.mx\/index.php?rest_route=%2Fwp%2Fv2%2Fcategories&post=11864"},{"taxonomy":"post_tag","embeddable":true,"href":"https:\/\/arjenoticias.com.mx\/index.php?rest_route=%2Fwp%2Fv2%2Ftags&post=11864"}],"curies":[{"name":"wp","href":"https:\/\/api.w.org\/{rel}","templated":true}]}}