{"id":11712,"date":"2026-03-19T15:48:47","date_gmt":"2026-03-19T21:48:47","guid":{"rendered":"https:\/\/arjenoticias.com\/?p=11712"},"modified":"2026-03-19T15:48:47","modified_gmt":"2026-03-19T21:48:47","slug":"quiero-pedir-perdon-a-los-que-sufren-en-las-calles","status":"publish","type":"post","link":"https:\/\/arjenoticias.com.mx\/?p=11712","title":{"rendered":"No ignoremos a los que sufren"},"content":{"rendered":"\n<p class=\"wp-block-paragraph\">Esta ma\u00f1ana transitaba por Cumbres Elite en Monterrey y en su sem\u00e1foro en rojo vi a un hombre en silla de ruedas con el pelo cano, una camisa gris desgastada; sudoroso, por el esfuerzo que implicaba empujarse con una sola pierna para dirigirse a pedir ayuda a los automovilistas.<\/p>\n\n\n\n<p class=\"wp-block-paragraph\">Saqu\u00e9 una moneda de 10 pesos, pero tard\u00e9 en encontrarla, y el sem\u00e1foro cambi\u00f3 a verde y todos comenzaron a pitar para que me moviera; como el hombre estaba del lado del copiloto, por m\u00e1s que extend\u00ed mi mano y \u00e9l la suya, la moneda call\u00f3 al piso.<\/p>\n\n\n\n<p class=\"wp-block-paragraph\">Los carros pitaban con fuerza y le dije &#8220;Perd\u00f3n&#8221;, &#8220;Perd\u00f3n&#8221; y avanc\u00e9; pero grab\u00e9 su rostro que me miraba con ternura como diciendo no se preocupe. Deb\u00ed haber hecho algo m\u00e1s.<\/p>\n\n\n\n<p class=\"wp-block-paragraph\">Entonces record\u00e9 la filosof\u00eda de Emmanuel Levina, que gira en torno a una idea tan simple como exigente: el otro no es un objeto, no es un medio, no es alguien ajeno a m\u00ed. El otro es, ante todo, una presencia que nos interpela y nos obliga \u00e9ticamente.<\/p>\n\n\n\n<p class=\"wp-block-paragraph\">Pedir perd\u00f3n pens\u00e9, no es un asunto solo de Espa\u00f1a a M\u00e9xico, sino, un asunto de todos los que hemos sido omisos o indiferentes ante el dolor y la tragedia. Todos los que vemos la miseria y volteamos a otro lado para no enfrentarnos con el rostro del otro, porque nos confronta con nuestra propia existencia.<\/p>\n\n\n\n<p class=\"wp-block-paragraph\">Para Levinas, la relaci\u00f3n con el otro nace en el \u201crostro\u201d. No se refiere solo a la cara f\u00edsica, sino a la manifestaci\u00f3n de la vulnerabilidad del otro, a ese encuentro en el que comprendemos \u2014sin necesidad de teor\u00edas\u2014 que no debemos da\u00f1arlo y tampoco ignorarlo.<\/p>\n\n\n\n<p class=\"wp-block-paragraph\">Ah\u00ed surge la \u00e9tica, antes incluso que cualquier ley o sistema pol\u00edtico.<\/p>\n\n\n\n<p class=\"wp-block-paragraph\">El otro est\u00e1 en la calle, en los hospitales, bajo los puentes, enfrentando la guerra. El otro son tambi\u00e9n esos pa\u00edses que enfrentan una crisis econ\u00f3mica y social sin precedentes.<\/p>\n\n\n\n<p class=\"wp-block-paragraph\">Levinas rompe con la tradici\u00f3n filos\u00f3fica occidental que intentaba comprender al otro desde uno mismo. Levinas propone lo contrario: el otro siempre desborda nuestra comprensi\u00f3n. <\/p>\n\n\n\n<p class=\"wp-block-paragraph\">Para Levinas, la relaci\u00f3n con el otro implica una responsabilidad infinita. No es un amor rom\u00e1ntico, sino una disposici\u00f3n radical a responder por el otro, incluso antes que por uno mismo. Es una \u00e9tica que incomoda, porque exige salir del ego y asumir que el otro tiene prioridad.<\/p>\n\n\n\n<p class=\"wp-block-paragraph\">Qu\u00e9 mensaje tan fuerte el de Levinas, &#8220;Amar al otro, y reconocer su dignidad absoluta&#8221;. &#8220;No instrumentalizarlo, no usarlo como medio&#8221;. &#8220;Es admitir que el otro siempre importa m\u00e1s de lo que estamos dispuestos a admitir&#8221;.<\/p>\n\n\n\n<p class=\"wp-block-paragraph\">La sociedad m\u00e1s que leyes necesitamos una profunda sensibilidad ante la vulnerabilidad del otro.<\/p>\n\n\n\n<p class=\"wp-block-paragraph\"><\/p>\n","protected":false},"excerpt":{"rendered":"<p>Esta ma\u00f1ana transitaba por Cumbres Elite en Monterrey y en su sem\u00e1foro en rojo vi&#8230;<\/p>\n","protected":false},"author":67,"featured_media":11713,"comment_status":"closed","ping_status":"closed","sticky":false,"template":"","format":"standard","meta":{"footnotes":""},"categories":[7,12],"tags":[261,1011,2060],"class_list":["post-11712","post","type-post","status-publish","format-standard","has-post-thumbnail","hentry","category-lo-mas-relevante","category-opinion","tag-ayudar-al-otro","tag-filosofia-de-emmanuel-levinas","tag-pedir-perdon"],"yoast_head":"<!-- This site is optimized with the Yoast SEO plugin v28.4 - https:\/\/yoast.com\/product\/yoast-seo-wordpress\/ -->\n<title>No ignoremos a los que sufren -<\/title>\n<meta name=\"description\" content=\"Teresa Sep\u00falveda nos dice en arjenoticias que recordemos al fil\u00f3sofo Levinas, &quot;el otro no es un objeto, no es un medio, no es alguien ajeno a m\u00ed.&quot;\" \/>\n<meta name=\"robots\" content=\"index, follow, max-snippet:-1, max-image-preview:large, max-video-preview:-1\" \/>\n<link rel=\"canonical\" href=\"https:\/\/arjenoticias.com.mx\/?p=11712\" \/>\n<meta property=\"og:locale\" content=\"es_MX\" \/>\n<meta property=\"og:type\" content=\"article\" \/>\n<meta property=\"og:title\" content=\"No ignoremos a los que sufren -\" \/>\n<meta property=\"og:description\" content=\"Teresa Sep\u00falveda nos dice en arjenoticias que recordemos al fil\u00f3sofo Levinas, &quot;el otro no es un objeto, no es un medio, no es alguien ajeno a m\u00ed.&quot;\" \/>\n<meta property=\"og:url\" content=\"https:\/\/arjenoticias.com.mx\/?p=11712\" \/>\n<meta property=\"article:published_time\" content=\"2026-03-19T21:48:47+00:00\" \/>\n<meta property=\"og:image\" content=\"https:\/\/arjenoticias.com.mx\/wp-content\/uploads\/2026\/03\/Teresa-Sepulveda-1.png\" \/>\n\t<meta property=\"og:image:width\" content=\"600\" \/>\n\t<meta property=\"og:image:height\" content=\"400\" \/>\n\t<meta property=\"og:image:type\" content=\"image\/png\" \/>\n<meta name=\"author\" content=\"Teresa Sep\u00falveda Elizondo\" \/>\n<meta name=\"twitter:card\" content=\"summary_large_image\" \/>\n<meta name=\"twitter:label1\" content=\"Escrito por\" \/>\n\t<meta name=\"twitter:data1\" content=\"Teresa Sep\u00falveda Elizondo\" \/>\n\t<meta name=\"twitter:label2\" content=\"Tiempo de lectura\" \/>\n\t<meta name=\"twitter:data2\" content=\"3 minutos\" \/>\n<script type=\"application\/ld+json\" class=\"yoast-schema-graph\">{\"@context\":\"https:\\\/\\\/schema.org\",\"@graph\":[{\"@type\":\"Article\",\"@id\":\"https:\\\/\\\/arjenoticias.com.mx\\\/?p=11712#article\",\"isPartOf\":{\"@id\":\"https:\\\/\\\/arjenoticias.com.mx\\\/?p=11712\"},\"author\":{\"name\":\"Teresa Sep\u00falveda Elizondo\",\"@id\":\"https:\\\/\\\/arjenoticias.com.mx\\\/#\\\/schema\\\/person\\\/da5b96cdb3d0ca850682c4c74f9888d1\"},\"headline\":\"No ignoremos a los que sufren\",\"datePublished\":\"2026-03-19T21:48:47+00:00\",\"mainEntityOfPage\":{\"@id\":\"https:\\\/\\\/arjenoticias.com.mx\\\/?p=11712\"},\"wordCount\":476,\"publisher\":{\"@id\":\"https:\\\/\\\/arjenoticias.com.mx\\\/#organization\"},\"image\":{\"@id\":\"https:\\\/\\\/arjenoticias.com.mx\\\/?p=11712#primaryimage\"},\"thumbnailUrl\":\"https:\\\/\\\/arjenoticias.com.mx\\\/wp-content\\\/uploads\\\/2026\\\/03\\\/Teresa-Sepulveda-1.png\",\"keywords\":[\"Ayudar al otro\",\"Filosof\u00eda de Emmanuel Levinas\",\"pedir perd\u00f3n\"],\"articleSection\":[\"Lo m\u00e1s relevante\",\"Opini\u00f3n\"],\"inLanguage\":\"es\"},{\"@type\":\"WebPage\",\"@id\":\"https:\\\/\\\/arjenoticias.com.mx\\\/?p=11712\",\"url\":\"https:\\\/\\\/arjenoticias.com.mx\\\/?p=11712\",\"name\":\"No ignoremos a los que sufren -\",\"isPartOf\":{\"@id\":\"https:\\\/\\\/arjenoticias.com.mx\\\/#website\"},\"primaryImageOfPage\":{\"@id\":\"https:\\\/\\\/arjenoticias.com.mx\\\/?p=11712#primaryimage\"},\"image\":{\"@id\":\"https:\\\/\\\/arjenoticias.com.mx\\\/?p=11712#primaryimage\"},\"thumbnailUrl\":\"https:\\\/\\\/arjenoticias.com.mx\\\/wp-content\\\/uploads\\\/2026\\\/03\\\/Teresa-Sepulveda-1.png\",\"datePublished\":\"2026-03-19T21:48:47+00:00\",\"description\":\"Teresa Sep\u00falveda nos dice en arjenoticias que recordemos al fil\u00f3sofo Levinas, \\\"el otro no es un objeto, no es un medio, no es alguien ajeno a m\u00ed.\\\"\",\"breadcrumb\":{\"@id\":\"https:\\\/\\\/arjenoticias.com.mx\\\/?p=11712#breadcrumb\"},\"inLanguage\":\"es\",\"potentialAction\":[{\"@type\":\"ReadAction\",\"target\":[\"https:\\\/\\\/arjenoticias.com.mx\\\/?p=11712\"]}]},{\"@type\":\"ImageObject\",\"inLanguage\":\"es\",\"@id\":\"https:\\\/\\\/arjenoticias.com.mx\\\/?p=11712#primaryimage\",\"url\":\"https:\\\/\\\/arjenoticias.com.mx\\\/wp-content\\\/uploads\\\/2026\\\/03\\\/Teresa-Sepulveda-1.png\",\"contentUrl\":\"https:\\\/\\\/arjenoticias.com.mx\\\/wp-content\\\/uploads\\\/2026\\\/03\\\/Teresa-Sepulveda-1.png\",\"width\":600,\"height\":400,\"caption\":\"Deber\u00edamos pedir perd\u00f3n por haberlos ignorado tanto tiempo.\"},{\"@type\":\"BreadcrumbList\",\"@id\":\"https:\\\/\\\/arjenoticias.com.mx\\\/?p=11712#breadcrumb\",\"itemListElement\":[{\"@type\":\"ListItem\",\"position\":1,\"name\":\"Inicio\",\"item\":\"https:\\\/\\\/arjenoticias.com.mx\\\/\"},{\"@type\":\"ListItem\",\"position\":2,\"name\":\"No ignoremos a los que sufren\"}]},{\"@type\":\"WebSite\",\"@id\":\"https:\\\/\\\/arjenoticias.com.mx\\\/#website\",\"url\":\"https:\\\/\\\/arjenoticias.com.mx\\\/\",\"name\":\"arjenoticias.com.mx\",\"description\":\"\",\"publisher\":{\"@id\":\"https:\\\/\\\/arjenoticias.com.mx\\\/#organization\"},\"potentialAction\":[{\"@type\":\"SearchAction\",\"target\":{\"@type\":\"EntryPoint\",\"urlTemplate\":\"https:\\\/\\\/arjenoticias.com.mx\\\/?s={search_term_string}\"},\"query-input\":{\"@type\":\"PropertyValueSpecification\",\"valueRequired\":true,\"valueName\":\"search_term_string\"}}],\"inLanguage\":\"es\"},{\"@type\":\"Organization\",\"@id\":\"https:\\\/\\\/arjenoticias.com.mx\\\/#organization\",\"name\":\"Arj\u00e9 de M\u00e9xico Noticias\",\"url\":\"https:\\\/\\\/arjenoticias.com.mx\\\/\",\"logo\":{\"@type\":\"ImageObject\",\"inLanguage\":\"es\",\"@id\":\"https:\\\/\\\/arjenoticias.com.mx\\\/#\\\/schema\\\/logo\\\/image\\\/\",\"url\":\"https:\\\/\\\/arjenoticias.com.mx\\\/wp-content\\\/uploads\\\/2025\\\/07\\\/cropped-logo-scaled-1.png\",\"contentUrl\":\"https:\\\/\\\/arjenoticias.com.mx\\\/wp-content\\\/uploads\\\/2025\\\/07\\\/cropped-logo-scaled-1.png\",\"width\":2558,\"height\":558,\"caption\":\"Arj\u00e9 de M\u00e9xico Noticias\"},\"image\":{\"@id\":\"https:\\\/\\\/arjenoticias.com.mx\\\/#\\\/schema\\\/logo\\\/image\\\/\"}},{\"@type\":\"Person\",\"@id\":\"https:\\\/\\\/arjenoticias.com.mx\\\/#\\\/schema\\\/person\\\/da5b96cdb3d0ca850682c4c74f9888d1\",\"name\":\"Teresa Sep\u00falveda Elizondo\",\"image\":{\"@type\":\"ImageObject\",\"inLanguage\":\"es\",\"@id\":\"https:\\\/\\\/secure.gravatar.com\\\/avatar\\\/d028fefd8eb201705a23e8ddfe978fbf484e56c5190e4b37aa46229a4d471d39?s=96&d=mm&r=g\",\"url\":\"https:\\\/\\\/secure.gravatar.com\\\/avatar\\\/d028fefd8eb201705a23e8ddfe978fbf484e56c5190e4b37aa46229a4d471d39?s=96&d=mm&r=g\",\"contentUrl\":\"https:\\\/\\\/secure.gravatar.com\\\/avatar\\\/d028fefd8eb201705a23e8ddfe978fbf484e56c5190e4b37aa46229a4d471d39?s=96&d=mm&r=g\",\"caption\":\"Teresa Sep\u00falveda Elizondo\"},\"url\":\"https:\\\/\\\/arjenoticias.com.mx\\\/?author=67\"}]}<\/script>\n<!-- \/ Yoast SEO plugin. -->","yoast_head_json":{"title":"No ignoremos a los que sufren -","description":"Teresa Sep\u00falveda nos dice en arjenoticias que recordemos al fil\u00f3sofo Levinas, \"el otro no es un objeto, no es un medio, no es alguien ajeno a m\u00ed.\"","robots":{"index":"index","follow":"follow","max-snippet":"max-snippet:-1","max-image-preview":"max-image-preview:large","max-video-preview":"max-video-preview:-1"},"canonical":"https:\/\/arjenoticias.com.mx\/?p=11712","og_locale":"es_MX","og_type":"article","og_title":"No ignoremos a los que sufren -","og_description":"Teresa Sep\u00falveda nos dice en arjenoticias que recordemos al fil\u00f3sofo Levinas, \"el otro no es un objeto, no es un medio, no es alguien ajeno a m\u00ed.\"","og_url":"https:\/\/arjenoticias.com.mx\/?p=11712","article_published_time":"2026-03-19T21:48:47+00:00","og_image":[{"width":600,"height":400,"url":"https:\/\/arjenoticias.com.mx\/wp-content\/uploads\/2026\/03\/Teresa-Sepulveda-1.png","type":"image\/png"}],"author":"Teresa Sep\u00falveda Elizondo","twitter_card":"summary_large_image","twitter_misc":{"Escrito por":"Teresa Sep\u00falveda Elizondo","Tiempo de lectura":"3 minutos"},"schema":{"@context":"https:\/\/schema.org","@graph":[{"@type":"Article","@id":"https:\/\/arjenoticias.com.mx\/?p=11712#article","isPartOf":{"@id":"https:\/\/arjenoticias.com.mx\/?p=11712"},"author":{"name":"Teresa Sep\u00falveda Elizondo","@id":"https:\/\/arjenoticias.com.mx\/#\/schema\/person\/da5b96cdb3d0ca850682c4c74f9888d1"},"headline":"No ignoremos a los que sufren","datePublished":"2026-03-19T21:48:47+00:00","mainEntityOfPage":{"@id":"https:\/\/arjenoticias.com.mx\/?p=11712"},"wordCount":476,"publisher":{"@id":"https:\/\/arjenoticias.com.mx\/#organization"},"image":{"@id":"https:\/\/arjenoticias.com.mx\/?p=11712#primaryimage"},"thumbnailUrl":"https:\/\/arjenoticias.com.mx\/wp-content\/uploads\/2026\/03\/Teresa-Sepulveda-1.png","keywords":["Ayudar al otro","Filosof\u00eda de Emmanuel Levinas","pedir perd\u00f3n"],"articleSection":["Lo m\u00e1s relevante","Opini\u00f3n"],"inLanguage":"es"},{"@type":"WebPage","@id":"https:\/\/arjenoticias.com.mx\/?p=11712","url":"https:\/\/arjenoticias.com.mx\/?p=11712","name":"No ignoremos a los que sufren -","isPartOf":{"@id":"https:\/\/arjenoticias.com.mx\/#website"},"primaryImageOfPage":{"@id":"https:\/\/arjenoticias.com.mx\/?p=11712#primaryimage"},"image":{"@id":"https:\/\/arjenoticias.com.mx\/?p=11712#primaryimage"},"thumbnailUrl":"https:\/\/arjenoticias.com.mx\/wp-content\/uploads\/2026\/03\/Teresa-Sepulveda-1.png","datePublished":"2026-03-19T21:48:47+00:00","description":"Teresa Sep\u00falveda nos dice en arjenoticias que recordemos al fil\u00f3sofo Levinas, \"el otro no es un objeto, no es un medio, no es alguien ajeno a m\u00ed.\"","breadcrumb":{"@id":"https:\/\/arjenoticias.com.mx\/?p=11712#breadcrumb"},"inLanguage":"es","potentialAction":[{"@type":"ReadAction","target":["https:\/\/arjenoticias.com.mx\/?p=11712"]}]},{"@type":"ImageObject","inLanguage":"es","@id":"https:\/\/arjenoticias.com.mx\/?p=11712#primaryimage","url":"https:\/\/arjenoticias.com.mx\/wp-content\/uploads\/2026\/03\/Teresa-Sepulveda-1.png","contentUrl":"https:\/\/arjenoticias.com.mx\/wp-content\/uploads\/2026\/03\/Teresa-Sepulveda-1.png","width":600,"height":400,"caption":"Deber\u00edamos pedir perd\u00f3n por haberlos ignorado tanto tiempo."},{"@type":"BreadcrumbList","@id":"https:\/\/arjenoticias.com.mx\/?p=11712#breadcrumb","itemListElement":[{"@type":"ListItem","position":1,"name":"Inicio","item":"https:\/\/arjenoticias.com.mx\/"},{"@type":"ListItem","position":2,"name":"No ignoremos a los que sufren"}]},{"@type":"WebSite","@id":"https:\/\/arjenoticias.com.mx\/#website","url":"https:\/\/arjenoticias.com.mx\/","name":"arjenoticias.com.mx","description":"","publisher":{"@id":"https:\/\/arjenoticias.com.mx\/#organization"},"potentialAction":[{"@type":"SearchAction","target":{"@type":"EntryPoint","urlTemplate":"https:\/\/arjenoticias.com.mx\/?s={search_term_string}"},"query-input":{"@type":"PropertyValueSpecification","valueRequired":true,"valueName":"search_term_string"}}],"inLanguage":"es"},{"@type":"Organization","@id":"https:\/\/arjenoticias.com.mx\/#organization","name":"Arj\u00e9 de M\u00e9xico Noticias","url":"https:\/\/arjenoticias.com.mx\/","logo":{"@type":"ImageObject","inLanguage":"es","@id":"https:\/\/arjenoticias.com.mx\/#\/schema\/logo\/image\/","url":"https:\/\/arjenoticias.com.mx\/wp-content\/uploads\/2025\/07\/cropped-logo-scaled-1.png","contentUrl":"https:\/\/arjenoticias.com.mx\/wp-content\/uploads\/2025\/07\/cropped-logo-scaled-1.png","width":2558,"height":558,"caption":"Arj\u00e9 de M\u00e9xico Noticias"},"image":{"@id":"https:\/\/arjenoticias.com.mx\/#\/schema\/logo\/image\/"}},{"@type":"Person","@id":"https:\/\/arjenoticias.com.mx\/#\/schema\/person\/da5b96cdb3d0ca850682c4c74f9888d1","name":"Teresa Sep\u00falveda Elizondo","image":{"@type":"ImageObject","inLanguage":"es","@id":"https:\/\/secure.gravatar.com\/avatar\/d028fefd8eb201705a23e8ddfe978fbf484e56c5190e4b37aa46229a4d471d39?s=96&d=mm&r=g","url":"https:\/\/secure.gravatar.com\/avatar\/d028fefd8eb201705a23e8ddfe978fbf484e56c5190e4b37aa46229a4d471d39?s=96&d=mm&r=g","contentUrl":"https:\/\/secure.gravatar.com\/avatar\/d028fefd8eb201705a23e8ddfe978fbf484e56c5190e4b37aa46229a4d471d39?s=96&d=mm&r=g","caption":"Teresa Sep\u00falveda Elizondo"},"url":"https:\/\/arjenoticias.com.mx\/?author=67"}]}},"_links":{"self":[{"href":"https:\/\/arjenoticias.com.mx\/index.php?rest_route=\/wp\/v2\/posts\/11712","targetHints":{"allow":["GET"]}}],"collection":[{"href":"https:\/\/arjenoticias.com.mx\/index.php?rest_route=\/wp\/v2\/posts"}],"about":[{"href":"https:\/\/arjenoticias.com.mx\/index.php?rest_route=\/wp\/v2\/types\/post"}],"author":[{"embeddable":true,"href":"https:\/\/arjenoticias.com.mx\/index.php?rest_route=\/wp\/v2\/users\/67"}],"replies":[{"embeddable":true,"href":"https:\/\/arjenoticias.com.mx\/index.php?rest_route=%2Fwp%2Fv2%2Fcomments&post=11712"}],"version-history":[{"count":0,"href":"https:\/\/arjenoticias.com.mx\/index.php?rest_route=\/wp\/v2\/posts\/11712\/revisions"}],"wp:featuredmedia":[{"embeddable":true,"href":"https:\/\/arjenoticias.com.mx\/index.php?rest_route=\/wp\/v2\/media\/11713"}],"wp:attachment":[{"href":"https:\/\/arjenoticias.com.mx\/index.php?rest_route=%2Fwp%2Fv2%2Fmedia&parent=11712"}],"wp:term":[{"taxonomy":"category","embeddable":true,"href":"https:\/\/arjenoticias.com.mx\/index.php?rest_route=%2Fwp%2Fv2%2Fcategories&post=11712"},{"taxonomy":"post_tag","embeddable":true,"href":"https:\/\/arjenoticias.com.mx\/index.php?rest_route=%2Fwp%2Fv2%2Ftags&post=11712"}],"curies":[{"name":"wp","href":"https:\/\/api.w.org\/{rel}","templated":true}]}}