{"id":11686,"date":"2026-03-19T11:35:13","date_gmt":"2026-03-19T17:35:13","guid":{"rendered":"https:\/\/arjenoticias.com\/?p=11686"},"modified":"2026-03-19T11:35:13","modified_gmt":"2026-03-19T17:35:13","slug":"morena-denuncia-gasto-de-27-8-mdp-de-movimiento-ciudadano-en-redes-sociales-en-90-dias","status":"publish","type":"post","link":"https:\/\/arjenoticias.com.mx\/?p=11686","title":{"rendered":"Samuel, Mariana, Miguel Flores y Maynez gastan 27.8 mdp en redes sociales en 90 d\u00edas"},"content":{"rendered":"\n<p class=\"wp-block-paragraph\">El diputado federal de Morena, Arturo \u00c1vila, denunci\u00f3 que Movimiento Ciudadano ha destinado 27.8 millones de pesos en pautas de redes sociales en los \u00faltimos 90 d\u00edas en un programa en Radio F\u00f3rmula bajo la conducci\u00f3n de la periodista Azucena Uresti, <\/p>\n\n\n\n<p class=\"wp-block-paragraph\">De acuerdo con el legislador, el gasto en promoci\u00f3n digital se distribuye de la siguiente manera: el gobernador de Nuevo Le\u00f3n, Samuel Garc\u00eda, con 8.8 millones de pesos; Jorge \u00c1lvarez M\u00e1ynez, con 6 millones; Mariana Rodr\u00edguez, con 5.7 millones; el secretario de Gobierno de Nuevo Le\u00f3n, Mike Flores, con 3.2 millones; el propio partido Movimiento Ciudadano, con 2.2 millones; y el gobierno estatal, con 1.7 millones de pesos.<\/p>\n\n\n\n<p class=\"wp-block-paragraph\">\u00c1vila se\u00f1al\u00f3 que estos recursos se han utilizado tanto desde cuentas personales como institucionales, lo que, a su consideraci\u00f3n, abre cuestionamientos sobre el uso de recursos y la promoci\u00f3n pol\u00edtica en plataformas digitales.<\/p>\n\n\n\n<p class=\"wp-block-paragraph\">El diputado morenista subray\u00f3 la necesidad de revisar este tipo de gastos, especialmente en el contexto pol\u00edtico actual, donde el uso de redes sociales se ha convertido en una herramienta clave de posicionamiento p\u00fablico.<\/p>\n\n\n\n<p class=\"wp-block-paragraph\">Hasta el momento, Movimiento Ciudadano no ha emitido una postura oficial sobre estas acusaciones.<\/p>\n\n\n\n<p class=\"wp-block-paragraph\"><\/p>\n","protected":false},"excerpt":{"rendered":"<p>El diputado federal de Morena, Arturo \u00c1vila, denunci\u00f3 que Movimiento Ciudadano ha destinado 27.8 millones&#8230;<\/p>\n","protected":false},"author":66,"featured_media":11687,"comment_status":"closed","ping_status":"closed","sticky":false,"template":"","format":"standard","meta":{"footnotes":""},"categories":[7],"tags":[609,1745],"class_list":["post-11686","post","type-post","status-publish","format-standard","has-post-thumbnail","hentry","category-lo-mas-relevante","tag-derroche-en-imagen-por-samuel-y-mariana","tag-miguel-flores-gasta-millones-en-90-dias-en-su-imagen"],"yoast_head":"<!-- This site is optimized with the Yoast SEO plugin v28.4 - https:\/\/yoast.com\/product\/yoast-seo-wordpress\/ -->\n<title>Samuel, Mariana, Miguel Flores y Maynez gastan 27.8 mdp en redes sociales en 90 d\u00edas -<\/title>\n<meta name=\"description\" content=\"Samuel, Mariana y Miguel Flores gastan en 90 d\u00edas millones de pesos en redes sociales, para fortalecer su imagen y seguir gozando del presupuesto.\" \/>\n<meta name=\"robots\" content=\"index, follow, max-snippet:-1, max-image-preview:large, max-video-preview:-1\" \/>\n<link rel=\"canonical\" href=\"https:\/\/arjenoticias.com.mx\/?p=11686\" \/>\n<meta property=\"og:locale\" content=\"es_MX\" \/>\n<meta property=\"og:type\" content=\"article\" \/>\n<meta property=\"og:title\" content=\"Samuel, Mariana, Miguel Flores y Maynez gastan 27.8 mdp en redes sociales en 90 d\u00edas -\" \/>\n<meta property=\"og:description\" content=\"Samuel, Mariana y Miguel Flores gastan en 90 d\u00edas millones de pesos en redes sociales, para fortalecer su imagen y seguir gozando del presupuesto.\" \/>\n<meta property=\"og:url\" content=\"https:\/\/arjenoticias.com.mx\/?p=11686\" \/>\n<meta property=\"article:published_time\" content=\"2026-03-19T17:35:13+00:00\" \/>\n<meta property=\"og:image\" content=\"https:\/\/arjenoticias.com.mx\/wp-content\/uploads\/2026\/03\/Captura-de-pantalla-2025-05-26-a-las-12.26.46-p.m.png\" \/>\n\t<meta property=\"og:image:width\" content=\"984\" \/>\n\t<meta property=\"og:image:height\" content=\"602\" \/>\n\t<meta property=\"og:image:type\" content=\"image\/png\" \/>\n<meta name=\"author\" content=\"Arj\u00e9 Noticias\" \/>\n<meta name=\"twitter:card\" content=\"summary_large_image\" \/>\n<meta name=\"twitter:label1\" content=\"Escrito por\" \/>\n\t<meta name=\"twitter:data1\" content=\"Arj\u00e9 Noticias\" \/>\n\t<meta name=\"twitter:label2\" content=\"Tiempo de lectura\" \/>\n\t<meta name=\"twitter:data2\" content=\"2 minutos\" \/>\n<script type=\"application\/ld+json\" class=\"yoast-schema-graph\">{\"@context\":\"https:\\\/\\\/schema.org\",\"@graph\":[{\"@type\":\"Article\",\"@id\":\"https:\\\/\\\/arjenoticias.com.mx\\\/?p=11686#article\",\"isPartOf\":{\"@id\":\"https:\\\/\\\/arjenoticias.com.mx\\\/?p=11686\"},\"author\":{\"name\":\"Arj\u00e9 Noticias\",\"@id\":\"https:\\\/\\\/arjenoticias.com.mx\\\/#\\\/schema\\\/person\\\/83f9fb68162b16794b69a8186dd31bc0\"},\"headline\":\"Samuel, Mariana, Miguel Flores y Maynez gastan 27.8 mdp en redes sociales en 90 d\u00edas\",\"datePublished\":\"2026-03-19T17:35:13+00:00\",\"mainEntityOfPage\":{\"@id\":\"https:\\\/\\\/arjenoticias.com.mx\\\/?p=11686\"},\"wordCount\":211,\"publisher\":{\"@id\":\"https:\\\/\\\/arjenoticias.com.mx\\\/#organization\"},\"image\":{\"@id\":\"https:\\\/\\\/arjenoticias.com.mx\\\/?p=11686#primaryimage\"},\"thumbnailUrl\":\"https:\\\/\\\/arjenoticias.com.mx\\\/wp-content\\\/uploads\\\/2026\\\/03\\\/Captura-de-pantalla-2025-05-26-a-las-12.26.46-p.m.png\",\"keywords\":[\"Derroche en imagen por Samuel Y mariana\",\"MIguel Flores gasta Millones en 90 d\u00edas en su imagen\"],\"articleSection\":[\"Lo m\u00e1s relevante\"],\"inLanguage\":\"es\"},{\"@type\":\"WebPage\",\"@id\":\"https:\\\/\\\/arjenoticias.com.mx\\\/?p=11686\",\"url\":\"https:\\\/\\\/arjenoticias.com.mx\\\/?p=11686\",\"name\":\"Samuel, Mariana, Miguel Flores y Maynez gastan 27.8 mdp en redes sociales en 90 d\u00edas -\",\"isPartOf\":{\"@id\":\"https:\\\/\\\/arjenoticias.com.mx\\\/#website\"},\"primaryImageOfPage\":{\"@id\":\"https:\\\/\\\/arjenoticias.com.mx\\\/?p=11686#primaryimage\"},\"image\":{\"@id\":\"https:\\\/\\\/arjenoticias.com.mx\\\/?p=11686#primaryimage\"},\"thumbnailUrl\":\"https:\\\/\\\/arjenoticias.com.mx\\\/wp-content\\\/uploads\\\/2026\\\/03\\\/Captura-de-pantalla-2025-05-26-a-las-12.26.46-p.m.png\",\"datePublished\":\"2026-03-19T17:35:13+00:00\",\"description\":\"Samuel, Mariana y Miguel Flores gastan en 90 d\u00edas millones de pesos en redes sociales, para fortalecer su imagen y seguir gozando del presupuesto.\",\"breadcrumb\":{\"@id\":\"https:\\\/\\\/arjenoticias.com.mx\\\/?p=11686#breadcrumb\"},\"inLanguage\":\"es\",\"potentialAction\":[{\"@type\":\"ReadAction\",\"target\":[\"https:\\\/\\\/arjenoticias.com.mx\\\/?p=11686\"]}]},{\"@type\":\"ImageObject\",\"inLanguage\":\"es\",\"@id\":\"https:\\\/\\\/arjenoticias.com.mx\\\/?p=11686#primaryimage\",\"url\":\"https:\\\/\\\/arjenoticias.com.mx\\\/wp-content\\\/uploads\\\/2026\\\/03\\\/Captura-de-pantalla-2025-05-26-a-las-12.26.46-p.m.png\",\"contentUrl\":\"https:\\\/\\\/arjenoticias.com.mx\\\/wp-content\\\/uploads\\\/2026\\\/03\\\/Captura-de-pantalla-2025-05-26-a-las-12.26.46-p.m.png\",\"width\":984,\"height\":602,\"caption\":\"Samuel, Mariana y Miguel Flores gastan Millones de pesos mensualmente en su imagen.\"},{\"@type\":\"BreadcrumbList\",\"@id\":\"https:\\\/\\\/arjenoticias.com.mx\\\/?p=11686#breadcrumb\",\"itemListElement\":[{\"@type\":\"ListItem\",\"position\":1,\"name\":\"Inicio\",\"item\":\"https:\\\/\\\/arjenoticias.com.mx\\\/\"},{\"@type\":\"ListItem\",\"position\":2,\"name\":\"Samuel, Mariana, Miguel Flores y Maynez gastan 27.8 mdp en redes sociales en 90 d\u00edas\"}]},{\"@type\":\"WebSite\",\"@id\":\"https:\\\/\\\/arjenoticias.com.mx\\\/#website\",\"url\":\"https:\\\/\\\/arjenoticias.com.mx\\\/\",\"name\":\"arjenoticias.com.mx\",\"description\":\"\",\"publisher\":{\"@id\":\"https:\\\/\\\/arjenoticias.com.mx\\\/#organization\"},\"potentialAction\":[{\"@type\":\"SearchAction\",\"target\":{\"@type\":\"EntryPoint\",\"urlTemplate\":\"https:\\\/\\\/arjenoticias.com.mx\\\/?s={search_term_string}\"},\"query-input\":{\"@type\":\"PropertyValueSpecification\",\"valueRequired\":true,\"valueName\":\"search_term_string\"}}],\"inLanguage\":\"es\"},{\"@type\":\"Organization\",\"@id\":\"https:\\\/\\\/arjenoticias.com.mx\\\/#organization\",\"name\":\"Arj\u00e9 de M\u00e9xico Noticias\",\"url\":\"https:\\\/\\\/arjenoticias.com.mx\\\/\",\"logo\":{\"@type\":\"ImageObject\",\"inLanguage\":\"es\",\"@id\":\"https:\\\/\\\/arjenoticias.com.mx\\\/#\\\/schema\\\/logo\\\/image\\\/\",\"url\":\"https:\\\/\\\/arjenoticias.com.mx\\\/wp-content\\\/uploads\\\/2025\\\/07\\\/cropped-logo-scaled-1.png\",\"contentUrl\":\"https:\\\/\\\/arjenoticias.com.mx\\\/wp-content\\\/uploads\\\/2025\\\/07\\\/cropped-logo-scaled-1.png\",\"width\":2558,\"height\":558,\"caption\":\"Arj\u00e9 de M\u00e9xico Noticias\"},\"image\":{\"@id\":\"https:\\\/\\\/arjenoticias.com.mx\\\/#\\\/schema\\\/logo\\\/image\\\/\"}},{\"@type\":\"Person\",\"@id\":\"https:\\\/\\\/arjenoticias.com.mx\\\/#\\\/schema\\\/person\\\/83f9fb68162b16794b69a8186dd31bc0\",\"name\":\"Arj\u00e9 Noticias\",\"image\":{\"@type\":\"ImageObject\",\"inLanguage\":\"es\",\"@id\":\"https:\\\/\\\/secure.gravatar.com\\\/avatar\\\/f604b88a0e24c04f3f89fae6b5400bfd6093d0999292a64803d3651d9d4a35a5?s=96&d=mm&r=g\",\"url\":\"https:\\\/\\\/secure.gravatar.com\\\/avatar\\\/f604b88a0e24c04f3f89fae6b5400bfd6093d0999292a64803d3651d9d4a35a5?s=96&d=mm&r=g\",\"contentUrl\":\"https:\\\/\\\/secure.gravatar.com\\\/avatar\\\/f604b88a0e24c04f3f89fae6b5400bfd6093d0999292a64803d3651d9d4a35a5?s=96&d=mm&r=g\",\"caption\":\"Arj\u00e9 Noticias\"},\"url\":\"https:\\\/\\\/arjenoticias.com.mx\\\/?author=66\"}]}<\/script>\n<!-- \/ Yoast SEO plugin. -->","yoast_head_json":{"title":"Samuel, Mariana, Miguel Flores y Maynez gastan 27.8 mdp en redes sociales en 90 d\u00edas -","description":"Samuel, Mariana y Miguel Flores gastan en 90 d\u00edas millones de pesos en redes sociales, para fortalecer su imagen y seguir gozando del presupuesto.","robots":{"index":"index","follow":"follow","max-snippet":"max-snippet:-1","max-image-preview":"max-image-preview:large","max-video-preview":"max-video-preview:-1"},"canonical":"https:\/\/arjenoticias.com.mx\/?p=11686","og_locale":"es_MX","og_type":"article","og_title":"Samuel, Mariana, Miguel Flores y Maynez gastan 27.8 mdp en redes sociales en 90 d\u00edas -","og_description":"Samuel, Mariana y Miguel Flores gastan en 90 d\u00edas millones de pesos en redes sociales, para fortalecer su imagen y seguir gozando del presupuesto.","og_url":"https:\/\/arjenoticias.com.mx\/?p=11686","article_published_time":"2026-03-19T17:35:13+00:00","og_image":[{"width":984,"height":602,"url":"https:\/\/arjenoticias.com.mx\/wp-content\/uploads\/2026\/03\/Captura-de-pantalla-2025-05-26-a-las-12.26.46-p.m.png","type":"image\/png"}],"author":"Arj\u00e9 Noticias","twitter_card":"summary_large_image","twitter_misc":{"Escrito por":"Arj\u00e9 Noticias","Tiempo de lectura":"2 minutos"},"schema":{"@context":"https:\/\/schema.org","@graph":[{"@type":"Article","@id":"https:\/\/arjenoticias.com.mx\/?p=11686#article","isPartOf":{"@id":"https:\/\/arjenoticias.com.mx\/?p=11686"},"author":{"name":"Arj\u00e9 Noticias","@id":"https:\/\/arjenoticias.com.mx\/#\/schema\/person\/83f9fb68162b16794b69a8186dd31bc0"},"headline":"Samuel, Mariana, Miguel Flores y Maynez gastan 27.8 mdp en redes sociales en 90 d\u00edas","datePublished":"2026-03-19T17:35:13+00:00","mainEntityOfPage":{"@id":"https:\/\/arjenoticias.com.mx\/?p=11686"},"wordCount":211,"publisher":{"@id":"https:\/\/arjenoticias.com.mx\/#organization"},"image":{"@id":"https:\/\/arjenoticias.com.mx\/?p=11686#primaryimage"},"thumbnailUrl":"https:\/\/arjenoticias.com.mx\/wp-content\/uploads\/2026\/03\/Captura-de-pantalla-2025-05-26-a-las-12.26.46-p.m.png","keywords":["Derroche en imagen por Samuel Y mariana","MIguel Flores gasta Millones en 90 d\u00edas en su imagen"],"articleSection":["Lo m\u00e1s relevante"],"inLanguage":"es"},{"@type":"WebPage","@id":"https:\/\/arjenoticias.com.mx\/?p=11686","url":"https:\/\/arjenoticias.com.mx\/?p=11686","name":"Samuel, Mariana, Miguel Flores y Maynez gastan 27.8 mdp en redes sociales en 90 d\u00edas -","isPartOf":{"@id":"https:\/\/arjenoticias.com.mx\/#website"},"primaryImageOfPage":{"@id":"https:\/\/arjenoticias.com.mx\/?p=11686#primaryimage"},"image":{"@id":"https:\/\/arjenoticias.com.mx\/?p=11686#primaryimage"},"thumbnailUrl":"https:\/\/arjenoticias.com.mx\/wp-content\/uploads\/2026\/03\/Captura-de-pantalla-2025-05-26-a-las-12.26.46-p.m.png","datePublished":"2026-03-19T17:35:13+00:00","description":"Samuel, Mariana y Miguel Flores gastan en 90 d\u00edas millones de pesos en redes sociales, para fortalecer su imagen y seguir gozando del presupuesto.","breadcrumb":{"@id":"https:\/\/arjenoticias.com.mx\/?p=11686#breadcrumb"},"inLanguage":"es","potentialAction":[{"@type":"ReadAction","target":["https:\/\/arjenoticias.com.mx\/?p=11686"]}]},{"@type":"ImageObject","inLanguage":"es","@id":"https:\/\/arjenoticias.com.mx\/?p=11686#primaryimage","url":"https:\/\/arjenoticias.com.mx\/wp-content\/uploads\/2026\/03\/Captura-de-pantalla-2025-05-26-a-las-12.26.46-p.m.png","contentUrl":"https:\/\/arjenoticias.com.mx\/wp-content\/uploads\/2026\/03\/Captura-de-pantalla-2025-05-26-a-las-12.26.46-p.m.png","width":984,"height":602,"caption":"Samuel, Mariana y Miguel Flores gastan Millones de pesos mensualmente en su imagen."},{"@type":"BreadcrumbList","@id":"https:\/\/arjenoticias.com.mx\/?p=11686#breadcrumb","itemListElement":[{"@type":"ListItem","position":1,"name":"Inicio","item":"https:\/\/arjenoticias.com.mx\/"},{"@type":"ListItem","position":2,"name":"Samuel, Mariana, Miguel Flores y Maynez gastan 27.8 mdp en redes sociales en 90 d\u00edas"}]},{"@type":"WebSite","@id":"https:\/\/arjenoticias.com.mx\/#website","url":"https:\/\/arjenoticias.com.mx\/","name":"arjenoticias.com.mx","description":"","publisher":{"@id":"https:\/\/arjenoticias.com.mx\/#organization"},"potentialAction":[{"@type":"SearchAction","target":{"@type":"EntryPoint","urlTemplate":"https:\/\/arjenoticias.com.mx\/?s={search_term_string}"},"query-input":{"@type":"PropertyValueSpecification","valueRequired":true,"valueName":"search_term_string"}}],"inLanguage":"es"},{"@type":"Organization","@id":"https:\/\/arjenoticias.com.mx\/#organization","name":"Arj\u00e9 de M\u00e9xico Noticias","url":"https:\/\/arjenoticias.com.mx\/","logo":{"@type":"ImageObject","inLanguage":"es","@id":"https:\/\/arjenoticias.com.mx\/#\/schema\/logo\/image\/","url":"https:\/\/arjenoticias.com.mx\/wp-content\/uploads\/2025\/07\/cropped-logo-scaled-1.png","contentUrl":"https:\/\/arjenoticias.com.mx\/wp-content\/uploads\/2025\/07\/cropped-logo-scaled-1.png","width":2558,"height":558,"caption":"Arj\u00e9 de M\u00e9xico Noticias"},"image":{"@id":"https:\/\/arjenoticias.com.mx\/#\/schema\/logo\/image\/"}},{"@type":"Person","@id":"https:\/\/arjenoticias.com.mx\/#\/schema\/person\/83f9fb68162b16794b69a8186dd31bc0","name":"Arj\u00e9 Noticias","image":{"@type":"ImageObject","inLanguage":"es","@id":"https:\/\/secure.gravatar.com\/avatar\/f604b88a0e24c04f3f89fae6b5400bfd6093d0999292a64803d3651d9d4a35a5?s=96&d=mm&r=g","url":"https:\/\/secure.gravatar.com\/avatar\/f604b88a0e24c04f3f89fae6b5400bfd6093d0999292a64803d3651d9d4a35a5?s=96&d=mm&r=g","contentUrl":"https:\/\/secure.gravatar.com\/avatar\/f604b88a0e24c04f3f89fae6b5400bfd6093d0999292a64803d3651d9d4a35a5?s=96&d=mm&r=g","caption":"Arj\u00e9 Noticias"},"url":"https:\/\/arjenoticias.com.mx\/?author=66"}]}},"_links":{"self":[{"href":"https:\/\/arjenoticias.com.mx\/index.php?rest_route=\/wp\/v2\/posts\/11686","targetHints":{"allow":["GET"]}}],"collection":[{"href":"https:\/\/arjenoticias.com.mx\/index.php?rest_route=\/wp\/v2\/posts"}],"about":[{"href":"https:\/\/arjenoticias.com.mx\/index.php?rest_route=\/wp\/v2\/types\/post"}],"author":[{"embeddable":true,"href":"https:\/\/arjenoticias.com.mx\/index.php?rest_route=\/wp\/v2\/users\/66"}],"replies":[{"embeddable":true,"href":"https:\/\/arjenoticias.com.mx\/index.php?rest_route=%2Fwp%2Fv2%2Fcomments&post=11686"}],"version-history":[{"count":0,"href":"https:\/\/arjenoticias.com.mx\/index.php?rest_route=\/wp\/v2\/posts\/11686\/revisions"}],"wp:featuredmedia":[{"embeddable":true,"href":"https:\/\/arjenoticias.com.mx\/index.php?rest_route=\/wp\/v2\/media\/11687"}],"wp:attachment":[{"href":"https:\/\/arjenoticias.com.mx\/index.php?rest_route=%2Fwp%2Fv2%2Fmedia&parent=11686"}],"wp:term":[{"taxonomy":"category","embeddable":true,"href":"https:\/\/arjenoticias.com.mx\/index.php?rest_route=%2Fwp%2Fv2%2Fcategories&post=11686"},{"taxonomy":"post_tag","embeddable":true,"href":"https:\/\/arjenoticias.com.mx\/index.php?rest_route=%2Fwp%2Fv2%2Ftags&post=11686"}],"curies":[{"name":"wp","href":"https:\/\/api.w.org\/{rel}","templated":true}]}}