{"id":11642,"date":"2026-03-18T16:23:55","date_gmt":"2026-03-18T22:23:55","guid":{"rendered":"https:\/\/arjenoticias.com\/?p=11642"},"modified":"2026-03-18T16:23:55","modified_gmt":"2026-03-18T22:23:55","slug":"policias-de-guadalupe-abaten-a-hombre-armado-con-machete-que-cargaba-a-su-hijo","status":"publish","type":"post","link":"https:\/\/arjenoticias.com.mx\/?p=11642","title":{"rendered":"Polic\u00edas de Guadalupe abaten a hombre armado con machete y ni\u00f1o cargado"},"content":{"rendered":"\n<p class=\"wp-block-paragraph\">Un hombre muri\u00f3 tras ser abatido por elementos de la polic\u00eda municipal de Guadalupe, en un hecho que ha generado conmoci\u00f3n luego de que se difundiera el momento en que el individuo sosten\u00eda a un menor en brazos mientras portaba un machete.<\/p>\n\n\n\n<p class=\"wp-block-paragraph\">De acuerdo con los primeros reportes, los uniformados acudieron a un llamado ciudadano por la presunta quema de cableado y acumulaci\u00f3n de chatarra en un sector cercano a la colonia Valle del Sol. Al arribar al lugar, habr\u00edan encontrado al hombre en actitud agresiva y con un arma blanca.<\/p>\n\n\n\n<p class=\"wp-block-paragraph\">Seg\u00fan versiones preliminares, el sujeto sosten\u00eda a su hijo mientras empu\u00f1aba el machete, lo que complic\u00f3 la intervenci\u00f3n policial. En circunstancias a\u00fan bajo investigaci\u00f3n, los oficiales accionaron sus armas de fuego, hiriendo de gravedad al individuo, quien posteriormente falleci\u00f3.<\/p>\n\n\n\n<p class=\"wp-block-paragraph\">El menor fue resguardado por las autoridades y, de acuerdo con informaci\u00f3n inicial, no result\u00f3 con lesiones f\u00edsicas.<\/p>\n\n\n\n<p class=\"wp-block-paragraph\">El caso ha abierto cuestionamientos sobre el uso de la fuerza por parte de los elementos de seguridad, as\u00ed como sobre los protocolos de actuaci\u00f3n en situaciones donde hay presencia de menores. Hasta el momento, autoridades municipales no han emitido un posicionamiento detallado sobre lo ocurrido.<\/p>\n\n\n\n<p class=\"wp-block-paragraph\">Se espera que en las pr\u00f3ximas horas la Fiscal\u00eda General de Justicia del estado informe sobre el avance de las investigaciones para esclarecer los hechos y determinar responsabilidades.Un hombre muri\u00f3 tras ser abatido por elementos de la polic\u00eda municipal de Guadalupe, en un hecho que ha generado conmoci\u00f3n luego de que se difundiera el momento en que el individuo sosten\u00eda a un menor en brazos mientras portaba un machete.<\/p>\n\n\n\n<figure class=\"wp-block-embed is-type-rich is-provider-twitter wp-block-embed-twitter\"><div class=\"wp-block-embed__wrapper\">\n<blockquote class=\"twitter-tweet\" data-width=\"550\" data-dnt=\"true\"><p lang=\"es\" dir=\"ltr\">Abaten autoridades en Guadalupe a un hombre con machete que cargaba a su hijo. <a href=\"https:\/\/t.co\/3KbxBij5Qy\">pic.twitter.com\/3KbxBij5Qy<\/a><\/p>&mdash; Arj\u00e9 Noticias (@ArjeNoticias) <a href=\"https:\/\/twitter.com\/ArjeNoticias\/status\/2034393904066527541?ref_src=twsrc%5Etfw\">March 18, 2026<\/a><\/blockquote><script async src=\"https:\/\/platform.twitter.com\/widgets.js\" charset=\"utf-8\"><\/script>\n<\/div><\/figure>\n","protected":false},"excerpt":{"rendered":"<p>Un hombre muri\u00f3 tras ser abatido por elementos de la polic\u00eda municipal de Guadalupe, en&#8230;<\/p>\n","protected":false},"author":66,"featured_media":11643,"comment_status":"closed","ping_status":"closed","sticky":false,"template":"","format":"standard","meta":{"footnotes":""},"categories":[4,7],"tags":[95,1118],"class_list":["post-11642","post","type-post","status-publish","format-standard","has-post-thumbnail","hentry","category-ciudad","category-lo-mas-relevante","tag-abaten-a-hombre-con-machete-y-bebe","tag-guadalupe"],"yoast_head":"<!-- This site is optimized with the Yoast SEO plugin v28.4 - https:\/\/yoast.com\/product\/yoast-seo-wordpress\/ -->\n<title>Polic\u00edas de Guadalupe abaten a hombre armado con machete y ni\u00f1o cargado -<\/title>\n<meta name=\"description\" content=\"En arjenoticias te informamos: Un hombre con machete y beb\u00e9 en mano fue abatido por polic\u00edas del municipio de Guadalupe.\" \/>\n<meta name=\"robots\" content=\"index, follow, max-snippet:-1, max-image-preview:large, max-video-preview:-1\" \/>\n<link rel=\"canonical\" href=\"https:\/\/arjenoticias.com.mx\/?p=11642\" \/>\n<meta property=\"og:locale\" content=\"es_MX\" \/>\n<meta property=\"og:type\" content=\"article\" \/>\n<meta property=\"og:title\" content=\"Polic\u00edas de Guadalupe abaten a hombre armado con machete y ni\u00f1o cargado -\" \/>\n<meta property=\"og:description\" content=\"En arjenoticias te informamos: Un hombre con machete y beb\u00e9 en mano fue abatido por polic\u00edas del municipio de Guadalupe.\" \/>\n<meta property=\"og:url\" content=\"https:\/\/arjenoticias.com.mx\/?p=11642\" \/>\n<meta property=\"article:published_time\" content=\"2026-03-18T22:23:55+00:00\" \/>\n<meta property=\"og:image\" content=\"https:\/\/arjenoticias.com.mx\/wp-content\/uploads\/2026\/03\/abaten.png\" \/>\n\t<meta property=\"og:image:width\" content=\"219\" \/>\n\t<meta property=\"og:image:height\" content=\"301\" \/>\n\t<meta property=\"og:image:type\" content=\"image\/png\" \/>\n<meta name=\"author\" content=\"Arj\u00e9 Noticias\" \/>\n<meta name=\"twitter:card\" content=\"summary_large_image\" \/>\n<meta name=\"twitter:label1\" content=\"Escrito por\" \/>\n\t<meta name=\"twitter:data1\" content=\"Arj\u00e9 Noticias\" \/>\n\t<meta name=\"twitter:label2\" content=\"Tiempo de lectura\" \/>\n\t<meta name=\"twitter:data2\" content=\"2 minutos\" \/>\n<script type=\"application\/ld+json\" class=\"yoast-schema-graph\">{\"@context\":\"https:\\\/\\\/schema.org\",\"@graph\":[{\"@type\":\"Article\",\"@id\":\"https:\\\/\\\/arjenoticias.com.mx\\\/?p=11642#article\",\"isPartOf\":{\"@id\":\"https:\\\/\\\/arjenoticias.com.mx\\\/?p=11642\"},\"author\":{\"name\":\"Arj\u00e9 Noticias\",\"@id\":\"https:\\\/\\\/arjenoticias.com.mx\\\/#\\\/schema\\\/person\\\/83f9fb68162b16794b69a8186dd31bc0\"},\"headline\":\"Polic\u00edas de Guadalupe abaten a hombre armado con machete y ni\u00f1o cargado\",\"datePublished\":\"2026-03-18T22:23:55+00:00\",\"mainEntityOfPage\":{\"@id\":\"https:\\\/\\\/arjenoticias.com.mx\\\/?p=11642\"},\"wordCount\":303,\"publisher\":{\"@id\":\"https:\\\/\\\/arjenoticias.com.mx\\\/#organization\"},\"image\":{\"@id\":\"https:\\\/\\\/arjenoticias.com.mx\\\/?p=11642#primaryimage\"},\"thumbnailUrl\":\"https:\\\/\\\/arjenoticias.com.mx\\\/wp-content\\\/uploads\\\/2026\\\/03\\\/abaten.png\",\"keywords\":[\"Abaten a hombre con machete y beb\u00e9\",\"Guadalupe\"],\"articleSection\":[\"Ciudad\",\"Lo m\u00e1s relevante\"],\"inLanguage\":\"es\"},{\"@type\":\"WebPage\",\"@id\":\"https:\\\/\\\/arjenoticias.com.mx\\\/?p=11642\",\"url\":\"https:\\\/\\\/arjenoticias.com.mx\\\/?p=11642\",\"name\":\"Polic\u00edas de Guadalupe abaten a hombre armado con machete y ni\u00f1o cargado -\",\"isPartOf\":{\"@id\":\"https:\\\/\\\/arjenoticias.com.mx\\\/#website\"},\"primaryImageOfPage\":{\"@id\":\"https:\\\/\\\/arjenoticias.com.mx\\\/?p=11642#primaryimage\"},\"image\":{\"@id\":\"https:\\\/\\\/arjenoticias.com.mx\\\/?p=11642#primaryimage\"},\"thumbnailUrl\":\"https:\\\/\\\/arjenoticias.com.mx\\\/wp-content\\\/uploads\\\/2026\\\/03\\\/abaten.png\",\"datePublished\":\"2026-03-18T22:23:55+00:00\",\"description\":\"En arjenoticias te informamos: Un hombre con machete y beb\u00e9 en mano fue abatido por polic\u00edas del municipio de Guadalupe.\",\"breadcrumb\":{\"@id\":\"https:\\\/\\\/arjenoticias.com.mx\\\/?p=11642#breadcrumb\"},\"inLanguage\":\"es\",\"potentialAction\":[{\"@type\":\"ReadAction\",\"target\":[\"https:\\\/\\\/arjenoticias.com.mx\\\/?p=11642\"]}]},{\"@type\":\"ImageObject\",\"inLanguage\":\"es\",\"@id\":\"https:\\\/\\\/arjenoticias.com.mx\\\/?p=11642#primaryimage\",\"url\":\"https:\\\/\\\/arjenoticias.com.mx\\\/wp-content\\\/uploads\\\/2026\\\/03\\\/abaten.png\",\"contentUrl\":\"https:\\\/\\\/arjenoticias.com.mx\\\/wp-content\\\/uploads\\\/2026\\\/03\\\/abaten.png\",\"width\":219,\"height\":301,\"caption\":\"Abaten a hombre con machete que cargaba un ni\u00f1o.\"},{\"@type\":\"BreadcrumbList\",\"@id\":\"https:\\\/\\\/arjenoticias.com.mx\\\/?p=11642#breadcrumb\",\"itemListElement\":[{\"@type\":\"ListItem\",\"position\":1,\"name\":\"Inicio\",\"item\":\"https:\\\/\\\/arjenoticias.com.mx\\\/\"},{\"@type\":\"ListItem\",\"position\":2,\"name\":\"Polic\u00edas de Guadalupe abaten a hombre armado con machete y ni\u00f1o cargado\"}]},{\"@type\":\"WebSite\",\"@id\":\"https:\\\/\\\/arjenoticias.com.mx\\\/#website\",\"url\":\"https:\\\/\\\/arjenoticias.com.mx\\\/\",\"name\":\"arjenoticias.com.mx\",\"description\":\"\",\"publisher\":{\"@id\":\"https:\\\/\\\/arjenoticias.com.mx\\\/#organization\"},\"potentialAction\":[{\"@type\":\"SearchAction\",\"target\":{\"@type\":\"EntryPoint\",\"urlTemplate\":\"https:\\\/\\\/arjenoticias.com.mx\\\/?s={search_term_string}\"},\"query-input\":{\"@type\":\"PropertyValueSpecification\",\"valueRequired\":true,\"valueName\":\"search_term_string\"}}],\"inLanguage\":\"es\"},{\"@type\":\"Organization\",\"@id\":\"https:\\\/\\\/arjenoticias.com.mx\\\/#organization\",\"name\":\"Arj\u00e9 de M\u00e9xico Noticias\",\"url\":\"https:\\\/\\\/arjenoticias.com.mx\\\/\",\"logo\":{\"@type\":\"ImageObject\",\"inLanguage\":\"es\",\"@id\":\"https:\\\/\\\/arjenoticias.com.mx\\\/#\\\/schema\\\/logo\\\/image\\\/\",\"url\":\"https:\\\/\\\/arjenoticias.com.mx\\\/wp-content\\\/uploads\\\/2025\\\/07\\\/cropped-logo-scaled-1.png\",\"contentUrl\":\"https:\\\/\\\/arjenoticias.com.mx\\\/wp-content\\\/uploads\\\/2025\\\/07\\\/cropped-logo-scaled-1.png\",\"width\":2558,\"height\":558,\"caption\":\"Arj\u00e9 de M\u00e9xico Noticias\"},\"image\":{\"@id\":\"https:\\\/\\\/arjenoticias.com.mx\\\/#\\\/schema\\\/logo\\\/image\\\/\"}},{\"@type\":\"Person\",\"@id\":\"https:\\\/\\\/arjenoticias.com.mx\\\/#\\\/schema\\\/person\\\/83f9fb68162b16794b69a8186dd31bc0\",\"name\":\"Arj\u00e9 Noticias\",\"image\":{\"@type\":\"ImageObject\",\"inLanguage\":\"es\",\"@id\":\"https:\\\/\\\/secure.gravatar.com\\\/avatar\\\/f604b88a0e24c04f3f89fae6b5400bfd6093d0999292a64803d3651d9d4a35a5?s=96&d=mm&r=g\",\"url\":\"https:\\\/\\\/secure.gravatar.com\\\/avatar\\\/f604b88a0e24c04f3f89fae6b5400bfd6093d0999292a64803d3651d9d4a35a5?s=96&d=mm&r=g\",\"contentUrl\":\"https:\\\/\\\/secure.gravatar.com\\\/avatar\\\/f604b88a0e24c04f3f89fae6b5400bfd6093d0999292a64803d3651d9d4a35a5?s=96&d=mm&r=g\",\"caption\":\"Arj\u00e9 Noticias\"},\"url\":\"https:\\\/\\\/arjenoticias.com.mx\\\/?author=66\"}]}<\/script>\n<!-- \/ Yoast SEO plugin. -->","yoast_head_json":{"title":"Polic\u00edas de Guadalupe abaten a hombre armado con machete y ni\u00f1o cargado -","description":"En arjenoticias te informamos: Un hombre con machete y beb\u00e9 en mano fue abatido por polic\u00edas del municipio de Guadalupe.","robots":{"index":"index","follow":"follow","max-snippet":"max-snippet:-1","max-image-preview":"max-image-preview:large","max-video-preview":"max-video-preview:-1"},"canonical":"https:\/\/arjenoticias.com.mx\/?p=11642","og_locale":"es_MX","og_type":"article","og_title":"Polic\u00edas de Guadalupe abaten a hombre armado con machete y ni\u00f1o cargado -","og_description":"En arjenoticias te informamos: Un hombre con machete y beb\u00e9 en mano fue abatido por polic\u00edas del municipio de Guadalupe.","og_url":"https:\/\/arjenoticias.com.mx\/?p=11642","article_published_time":"2026-03-18T22:23:55+00:00","og_image":[{"width":219,"height":301,"url":"https:\/\/arjenoticias.com.mx\/wp-content\/uploads\/2026\/03\/abaten.png","type":"image\/png"}],"author":"Arj\u00e9 Noticias","twitter_card":"summary_large_image","twitter_misc":{"Escrito por":"Arj\u00e9 Noticias","Tiempo de lectura":"2 minutos"},"schema":{"@context":"https:\/\/schema.org","@graph":[{"@type":"Article","@id":"https:\/\/arjenoticias.com.mx\/?p=11642#article","isPartOf":{"@id":"https:\/\/arjenoticias.com.mx\/?p=11642"},"author":{"name":"Arj\u00e9 Noticias","@id":"https:\/\/arjenoticias.com.mx\/#\/schema\/person\/83f9fb68162b16794b69a8186dd31bc0"},"headline":"Polic\u00edas de Guadalupe abaten a hombre armado con machete y ni\u00f1o cargado","datePublished":"2026-03-18T22:23:55+00:00","mainEntityOfPage":{"@id":"https:\/\/arjenoticias.com.mx\/?p=11642"},"wordCount":303,"publisher":{"@id":"https:\/\/arjenoticias.com.mx\/#organization"},"image":{"@id":"https:\/\/arjenoticias.com.mx\/?p=11642#primaryimage"},"thumbnailUrl":"https:\/\/arjenoticias.com.mx\/wp-content\/uploads\/2026\/03\/abaten.png","keywords":["Abaten a hombre con machete y beb\u00e9","Guadalupe"],"articleSection":["Ciudad","Lo m\u00e1s relevante"],"inLanguage":"es"},{"@type":"WebPage","@id":"https:\/\/arjenoticias.com.mx\/?p=11642","url":"https:\/\/arjenoticias.com.mx\/?p=11642","name":"Polic\u00edas de Guadalupe abaten a hombre armado con machete y ni\u00f1o cargado -","isPartOf":{"@id":"https:\/\/arjenoticias.com.mx\/#website"},"primaryImageOfPage":{"@id":"https:\/\/arjenoticias.com.mx\/?p=11642#primaryimage"},"image":{"@id":"https:\/\/arjenoticias.com.mx\/?p=11642#primaryimage"},"thumbnailUrl":"https:\/\/arjenoticias.com.mx\/wp-content\/uploads\/2026\/03\/abaten.png","datePublished":"2026-03-18T22:23:55+00:00","description":"En arjenoticias te informamos: Un hombre con machete y beb\u00e9 en mano fue abatido por polic\u00edas del municipio de Guadalupe.","breadcrumb":{"@id":"https:\/\/arjenoticias.com.mx\/?p=11642#breadcrumb"},"inLanguage":"es","potentialAction":[{"@type":"ReadAction","target":["https:\/\/arjenoticias.com.mx\/?p=11642"]}]},{"@type":"ImageObject","inLanguage":"es","@id":"https:\/\/arjenoticias.com.mx\/?p=11642#primaryimage","url":"https:\/\/arjenoticias.com.mx\/wp-content\/uploads\/2026\/03\/abaten.png","contentUrl":"https:\/\/arjenoticias.com.mx\/wp-content\/uploads\/2026\/03\/abaten.png","width":219,"height":301,"caption":"Abaten a hombre con machete que cargaba un ni\u00f1o."},{"@type":"BreadcrumbList","@id":"https:\/\/arjenoticias.com.mx\/?p=11642#breadcrumb","itemListElement":[{"@type":"ListItem","position":1,"name":"Inicio","item":"https:\/\/arjenoticias.com.mx\/"},{"@type":"ListItem","position":2,"name":"Polic\u00edas de Guadalupe abaten a hombre armado con machete y ni\u00f1o cargado"}]},{"@type":"WebSite","@id":"https:\/\/arjenoticias.com.mx\/#website","url":"https:\/\/arjenoticias.com.mx\/","name":"arjenoticias.com.mx","description":"","publisher":{"@id":"https:\/\/arjenoticias.com.mx\/#organization"},"potentialAction":[{"@type":"SearchAction","target":{"@type":"EntryPoint","urlTemplate":"https:\/\/arjenoticias.com.mx\/?s={search_term_string}"},"query-input":{"@type":"PropertyValueSpecification","valueRequired":true,"valueName":"search_term_string"}}],"inLanguage":"es"},{"@type":"Organization","@id":"https:\/\/arjenoticias.com.mx\/#organization","name":"Arj\u00e9 de M\u00e9xico Noticias","url":"https:\/\/arjenoticias.com.mx\/","logo":{"@type":"ImageObject","inLanguage":"es","@id":"https:\/\/arjenoticias.com.mx\/#\/schema\/logo\/image\/","url":"https:\/\/arjenoticias.com.mx\/wp-content\/uploads\/2025\/07\/cropped-logo-scaled-1.png","contentUrl":"https:\/\/arjenoticias.com.mx\/wp-content\/uploads\/2025\/07\/cropped-logo-scaled-1.png","width":2558,"height":558,"caption":"Arj\u00e9 de M\u00e9xico Noticias"},"image":{"@id":"https:\/\/arjenoticias.com.mx\/#\/schema\/logo\/image\/"}},{"@type":"Person","@id":"https:\/\/arjenoticias.com.mx\/#\/schema\/person\/83f9fb68162b16794b69a8186dd31bc0","name":"Arj\u00e9 Noticias","image":{"@type":"ImageObject","inLanguage":"es","@id":"https:\/\/secure.gravatar.com\/avatar\/f604b88a0e24c04f3f89fae6b5400bfd6093d0999292a64803d3651d9d4a35a5?s=96&d=mm&r=g","url":"https:\/\/secure.gravatar.com\/avatar\/f604b88a0e24c04f3f89fae6b5400bfd6093d0999292a64803d3651d9d4a35a5?s=96&d=mm&r=g","contentUrl":"https:\/\/secure.gravatar.com\/avatar\/f604b88a0e24c04f3f89fae6b5400bfd6093d0999292a64803d3651d9d4a35a5?s=96&d=mm&r=g","caption":"Arj\u00e9 Noticias"},"url":"https:\/\/arjenoticias.com.mx\/?author=66"}]}},"_links":{"self":[{"href":"https:\/\/arjenoticias.com.mx\/index.php?rest_route=\/wp\/v2\/posts\/11642","targetHints":{"allow":["GET"]}}],"collection":[{"href":"https:\/\/arjenoticias.com.mx\/index.php?rest_route=\/wp\/v2\/posts"}],"about":[{"href":"https:\/\/arjenoticias.com.mx\/index.php?rest_route=\/wp\/v2\/types\/post"}],"author":[{"embeddable":true,"href":"https:\/\/arjenoticias.com.mx\/index.php?rest_route=\/wp\/v2\/users\/66"}],"replies":[{"embeddable":true,"href":"https:\/\/arjenoticias.com.mx\/index.php?rest_route=%2Fwp%2Fv2%2Fcomments&post=11642"}],"version-history":[{"count":0,"href":"https:\/\/arjenoticias.com.mx\/index.php?rest_route=\/wp\/v2\/posts\/11642\/revisions"}],"wp:featuredmedia":[{"embeddable":true,"href":"https:\/\/arjenoticias.com.mx\/index.php?rest_route=\/wp\/v2\/media\/11643"}],"wp:attachment":[{"href":"https:\/\/arjenoticias.com.mx\/index.php?rest_route=%2Fwp%2Fv2%2Fmedia&parent=11642"}],"wp:term":[{"taxonomy":"category","embeddable":true,"href":"https:\/\/arjenoticias.com.mx\/index.php?rest_route=%2Fwp%2Fv2%2Fcategories&post=11642"},{"taxonomy":"post_tag","embeddable":true,"href":"https:\/\/arjenoticias.com.mx\/index.php?rest_route=%2Fwp%2Fv2%2Ftags&post=11642"}],"curies":[{"name":"wp","href":"https:\/\/api.w.org\/{rel}","templated":true}]}}