{"id":11639,"date":"2026-03-18T15:59:47","date_gmt":"2026-03-18T21:59:47","guid":{"rendered":"https:\/\/arjenoticias.com\/?p=11639"},"modified":"2026-03-18T15:59:47","modified_gmt":"2026-03-18T21:59:47","slug":"arranca-san-pedro-construccion-de-distribuidor-vial","status":"publish","type":"post","link":"https:\/\/arjenoticias.com.mx\/?p=11639","title":{"rendered":"Arranca San Pedro construcci\u00f3n de distribuidor vial"},"content":{"rendered":"\n<p class=\"wp-block-paragraph\">El Municipio de San Pedro Garza Garc\u00eda en Nuevo Le\u00f3n, dio el banderazo de arranque a la construcci\u00f3n de la segunda etapa del distribuidor vial en G\u00f3mez Mor\u00edn, en su cruce con Calzada del Valle y Avenida Vasconcelos, una obra clave para mejorar la movilidad en uno de los puntos m\u00e1s transitados de la ciudad.<\/p>\n\n\n\n<p class=\"wp-block-paragraph\">El Alcalde Mauricio Farah puso en marcha esta fase del proyecto orientado a resolver de fondo la circulaci\u00f3n vial en la zona.<\/p>\n\n\n\n<p class=\"wp-block-paragraph\">Tras la primera etapa, que incluy\u00f3 la reubicaci\u00f3n del monumento de Los Tubos, inicia ahora la fase estructural del proyecto, considerada el n\u00facleo de la intervenci\u00f3n de ingenier\u00eda para corregir el flujo vehicular y modernizar el entorno urbano.<\/p>\n\n\n\n<figure class=\"wp-block-image\"><img decoding=\"async\" src=\"https:\/\/blog.sanpedro.gob.mx\/wp-content\/uploads\/2026\/03\/blog-4496-b6ad-1024x683.jpeg\" alt=\"\" class=\"wp-image-4499\"\/><\/figure>\n\n\n\n<p class=\"wp-block-paragraph\">Con esta obra, se alinear\u00e1 la vialidad y se incrementar\u00e1 la capacidad de las tres avenidas, lo que permitir\u00e1 una circulaci\u00f3n m\u00e1s ordenada, \u00e1gil y segura.<\/p>\n\n\n\n<p class=\"wp-block-paragraph\">\u201cPara nosotros es muy importante el arranque de esta segunda etapa de esta macroobra, que si bien recordar\u00e1n, hace much\u00edsimos a\u00f1os esto era una rotonda, que funcionaba muy bien para aquellas \u00e9pocas, pero, bueno, ya en estos tiempos no ha sido suficiente\u201d, dijo el Alcalde.<\/p>\n\n\n\n<p class=\"wp-block-paragraph\">\u201cEn segunda etapa, que vamos a enderezar G\u00f3mez Mor\u00edn, esto es lo que pr\u00e1cticamente esta segunda etapa va a hacer, viene a solucionar un gran problema vial, donde va a alivianar y aliviar much\u00edsimo lo que es Calzada del Valle, G\u00f3mez Mor\u00edn y Vasconcelos\u201d.<\/p>\n\n\n\n<p class=\"wp-block-paragraph\">En esta fase el Municipio de San Pedro invertir\u00e1 351 millones de pesos, explic\u00f3 la Secretaria de Infraestructura y Obras P\u00fablicas, \u00c1ngeles Galvan.<\/p>\n\n\n\n<p class=\"wp-block-paragraph\">En el arranque de la obra no se contemplan cierres ni afectaciones a la circulaci\u00f3n.<\/p>\n\n\n\n<p class=\"wp-block-paragraph\">Con este proyecto, el Municipio de San Pedro busca reducir tiempos de traslado, descongestionar la zona y ofrecer una movilidad m\u00e1s eficiente tanto para conductores como para peatones.<\/p>\n\n\n\n<p class=\"wp-block-paragraph\">\u201cA trav\u00e9s de esta iniciativa buscamos no solo mejorar la calidad de vida de nuestros habitantes, sino tambi\u00e9n fomentar un desarrollo urbano sostenible que corresponda a las necesidades actuales y futuras de nuestra comunidad\u201d, dijo Luis Susarrey, Secretario General de San Pedro.<\/p>\n\n\n\n<figure class=\"wp-block-image\"><img decoding=\"async\" src=\"https:\/\/blog.sanpedro.gob.mx\/wp-content\/uploads\/2026\/03\/blog-4496-bdb6-1024x683.jpeg\" alt=\"\" class=\"wp-image-4497\"\/><\/figure>\n","protected":false},"excerpt":{"rendered":"<p>El Municipio de San Pedro Garza Garc\u00eda en Nuevo Le\u00f3n, dio el banderazo de arranque&#8230;<\/p>\n","protected":false},"author":66,"featured_media":11640,"comment_status":"closed","ping_status":"closed","sticky":false,"template":"","format":"standard","meta":{"footnotes":""},"categories":[4],"tags":[1944,2379],"class_list":["post-11639","post","type-post","status-publish","format-standard","has-post-thumbnail","hentry","category-ciudad","tag-nuevo-leon","tag-san-pedro-garza-garcia"],"yoast_head":"<!-- This site is optimized with the Yoast SEO plugin v28.4 - https:\/\/yoast.com\/product\/yoast-seo-wordpress\/ -->\n<title>Arranca San Pedro construcci\u00f3n de distribuidor vial -<\/title>\n<meta name=\"description\" content=\"En arjenoticias te informamos: Un distribuidor vial est\u00e1 siendo construido en el municipio de San Pedro Garza Garc\u00eda en NL.\" \/>\n<meta name=\"robots\" content=\"index, follow, max-snippet:-1, max-image-preview:large, max-video-preview:-1\" \/>\n<link rel=\"canonical\" href=\"https:\/\/arjenoticias.com.mx\/?p=11639\" \/>\n<meta property=\"og:locale\" content=\"es_MX\" \/>\n<meta property=\"og:type\" content=\"article\" \/>\n<meta property=\"og:title\" content=\"Arranca San Pedro construcci\u00f3n de distribuidor vial -\" \/>\n<meta property=\"og:description\" content=\"En arjenoticias te informamos: Un distribuidor vial est\u00e1 siendo construido en el municipio de San Pedro Garza Garc\u00eda en NL.\" \/>\n<meta property=\"og:url\" content=\"https:\/\/arjenoticias.com.mx\/?p=11639\" \/>\n<meta property=\"article:published_time\" content=\"2026-03-18T21:59:47+00:00\" \/>\n<meta property=\"og:image\" content=\"https:\/\/arjenoticias.com.mx\/wp-content\/uploads\/2026\/03\/blog-4496-bdb6-1024x683-1.jpeg\" \/>\n\t<meta property=\"og:image:width\" content=\"1024\" \/>\n\t<meta property=\"og:image:height\" content=\"683\" \/>\n\t<meta property=\"og:image:type\" content=\"image\/jpeg\" \/>\n<meta name=\"author\" content=\"Arj\u00e9 Noticias\" \/>\n<meta name=\"twitter:card\" content=\"summary_large_image\" \/>\n<meta name=\"twitter:label1\" content=\"Escrito por\" \/>\n\t<meta name=\"twitter:data1\" content=\"Arj\u00e9 Noticias\" \/>\n\t<meta name=\"twitter:label2\" content=\"Tiempo de lectura\" \/>\n\t<meta name=\"twitter:data2\" content=\"3 minutos\" \/>\n<script type=\"application\/ld+json\" class=\"yoast-schema-graph\">{\"@context\":\"https:\\\/\\\/schema.org\",\"@graph\":[{\"@type\":\"Article\",\"@id\":\"https:\\\/\\\/arjenoticias.com.mx\\\/?p=11639#article\",\"isPartOf\":{\"@id\":\"https:\\\/\\\/arjenoticias.com.mx\\\/?p=11639\"},\"author\":{\"name\":\"Arj\u00e9 Noticias\",\"@id\":\"https:\\\/\\\/arjenoticias.com.mx\\\/#\\\/schema\\\/person\\\/83f9fb68162b16794b69a8186dd31bc0\"},\"headline\":\"Arranca San Pedro construcci\u00f3n de distribuidor vial\",\"datePublished\":\"2026-03-18T21:59:47+00:00\",\"mainEntityOfPage\":{\"@id\":\"https:\\\/\\\/arjenoticias.com.mx\\\/?p=11639\"},\"wordCount\":372,\"publisher\":{\"@id\":\"https:\\\/\\\/arjenoticias.com.mx\\\/#organization\"},\"image\":{\"@id\":\"https:\\\/\\\/arjenoticias.com.mx\\\/?p=11639#primaryimage\"},\"thumbnailUrl\":\"https:\\\/\\\/arjenoticias.com.mx\\\/wp-content\\\/uploads\\\/2026\\\/03\\\/blog-4496-bdb6-1024x683-1.jpeg\",\"keywords\":[\"Nuevo Le\u00f3n\",\"San Pedro Garza Garc\u00eda\"],\"articleSection\":[\"Ciudad\"],\"inLanguage\":\"es\"},{\"@type\":\"WebPage\",\"@id\":\"https:\\\/\\\/arjenoticias.com.mx\\\/?p=11639\",\"url\":\"https:\\\/\\\/arjenoticias.com.mx\\\/?p=11639\",\"name\":\"Arranca San Pedro construcci\u00f3n de distribuidor vial -\",\"isPartOf\":{\"@id\":\"https:\\\/\\\/arjenoticias.com.mx\\\/#website\"},\"primaryImageOfPage\":{\"@id\":\"https:\\\/\\\/arjenoticias.com.mx\\\/?p=11639#primaryimage\"},\"image\":{\"@id\":\"https:\\\/\\\/arjenoticias.com.mx\\\/?p=11639#primaryimage\"},\"thumbnailUrl\":\"https:\\\/\\\/arjenoticias.com.mx\\\/wp-content\\\/uploads\\\/2026\\\/03\\\/blog-4496-bdb6-1024x683-1.jpeg\",\"datePublished\":\"2026-03-18T21:59:47+00:00\",\"description\":\"En arjenoticias te informamos: Un distribuidor vial est\u00e1 siendo construido en el municipio de San Pedro Garza Garc\u00eda en NL.\",\"breadcrumb\":{\"@id\":\"https:\\\/\\\/arjenoticias.com.mx\\\/?p=11639#breadcrumb\"},\"inLanguage\":\"es\",\"potentialAction\":[{\"@type\":\"ReadAction\",\"target\":[\"https:\\\/\\\/arjenoticias.com.mx\\\/?p=11639\"]}]},{\"@type\":\"ImageObject\",\"inLanguage\":\"es\",\"@id\":\"https:\\\/\\\/arjenoticias.com.mx\\\/?p=11639#primaryimage\",\"url\":\"https:\\\/\\\/arjenoticias.com.mx\\\/wp-content\\\/uploads\\\/2026\\\/03\\\/blog-4496-bdb6-1024x683-1.jpeg\",\"contentUrl\":\"https:\\\/\\\/arjenoticias.com.mx\\\/wp-content\\\/uploads\\\/2026\\\/03\\\/blog-4496-bdb6-1024x683-1.jpeg\",\"width\":1024,\"height\":683,\"caption\":\"Arranca Municipio de San Pedro construcci\u00f3n de distribuidor vial\"},{\"@type\":\"BreadcrumbList\",\"@id\":\"https:\\\/\\\/arjenoticias.com.mx\\\/?p=11639#breadcrumb\",\"itemListElement\":[{\"@type\":\"ListItem\",\"position\":1,\"name\":\"Inicio\",\"item\":\"https:\\\/\\\/arjenoticias.com.mx\\\/\"},{\"@type\":\"ListItem\",\"position\":2,\"name\":\"Arranca San Pedro construcci\u00f3n de distribuidor vial\"}]},{\"@type\":\"WebSite\",\"@id\":\"https:\\\/\\\/arjenoticias.com.mx\\\/#website\",\"url\":\"https:\\\/\\\/arjenoticias.com.mx\\\/\",\"name\":\"arjenoticias.com.mx\",\"description\":\"\",\"publisher\":{\"@id\":\"https:\\\/\\\/arjenoticias.com.mx\\\/#organization\"},\"potentialAction\":[{\"@type\":\"SearchAction\",\"target\":{\"@type\":\"EntryPoint\",\"urlTemplate\":\"https:\\\/\\\/arjenoticias.com.mx\\\/?s={search_term_string}\"},\"query-input\":{\"@type\":\"PropertyValueSpecification\",\"valueRequired\":true,\"valueName\":\"search_term_string\"}}],\"inLanguage\":\"es\"},{\"@type\":\"Organization\",\"@id\":\"https:\\\/\\\/arjenoticias.com.mx\\\/#organization\",\"name\":\"Arj\u00e9 de M\u00e9xico Noticias\",\"url\":\"https:\\\/\\\/arjenoticias.com.mx\\\/\",\"logo\":{\"@type\":\"ImageObject\",\"inLanguage\":\"es\",\"@id\":\"https:\\\/\\\/arjenoticias.com.mx\\\/#\\\/schema\\\/logo\\\/image\\\/\",\"url\":\"https:\\\/\\\/arjenoticias.com.mx\\\/wp-content\\\/uploads\\\/2025\\\/07\\\/cropped-logo-scaled-1.png\",\"contentUrl\":\"https:\\\/\\\/arjenoticias.com.mx\\\/wp-content\\\/uploads\\\/2025\\\/07\\\/cropped-logo-scaled-1.png\",\"width\":2558,\"height\":558,\"caption\":\"Arj\u00e9 de M\u00e9xico Noticias\"},\"image\":{\"@id\":\"https:\\\/\\\/arjenoticias.com.mx\\\/#\\\/schema\\\/logo\\\/image\\\/\"}},{\"@type\":\"Person\",\"@id\":\"https:\\\/\\\/arjenoticias.com.mx\\\/#\\\/schema\\\/person\\\/83f9fb68162b16794b69a8186dd31bc0\",\"name\":\"Arj\u00e9 Noticias\",\"image\":{\"@type\":\"ImageObject\",\"inLanguage\":\"es\",\"@id\":\"https:\\\/\\\/secure.gravatar.com\\\/avatar\\\/f604b88a0e24c04f3f89fae6b5400bfd6093d0999292a64803d3651d9d4a35a5?s=96&d=mm&r=g\",\"url\":\"https:\\\/\\\/secure.gravatar.com\\\/avatar\\\/f604b88a0e24c04f3f89fae6b5400bfd6093d0999292a64803d3651d9d4a35a5?s=96&d=mm&r=g\",\"contentUrl\":\"https:\\\/\\\/secure.gravatar.com\\\/avatar\\\/f604b88a0e24c04f3f89fae6b5400bfd6093d0999292a64803d3651d9d4a35a5?s=96&d=mm&r=g\",\"caption\":\"Arj\u00e9 Noticias\"},\"url\":\"https:\\\/\\\/arjenoticias.com.mx\\\/?author=66\"}]}<\/script>\n<!-- \/ Yoast SEO plugin. -->","yoast_head_json":{"title":"Arranca San Pedro construcci\u00f3n de distribuidor vial -","description":"En arjenoticias te informamos: Un distribuidor vial est\u00e1 siendo construido en el municipio de San Pedro Garza Garc\u00eda en NL.","robots":{"index":"index","follow":"follow","max-snippet":"max-snippet:-1","max-image-preview":"max-image-preview:large","max-video-preview":"max-video-preview:-1"},"canonical":"https:\/\/arjenoticias.com.mx\/?p=11639","og_locale":"es_MX","og_type":"article","og_title":"Arranca San Pedro construcci\u00f3n de distribuidor vial -","og_description":"En arjenoticias te informamos: Un distribuidor vial est\u00e1 siendo construido en el municipio de San Pedro Garza Garc\u00eda en NL.","og_url":"https:\/\/arjenoticias.com.mx\/?p=11639","article_published_time":"2026-03-18T21:59:47+00:00","og_image":[{"width":1024,"height":683,"url":"https:\/\/arjenoticias.com.mx\/wp-content\/uploads\/2026\/03\/blog-4496-bdb6-1024x683-1.jpeg","type":"image\/jpeg"}],"author":"Arj\u00e9 Noticias","twitter_card":"summary_large_image","twitter_misc":{"Escrito por":"Arj\u00e9 Noticias","Tiempo de lectura":"3 minutos"},"schema":{"@context":"https:\/\/schema.org","@graph":[{"@type":"Article","@id":"https:\/\/arjenoticias.com.mx\/?p=11639#article","isPartOf":{"@id":"https:\/\/arjenoticias.com.mx\/?p=11639"},"author":{"name":"Arj\u00e9 Noticias","@id":"https:\/\/arjenoticias.com.mx\/#\/schema\/person\/83f9fb68162b16794b69a8186dd31bc0"},"headline":"Arranca San Pedro construcci\u00f3n de distribuidor vial","datePublished":"2026-03-18T21:59:47+00:00","mainEntityOfPage":{"@id":"https:\/\/arjenoticias.com.mx\/?p=11639"},"wordCount":372,"publisher":{"@id":"https:\/\/arjenoticias.com.mx\/#organization"},"image":{"@id":"https:\/\/arjenoticias.com.mx\/?p=11639#primaryimage"},"thumbnailUrl":"https:\/\/arjenoticias.com.mx\/wp-content\/uploads\/2026\/03\/blog-4496-bdb6-1024x683-1.jpeg","keywords":["Nuevo Le\u00f3n","San Pedro Garza Garc\u00eda"],"articleSection":["Ciudad"],"inLanguage":"es"},{"@type":"WebPage","@id":"https:\/\/arjenoticias.com.mx\/?p=11639","url":"https:\/\/arjenoticias.com.mx\/?p=11639","name":"Arranca San Pedro construcci\u00f3n de distribuidor vial -","isPartOf":{"@id":"https:\/\/arjenoticias.com.mx\/#website"},"primaryImageOfPage":{"@id":"https:\/\/arjenoticias.com.mx\/?p=11639#primaryimage"},"image":{"@id":"https:\/\/arjenoticias.com.mx\/?p=11639#primaryimage"},"thumbnailUrl":"https:\/\/arjenoticias.com.mx\/wp-content\/uploads\/2026\/03\/blog-4496-bdb6-1024x683-1.jpeg","datePublished":"2026-03-18T21:59:47+00:00","description":"En arjenoticias te informamos: Un distribuidor vial est\u00e1 siendo construido en el municipio de San Pedro Garza Garc\u00eda en NL.","breadcrumb":{"@id":"https:\/\/arjenoticias.com.mx\/?p=11639#breadcrumb"},"inLanguage":"es","potentialAction":[{"@type":"ReadAction","target":["https:\/\/arjenoticias.com.mx\/?p=11639"]}]},{"@type":"ImageObject","inLanguage":"es","@id":"https:\/\/arjenoticias.com.mx\/?p=11639#primaryimage","url":"https:\/\/arjenoticias.com.mx\/wp-content\/uploads\/2026\/03\/blog-4496-bdb6-1024x683-1.jpeg","contentUrl":"https:\/\/arjenoticias.com.mx\/wp-content\/uploads\/2026\/03\/blog-4496-bdb6-1024x683-1.jpeg","width":1024,"height":683,"caption":"Arranca Municipio de San Pedro construcci\u00f3n de distribuidor vial"},{"@type":"BreadcrumbList","@id":"https:\/\/arjenoticias.com.mx\/?p=11639#breadcrumb","itemListElement":[{"@type":"ListItem","position":1,"name":"Inicio","item":"https:\/\/arjenoticias.com.mx\/"},{"@type":"ListItem","position":2,"name":"Arranca San Pedro construcci\u00f3n de distribuidor vial"}]},{"@type":"WebSite","@id":"https:\/\/arjenoticias.com.mx\/#website","url":"https:\/\/arjenoticias.com.mx\/","name":"arjenoticias.com.mx","description":"","publisher":{"@id":"https:\/\/arjenoticias.com.mx\/#organization"},"potentialAction":[{"@type":"SearchAction","target":{"@type":"EntryPoint","urlTemplate":"https:\/\/arjenoticias.com.mx\/?s={search_term_string}"},"query-input":{"@type":"PropertyValueSpecification","valueRequired":true,"valueName":"search_term_string"}}],"inLanguage":"es"},{"@type":"Organization","@id":"https:\/\/arjenoticias.com.mx\/#organization","name":"Arj\u00e9 de M\u00e9xico Noticias","url":"https:\/\/arjenoticias.com.mx\/","logo":{"@type":"ImageObject","inLanguage":"es","@id":"https:\/\/arjenoticias.com.mx\/#\/schema\/logo\/image\/","url":"https:\/\/arjenoticias.com.mx\/wp-content\/uploads\/2025\/07\/cropped-logo-scaled-1.png","contentUrl":"https:\/\/arjenoticias.com.mx\/wp-content\/uploads\/2025\/07\/cropped-logo-scaled-1.png","width":2558,"height":558,"caption":"Arj\u00e9 de M\u00e9xico Noticias"},"image":{"@id":"https:\/\/arjenoticias.com.mx\/#\/schema\/logo\/image\/"}},{"@type":"Person","@id":"https:\/\/arjenoticias.com.mx\/#\/schema\/person\/83f9fb68162b16794b69a8186dd31bc0","name":"Arj\u00e9 Noticias","image":{"@type":"ImageObject","inLanguage":"es","@id":"https:\/\/secure.gravatar.com\/avatar\/f604b88a0e24c04f3f89fae6b5400bfd6093d0999292a64803d3651d9d4a35a5?s=96&d=mm&r=g","url":"https:\/\/secure.gravatar.com\/avatar\/f604b88a0e24c04f3f89fae6b5400bfd6093d0999292a64803d3651d9d4a35a5?s=96&d=mm&r=g","contentUrl":"https:\/\/secure.gravatar.com\/avatar\/f604b88a0e24c04f3f89fae6b5400bfd6093d0999292a64803d3651d9d4a35a5?s=96&d=mm&r=g","caption":"Arj\u00e9 Noticias"},"url":"https:\/\/arjenoticias.com.mx\/?author=66"}]}},"_links":{"self":[{"href":"https:\/\/arjenoticias.com.mx\/index.php?rest_route=\/wp\/v2\/posts\/11639","targetHints":{"allow":["GET"]}}],"collection":[{"href":"https:\/\/arjenoticias.com.mx\/index.php?rest_route=\/wp\/v2\/posts"}],"about":[{"href":"https:\/\/arjenoticias.com.mx\/index.php?rest_route=\/wp\/v2\/types\/post"}],"author":[{"embeddable":true,"href":"https:\/\/arjenoticias.com.mx\/index.php?rest_route=\/wp\/v2\/users\/66"}],"replies":[{"embeddable":true,"href":"https:\/\/arjenoticias.com.mx\/index.php?rest_route=%2Fwp%2Fv2%2Fcomments&post=11639"}],"version-history":[{"count":0,"href":"https:\/\/arjenoticias.com.mx\/index.php?rest_route=\/wp\/v2\/posts\/11639\/revisions"}],"wp:featuredmedia":[{"embeddable":true,"href":"https:\/\/arjenoticias.com.mx\/index.php?rest_route=\/wp\/v2\/media\/11640"}],"wp:attachment":[{"href":"https:\/\/arjenoticias.com.mx\/index.php?rest_route=%2Fwp%2Fv2%2Fmedia&parent=11639"}],"wp:term":[{"taxonomy":"category","embeddable":true,"href":"https:\/\/arjenoticias.com.mx\/index.php?rest_route=%2Fwp%2Fv2%2Fcategories&post=11639"},{"taxonomy":"post_tag","embeddable":true,"href":"https:\/\/arjenoticias.com.mx\/index.php?rest_route=%2Fwp%2Fv2%2Ftags&post=11639"}],"curies":[{"name":"wp","href":"https:\/\/api.w.org\/{rel}","templated":true}]}}