{"id":11395,"date":"2026-03-12T11:19:38","date_gmt":"2026-03-12T17:19:38","guid":{"rendered":"https:\/\/arjenoticias.com\/?p=11395"},"modified":"2026-03-12T11:26:49","modified_gmt":"2026-03-12T17:26:49","slug":"precaucion-peligro-de-incendio","status":"publish","type":"post","link":"https:\/\/arjenoticias.com.mx\/opinion\/precaucion-peligro-de-incendio\/","title":{"rendered":"\u00a1Precauci\u00f3n Peligro de incendio!"},"content":{"rendered":"\n<p class=\"wp-block-paragraph\">Los d\u00edas donde se presentan los tres treintas, es decir 30 % de humedad, 30 kil\u00f3metros la velocidad del viento y 30 grados cent\u00edgrados en la temperatura esos factores incrementan la posibilidad de que ocurran siniestros con fuego, es por este motivo que las autoridades en medio ambiente para esta temporada decretaron y publicaron la veda de fuego, adem\u00e1s se realizan m\u00faltiples actividades de educaci\u00f3n ambiental y de advertencias usando al personaje de evita fuegos, tambi\u00e9n se promueve la capacitaci\u00f3n con los combatientes de fuego forestal, por cierto en caso de que veas un incendio forestal de\u00a0 inmediato reporta al WhatsApp 5646809745. <\/p>\n\n\n\n<p class=\"wp-block-paragraph\">El titular de la secretaria de medio ambiente de Nuevo Le\u00f3n Ra\u00fal Lozano Caballero, acudi\u00f3 a reunirse con la direcci\u00f3n operativa de Bomberos Nuevo Le\u00f3n en su estaci\u00f3n central, en dicha reuni\u00f3n recibi\u00f3 la informaci\u00f3n respecto de la capacidad de respuesta y el estado de fuerza operativo de la instituci\u00f3n a trav\u00e9s de todas sus estaciones abiertas, donde se recibi\u00f3 con benepl\u00e1cito la reapertura de la estaci\u00f3n de Salinas Victoria y con preocupaci\u00f3n respecto de otro municipio donde el alcalde es pichicato por decir lo menos en lo que se refiere a la aportaci\u00f3n para cubrir los gastos de la estaci\u00f3n que aun permanece abierta de las dos con que cuenta esa municipalidad, me voy a reservar el dato de que municipio es solo dar\u00e9 una pista que esta al poniente del \u00e1rea metropolitana, hace un a\u00f1o hubo tantos incendios que no se dieron abasto para lograr atender muchos y lamentablemente hasta que se consumi\u00f3 todo fue cuando se apagaron, fue rebasada la capacidad de respuesta operativa, en aquellos d\u00edas hasta en el propio alcalde a que me refiero andaba\u00a0 tratando de apagar los fuegos, pero poco le duro el entendimiento.<\/p>\n\n\n\n<p class=\"wp-block-paragraph\">Esa es una de las razones por las que la gente no lo quiere reelegir. A este respecto vale la pena que cuando veas esta columna y existan condiciones similares a las que describo al inicio, revises muy bien el \u00e1rea donde vives o el \u00e1rea de la empresa donde realizas tus actividades profesionales y con mayor inter\u00e9s deben estar todos aquellos que son due\u00f1os de alguna empresa, deben poner atenci\u00f3n en varias cosas para prevenir incendios, la principal es tener limpia el \u00e1rea al interior e inmediata en colindancias, algunas personas\u00a0 de empresa dejan que junto a sus bodegas o naves industriales se acumule desperdicio, basura o hierva de tal manera que alg\u00fan objeto de vidrio puede hacer el efecto lupa e iniciar un fuego en lugares donde no esta la gente y para cuando se percatan ese fuego ha crecido cuando no sea algo que ya se sale de control y supera la capacidad instalada de las brigadas de atenci\u00f3n de siniestros de las propias empresas requiriendo el apoyo de los cuerpos de auxilio ya sea municipal o del Patronato que tiene convenio con varios municipios del \u00e1rea metropolitana. <\/p>\n\n\n\n<p class=\"wp-block-paragraph\">Algunos otros piensan que sus productos no se da\u00f1an pero no revisan la actividad del vecino o las condiciones del sistema el\u00e9ctrico, o los sistemas de calentamiento ya sean calderas u otros de menor tama\u00f1o, los energ\u00e9ticos siempre deben estar revisados, las restricciones de no fumar y no tirar colillas encendidas deben ser respetadas con absoluto rigor, ni el mismo due\u00f1o puede darse esos privilegios que luego causan afectaciones muy serias. Si ves un fuego en \u00e1rea urbana reporta al 911 proporcionando la mayor cantidad de datos posibles para que se pueda enviar la unidad estrat\u00e9gicamente colocada para la mejor atenci\u00f3n, queremos que seas feliz y productivo y que nadie se vea afectado por fuegos ni en la ciudad y tampoco en el campo as\u00ed que mucho ojo y a cuidarnos todos.<\/p>\n","protected":false},"excerpt":{"rendered":"<p>Los d\u00edas donde se presentan los tres treintas, es decir 30 % de humedad, 30&#8230;<\/p>\n","protected":false},"author":56,"featured_media":11396,"comment_status":"closed","ping_status":"closed","sticky":false,"template":"","format":"standard","meta":{"footnotes":""},"categories":[59],"tags":[354,1630,121],"class_list":["post-11395","post","type-post","status-publish","format-standard","has-post-thumbnail","hentry","category-opinion","tag-bomberos","tag-incendios","tag-nuevo-leon"],"yoast_head":"<!-- This site is optimized with the Yoast SEO plugin v28.4 - https:\/\/yoast.com\/product\/yoast-seo-wordpress\/ -->\n<title>\u00a1Precauci\u00f3n Peligro de incendio! -<\/title>\n<meta name=\"description\" content=\"En arjenoticias.com Luis Gerardo nos habla de lo que tenemos que hacer para prevenir los incendios.\" \/>\n<meta name=\"robots\" content=\"index, follow, max-snippet:-1, max-image-preview:large, max-video-preview:-1\" \/>\n<link rel=\"canonical\" href=\"https:\/\/arjenoticias.com.mx\/opinion\/precaucion-peligro-de-incendio\/\" \/>\n<meta property=\"og:locale\" content=\"es_ES\" \/>\n<meta property=\"og:type\" content=\"article\" \/>\n<meta property=\"og:title\" content=\"\u00a1Precauci\u00f3n Peligro de incendio! -\" \/>\n<meta property=\"og:description\" content=\"En arjenoticias.com Luis Gerardo nos habla de lo que tenemos que hacer para prevenir los incendios.\" \/>\n<meta property=\"og:url\" content=\"https:\/\/arjenoticias.com.mx\/opinion\/precaucion-peligro-de-incendio\/\" \/>\n<meta property=\"article:publisher\" content=\"https:\/\/www.facebook.com\/ArjeNoticiasMX\" \/>\n<meta property=\"article:published_time\" content=\"2026-03-12T17:19:38+00:00\" \/>\n<meta property=\"article:modified_time\" content=\"2026-03-12T17:26:49+00:00\" \/>\n<meta property=\"og:image\" content=\"https:\/\/arjenoticias.com.mx\/wp-content\/uploads\/2026\/03\/Luis-Gerardo-Trevino.png\" \/>\n\t<meta property=\"og:image:width\" content=\"600\" \/>\n\t<meta property=\"og:image:height\" content=\"400\" \/>\n\t<meta property=\"og:image:type\" content=\"image\/png\" \/>\n<meta name=\"author\" content=\"Luis Gerardo Trevi\u00f1o\" \/>\n<meta name=\"twitter:card\" content=\"summary_large_image\" \/>\n<meta name=\"twitter:creator\" content=\"@ArjeNoticias\" \/>\n<meta name=\"twitter:site\" content=\"@ArjeNoticias\" \/>\n<meta name=\"twitter:label1\" content=\"Escrito por\" \/>\n\t<meta name=\"twitter:data1\" content=\"Luis Gerardo Trevi\u00f1o\" \/>\n\t<meta name=\"twitter:label2\" content=\"Tiempo de lectura\" \/>\n\t<meta name=\"twitter:data2\" content=\"4 minutos\" \/>\n<script type=\"application\/ld+json\" class=\"yoast-schema-graph\">{\"@context\":\"https:\\\/\\\/schema.org\",\"@graph\":[{\"@type\":\"Article\",\"@id\":\"https:\\\/\\\/arjenoticias.com.mx\\\/opinion\\\/precaucion-peligro-de-incendio\\\/#article\",\"isPartOf\":{\"@id\":\"https:\\\/\\\/arjenoticias.com.mx\\\/opinion\\\/precaucion-peligro-de-incendio\\\/\"},\"author\":{\"name\":\"Luis Gerardo Trevi\u00f1o\",\"@id\":\"https:\\\/\\\/arjenoticias.com.mx\\\/#\\\/schema\\\/person\\\/42c41cfc7ab806cd8ca1a09470e490cd\"},\"headline\":\"\u00a1Precauci\u00f3n Peligro de incendio!\",\"datePublished\":\"2026-03-12T17:19:38+00:00\",\"dateModified\":\"2026-03-12T17:26:49+00:00\",\"mainEntityOfPage\":{\"@id\":\"https:\\\/\\\/arjenoticias.com.mx\\\/opinion\\\/precaucion-peligro-de-incendio\\\/\"},\"wordCount\":651,\"publisher\":{\"@id\":\"https:\\\/\\\/arjenoticias.com.mx\\\/#organization\"},\"image\":{\"@id\":\"https:\\\/\\\/arjenoticias.com.mx\\\/opinion\\\/precaucion-peligro-de-incendio\\\/#primaryimage\"},\"thumbnailUrl\":\"https:\\\/\\\/arjenoticias.com.mx\\\/wp-content\\\/uploads\\\/2026\\\/03\\\/Luis-Gerardo-Trevino.png\",\"keywords\":[\"Bomberos\",\"Incendios\",\"Nuevo Le\u00f3n\"],\"articleSection\":[\"Opini\u00f3n\"],\"inLanguage\":\"es\"},{\"@type\":\"WebPage\",\"@id\":\"https:\\\/\\\/arjenoticias.com.mx\\\/opinion\\\/precaucion-peligro-de-incendio\\\/\",\"url\":\"https:\\\/\\\/arjenoticias.com.mx\\\/opinion\\\/precaucion-peligro-de-incendio\\\/\",\"name\":\"\u00a1Precauci\u00f3n Peligro de incendio! -\",\"isPartOf\":{\"@id\":\"https:\\\/\\\/arjenoticias.com.mx\\\/#website\"},\"primaryImageOfPage\":{\"@id\":\"https:\\\/\\\/arjenoticias.com.mx\\\/opinion\\\/precaucion-peligro-de-incendio\\\/#primaryimage\"},\"image\":{\"@id\":\"https:\\\/\\\/arjenoticias.com.mx\\\/opinion\\\/precaucion-peligro-de-incendio\\\/#primaryimage\"},\"thumbnailUrl\":\"https:\\\/\\\/arjenoticias.com.mx\\\/wp-content\\\/uploads\\\/2026\\\/03\\\/Luis-Gerardo-Trevino.png\",\"datePublished\":\"2026-03-12T17:19:38+00:00\",\"dateModified\":\"2026-03-12T17:26:49+00:00\",\"description\":\"En arjenoticias.com Luis Gerardo nos habla de lo que tenemos que hacer para prevenir los incendios.\",\"breadcrumb\":{\"@id\":\"https:\\\/\\\/arjenoticias.com.mx\\\/opinion\\\/precaucion-peligro-de-incendio\\\/#breadcrumb\"},\"inLanguage\":\"es\",\"potentialAction\":[{\"@type\":\"ReadAction\",\"target\":[\"https:\\\/\\\/arjenoticias.com.mx\\\/opinion\\\/precaucion-peligro-de-incendio\\\/\"]}]},{\"@type\":\"ImageObject\",\"inLanguage\":\"es\",\"@id\":\"https:\\\/\\\/arjenoticias.com.mx\\\/opinion\\\/precaucion-peligro-de-incendio\\\/#primaryimage\",\"url\":\"https:\\\/\\\/arjenoticias.com.mx\\\/wp-content\\\/uploads\\\/2026\\\/03\\\/Luis-Gerardo-Trevino.png\",\"contentUrl\":\"https:\\\/\\\/arjenoticias.com.mx\\\/wp-content\\\/uploads\\\/2026\\\/03\\\/Luis-Gerardo-Trevino.png\",\"width\":600,\"height\":400,\"caption\":\"Es temporada de incendios.\"},{\"@type\":\"BreadcrumbList\",\"@id\":\"https:\\\/\\\/arjenoticias.com.mx\\\/opinion\\\/precaucion-peligro-de-incendio\\\/#breadcrumb\",\"itemListElement\":[{\"@type\":\"ListItem\",\"position\":1,\"name\":\"Portada\",\"item\":\"https:\\\/\\\/arjenoticias.com.mx\\\/\"},{\"@type\":\"ListItem\",\"position\":2,\"name\":\"\u00a1Precauci\u00f3n Peligro de incendio!\"}]},{\"@type\":\"WebSite\",\"@id\":\"https:\\\/\\\/arjenoticias.com.mx\\\/#website\",\"url\":\"https:\\\/\\\/arjenoticias.com.mx\\\/\",\"name\":\"Arj\u00e9 M\u00e9xico\",\"description\":\"\",\"publisher\":{\"@id\":\"https:\\\/\\\/arjenoticias.com.mx\\\/#organization\"},\"potentialAction\":[{\"@type\":\"SearchAction\",\"target\":{\"@type\":\"EntryPoint\",\"urlTemplate\":\"https:\\\/\\\/arjenoticias.com.mx\\\/?s={search_term_string}\"},\"query-input\":{\"@type\":\"PropertyValueSpecification\",\"valueRequired\":true,\"valueName\":\"search_term_string\"}}],\"inLanguage\":\"es\"},{\"@type\":\"Organization\",\"@id\":\"https:\\\/\\\/arjenoticias.com.mx\\\/#organization\",\"name\":\"Arj\u00e9 M\u00e9xico\",\"url\":\"https:\\\/\\\/arjenoticias.com.mx\\\/\",\"logo\":{\"@type\":\"ImageObject\",\"inLanguage\":\"es\",\"@id\":\"https:\\\/\\\/arjenoticias.com.mx\\\/#\\\/schema\\\/logo\\\/image\\\/\",\"url\":\"https:\\\/\\\/arjenoticias.com\\\/wp-content\\\/uploads\\\/2026\\\/04\\\/cropped-cropped-logo-inverted-1-scaled-1.png\",\"contentUrl\":\"https:\\\/\\\/arjenoticias.com\\\/wp-content\\\/uploads\\\/2026\\\/04\\\/cropped-cropped-logo-inverted-1-scaled-1.png\",\"width\":2556,\"height\":549,\"caption\":\"Arj\u00e9 M\u00e9xico\"},\"image\":{\"@id\":\"https:\\\/\\\/arjenoticias.com.mx\\\/#\\\/schema\\\/logo\\\/image\\\/\"},\"sameAs\":[\"https:\\\/\\\/www.facebook.com\\\/ArjeNoticiasMX\",\"https:\\\/\\\/x.com\\\/ArjeNoticias\"]},{\"@type\":\"Person\",\"@id\":\"https:\\\/\\\/arjenoticias.com.mx\\\/#\\\/schema\\\/person\\\/42c41cfc7ab806cd8ca1a09470e490cd\",\"name\":\"Luis Gerardo Trevi\u00f1o\",\"image\":{\"@type\":\"ImageObject\",\"inLanguage\":\"es\",\"@id\":\"https:\\\/\\\/arjenoticias.com\\\/wp-content\\\/uploads\\\/2026\\\/04\\\/LUIS-GERARDO-TREVINO-2-96x96.png\",\"url\":\"https:\\\/\\\/arjenoticias.com\\\/wp-content\\\/uploads\\\/2026\\\/04\\\/LUIS-GERARDO-TREVINO-2-96x96.png\",\"contentUrl\":\"https:\\\/\\\/arjenoticias.com\\\/wp-content\\\/uploads\\\/2026\\\/04\\\/LUIS-GERARDO-TREVINO-2-96x96.png\",\"caption\":\"Luis Gerardo Trevi\u00f1o\"},\"url\":\"https:\\\/\\\/arjenoticias.com.mx\\\/author\\\/luis-gerardo-trevino\\\/\"}]}<\/script>\n<!-- \/ Yoast SEO plugin. -->","yoast_head_json":{"title":"\u00a1Precauci\u00f3n Peligro de incendio! -","description":"En arjenoticias.com Luis Gerardo nos habla de lo que tenemos que hacer para prevenir los incendios.","robots":{"index":"index","follow":"follow","max-snippet":"max-snippet:-1","max-image-preview":"max-image-preview:large","max-video-preview":"max-video-preview:-1"},"canonical":"https:\/\/arjenoticias.com.mx\/opinion\/precaucion-peligro-de-incendio\/","og_locale":"es_ES","og_type":"article","og_title":"\u00a1Precauci\u00f3n Peligro de incendio! -","og_description":"En arjenoticias.com Luis Gerardo nos habla de lo que tenemos que hacer para prevenir los incendios.","og_url":"https:\/\/arjenoticias.com.mx\/opinion\/precaucion-peligro-de-incendio\/","article_publisher":"https:\/\/www.facebook.com\/ArjeNoticiasMX","article_published_time":"2026-03-12T17:19:38+00:00","article_modified_time":"2026-03-12T17:26:49+00:00","og_image":[{"width":600,"height":400,"url":"https:\/\/arjenoticias.com.mx\/wp-content\/uploads\/2026\/03\/Luis-Gerardo-Trevino.png","type":"image\/png"}],"author":"Luis Gerardo Trevi\u00f1o","twitter_card":"summary_large_image","twitter_creator":"@ArjeNoticias","twitter_site":"@ArjeNoticias","twitter_misc":{"Escrito por":"Luis Gerardo Trevi\u00f1o","Tiempo de lectura":"4 minutos"},"schema":{"@context":"https:\/\/schema.org","@graph":[{"@type":"Article","@id":"https:\/\/arjenoticias.com.mx\/opinion\/precaucion-peligro-de-incendio\/#article","isPartOf":{"@id":"https:\/\/arjenoticias.com.mx\/opinion\/precaucion-peligro-de-incendio\/"},"author":{"name":"Luis Gerardo Trevi\u00f1o","@id":"https:\/\/arjenoticias.com.mx\/#\/schema\/person\/42c41cfc7ab806cd8ca1a09470e490cd"},"headline":"\u00a1Precauci\u00f3n Peligro de incendio!","datePublished":"2026-03-12T17:19:38+00:00","dateModified":"2026-03-12T17:26:49+00:00","mainEntityOfPage":{"@id":"https:\/\/arjenoticias.com.mx\/opinion\/precaucion-peligro-de-incendio\/"},"wordCount":651,"publisher":{"@id":"https:\/\/arjenoticias.com.mx\/#organization"},"image":{"@id":"https:\/\/arjenoticias.com.mx\/opinion\/precaucion-peligro-de-incendio\/#primaryimage"},"thumbnailUrl":"https:\/\/arjenoticias.com.mx\/wp-content\/uploads\/2026\/03\/Luis-Gerardo-Trevino.png","keywords":["Bomberos","Incendios","Nuevo Le\u00f3n"],"articleSection":["Opini\u00f3n"],"inLanguage":"es"},{"@type":"WebPage","@id":"https:\/\/arjenoticias.com.mx\/opinion\/precaucion-peligro-de-incendio\/","url":"https:\/\/arjenoticias.com.mx\/opinion\/precaucion-peligro-de-incendio\/","name":"\u00a1Precauci\u00f3n Peligro de incendio! -","isPartOf":{"@id":"https:\/\/arjenoticias.com.mx\/#website"},"primaryImageOfPage":{"@id":"https:\/\/arjenoticias.com.mx\/opinion\/precaucion-peligro-de-incendio\/#primaryimage"},"image":{"@id":"https:\/\/arjenoticias.com.mx\/opinion\/precaucion-peligro-de-incendio\/#primaryimage"},"thumbnailUrl":"https:\/\/arjenoticias.com.mx\/wp-content\/uploads\/2026\/03\/Luis-Gerardo-Trevino.png","datePublished":"2026-03-12T17:19:38+00:00","dateModified":"2026-03-12T17:26:49+00:00","description":"En arjenoticias.com Luis Gerardo nos habla de lo que tenemos que hacer para prevenir los incendios.","breadcrumb":{"@id":"https:\/\/arjenoticias.com.mx\/opinion\/precaucion-peligro-de-incendio\/#breadcrumb"},"inLanguage":"es","potentialAction":[{"@type":"ReadAction","target":["https:\/\/arjenoticias.com.mx\/opinion\/precaucion-peligro-de-incendio\/"]}]},{"@type":"ImageObject","inLanguage":"es","@id":"https:\/\/arjenoticias.com.mx\/opinion\/precaucion-peligro-de-incendio\/#primaryimage","url":"https:\/\/arjenoticias.com.mx\/wp-content\/uploads\/2026\/03\/Luis-Gerardo-Trevino.png","contentUrl":"https:\/\/arjenoticias.com.mx\/wp-content\/uploads\/2026\/03\/Luis-Gerardo-Trevino.png","width":600,"height":400,"caption":"Es temporada de incendios."},{"@type":"BreadcrumbList","@id":"https:\/\/arjenoticias.com.mx\/opinion\/precaucion-peligro-de-incendio\/#breadcrumb","itemListElement":[{"@type":"ListItem","position":1,"name":"Portada","item":"https:\/\/arjenoticias.com.mx\/"},{"@type":"ListItem","position":2,"name":"\u00a1Precauci\u00f3n Peligro de incendio!"}]},{"@type":"WebSite","@id":"https:\/\/arjenoticias.com.mx\/#website","url":"https:\/\/arjenoticias.com.mx\/","name":"Arj\u00e9 M\u00e9xico","description":"","publisher":{"@id":"https:\/\/arjenoticias.com.mx\/#organization"},"potentialAction":[{"@type":"SearchAction","target":{"@type":"EntryPoint","urlTemplate":"https:\/\/arjenoticias.com.mx\/?s={search_term_string}"},"query-input":{"@type":"PropertyValueSpecification","valueRequired":true,"valueName":"search_term_string"}}],"inLanguage":"es"},{"@type":"Organization","@id":"https:\/\/arjenoticias.com.mx\/#organization","name":"Arj\u00e9 M\u00e9xico","url":"https:\/\/arjenoticias.com.mx\/","logo":{"@type":"ImageObject","inLanguage":"es","@id":"https:\/\/arjenoticias.com.mx\/#\/schema\/logo\/image\/","url":"https:\/\/arjenoticias.com\/wp-content\/uploads\/2026\/04\/cropped-cropped-logo-inverted-1-scaled-1.png","contentUrl":"https:\/\/arjenoticias.com\/wp-content\/uploads\/2026\/04\/cropped-cropped-logo-inverted-1-scaled-1.png","width":2556,"height":549,"caption":"Arj\u00e9 M\u00e9xico"},"image":{"@id":"https:\/\/arjenoticias.com.mx\/#\/schema\/logo\/image\/"},"sameAs":["https:\/\/www.facebook.com\/ArjeNoticiasMX","https:\/\/x.com\/ArjeNoticias"]},{"@type":"Person","@id":"https:\/\/arjenoticias.com.mx\/#\/schema\/person\/42c41cfc7ab806cd8ca1a09470e490cd","name":"Luis Gerardo Trevi\u00f1o","image":{"@type":"ImageObject","inLanguage":"es","@id":"https:\/\/arjenoticias.com\/wp-content\/uploads\/2026\/04\/LUIS-GERARDO-TREVINO-2-96x96.png","url":"https:\/\/arjenoticias.com\/wp-content\/uploads\/2026\/04\/LUIS-GERARDO-TREVINO-2-96x96.png","contentUrl":"https:\/\/arjenoticias.com\/wp-content\/uploads\/2026\/04\/LUIS-GERARDO-TREVINO-2-96x96.png","caption":"Luis Gerardo Trevi\u00f1o"},"url":"https:\/\/arjenoticias.com.mx\/author\/luis-gerardo-trevino\/"}]}},"featured_image_urls":{"full":["https:\/\/arjenoticias.com.mx\/wp-content\/uploads\/2026\/03\/Luis-Gerardo-Trevino.png",600,400,false],"thumbnail":["https:\/\/arjenoticias.com.mx\/wp-content\/uploads\/2026\/03\/Luis-Gerardo-Trevino-150x150.png",150,150,true],"medium":["https:\/\/arjenoticias.com.mx\/wp-content\/uploads\/2026\/03\/Luis-Gerardo-Trevino-300x200.png",300,200,true],"medium_large":["https:\/\/arjenoticias.com.mx\/wp-content\/uploads\/2026\/03\/Luis-Gerardo-Trevino.png",600,400,false],"large":["https:\/\/arjenoticias.com.mx\/wp-content\/uploads\/2026\/03\/Luis-Gerardo-Trevino.png",600,400,false],"1536x1536":["https:\/\/arjenoticias.com.mx\/wp-content\/uploads\/2026\/03\/Luis-Gerardo-Trevino.png",600,400,false],"2048x2048":["https:\/\/arjenoticias.com.mx\/wp-content\/uploads\/2026\/03\/Luis-Gerardo-Trevino.png",600,400,false],"covernews-featured":["https:\/\/arjenoticias.com.mx\/wp-content\/uploads\/2026\/03\/Luis-Gerardo-Trevino.png",600,400,false],"covernews-medium":["https:\/\/arjenoticias.com.mx\/wp-content\/uploads\/2026\/03\/Luis-Gerardo-Trevino-540x340.png",540,340,true]},"author_info":{"info":["Luis Gerardo Trevi\u00f1o"]},"category_info":"<a href=\"https:\/\/arjenoticias.com.mx\/category\/opinion\/\" rel=\"category tag\">Opini\u00f3n<\/a>","tag_info":"Opini\u00f3n","comment_count":"0","_links":{"self":[{"href":"https:\/\/arjenoticias.com.mx\/wp-json\/wp\/v2\/posts\/11395","targetHints":{"allow":["GET"]}}],"collection":[{"href":"https:\/\/arjenoticias.com.mx\/wp-json\/wp\/v2\/posts"}],"about":[{"href":"https:\/\/arjenoticias.com.mx\/wp-json\/wp\/v2\/types\/post"}],"author":[{"embeddable":true,"href":"https:\/\/arjenoticias.com.mx\/wp-json\/wp\/v2\/users\/56"}],"replies":[{"embeddable":true,"href":"https:\/\/arjenoticias.com.mx\/wp-json\/wp\/v2\/comments?post=11395"}],"version-history":[{"count":1,"href":"https:\/\/arjenoticias.com.mx\/wp-json\/wp\/v2\/posts\/11395\/revisions"}],"predecessor-version":[{"id":11397,"href":"https:\/\/arjenoticias.com.mx\/wp-json\/wp\/v2\/posts\/11395\/revisions\/11397"}],"wp:featuredmedia":[{"embeddable":true,"href":"https:\/\/arjenoticias.com.mx\/wp-json\/wp\/v2\/media\/11396"}],"wp:attachment":[{"href":"https:\/\/arjenoticias.com.mx\/wp-json\/wp\/v2\/media?parent=11395"}],"wp:term":[{"taxonomy":"category","embeddable":true,"href":"https:\/\/arjenoticias.com.mx\/wp-json\/wp\/v2\/categories?post=11395"},{"taxonomy":"post_tag","embeddable":true,"href":"https:\/\/arjenoticias.com.mx\/wp-json\/wp\/v2\/tags?post=11395"}],"curies":[{"name":"wp","href":"https:\/\/api.w.org\/{rel}","templated":true}]}}