{"id":11137,"date":"2026-03-06T09:35:22","date_gmt":"2026-03-06T15:35:22","guid":{"rendered":"https:\/\/arjenoticias.com\/?p=11137"},"modified":"2026-03-06T09:35:22","modified_gmt":"2026-03-06T15:35:22","slug":"la-revolucion-de-octubre-fue-en-noviembre-carlos-gonzalez-valdepena","status":"publish","type":"post","link":"https:\/\/arjenoticias.com.mx\/?p=11137","title":{"rendered":"La revoluci\u00f3n de octubre fue en noviembre: Carlos Gonz\u00e1lez Valdepe\u00f1a"},"content":{"rendered":"\n<p class=\"wp-block-paragraph\">Actualmente en el mundo usamos el calendario Gregoriano, pero todav\u00eda en el siglo XX hab\u00eda pa\u00edses que usaban el calendario Juliano. Que era menos preciso y que no ten\u00eda a\u00f1os bisiestos.<\/p>\n\n\n\n<p class=\"wp-block-paragraph\">Uno de los pa\u00edses que usaba el Juliano, era la Rusia zarista. Y todav\u00eda, en 1917 lo segu\u00eda usando. Esto se deb\u00eda a que la religi\u00f3n predominante en aquel entonces en Rusia, no era la cat\u00f3lica apost\u00f3lica romana. No, era la cat\u00f3lica ortodoxa rusa, y esa religi\u00f3n no acepta la autoridad del papa, si no que se rige por otro sistema. Aunque tambi\u00e9n son cat\u00f3licos y cristianos.<\/p>\n\n\n\n<p class=\"wp-block-paragraph\">La iglesia cat\u00f3lica romana adopt\u00f3 el calendario gregoriano en el siglo XVI, espec\u00edficamente en 1582 durante el pontificado del papa Gregorio XIII para eliminar un desfase que exist\u00eda en el calendario juliano debido a su imperfecci\u00f3n.<\/p>\n\n\n\n<p class=\"wp-block-paragraph\">Cuando se tom\u00f3 esta decisi\u00f3n, el calendario juliano ya ten\u00eda un desajuste de 10 d\u00edas, ya que se hab\u00eda implementado en tiempos del emperador Julio Cesar, en el a\u00f1o 46 a.c. De ah\u00ed el nombre de juliano.<\/p>\n\n\n\n<p class=\"wp-block-paragraph\">El d\u00eda que entr\u00f3 en vigor el calendario juliano, fue el 4 de octubre de 1582. Ese d\u00eda fue 4 de octubre, pero el d\u00eda siguiente ya fue 15 del mismo mes. O sea que se perdieron 10 d\u00edas de un plumazo. Literalmente.<\/p>\n\n\n\n<p class=\"wp-block-paragraph\">Es as\u00ed que el 25 de octubre de 1917, tuvo lugar la revoluci\u00f3n que llev\u00f3 al poder a los bolcheviques en Rusia, lo que dio como resultado la creaci\u00f3n de la Uni\u00f3n Sovi\u00e9tica, de corte socialista.<\/p>\n\n\n\n<p class=\"wp-block-paragraph\">Pero cuando en el calendario juliano era 25 de octubre, en el calendario gregoriano ya era 4 de noviembre, y cuando la Uni\u00f3n Sovi\u00e9tica adopt\u00f3 el calendario gregoriano, la fecha de la celebraci\u00f3n de su revoluci\u00f3n qued\u00f3 en el 4 de noviembre (algunas fuentes dicen que se dej\u00f3 en el 7 de noviembre).<\/p>\n\n\n\n<p class=\"wp-block-paragraph\">Diez a\u00f1os despu\u00e9s de la llegada de los socialistas al poder, se film\u00f3 una pel\u00edcula de propaganda acerca de esa revoluci\u00f3n, y esa pel\u00edcula se llam\u00f3 <em>Octubre<\/em>, realizada por el director Sergei Eisenstein.<\/p>\n\n\n\n<p class=\"wp-block-paragraph\">Paulatinamente todos los pa\u00edses han adoptado el calendario gregoriano con todo y sus a\u00f1os bisiestos, ya que esta fue otra de las aportaciones del gregoriano, la implementaci\u00f3n de los a\u00f1os bisiestos cada cuatro a\u00f1os. Para poder ajustar el calendario a la vuelta de la tierra alrededor del sol.<\/p>\n\n\n\n<p class=\"wp-block-paragraph\">Pero, queda el ejemplo de la revoluci\u00f3n de Octubre para poder explicar la diferencia entre los dos calendarios. Y como un dato adicional, cabe mencionar que la Republica Popular Democr\u00e1tica de Corea (la del norte) tiene su propio calendario, que inicia con la fecha de nacimiento de Kim Il Sung en 1912, y que fue el abuelo del actual gobernante Kim Jong-un.<\/p>\n\n\n\n<p class=\"wp-block-paragraph\">Sus comentarios son bienvenidos <a href=\"mailto:exegetadigital@gmail.com\">exegetadigital@gmail.com<\/a><\/p>\n","protected":false},"excerpt":{"rendered":"<p>Actualmente en el mundo usamos el calendario Gregoriano, pero todav\u00eda en el siglo XX hab\u00eda&#8230;<\/p>\n","protected":false},"author":117,"featured_media":11138,"comment_status":"closed","ping_status":"closed","sticky":false,"template":"","format":"standard","meta":{"footnotes":""},"categories":[5],"tags":[2297],"class_list":["post-11137","post","type-post","status-publish","format-standard","has-post-thumbnail","hentry","category-cultura","tag-revolucion-rusa-fue-en-octubre"],"yoast_head":"<!-- This site is optimized with the Yoast SEO plugin v28.4 - https:\/\/yoast.com\/product\/yoast-seo-wordpress\/ -->\n<title>La revoluci\u00f3n de octubre fue en noviembre: Carlos Gonz\u00e1lez Valdepe\u00f1a -<\/title>\n<meta name=\"description\" content=\"Es as\u00ed que el 25 de octubre de 1917, tuvo lugar la revoluci\u00f3n que llev\u00f3 al poder a los bolcheviques en Rusia,\" \/>\n<meta name=\"robots\" content=\"index, follow, max-snippet:-1, max-image-preview:large, max-video-preview:-1\" \/>\n<link rel=\"canonical\" href=\"https:\/\/arjenoticias.com.mx\/?p=11137\" \/>\n<meta property=\"og:locale\" content=\"es_MX\" \/>\n<meta property=\"og:type\" content=\"article\" \/>\n<meta property=\"og:title\" content=\"La revoluci\u00f3n de octubre fue en noviembre: Carlos Gonz\u00e1lez Valdepe\u00f1a -\" \/>\n<meta property=\"og:description\" content=\"Es as\u00ed que el 25 de octubre de 1917, tuvo lugar la revoluci\u00f3n que llev\u00f3 al poder a los bolcheviques en Rusia,\" \/>\n<meta property=\"og:url\" content=\"https:\/\/arjenoticias.com.mx\/?p=11137\" \/>\n<meta property=\"article:published_time\" content=\"2026-03-06T15:35:22+00:00\" \/>\n<meta name=\"author\" content=\"Carlos Gonzalez Valdepe\u00f1a\" \/>\n<meta name=\"twitter:card\" content=\"summary_large_image\" \/>\n<meta name=\"twitter:label1\" content=\"Escrito por\" \/>\n\t<meta name=\"twitter:data1\" content=\"Carlos Gonzalez Valdepe\u00f1a\" \/>\n\t<meta name=\"twitter:label2\" content=\"Tiempo de lectura\" \/>\n\t<meta name=\"twitter:data2\" content=\"3 minutos\" \/>\n<script type=\"application\/ld+json\" class=\"yoast-schema-graph\">{\"@context\":\"https:\\\/\\\/schema.org\",\"@graph\":[{\"@type\":\"Article\",\"@id\":\"https:\\\/\\\/arjenoticias.com.mx\\\/?p=11137#article\",\"isPartOf\":{\"@id\":\"https:\\\/\\\/arjenoticias.com.mx\\\/?p=11137\"},\"author\":{\"name\":\"Carlos Gonzalez Valdepe\u00f1a\",\"@id\":\"https:\\\/\\\/arjenoticias.com.mx\\\/#\\\/schema\\\/person\\\/71bdfd7ade77cd8b5b012e241d1792ff\"},\"headline\":\"La revoluci\u00f3n de octubre fue en noviembre: Carlos Gonz\u00e1lez Valdepe\u00f1a\",\"datePublished\":\"2026-03-06T15:35:22+00:00\",\"mainEntityOfPage\":{\"@id\":\"https:\\\/\\\/arjenoticias.com.mx\\\/?p=11137\"},\"wordCount\":500,\"publisher\":{\"@id\":\"https:\\\/\\\/arjenoticias.com.mx\\\/#organization\"},\"image\":{\"@id\":\"https:\\\/\\\/arjenoticias.com.mx\\\/?p=11137#primaryimage\"},\"thumbnailUrl\":\"\",\"keywords\":[\"Revolucion Rusa fue en Octubre\"],\"articleSection\":[\"Cultura y Entretenimiento\"],\"inLanguage\":\"es\"},{\"@type\":\"WebPage\",\"@id\":\"https:\\\/\\\/arjenoticias.com.mx\\\/?p=11137\",\"url\":\"https:\\\/\\\/arjenoticias.com.mx\\\/?p=11137\",\"name\":\"La revoluci\u00f3n de octubre fue en noviembre: Carlos Gonz\u00e1lez Valdepe\u00f1a -\",\"isPartOf\":{\"@id\":\"https:\\\/\\\/arjenoticias.com.mx\\\/#website\"},\"primaryImageOfPage\":{\"@id\":\"https:\\\/\\\/arjenoticias.com.mx\\\/?p=11137#primaryimage\"},\"image\":{\"@id\":\"https:\\\/\\\/arjenoticias.com.mx\\\/?p=11137#primaryimage\"},\"thumbnailUrl\":\"\",\"datePublished\":\"2026-03-06T15:35:22+00:00\",\"description\":\"Es as\u00ed que el 25 de octubre de 1917, tuvo lugar la revoluci\u00f3n que llev\u00f3 al poder a los bolcheviques en Rusia,\",\"breadcrumb\":{\"@id\":\"https:\\\/\\\/arjenoticias.com.mx\\\/?p=11137#breadcrumb\"},\"inLanguage\":\"es\",\"potentialAction\":[{\"@type\":\"ReadAction\",\"target\":[\"https:\\\/\\\/arjenoticias.com.mx\\\/?p=11137\"]}]},{\"@type\":\"ImageObject\",\"inLanguage\":\"es\",\"@id\":\"https:\\\/\\\/arjenoticias.com.mx\\\/?p=11137#primaryimage\",\"url\":\"\",\"contentUrl\":\"\"},{\"@type\":\"BreadcrumbList\",\"@id\":\"https:\\\/\\\/arjenoticias.com.mx\\\/?p=11137#breadcrumb\",\"itemListElement\":[{\"@type\":\"ListItem\",\"position\":1,\"name\":\"Inicio\",\"item\":\"https:\\\/\\\/arjenoticias.com.mx\\\/\"},{\"@type\":\"ListItem\",\"position\":2,\"name\":\"La revoluci\u00f3n de octubre fue en noviembre: Carlos Gonz\u00e1lez Valdepe\u00f1a\"}]},{\"@type\":\"WebSite\",\"@id\":\"https:\\\/\\\/arjenoticias.com.mx\\\/#website\",\"url\":\"https:\\\/\\\/arjenoticias.com.mx\\\/\",\"name\":\"arjenoticias.com.mx\",\"description\":\"\",\"publisher\":{\"@id\":\"https:\\\/\\\/arjenoticias.com.mx\\\/#organization\"},\"potentialAction\":[{\"@type\":\"SearchAction\",\"target\":{\"@type\":\"EntryPoint\",\"urlTemplate\":\"https:\\\/\\\/arjenoticias.com.mx\\\/?s={search_term_string}\"},\"query-input\":{\"@type\":\"PropertyValueSpecification\",\"valueRequired\":true,\"valueName\":\"search_term_string\"}}],\"inLanguage\":\"es\"},{\"@type\":\"Organization\",\"@id\":\"https:\\\/\\\/arjenoticias.com.mx\\\/#organization\",\"name\":\"Arj\u00e9 de M\u00e9xico Noticias\",\"url\":\"https:\\\/\\\/arjenoticias.com.mx\\\/\",\"logo\":{\"@type\":\"ImageObject\",\"inLanguage\":\"es\",\"@id\":\"https:\\\/\\\/arjenoticias.com.mx\\\/#\\\/schema\\\/logo\\\/image\\\/\",\"url\":\"https:\\\/\\\/arjenoticias.com.mx\\\/wp-content\\\/uploads\\\/2025\\\/07\\\/cropped-logo-scaled-1.png\",\"contentUrl\":\"https:\\\/\\\/arjenoticias.com.mx\\\/wp-content\\\/uploads\\\/2025\\\/07\\\/cropped-logo-scaled-1.png\",\"width\":2558,\"height\":558,\"caption\":\"Arj\u00e9 de M\u00e9xico Noticias\"},\"image\":{\"@id\":\"https:\\\/\\\/arjenoticias.com.mx\\\/#\\\/schema\\\/logo\\\/image\\\/\"}},{\"@type\":\"Person\",\"@id\":\"https:\\\/\\\/arjenoticias.com.mx\\\/#\\\/schema\\\/person\\\/71bdfd7ade77cd8b5b012e241d1792ff\",\"name\":\"Carlos Gonzalez Valdepe\u00f1a\",\"image\":{\"@type\":\"ImageObject\",\"inLanguage\":\"es\",\"@id\":\"https:\\\/\\\/secure.gravatar.com\\\/avatar\\\/534b251d1929c0d05d54f5037f13eaf23a5925ef3034ace3153feb5a17ecb490?s=96&d=mm&r=g\",\"url\":\"https:\\\/\\\/secure.gravatar.com\\\/avatar\\\/534b251d1929c0d05d54f5037f13eaf23a5925ef3034ace3153feb5a17ecb490?s=96&d=mm&r=g\",\"contentUrl\":\"https:\\\/\\\/secure.gravatar.com\\\/avatar\\\/534b251d1929c0d05d54f5037f13eaf23a5925ef3034ace3153feb5a17ecb490?s=96&d=mm&r=g\",\"caption\":\"Carlos Gonzalez Valdepe\u00f1a\"},\"url\":\"https:\\\/\\\/arjenoticias.com.mx\\\/?author=117\"}]}<\/script>\n<!-- \/ Yoast SEO plugin. -->","yoast_head_json":{"title":"La revoluci\u00f3n de octubre fue en noviembre: Carlos Gonz\u00e1lez Valdepe\u00f1a -","description":"Es as\u00ed que el 25 de octubre de 1917, tuvo lugar la revoluci\u00f3n que llev\u00f3 al poder a los bolcheviques en Rusia,","robots":{"index":"index","follow":"follow","max-snippet":"max-snippet:-1","max-image-preview":"max-image-preview:large","max-video-preview":"max-video-preview:-1"},"canonical":"https:\/\/arjenoticias.com.mx\/?p=11137","og_locale":"es_MX","og_type":"article","og_title":"La revoluci\u00f3n de octubre fue en noviembre: Carlos Gonz\u00e1lez Valdepe\u00f1a -","og_description":"Es as\u00ed que el 25 de octubre de 1917, tuvo lugar la revoluci\u00f3n que llev\u00f3 al poder a los bolcheviques en Rusia,","og_url":"https:\/\/arjenoticias.com.mx\/?p=11137","article_published_time":"2026-03-06T15:35:22+00:00","author":"Carlos Gonzalez Valdepe\u00f1a","twitter_card":"summary_large_image","twitter_misc":{"Escrito por":"Carlos Gonzalez Valdepe\u00f1a","Tiempo de lectura":"3 minutos"},"schema":{"@context":"https:\/\/schema.org","@graph":[{"@type":"Article","@id":"https:\/\/arjenoticias.com.mx\/?p=11137#article","isPartOf":{"@id":"https:\/\/arjenoticias.com.mx\/?p=11137"},"author":{"name":"Carlos Gonzalez Valdepe\u00f1a","@id":"https:\/\/arjenoticias.com.mx\/#\/schema\/person\/71bdfd7ade77cd8b5b012e241d1792ff"},"headline":"La revoluci\u00f3n de octubre fue en noviembre: Carlos Gonz\u00e1lez Valdepe\u00f1a","datePublished":"2026-03-06T15:35:22+00:00","mainEntityOfPage":{"@id":"https:\/\/arjenoticias.com.mx\/?p=11137"},"wordCount":500,"publisher":{"@id":"https:\/\/arjenoticias.com.mx\/#organization"},"image":{"@id":"https:\/\/arjenoticias.com.mx\/?p=11137#primaryimage"},"thumbnailUrl":"","keywords":["Revolucion Rusa fue en Octubre"],"articleSection":["Cultura y Entretenimiento"],"inLanguage":"es"},{"@type":"WebPage","@id":"https:\/\/arjenoticias.com.mx\/?p=11137","url":"https:\/\/arjenoticias.com.mx\/?p=11137","name":"La revoluci\u00f3n de octubre fue en noviembre: Carlos Gonz\u00e1lez Valdepe\u00f1a -","isPartOf":{"@id":"https:\/\/arjenoticias.com.mx\/#website"},"primaryImageOfPage":{"@id":"https:\/\/arjenoticias.com.mx\/?p=11137#primaryimage"},"image":{"@id":"https:\/\/arjenoticias.com.mx\/?p=11137#primaryimage"},"thumbnailUrl":"","datePublished":"2026-03-06T15:35:22+00:00","description":"Es as\u00ed que el 25 de octubre de 1917, tuvo lugar la revoluci\u00f3n que llev\u00f3 al poder a los bolcheviques en Rusia,","breadcrumb":{"@id":"https:\/\/arjenoticias.com.mx\/?p=11137#breadcrumb"},"inLanguage":"es","potentialAction":[{"@type":"ReadAction","target":["https:\/\/arjenoticias.com.mx\/?p=11137"]}]},{"@type":"ImageObject","inLanguage":"es","@id":"https:\/\/arjenoticias.com.mx\/?p=11137#primaryimage","url":"","contentUrl":""},{"@type":"BreadcrumbList","@id":"https:\/\/arjenoticias.com.mx\/?p=11137#breadcrumb","itemListElement":[{"@type":"ListItem","position":1,"name":"Inicio","item":"https:\/\/arjenoticias.com.mx\/"},{"@type":"ListItem","position":2,"name":"La revoluci\u00f3n de octubre fue en noviembre: Carlos Gonz\u00e1lez Valdepe\u00f1a"}]},{"@type":"WebSite","@id":"https:\/\/arjenoticias.com.mx\/#website","url":"https:\/\/arjenoticias.com.mx\/","name":"arjenoticias.com.mx","description":"","publisher":{"@id":"https:\/\/arjenoticias.com.mx\/#organization"},"potentialAction":[{"@type":"SearchAction","target":{"@type":"EntryPoint","urlTemplate":"https:\/\/arjenoticias.com.mx\/?s={search_term_string}"},"query-input":{"@type":"PropertyValueSpecification","valueRequired":true,"valueName":"search_term_string"}}],"inLanguage":"es"},{"@type":"Organization","@id":"https:\/\/arjenoticias.com.mx\/#organization","name":"Arj\u00e9 de M\u00e9xico Noticias","url":"https:\/\/arjenoticias.com.mx\/","logo":{"@type":"ImageObject","inLanguage":"es","@id":"https:\/\/arjenoticias.com.mx\/#\/schema\/logo\/image\/","url":"https:\/\/arjenoticias.com.mx\/wp-content\/uploads\/2025\/07\/cropped-logo-scaled-1.png","contentUrl":"https:\/\/arjenoticias.com.mx\/wp-content\/uploads\/2025\/07\/cropped-logo-scaled-1.png","width":2558,"height":558,"caption":"Arj\u00e9 de M\u00e9xico Noticias"},"image":{"@id":"https:\/\/arjenoticias.com.mx\/#\/schema\/logo\/image\/"}},{"@type":"Person","@id":"https:\/\/arjenoticias.com.mx\/#\/schema\/person\/71bdfd7ade77cd8b5b012e241d1792ff","name":"Carlos Gonzalez Valdepe\u00f1a","image":{"@type":"ImageObject","inLanguage":"es","@id":"https:\/\/secure.gravatar.com\/avatar\/534b251d1929c0d05d54f5037f13eaf23a5925ef3034ace3153feb5a17ecb490?s=96&d=mm&r=g","url":"https:\/\/secure.gravatar.com\/avatar\/534b251d1929c0d05d54f5037f13eaf23a5925ef3034ace3153feb5a17ecb490?s=96&d=mm&r=g","contentUrl":"https:\/\/secure.gravatar.com\/avatar\/534b251d1929c0d05d54f5037f13eaf23a5925ef3034ace3153feb5a17ecb490?s=96&d=mm&r=g","caption":"Carlos Gonzalez Valdepe\u00f1a"},"url":"https:\/\/arjenoticias.com.mx\/?author=117"}]}},"_links":{"self":[{"href":"https:\/\/arjenoticias.com.mx\/index.php?rest_route=\/wp\/v2\/posts\/11137","targetHints":{"allow":["GET"]}}],"collection":[{"href":"https:\/\/arjenoticias.com.mx\/index.php?rest_route=\/wp\/v2\/posts"}],"about":[{"href":"https:\/\/arjenoticias.com.mx\/index.php?rest_route=\/wp\/v2\/types\/post"}],"author":[{"embeddable":true,"href":"https:\/\/arjenoticias.com.mx\/index.php?rest_route=\/wp\/v2\/users\/117"}],"replies":[{"embeddable":true,"href":"https:\/\/arjenoticias.com.mx\/index.php?rest_route=%2Fwp%2Fv2%2Fcomments&post=11137"}],"version-history":[{"count":0,"href":"https:\/\/arjenoticias.com.mx\/index.php?rest_route=\/wp\/v2\/posts\/11137\/revisions"}],"wp:attachment":[{"href":"https:\/\/arjenoticias.com.mx\/index.php?rest_route=%2Fwp%2Fv2%2Fmedia&parent=11137"}],"wp:term":[{"taxonomy":"category","embeddable":true,"href":"https:\/\/arjenoticias.com.mx\/index.php?rest_route=%2Fwp%2Fv2%2Fcategories&post=11137"},{"taxonomy":"post_tag","embeddable":true,"href":"https:\/\/arjenoticias.com.mx\/index.php?rest_route=%2Fwp%2Fv2%2Ftags&post=11137"}],"curies":[{"name":"wp","href":"https:\/\/api.w.org\/{rel}","templated":true}]}}