{"id":11098,"date":"2026-03-05T10:48:19","date_gmt":"2026-03-05T16:48:19","guid":{"rendered":"https:\/\/arjenoticias.com\/?p=11098"},"modified":"2026-03-05T10:48:19","modified_gmt":"2026-03-05T16:48:19","slug":"ataque-de-israel-eua-a-iran-no-esta-del-lado-de-el-derecho-internacional-sam-stone","status":"publish","type":"post","link":"https:\/\/arjenoticias.com.mx\/?p=11098","title":{"rendered":"Ataque de Israel-EUA a Ir\u00e1n no esta del lado de el derecho internacional: Sam Stone"},"content":{"rendered":"\n<figure class=\"wp-block-embed is-type-video is-provider-youtube wp-block-embed-youtube wp-embed-aspect-16-9 wp-has-aspect-ratio\"><div class=\"wp-block-embed__wrapper\">\n<iframe title=\"Entrevista con Sam Stone\" width=\"640\" height=\"360\" src=\"https:\/\/www.youtube.com\/embed\/NdrzQyj2q-g?feature=oembed\" frameborder=\"0\" allow=\"accelerometer; autoplay; clipboard-write; encrypted-media; gyroscope; picture-in-picture; web-share\" referrerpolicy=\"strict-origin-when-cross-origin\" allowfullscreen><\/iframe>\n<\/div><\/figure>\n\n\n\n<p class=\"wp-block-paragraph\">En el \u00e1mbito domestico de EUA, la gran mayor\u00eda de la poblaci\u00f3n esta harta de las guerras, todav\u00eda queda tufo hiriente de las intervenciones en Vietnam y las mas recientes en Iraq e Ir\u00e1n, por ello Trump y su equipo deben medir las consecuencias de este conflicto; afirma Sam Stone<br>Stone a\u00f1ade; Ir\u00e1n no es Venezuela, ya que cuenta con armamento, fuerza militar y aliados que lo apoyan, por lo tanto, la conflagraci\u00f3n puede tomar no solo semanas, pueden ser meses, lo cual deteriora la imagen de Trump rumbo a las elecciones de noviembre\u201d.<br>Stone afirma; \u201clos organismos internacionales no van a intervenir para detener el conflicto, ya que EUA se ha retirado de docenas de instituciones globales, en se\u00f1al de rechazo a su autoridad, adem\u00e1s, no est\u00e1 dispuesto a sostener y acatar las resoluciones de la OTAN y de alguna forma tambi\u00e9n de la ONU. La actitud de Rusia y China es parecida, entonces la buena fe de los lideres de esos organismos ya no tiene acreditaci\u00f3n.\u201d<br>Te invito a ver y escuchar la entrevista con San Stone quien comparte su hip\u00f3tesis de cuanto durar\u00e1 este conflicto.<br>Ir\u00e1 viniendo, iremos viendo el desarrollo de este conflicto de poder, que solo contiene los intereses de los poderos pa\u00edses como lo son EUA, Rusia, China y me atrevo a incluir a Israel.<\/p>\n\n\n\n<p class=\"wp-block-paragraph\"><\/p>\n","protected":false},"excerpt":{"rendered":"<p>En el \u00e1mbito domestico de EUA, la gran mayor\u00eda de la poblaci\u00f3n esta harta de&#8230;<\/p>\n","protected":false},"author":90,"featured_media":11099,"comment_status":"closed","ping_status":"closed","sticky":false,"template":"","format":"standard","meta":{"footnotes":""},"categories":[9],"tags":[1289],"class_list":["post-11098","post","type-post","status-publish","format-standard","has-post-thumbnail","hentry","category-mundo","tag-iran-no-es-venezuela"],"yoast_head":"<!-- This site is optimized with the Yoast SEO plugin v28.4 - https:\/\/yoast.com\/product\/yoast-seo-wordpress\/ -->\n<title>Ataque de Israel-EUA a Ir\u00e1n no esta del lado de el derecho internacional: Sam Stone -<\/title>\n<meta name=\"description\" content=\"Ir\u00e1n no es Venezuela, ya que cuenta con armamento, fuerza militar y aliados que lo apoyan,\" \/>\n<meta name=\"robots\" content=\"index, follow, max-snippet:-1, max-image-preview:large, max-video-preview:-1\" \/>\n<link rel=\"canonical\" href=\"https:\/\/arjenoticias.com.mx\/?p=11098\" \/>\n<meta property=\"og:locale\" content=\"es_MX\" \/>\n<meta property=\"og:type\" content=\"article\" \/>\n<meta property=\"og:title\" content=\"Ataque de Israel-EUA a Ir\u00e1n no esta del lado de el derecho internacional: Sam Stone -\" \/>\n<meta property=\"og:description\" content=\"Ir\u00e1n no es Venezuela, ya que cuenta con armamento, fuerza militar y aliados que lo apoyan,\" \/>\n<meta property=\"og:url\" content=\"https:\/\/arjenoticias.com.mx\/?p=11098\" \/>\n<meta property=\"article:published_time\" content=\"2026-03-05T16:48:19+00:00\" \/>\n<meta name=\"author\" content=\"Samuel Stone\" \/>\n<meta name=\"twitter:card\" content=\"summary_large_image\" \/>\n<meta name=\"twitter:label1\" content=\"Escrito por\" \/>\n\t<meta name=\"twitter:data1\" content=\"Samuel Stone\" \/>\n\t<meta name=\"twitter:label2\" content=\"Tiempo de lectura\" \/>\n\t<meta name=\"twitter:data2\" content=\"2 minutos\" \/>\n<script type=\"application\/ld+json\" class=\"yoast-schema-graph\">{\"@context\":\"https:\\\/\\\/schema.org\",\"@graph\":[{\"@type\":\"Article\",\"@id\":\"https:\\\/\\\/arjenoticias.com.mx\\\/?p=11098#article\",\"isPartOf\":{\"@id\":\"https:\\\/\\\/arjenoticias.com.mx\\\/?p=11098\"},\"author\":{\"name\":\"Samuel Stone\",\"@id\":\"https:\\\/\\\/arjenoticias.com.mx\\\/#\\\/schema\\\/person\\\/dae40cfd8941cfd87a35b7e9ea5cba54\"},\"headline\":\"Ataque de Israel-EUA a Ir\u00e1n no esta del lado de el derecho internacional: Sam Stone\",\"datePublished\":\"2026-03-05T16:48:19+00:00\",\"mainEntityOfPage\":{\"@id\":\"https:\\\/\\\/arjenoticias.com.mx\\\/?p=11098\"},\"wordCount\":254,\"publisher\":{\"@id\":\"https:\\\/\\\/arjenoticias.com.mx\\\/#organization\"},\"image\":{\"@id\":\"https:\\\/\\\/arjenoticias.com.mx\\\/?p=11098#primaryimage\"},\"thumbnailUrl\":\"\",\"keywords\":[\"Ir\u00e1n no es Venezuela\"],\"articleSection\":[\"Mundo\"],\"inLanguage\":\"es\"},{\"@type\":\"WebPage\",\"@id\":\"https:\\\/\\\/arjenoticias.com.mx\\\/?p=11098\",\"url\":\"https:\\\/\\\/arjenoticias.com.mx\\\/?p=11098\",\"name\":\"Ataque de Israel-EUA a Ir\u00e1n no esta del lado de el derecho internacional: Sam Stone -\",\"isPartOf\":{\"@id\":\"https:\\\/\\\/arjenoticias.com.mx\\\/#website\"},\"primaryImageOfPage\":{\"@id\":\"https:\\\/\\\/arjenoticias.com.mx\\\/?p=11098#primaryimage\"},\"image\":{\"@id\":\"https:\\\/\\\/arjenoticias.com.mx\\\/?p=11098#primaryimage\"},\"thumbnailUrl\":\"\",\"datePublished\":\"2026-03-05T16:48:19+00:00\",\"description\":\"Ir\u00e1n no es Venezuela, ya que cuenta con armamento, fuerza militar y aliados que lo apoyan,\",\"breadcrumb\":{\"@id\":\"https:\\\/\\\/arjenoticias.com.mx\\\/?p=11098#breadcrumb\"},\"inLanguage\":\"es\",\"potentialAction\":[{\"@type\":\"ReadAction\",\"target\":[\"https:\\\/\\\/arjenoticias.com.mx\\\/?p=11098\"]}]},{\"@type\":\"ImageObject\",\"inLanguage\":\"es\",\"@id\":\"https:\\\/\\\/arjenoticias.com.mx\\\/?p=11098#primaryimage\",\"url\":\"\",\"contentUrl\":\"\"},{\"@type\":\"BreadcrumbList\",\"@id\":\"https:\\\/\\\/arjenoticias.com.mx\\\/?p=11098#breadcrumb\",\"itemListElement\":[{\"@type\":\"ListItem\",\"position\":1,\"name\":\"Inicio\",\"item\":\"https:\\\/\\\/arjenoticias.com.mx\\\/\"},{\"@type\":\"ListItem\",\"position\":2,\"name\":\"Ataque de Israel-EUA a Ir\u00e1n no esta del lado de el derecho internacional: Sam Stone\"}]},{\"@type\":\"WebSite\",\"@id\":\"https:\\\/\\\/arjenoticias.com.mx\\\/#website\",\"url\":\"https:\\\/\\\/arjenoticias.com.mx\\\/\",\"name\":\"arjenoticias.com.mx\",\"description\":\"\",\"publisher\":{\"@id\":\"https:\\\/\\\/arjenoticias.com.mx\\\/#organization\"},\"potentialAction\":[{\"@type\":\"SearchAction\",\"target\":{\"@type\":\"EntryPoint\",\"urlTemplate\":\"https:\\\/\\\/arjenoticias.com.mx\\\/?s={search_term_string}\"},\"query-input\":{\"@type\":\"PropertyValueSpecification\",\"valueRequired\":true,\"valueName\":\"search_term_string\"}}],\"inLanguage\":\"es\"},{\"@type\":\"Organization\",\"@id\":\"https:\\\/\\\/arjenoticias.com.mx\\\/#organization\",\"name\":\"Arj\u00e9 de M\u00e9xico Noticias\",\"url\":\"https:\\\/\\\/arjenoticias.com.mx\\\/\",\"logo\":{\"@type\":\"ImageObject\",\"inLanguage\":\"es\",\"@id\":\"https:\\\/\\\/arjenoticias.com.mx\\\/#\\\/schema\\\/logo\\\/image\\\/\",\"url\":\"https:\\\/\\\/arjenoticias.com.mx\\\/wp-content\\\/uploads\\\/2025\\\/07\\\/cropped-logo-scaled-1.png\",\"contentUrl\":\"https:\\\/\\\/arjenoticias.com.mx\\\/wp-content\\\/uploads\\\/2025\\\/07\\\/cropped-logo-scaled-1.png\",\"width\":2558,\"height\":558,\"caption\":\"Arj\u00e9 de M\u00e9xico Noticias\"},\"image\":{\"@id\":\"https:\\\/\\\/arjenoticias.com.mx\\\/#\\\/schema\\\/logo\\\/image\\\/\"}},{\"@type\":\"Person\",\"@id\":\"https:\\\/\\\/arjenoticias.com.mx\\\/#\\\/schema\\\/person\\\/dae40cfd8941cfd87a35b7e9ea5cba54\",\"name\":\"Samuel Stone\",\"image\":{\"@type\":\"ImageObject\",\"inLanguage\":\"es\",\"@id\":\"https:\\\/\\\/secure.gravatar.com\\\/avatar\\\/713252b0c2fef0b4db0077a4c4e94c99157370189ee4fde43e7bc4ac52d471cc?s=96&d=mm&r=g\",\"url\":\"https:\\\/\\\/secure.gravatar.com\\\/avatar\\\/713252b0c2fef0b4db0077a4c4e94c99157370189ee4fde43e7bc4ac52d471cc?s=96&d=mm&r=g\",\"contentUrl\":\"https:\\\/\\\/secure.gravatar.com\\\/avatar\\\/713252b0c2fef0b4db0077a4c4e94c99157370189ee4fde43e7bc4ac52d471cc?s=96&d=mm&r=g\",\"caption\":\"Samuel Stone\"},\"url\":\"https:\\\/\\\/arjenoticias.com.mx\\\/?author=90\"}]}<\/script>\n<!-- \/ Yoast SEO plugin. -->","yoast_head_json":{"title":"Ataque de Israel-EUA a Ir\u00e1n no esta del lado de el derecho internacional: Sam Stone -","description":"Ir\u00e1n no es Venezuela, ya que cuenta con armamento, fuerza militar y aliados que lo apoyan,","robots":{"index":"index","follow":"follow","max-snippet":"max-snippet:-1","max-image-preview":"max-image-preview:large","max-video-preview":"max-video-preview:-1"},"canonical":"https:\/\/arjenoticias.com.mx\/?p=11098","og_locale":"es_MX","og_type":"article","og_title":"Ataque de Israel-EUA a Ir\u00e1n no esta del lado de el derecho internacional: Sam Stone -","og_description":"Ir\u00e1n no es Venezuela, ya que cuenta con armamento, fuerza militar y aliados que lo apoyan,","og_url":"https:\/\/arjenoticias.com.mx\/?p=11098","article_published_time":"2026-03-05T16:48:19+00:00","author":"Samuel Stone","twitter_card":"summary_large_image","twitter_misc":{"Escrito por":"Samuel Stone","Tiempo de lectura":"2 minutos"},"schema":{"@context":"https:\/\/schema.org","@graph":[{"@type":"Article","@id":"https:\/\/arjenoticias.com.mx\/?p=11098#article","isPartOf":{"@id":"https:\/\/arjenoticias.com.mx\/?p=11098"},"author":{"name":"Samuel Stone","@id":"https:\/\/arjenoticias.com.mx\/#\/schema\/person\/dae40cfd8941cfd87a35b7e9ea5cba54"},"headline":"Ataque de Israel-EUA a Ir\u00e1n no esta del lado de el derecho internacional: Sam Stone","datePublished":"2026-03-05T16:48:19+00:00","mainEntityOfPage":{"@id":"https:\/\/arjenoticias.com.mx\/?p=11098"},"wordCount":254,"publisher":{"@id":"https:\/\/arjenoticias.com.mx\/#organization"},"image":{"@id":"https:\/\/arjenoticias.com.mx\/?p=11098#primaryimage"},"thumbnailUrl":"","keywords":["Ir\u00e1n no es Venezuela"],"articleSection":["Mundo"],"inLanguage":"es"},{"@type":"WebPage","@id":"https:\/\/arjenoticias.com.mx\/?p=11098","url":"https:\/\/arjenoticias.com.mx\/?p=11098","name":"Ataque de Israel-EUA a Ir\u00e1n no esta del lado de el derecho internacional: Sam Stone -","isPartOf":{"@id":"https:\/\/arjenoticias.com.mx\/#website"},"primaryImageOfPage":{"@id":"https:\/\/arjenoticias.com.mx\/?p=11098#primaryimage"},"image":{"@id":"https:\/\/arjenoticias.com.mx\/?p=11098#primaryimage"},"thumbnailUrl":"","datePublished":"2026-03-05T16:48:19+00:00","description":"Ir\u00e1n no es Venezuela, ya que cuenta con armamento, fuerza militar y aliados que lo apoyan,","breadcrumb":{"@id":"https:\/\/arjenoticias.com.mx\/?p=11098#breadcrumb"},"inLanguage":"es","potentialAction":[{"@type":"ReadAction","target":["https:\/\/arjenoticias.com.mx\/?p=11098"]}]},{"@type":"ImageObject","inLanguage":"es","@id":"https:\/\/arjenoticias.com.mx\/?p=11098#primaryimage","url":"","contentUrl":""},{"@type":"BreadcrumbList","@id":"https:\/\/arjenoticias.com.mx\/?p=11098#breadcrumb","itemListElement":[{"@type":"ListItem","position":1,"name":"Inicio","item":"https:\/\/arjenoticias.com.mx\/"},{"@type":"ListItem","position":2,"name":"Ataque de Israel-EUA a Ir\u00e1n no esta del lado de el derecho internacional: Sam Stone"}]},{"@type":"WebSite","@id":"https:\/\/arjenoticias.com.mx\/#website","url":"https:\/\/arjenoticias.com.mx\/","name":"arjenoticias.com.mx","description":"","publisher":{"@id":"https:\/\/arjenoticias.com.mx\/#organization"},"potentialAction":[{"@type":"SearchAction","target":{"@type":"EntryPoint","urlTemplate":"https:\/\/arjenoticias.com.mx\/?s={search_term_string}"},"query-input":{"@type":"PropertyValueSpecification","valueRequired":true,"valueName":"search_term_string"}}],"inLanguage":"es"},{"@type":"Organization","@id":"https:\/\/arjenoticias.com.mx\/#organization","name":"Arj\u00e9 de M\u00e9xico Noticias","url":"https:\/\/arjenoticias.com.mx\/","logo":{"@type":"ImageObject","inLanguage":"es","@id":"https:\/\/arjenoticias.com.mx\/#\/schema\/logo\/image\/","url":"https:\/\/arjenoticias.com.mx\/wp-content\/uploads\/2025\/07\/cropped-logo-scaled-1.png","contentUrl":"https:\/\/arjenoticias.com.mx\/wp-content\/uploads\/2025\/07\/cropped-logo-scaled-1.png","width":2558,"height":558,"caption":"Arj\u00e9 de M\u00e9xico Noticias"},"image":{"@id":"https:\/\/arjenoticias.com.mx\/#\/schema\/logo\/image\/"}},{"@type":"Person","@id":"https:\/\/arjenoticias.com.mx\/#\/schema\/person\/dae40cfd8941cfd87a35b7e9ea5cba54","name":"Samuel Stone","image":{"@type":"ImageObject","inLanguage":"es","@id":"https:\/\/secure.gravatar.com\/avatar\/713252b0c2fef0b4db0077a4c4e94c99157370189ee4fde43e7bc4ac52d471cc?s=96&d=mm&r=g","url":"https:\/\/secure.gravatar.com\/avatar\/713252b0c2fef0b4db0077a4c4e94c99157370189ee4fde43e7bc4ac52d471cc?s=96&d=mm&r=g","contentUrl":"https:\/\/secure.gravatar.com\/avatar\/713252b0c2fef0b4db0077a4c4e94c99157370189ee4fde43e7bc4ac52d471cc?s=96&d=mm&r=g","caption":"Samuel Stone"},"url":"https:\/\/arjenoticias.com.mx\/?author=90"}]}},"_links":{"self":[{"href":"https:\/\/arjenoticias.com.mx\/index.php?rest_route=\/wp\/v2\/posts\/11098","targetHints":{"allow":["GET"]}}],"collection":[{"href":"https:\/\/arjenoticias.com.mx\/index.php?rest_route=\/wp\/v2\/posts"}],"about":[{"href":"https:\/\/arjenoticias.com.mx\/index.php?rest_route=\/wp\/v2\/types\/post"}],"author":[{"embeddable":true,"href":"https:\/\/arjenoticias.com.mx\/index.php?rest_route=\/wp\/v2\/users\/90"}],"replies":[{"embeddable":true,"href":"https:\/\/arjenoticias.com.mx\/index.php?rest_route=%2Fwp%2Fv2%2Fcomments&post=11098"}],"version-history":[{"count":0,"href":"https:\/\/arjenoticias.com.mx\/index.php?rest_route=\/wp\/v2\/posts\/11098\/revisions"}],"wp:attachment":[{"href":"https:\/\/arjenoticias.com.mx\/index.php?rest_route=%2Fwp%2Fv2%2Fmedia&parent=11098"}],"wp:term":[{"taxonomy":"category","embeddable":true,"href":"https:\/\/arjenoticias.com.mx\/index.php?rest_route=%2Fwp%2Fv2%2Fcategories&post=11098"},{"taxonomy":"post_tag","embeddable":true,"href":"https:\/\/arjenoticias.com.mx\/index.php?rest_route=%2Fwp%2Fv2%2Ftags&post=11098"}],"curies":[{"name":"wp","href":"https:\/\/api.w.org\/{rel}","templated":true}]}}