{"id":11045,"date":"2026-03-04T14:01:47","date_gmt":"2026-03-04T20:01:47","guid":{"rendered":"https:\/\/arjenoticias.com\/?p=11045"},"modified":"2026-03-04T14:01:48","modified_gmt":"2026-03-04T20:01:48","slug":"estados-unidos-y-ecuador-combatiran-a-grupos-terroristas","status":"publish","type":"post","link":"https:\/\/arjenoticias.com.mx\/mundo\/estados-unidos-y-ecuador-combatiran-a-grupos-terroristas\/","title":{"rendered":"Estados Unidos y Ecuador combatir\u00e1n a grupos terroristas"},"content":{"rendered":"\n<p class=\"wp-block-paragraph\">El gobierno de Ecuador anunci\u00f3 el inicio de operaciones militares conjuntas con Estados Unidos para combatir a organizaciones calificadas como terroristas, en el marco de la ofensiva contra el narcotr\u00e1fico y la miner\u00eda ilegal que afecta al pa\u00eds sudamericano.<\/p>\n\n\n\n<p class=\"wp-block-paragraph\">El presidente Daniel Noboa inform\u00f3 a trav\u00e9s de la red social X que marzo marcar\u00eda una \u201cnueva fase contra el narcoterrorismo\u201d, subrayando que la seguridad de los ecuatorianos es la prioridad de su administraci\u00f3n. \u201cHaremos operaciones conjuntas con nuestros aliados de la regi\u00f3n, incluidos los Estados Unidos\u201d, escribi\u00f3 el mandatario.<\/p>\n\n\n\n<p class=\"wp-block-paragraph\">Por su parte, el Comando Sur de Estados Unidos confirm\u00f3 que el 3 de marzo fuerzas ecuatorianas y estadounidenses lanzaron acciones coordinadas contra \u201cOrganizaciones Terroristas Designadas\u201d en territorio ecuatoriano. En su comunicado, destac\u00f3 que estas operaciones reflejan el compromiso de los pa\u00edses de Am\u00e9rica Latina y el Caribe en la lucha contra el narcoterrorismo.<\/p>\n\n\n\n<p class=\"wp-block-paragraph\">El comandante del organismo estadounidense, el general Francis L. Donovan, elogi\u00f3 a las Fuerzas Armadas ecuatorianas por su \u201cinquebrantable compromiso\u201d y por las acciones sostenidas contra grupos criminales. El Comando Sur difundi\u00f3 adem\u00e1s un video en el que se observa el despegue de un helic\u00f3ptero y tomas a\u00e9reas con visi\u00f3n nocturna que muestran movimientos de hombres armados en una zona no especificada.<\/p>\n\n\n\n<h3 class=\"wp-block-heading\">Contexto de la crisis de seguridad<\/h3>\n\n\n\n<p class=\"wp-block-paragraph\">Ecuador atraviesa una de las peores crisis de violencia de su historia reciente. Desde 2023, el pa\u00eds experimenta un incremento sostenido de homicidios, motines carcelarios y atentados atribuidos a bandas vinculadas al narcotr\u00e1fico internacional. El gobierno de Noboa declar\u00f3 previamente un \u201cconflicto armado interno\u201d y catalog\u00f3 a varias estructuras criminales como organizaciones terroristas.<\/p>\n\n\n\n<p class=\"wp-block-paragraph\">La cooperaci\u00f3n con Estados Unidos se enmarca en acuerdos bilaterales de seguridad y asistencia militar, que incluyen intercambio de inteligencia, entrenamiento y apoyo log\u00edstico. Washington ha reiterado su respaldo a Quito en la lucha contra el crimen organizado transnacional, especialmente por la posici\u00f3n estrat\u00e9gica de Ecuador como punto de tr\u00e1nsito de drogas hacia Norteam\u00e9rica y Europa.<\/p>\n\n\n\n<p class=\"wp-block-paragraph\">Analistas consideran que la participaci\u00f3n directa de fuerzas estadounidenses marca un paso significativo en la estrategia regional contra el narcotr\u00e1fico, aunque tambi\u00e9n podr\u00eda generar debate interno sobre soberan\u00eda y el alcance de la intervenci\u00f3n extranjera.<\/p>\n\n\n\n<p class=\"wp-block-paragraph\">Las autoridades ecuatorianas no han detallado la duraci\u00f3n ni la ubicaci\u00f3n exacta de las operaciones, pero aseguraron que continuar\u00e1n ejecut\u00e1ndose en distintas zonas consideradas de alto riesgo, particularmente en la regi\u00f3n costera y \u00e1reas afectadas por la miner\u00eda ilegal.<\/p>\n\n\n\n<p class=\"wp-block-paragraph\"><\/p>\n","protected":false},"excerpt":{"rendered":"<p>El gobierno de Ecuador anunci\u00f3 el inicio de operaciones militares conjuntas con Estados Unidos para&#8230;<\/p>\n","protected":false},"author":1,"featured_media":11046,"comment_status":"closed","ping_status":"closed","sticky":false,"template":"","format":"standard","meta":{"footnotes":""},"categories":[9],"tags":[],"class_list":["post-11045","post","type-post","status-publish","format-standard","has-post-thumbnail","hentry","category-mundo"],"yoast_head":"<!-- This site is optimized with the Yoast SEO plugin v28.4 - https:\/\/yoast.com\/product\/yoast-seo-wordpress\/ -->\n<title>Estados Unidos y Ecuador combatir\u00e1n a grupos terroristas -<\/title>\n<meta name=\"description\" content=\"El gobierno de Ecuador anunci\u00f3 este martes por la noche el inicio de operaciones militares conjuntas con Estados Unidos.\" \/>\n<meta name=\"robots\" content=\"index, follow, max-snippet:-1, max-image-preview:large, max-video-preview:-1\" \/>\n<link rel=\"canonical\" href=\"https:\/\/arjenoticias.com.mx\/mundo\/estados-unidos-y-ecuador-combatiran-a-grupos-terroristas\/\" \/>\n<meta property=\"og:locale\" content=\"es_ES\" \/>\n<meta property=\"og:type\" content=\"article\" \/>\n<meta property=\"og:title\" content=\"Estados Unidos y Ecuador combatir\u00e1n a grupos terroristas -\" \/>\n<meta property=\"og:description\" content=\"El gobierno de Ecuador anunci\u00f3 este martes por la noche el inicio de operaciones militares conjuntas con Estados Unidos.\" \/>\n<meta property=\"og:url\" content=\"https:\/\/arjenoticias.com.mx\/mundo\/estados-unidos-y-ecuador-combatiran-a-grupos-terroristas\/\" \/>\n<meta property=\"article:publisher\" content=\"https:\/\/www.facebook.com\/ArjeNoticiasMX\" \/>\n<meta property=\"article:published_time\" content=\"2026-03-04T20:01:47+00:00\" \/>\n<meta property=\"article:modified_time\" content=\"2026-03-04T20:01:48+00:00\" \/>\n<meta property=\"og:image\" content=\"https:\/\/arjenoticias.com.mx\/wp-content\/uploads\/2026\/03\/Terrorismo.webp\" \/>\n\t<meta property=\"og:image:width\" content=\"800\" \/>\n\t<meta property=\"og:image:height\" content=\"450\" \/>\n\t<meta property=\"og:image:type\" content=\"image\/webp\" \/>\n<meta name=\"author\" content=\"Arj\u00e9 Noticias\" \/>\n<meta name=\"twitter:card\" content=\"summary_large_image\" \/>\n<meta name=\"twitter:creator\" content=\"@ArjeNoticias\" \/>\n<meta name=\"twitter:site\" content=\"@ArjeNoticias\" \/>\n<meta name=\"twitter:label1\" content=\"Escrito por\" \/>\n\t<meta name=\"twitter:data1\" content=\"Arj\u00e9 Noticias\" \/>\n\t<meta name=\"twitter:label2\" content=\"Tiempo de lectura\" \/>\n\t<meta name=\"twitter:data2\" content=\"3 minutos\" \/>\n<script type=\"application\/ld+json\" class=\"yoast-schema-graph\">{\"@context\":\"https:\\\/\\\/schema.org\",\"@graph\":[{\"@type\":\"Article\",\"@id\":\"https:\\\/\\\/arjenoticias.com.mx\\\/mundo\\\/estados-unidos-y-ecuador-combatiran-a-grupos-terroristas\\\/#article\",\"isPartOf\":{\"@id\":\"https:\\\/\\\/arjenoticias.com.mx\\\/mundo\\\/estados-unidos-y-ecuador-combatiran-a-grupos-terroristas\\\/\"},\"author\":{\"name\":\"Arj\u00e9 Noticias\",\"@id\":\"https:\\\/\\\/arjenoticias.com.mx\\\/#\\\/schema\\\/person\\\/1f8657b2ea5d2a202124d43971a97b85\"},\"headline\":\"Estados Unidos y Ecuador combatir\u00e1n a grupos terroristas\",\"datePublished\":\"2026-03-04T20:01:47+00:00\",\"dateModified\":\"2026-03-04T20:01:48+00:00\",\"mainEntityOfPage\":{\"@id\":\"https:\\\/\\\/arjenoticias.com.mx\\\/mundo\\\/estados-unidos-y-ecuador-combatiran-a-grupos-terroristas\\\/\"},\"wordCount\":434,\"publisher\":{\"@id\":\"https:\\\/\\\/arjenoticias.com.mx\\\/#organization\"},\"image\":{\"@id\":\"https:\\\/\\\/arjenoticias.com.mx\\\/mundo\\\/estados-unidos-y-ecuador-combatiran-a-grupos-terroristas\\\/#primaryimage\"},\"thumbnailUrl\":\"https:\\\/\\\/arjenoticias.com.mx\\\/wp-content\\\/uploads\\\/2026\\\/03\\\/Terrorismo.webp\",\"articleSection\":[\"Mundo\"],\"inLanguage\":\"es\"},{\"@type\":\"WebPage\",\"@id\":\"https:\\\/\\\/arjenoticias.com.mx\\\/mundo\\\/estados-unidos-y-ecuador-combatiran-a-grupos-terroristas\\\/\",\"url\":\"https:\\\/\\\/arjenoticias.com.mx\\\/mundo\\\/estados-unidos-y-ecuador-combatiran-a-grupos-terroristas\\\/\",\"name\":\"Estados Unidos y Ecuador combatir\u00e1n a grupos terroristas -\",\"isPartOf\":{\"@id\":\"https:\\\/\\\/arjenoticias.com.mx\\\/#website\"},\"primaryImageOfPage\":{\"@id\":\"https:\\\/\\\/arjenoticias.com.mx\\\/mundo\\\/estados-unidos-y-ecuador-combatiran-a-grupos-terroristas\\\/#primaryimage\"},\"image\":{\"@id\":\"https:\\\/\\\/arjenoticias.com.mx\\\/mundo\\\/estados-unidos-y-ecuador-combatiran-a-grupos-terroristas\\\/#primaryimage\"},\"thumbnailUrl\":\"https:\\\/\\\/arjenoticias.com.mx\\\/wp-content\\\/uploads\\\/2026\\\/03\\\/Terrorismo.webp\",\"datePublished\":\"2026-03-04T20:01:47+00:00\",\"dateModified\":\"2026-03-04T20:01:48+00:00\",\"description\":\"El gobierno de Ecuador anunci\u00f3 este martes por la noche el inicio de operaciones militares conjuntas con Estados Unidos.\",\"breadcrumb\":{\"@id\":\"https:\\\/\\\/arjenoticias.com.mx\\\/mundo\\\/estados-unidos-y-ecuador-combatiran-a-grupos-terroristas\\\/#breadcrumb\"},\"inLanguage\":\"es\",\"potentialAction\":[{\"@type\":\"ReadAction\",\"target\":[\"https:\\\/\\\/arjenoticias.com.mx\\\/mundo\\\/estados-unidos-y-ecuador-combatiran-a-grupos-terroristas\\\/\"]}]},{\"@type\":\"ImageObject\",\"inLanguage\":\"es\",\"@id\":\"https:\\\/\\\/arjenoticias.com.mx\\\/mundo\\\/estados-unidos-y-ecuador-combatiran-a-grupos-terroristas\\\/#primaryimage\",\"url\":\"https:\\\/\\\/arjenoticias.com.mx\\\/wp-content\\\/uploads\\\/2026\\\/03\\\/Terrorismo.webp\",\"contentUrl\":\"https:\\\/\\\/arjenoticias.com.mx\\\/wp-content\\\/uploads\\\/2026\\\/03\\\/Terrorismo.webp\",\"width\":800,\"height\":450,\"caption\":\"El gobierno de Ecuador anunci\u00f3 el inicio de operaciones militares conjuntas con Estados Unidos\"},{\"@type\":\"BreadcrumbList\",\"@id\":\"https:\\\/\\\/arjenoticias.com.mx\\\/mundo\\\/estados-unidos-y-ecuador-combatiran-a-grupos-terroristas\\\/#breadcrumb\",\"itemListElement\":[{\"@type\":\"ListItem\",\"position\":1,\"name\":\"Portada\",\"item\":\"https:\\\/\\\/arjenoticias.com.mx\\\/\"},{\"@type\":\"ListItem\",\"position\":2,\"name\":\"Estados Unidos y Ecuador combatir\u00e1n a grupos terroristas\"}]},{\"@type\":\"WebSite\",\"@id\":\"https:\\\/\\\/arjenoticias.com.mx\\\/#website\",\"url\":\"https:\\\/\\\/arjenoticias.com.mx\\\/\",\"name\":\"Arj\u00e9 M\u00e9xico\",\"description\":\"\",\"publisher\":{\"@id\":\"https:\\\/\\\/arjenoticias.com.mx\\\/#organization\"},\"potentialAction\":[{\"@type\":\"SearchAction\",\"target\":{\"@type\":\"EntryPoint\",\"urlTemplate\":\"https:\\\/\\\/arjenoticias.com.mx\\\/?s={search_term_string}\"},\"query-input\":{\"@type\":\"PropertyValueSpecification\",\"valueRequired\":true,\"valueName\":\"search_term_string\"}}],\"inLanguage\":\"es\"},{\"@type\":\"Organization\",\"@id\":\"https:\\\/\\\/arjenoticias.com.mx\\\/#organization\",\"name\":\"Arj\u00e9 M\u00e9xico\",\"url\":\"https:\\\/\\\/arjenoticias.com.mx\\\/\",\"logo\":{\"@type\":\"ImageObject\",\"inLanguage\":\"es\",\"@id\":\"https:\\\/\\\/arjenoticias.com.mx\\\/#\\\/schema\\\/logo\\\/image\\\/\",\"url\":\"https:\\\/\\\/arjenoticias.com\\\/wp-content\\\/uploads\\\/2026\\\/04\\\/cropped-cropped-logo-inverted-1-scaled-1.png\",\"contentUrl\":\"https:\\\/\\\/arjenoticias.com\\\/wp-content\\\/uploads\\\/2026\\\/04\\\/cropped-cropped-logo-inverted-1-scaled-1.png\",\"width\":2556,\"height\":549,\"caption\":\"Arj\u00e9 M\u00e9xico\"},\"image\":{\"@id\":\"https:\\\/\\\/arjenoticias.com.mx\\\/#\\\/schema\\\/logo\\\/image\\\/\"},\"sameAs\":[\"https:\\\/\\\/www.facebook.com\\\/ArjeNoticiasMX\",\"https:\\\/\\\/x.com\\\/ArjeNoticias\"]},{\"@type\":\"Person\",\"@id\":\"https:\\\/\\\/arjenoticias.com.mx\\\/#\\\/schema\\\/person\\\/1f8657b2ea5d2a202124d43971a97b85\",\"name\":\"Arj\u00e9 Noticias\",\"image\":{\"@type\":\"ImageObject\",\"inLanguage\":\"es\",\"@id\":\"https:\\\/\\\/arjenoticias.com\\\/wp-content\\\/uploads\\\/2026\\\/04\\\/Arje-Noticias-96x96.png\",\"url\":\"https:\\\/\\\/arjenoticias.com\\\/wp-content\\\/uploads\\\/2026\\\/04\\\/Arje-Noticias-96x96.png\",\"contentUrl\":\"https:\\\/\\\/arjenoticias.com\\\/wp-content\\\/uploads\\\/2026\\\/04\\\/Arje-Noticias-96x96.png\",\"caption\":\"Arj\u00e9 Noticias\"},\"sameAs\":[\"https:\\\/\\\/arjenoticias.com\"],\"url\":\"https:\\\/\\\/arjenoticias.com.mx\\\/author\\\/admin\\\/\"}]}<\/script>\n<!-- \/ Yoast SEO plugin. -->","yoast_head_json":{"title":"Estados Unidos y Ecuador combatir\u00e1n a grupos terroristas -","description":"El gobierno de Ecuador anunci\u00f3 este martes por la noche el inicio de operaciones militares conjuntas con Estados Unidos.","robots":{"index":"index","follow":"follow","max-snippet":"max-snippet:-1","max-image-preview":"max-image-preview:large","max-video-preview":"max-video-preview:-1"},"canonical":"https:\/\/arjenoticias.com.mx\/mundo\/estados-unidos-y-ecuador-combatiran-a-grupos-terroristas\/","og_locale":"es_ES","og_type":"article","og_title":"Estados Unidos y Ecuador combatir\u00e1n a grupos terroristas -","og_description":"El gobierno de Ecuador anunci\u00f3 este martes por la noche el inicio de operaciones militares conjuntas con Estados Unidos.","og_url":"https:\/\/arjenoticias.com.mx\/mundo\/estados-unidos-y-ecuador-combatiran-a-grupos-terroristas\/","article_publisher":"https:\/\/www.facebook.com\/ArjeNoticiasMX","article_published_time":"2026-03-04T20:01:47+00:00","article_modified_time":"2026-03-04T20:01:48+00:00","og_image":[{"width":800,"height":450,"url":"https:\/\/arjenoticias.com.mx\/wp-content\/uploads\/2026\/03\/Terrorismo.webp","type":"image\/webp"}],"author":"Arj\u00e9 Noticias","twitter_card":"summary_large_image","twitter_creator":"@ArjeNoticias","twitter_site":"@ArjeNoticias","twitter_misc":{"Escrito por":"Arj\u00e9 Noticias","Tiempo de lectura":"3 minutos"},"schema":{"@context":"https:\/\/schema.org","@graph":[{"@type":"Article","@id":"https:\/\/arjenoticias.com.mx\/mundo\/estados-unidos-y-ecuador-combatiran-a-grupos-terroristas\/#article","isPartOf":{"@id":"https:\/\/arjenoticias.com.mx\/mundo\/estados-unidos-y-ecuador-combatiran-a-grupos-terroristas\/"},"author":{"name":"Arj\u00e9 Noticias","@id":"https:\/\/arjenoticias.com.mx\/#\/schema\/person\/1f8657b2ea5d2a202124d43971a97b85"},"headline":"Estados Unidos y Ecuador combatir\u00e1n a grupos terroristas","datePublished":"2026-03-04T20:01:47+00:00","dateModified":"2026-03-04T20:01:48+00:00","mainEntityOfPage":{"@id":"https:\/\/arjenoticias.com.mx\/mundo\/estados-unidos-y-ecuador-combatiran-a-grupos-terroristas\/"},"wordCount":434,"publisher":{"@id":"https:\/\/arjenoticias.com.mx\/#organization"},"image":{"@id":"https:\/\/arjenoticias.com.mx\/mundo\/estados-unidos-y-ecuador-combatiran-a-grupos-terroristas\/#primaryimage"},"thumbnailUrl":"https:\/\/arjenoticias.com.mx\/wp-content\/uploads\/2026\/03\/Terrorismo.webp","articleSection":["Mundo"],"inLanguage":"es"},{"@type":"WebPage","@id":"https:\/\/arjenoticias.com.mx\/mundo\/estados-unidos-y-ecuador-combatiran-a-grupos-terroristas\/","url":"https:\/\/arjenoticias.com.mx\/mundo\/estados-unidos-y-ecuador-combatiran-a-grupos-terroristas\/","name":"Estados Unidos y Ecuador combatir\u00e1n a grupos terroristas -","isPartOf":{"@id":"https:\/\/arjenoticias.com.mx\/#website"},"primaryImageOfPage":{"@id":"https:\/\/arjenoticias.com.mx\/mundo\/estados-unidos-y-ecuador-combatiran-a-grupos-terroristas\/#primaryimage"},"image":{"@id":"https:\/\/arjenoticias.com.mx\/mundo\/estados-unidos-y-ecuador-combatiran-a-grupos-terroristas\/#primaryimage"},"thumbnailUrl":"https:\/\/arjenoticias.com.mx\/wp-content\/uploads\/2026\/03\/Terrorismo.webp","datePublished":"2026-03-04T20:01:47+00:00","dateModified":"2026-03-04T20:01:48+00:00","description":"El gobierno de Ecuador anunci\u00f3 este martes por la noche el inicio de operaciones militares conjuntas con Estados Unidos.","breadcrumb":{"@id":"https:\/\/arjenoticias.com.mx\/mundo\/estados-unidos-y-ecuador-combatiran-a-grupos-terroristas\/#breadcrumb"},"inLanguage":"es","potentialAction":[{"@type":"ReadAction","target":["https:\/\/arjenoticias.com.mx\/mundo\/estados-unidos-y-ecuador-combatiran-a-grupos-terroristas\/"]}]},{"@type":"ImageObject","inLanguage":"es","@id":"https:\/\/arjenoticias.com.mx\/mundo\/estados-unidos-y-ecuador-combatiran-a-grupos-terroristas\/#primaryimage","url":"https:\/\/arjenoticias.com.mx\/wp-content\/uploads\/2026\/03\/Terrorismo.webp","contentUrl":"https:\/\/arjenoticias.com.mx\/wp-content\/uploads\/2026\/03\/Terrorismo.webp","width":800,"height":450,"caption":"El gobierno de Ecuador anunci\u00f3 el inicio de operaciones militares conjuntas con Estados Unidos"},{"@type":"BreadcrumbList","@id":"https:\/\/arjenoticias.com.mx\/mundo\/estados-unidos-y-ecuador-combatiran-a-grupos-terroristas\/#breadcrumb","itemListElement":[{"@type":"ListItem","position":1,"name":"Portada","item":"https:\/\/arjenoticias.com.mx\/"},{"@type":"ListItem","position":2,"name":"Estados Unidos y Ecuador combatir\u00e1n a grupos terroristas"}]},{"@type":"WebSite","@id":"https:\/\/arjenoticias.com.mx\/#website","url":"https:\/\/arjenoticias.com.mx\/","name":"Arj\u00e9 M\u00e9xico","description":"","publisher":{"@id":"https:\/\/arjenoticias.com.mx\/#organization"},"potentialAction":[{"@type":"SearchAction","target":{"@type":"EntryPoint","urlTemplate":"https:\/\/arjenoticias.com.mx\/?s={search_term_string}"},"query-input":{"@type":"PropertyValueSpecification","valueRequired":true,"valueName":"search_term_string"}}],"inLanguage":"es"},{"@type":"Organization","@id":"https:\/\/arjenoticias.com.mx\/#organization","name":"Arj\u00e9 M\u00e9xico","url":"https:\/\/arjenoticias.com.mx\/","logo":{"@type":"ImageObject","inLanguage":"es","@id":"https:\/\/arjenoticias.com.mx\/#\/schema\/logo\/image\/","url":"https:\/\/arjenoticias.com\/wp-content\/uploads\/2026\/04\/cropped-cropped-logo-inverted-1-scaled-1.png","contentUrl":"https:\/\/arjenoticias.com\/wp-content\/uploads\/2026\/04\/cropped-cropped-logo-inverted-1-scaled-1.png","width":2556,"height":549,"caption":"Arj\u00e9 M\u00e9xico"},"image":{"@id":"https:\/\/arjenoticias.com.mx\/#\/schema\/logo\/image\/"},"sameAs":["https:\/\/www.facebook.com\/ArjeNoticiasMX","https:\/\/x.com\/ArjeNoticias"]},{"@type":"Person","@id":"https:\/\/arjenoticias.com.mx\/#\/schema\/person\/1f8657b2ea5d2a202124d43971a97b85","name":"Arj\u00e9 Noticias","image":{"@type":"ImageObject","inLanguage":"es","@id":"https:\/\/arjenoticias.com\/wp-content\/uploads\/2026\/04\/Arje-Noticias-96x96.png","url":"https:\/\/arjenoticias.com\/wp-content\/uploads\/2026\/04\/Arje-Noticias-96x96.png","contentUrl":"https:\/\/arjenoticias.com\/wp-content\/uploads\/2026\/04\/Arje-Noticias-96x96.png","caption":"Arj\u00e9 Noticias"},"sameAs":["https:\/\/arjenoticias.com"],"url":"https:\/\/arjenoticias.com.mx\/author\/admin\/"}]}},"featured_image_urls":{"full":["https:\/\/arjenoticias.com.mx\/wp-content\/uploads\/2026\/03\/Terrorismo.webp",800,450,false],"thumbnail":["https:\/\/arjenoticias.com.mx\/wp-content\/uploads\/2026\/03\/Terrorismo-150x150.webp",150,150,true],"medium":["https:\/\/arjenoticias.com.mx\/wp-content\/uploads\/2026\/03\/Terrorismo-300x169.webp",300,169,true],"medium_large":["https:\/\/arjenoticias.com.mx\/wp-content\/uploads\/2026\/03\/Terrorismo-768x432.webp",640,360,true],"large":["https:\/\/arjenoticias.com.mx\/wp-content\/uploads\/2026\/03\/Terrorismo.webp",640,360,false],"1536x1536":["https:\/\/arjenoticias.com.mx\/wp-content\/uploads\/2026\/03\/Terrorismo.webp",800,450,false],"2048x2048":["https:\/\/arjenoticias.com.mx\/wp-content\/uploads\/2026\/03\/Terrorismo.webp",800,450,false],"covernews-featured":["https:\/\/arjenoticias.com.mx\/wp-content\/uploads\/2026\/03\/Terrorismo.webp",800,450,false],"covernews-medium":["https:\/\/arjenoticias.com.mx\/wp-content\/uploads\/2026\/03\/Terrorismo-540x340.webp",540,340,true]},"author_info":{"info":["Arj\u00e9 Noticias"]},"category_info":"<a href=\"https:\/\/arjenoticias.com.mx\/category\/mundo\/\" rel=\"category tag\">Mundo<\/a>","tag_info":"Mundo","comment_count":"0","_links":{"self":[{"href":"https:\/\/arjenoticias.com.mx\/wp-json\/wp\/v2\/posts\/11045","targetHints":{"allow":["GET"]}}],"collection":[{"href":"https:\/\/arjenoticias.com.mx\/wp-json\/wp\/v2\/posts"}],"about":[{"href":"https:\/\/arjenoticias.com.mx\/wp-json\/wp\/v2\/types\/post"}],"author":[{"embeddable":true,"href":"https:\/\/arjenoticias.com.mx\/wp-json\/wp\/v2\/users\/1"}],"replies":[{"embeddable":true,"href":"https:\/\/arjenoticias.com.mx\/wp-json\/wp\/v2\/comments?post=11045"}],"version-history":[{"count":1,"href":"https:\/\/arjenoticias.com.mx\/wp-json\/wp\/v2\/posts\/11045\/revisions"}],"predecessor-version":[{"id":11047,"href":"https:\/\/arjenoticias.com.mx\/wp-json\/wp\/v2\/posts\/11045\/revisions\/11047"}],"wp:featuredmedia":[{"embeddable":true,"href":"https:\/\/arjenoticias.com.mx\/wp-json\/wp\/v2\/media\/11046"}],"wp:attachment":[{"href":"https:\/\/arjenoticias.com.mx\/wp-json\/wp\/v2\/media?parent=11045"}],"wp:term":[{"taxonomy":"category","embeddable":true,"href":"https:\/\/arjenoticias.com.mx\/wp-json\/wp\/v2\/categories?post=11045"},{"taxonomy":"post_tag","embeddable":true,"href":"https:\/\/arjenoticias.com.mx\/wp-json\/wp\/v2\/tags?post=11045"}],"curies":[{"name":"wp","href":"https:\/\/api.w.org\/{rel}","templated":true}]}}