{"id":11030,"date":"2026-03-04T13:12:21","date_gmt":"2026-03-04T19:12:21","guid":{"rendered":"https:\/\/arjenoticias.com\/?p=11030"},"modified":"2026-03-04T13:12:21","modified_gmt":"2026-03-04T19:12:21","slug":"27-reglas-del-lider-humanista-julio-castillo-lopez","status":"publish","type":"post","link":"https:\/\/arjenoticias.com.mx\/?p=11030","title":{"rendered":"27 reglas del l\u00edder humanista: Julio Castillo L\u00f3pez"},"content":{"rendered":"\n<figure class=\"wp-block-embed is-type-video is-provider-youtube wp-block-embed-youtube wp-embed-aspect-16-9 wp-has-aspect-ratio\"><div class=\"wp-block-embed__wrapper\">\n<iframe title=\"Entrevista con Julio Castillo Lopez\" width=\"640\" height=\"360\" src=\"https:\/\/www.youtube.com\/embed\/7YYZWmyvuv4?feature=oembed\" frameborder=\"0\" allow=\"accelerometer; autoplay; clipboard-write; encrypted-media; gyroscope; picture-in-picture; web-share\" referrerpolicy=\"strict-origin-when-cross-origin\" allowfullscreen><\/iframe>\n<\/div><\/figure>\n\n\n\n<p class=\"wp-block-paragraph\">En entrevista exclusiva para arjenoticias.com.mx\/ Julio Castillo dice; \u201cEn un contexto pol\u00edtico dominado por el cinismo, el espect\u00e1culo y la trivializaci\u00f3n del poder, 27 reglas del l\u00edder humanista, proponemos una alternativa urgente: reconstruir el sentido profundo del liderazgo desde una visi\u00f3n humanista, \u00e9tica y trascendente\u201d.<br>Castillo enfatiza; \u201cLa propuesta central del libro gira en torno a una figura: el l\u00edder humanista. No se trata de un h\u00e9roe idealizado, ni de una figura nost\u00e1lgica, sino de un modelo concreto, realista y profundamente actual de liderazgo. el liderazgo humanista no es una corriente ideol\u00f3gica ni una estrategia electoral: es una vocaci\u00f3n de servicio que parte de una convicci\u00f3n \u00e9tica y que, por tanto, incomoda a quienes ven la pol\u00edtica solo como oportunidad de poder o negocio\u201d.<br>Te invito a ver y escucha la entrevista con Julio Castillo, ya que abre las ventanas de la pol\u00edtica como una esperanza para servir a la comunidad y no depender del populismo, que abusa de la pol\u00edtica, para as\u00ed abusar de la ciudadan\u00eda.<br>Ir\u00e1 viniendo, iremos viendo, como el l\u00edder humanista se instaura en una sociedad del algoritmo, del like y del discurso corto, el liderazgo se ha reducido muchas veces a espect\u00e1culo. Se premia la habilidad para viralizar frases, no para transformar realidades. 27 reglas del l\u00edder humanista responden a ese vac\u00edo.<\/p>\n\n\n\n<p class=\"wp-block-paragraph\"><\/p>\n","protected":false},"excerpt":{"rendered":"<p>En entrevista exclusiva para arjenoticias.com.mx\/ Julio Castillo dice; \u201cEn un contexto pol\u00edtico dominado por el&#8230;<\/p>\n","protected":false},"author":68,"featured_media":11032,"comment_status":"closed","ping_status":"closed","sticky":false,"template":"","format":"standard","meta":{"footnotes":""},"categories":[13],"tags":[66],"class_list":["post-11030","post","type-post","status-publish","format-standard","has-post-thumbnail","hentry","category-politica","tag-27-reglas-del-lider-humanista"],"yoast_head":"<!-- This site is optimized with the Yoast SEO plugin v28.4 - https:\/\/yoast.com\/product\/yoast-seo-wordpress\/ -->\n<title>27 reglas del l\u00edder humanista: Julio Castillo L\u00f3pez -<\/title>\n<meta name=\"description\" content=\"el l\u00edder humanista. No se trata de un h\u00e9roe idealizado, ni de una figura nost\u00e1lgica, sino de un modelo concreto, realista y profundamente actual de liderazgo. el liderazgo humanista no es una corriente ideol\u00f3gica ni una estrategia electora\" \/>\n<meta name=\"robots\" content=\"index, follow, max-snippet:-1, max-image-preview:large, max-video-preview:-1\" \/>\n<link rel=\"canonical\" href=\"https:\/\/arjenoticias.com.mx\/?p=11030\" \/>\n<meta property=\"og:locale\" content=\"es_MX\" \/>\n<meta property=\"og:type\" content=\"article\" \/>\n<meta property=\"og:title\" content=\"27 reglas del l\u00edder humanista: Julio Castillo L\u00f3pez -\" \/>\n<meta property=\"og:description\" content=\"el l\u00edder humanista. No se trata de un h\u00e9roe idealizado, ni de una figura nost\u00e1lgica, sino de un modelo concreto, realista y profundamente actual de liderazgo. el liderazgo humanista no es una corriente ideol\u00f3gica ni una estrategia electora\" \/>\n<meta property=\"og:url\" content=\"https:\/\/arjenoticias.com.mx\/?p=11030\" \/>\n<meta property=\"article:published_time\" content=\"2026-03-04T19:12:21+00:00\" \/>\n<meta name=\"author\" content=\"Ra\u00fal Monter Ortega\" \/>\n<meta name=\"twitter:card\" content=\"summary_large_image\" \/>\n<meta name=\"twitter:label1\" content=\"Escrito por\" \/>\n\t<meta name=\"twitter:data1\" content=\"Ra\u00fal Monter Ortega\" \/>\n\t<meta name=\"twitter:label2\" content=\"Tiempo de lectura\" \/>\n\t<meta name=\"twitter:data2\" content=\"2 minutos\" \/>\n<script type=\"application\/ld+json\" class=\"yoast-schema-graph\">{\"@context\":\"https:\\\/\\\/schema.org\",\"@graph\":[{\"@type\":\"Article\",\"@id\":\"https:\\\/\\\/arjenoticias.com.mx\\\/?p=11030#article\",\"isPartOf\":{\"@id\":\"https:\\\/\\\/arjenoticias.com.mx\\\/?p=11030\"},\"author\":{\"name\":\"Ra\u00fal Monter Ortega\",\"@id\":\"https:\\\/\\\/arjenoticias.com.mx\\\/#\\\/schema\\\/person\\\/f48bc28476b38490cbe82bd109c72b24\"},\"headline\":\"27 reglas del l\u00edder humanista: Julio Castillo L\u00f3pez\",\"datePublished\":\"2026-03-04T19:12:21+00:00\",\"mainEntityOfPage\":{\"@id\":\"https:\\\/\\\/arjenoticias.com.mx\\\/?p=11030\"},\"wordCount\":249,\"publisher\":{\"@id\":\"https:\\\/\\\/arjenoticias.com.mx\\\/#organization\"},\"image\":{\"@id\":\"https:\\\/\\\/arjenoticias.com.mx\\\/?p=11030#primaryimage\"},\"thumbnailUrl\":\"\",\"keywords\":[\"27 reglas del l\u00edder humanista\"],\"articleSection\":[\"Pol\u00edtica\"],\"inLanguage\":\"es\"},{\"@type\":\"WebPage\",\"@id\":\"https:\\\/\\\/arjenoticias.com.mx\\\/?p=11030\",\"url\":\"https:\\\/\\\/arjenoticias.com.mx\\\/?p=11030\",\"name\":\"27 reglas del l\u00edder humanista: Julio Castillo L\u00f3pez -\",\"isPartOf\":{\"@id\":\"https:\\\/\\\/arjenoticias.com.mx\\\/#website\"},\"primaryImageOfPage\":{\"@id\":\"https:\\\/\\\/arjenoticias.com.mx\\\/?p=11030#primaryimage\"},\"image\":{\"@id\":\"https:\\\/\\\/arjenoticias.com.mx\\\/?p=11030#primaryimage\"},\"thumbnailUrl\":\"\",\"datePublished\":\"2026-03-04T19:12:21+00:00\",\"description\":\"el l\u00edder humanista. No se trata de un h\u00e9roe idealizado, ni de una figura nost\u00e1lgica, sino de un modelo concreto, realista y profundamente actual de liderazgo. el liderazgo humanista no es una corriente ideol\u00f3gica ni una estrategia electora\",\"breadcrumb\":{\"@id\":\"https:\\\/\\\/arjenoticias.com.mx\\\/?p=11030#breadcrumb\"},\"inLanguage\":\"es\",\"potentialAction\":[{\"@type\":\"ReadAction\",\"target\":[\"https:\\\/\\\/arjenoticias.com.mx\\\/?p=11030\"]}]},{\"@type\":\"ImageObject\",\"inLanguage\":\"es\",\"@id\":\"https:\\\/\\\/arjenoticias.com.mx\\\/?p=11030#primaryimage\",\"url\":\"\",\"contentUrl\":\"\"},{\"@type\":\"BreadcrumbList\",\"@id\":\"https:\\\/\\\/arjenoticias.com.mx\\\/?p=11030#breadcrumb\",\"itemListElement\":[{\"@type\":\"ListItem\",\"position\":1,\"name\":\"Inicio\",\"item\":\"https:\\\/\\\/arjenoticias.com.mx\\\/\"},{\"@type\":\"ListItem\",\"position\":2,\"name\":\"27 reglas del l\u00edder humanista: Julio Castillo L\u00f3pez\"}]},{\"@type\":\"WebSite\",\"@id\":\"https:\\\/\\\/arjenoticias.com.mx\\\/#website\",\"url\":\"https:\\\/\\\/arjenoticias.com.mx\\\/\",\"name\":\"arjenoticias.com.mx\",\"description\":\"\",\"publisher\":{\"@id\":\"https:\\\/\\\/arjenoticias.com.mx\\\/#organization\"},\"potentialAction\":[{\"@type\":\"SearchAction\",\"target\":{\"@type\":\"EntryPoint\",\"urlTemplate\":\"https:\\\/\\\/arjenoticias.com.mx\\\/?s={search_term_string}\"},\"query-input\":{\"@type\":\"PropertyValueSpecification\",\"valueRequired\":true,\"valueName\":\"search_term_string\"}}],\"inLanguage\":\"es\"},{\"@type\":\"Organization\",\"@id\":\"https:\\\/\\\/arjenoticias.com.mx\\\/#organization\",\"name\":\"Arj\u00e9 de M\u00e9xico Noticias\",\"url\":\"https:\\\/\\\/arjenoticias.com.mx\\\/\",\"logo\":{\"@type\":\"ImageObject\",\"inLanguage\":\"es\",\"@id\":\"https:\\\/\\\/arjenoticias.com.mx\\\/#\\\/schema\\\/logo\\\/image\\\/\",\"url\":\"https:\\\/\\\/arjenoticias.com.mx\\\/wp-content\\\/uploads\\\/2025\\\/07\\\/cropped-logo-scaled-1.png\",\"contentUrl\":\"https:\\\/\\\/arjenoticias.com.mx\\\/wp-content\\\/uploads\\\/2025\\\/07\\\/cropped-logo-scaled-1.png\",\"width\":2558,\"height\":558,\"caption\":\"Arj\u00e9 de M\u00e9xico Noticias\"},\"image\":{\"@id\":\"https:\\\/\\\/arjenoticias.com.mx\\\/#\\\/schema\\\/logo\\\/image\\\/\"}},{\"@type\":\"Person\",\"@id\":\"https:\\\/\\\/arjenoticias.com.mx\\\/#\\\/schema\\\/person\\\/f48bc28476b38490cbe82bd109c72b24\",\"name\":\"Ra\u00fal Monter Ortega\",\"image\":{\"@type\":\"ImageObject\",\"inLanguage\":\"es\",\"@id\":\"https:\\\/\\\/secure.gravatar.com\\\/avatar\\\/1616403283ceadc5d9a2d98c21703f217676e6be6595972f5d3d26ff78793f9d?s=96&d=mm&r=g\",\"url\":\"https:\\\/\\\/secure.gravatar.com\\\/avatar\\\/1616403283ceadc5d9a2d98c21703f217676e6be6595972f5d3d26ff78793f9d?s=96&d=mm&r=g\",\"contentUrl\":\"https:\\\/\\\/secure.gravatar.com\\\/avatar\\\/1616403283ceadc5d9a2d98c21703f217676e6be6595972f5d3d26ff78793f9d?s=96&d=mm&r=g\",\"caption\":\"Ra\u00fal Monter Ortega\"},\"url\":\"https:\\\/\\\/arjenoticias.com.mx\\\/?author=68\"}]}<\/script>\n<!-- \/ Yoast SEO plugin. -->","yoast_head_json":{"title":"27 reglas del l\u00edder humanista: Julio Castillo L\u00f3pez -","description":"el l\u00edder humanista. No se trata de un h\u00e9roe idealizado, ni de una figura nost\u00e1lgica, sino de un modelo concreto, realista y profundamente actual de liderazgo. el liderazgo humanista no es una corriente ideol\u00f3gica ni una estrategia electora","robots":{"index":"index","follow":"follow","max-snippet":"max-snippet:-1","max-image-preview":"max-image-preview:large","max-video-preview":"max-video-preview:-1"},"canonical":"https:\/\/arjenoticias.com.mx\/?p=11030","og_locale":"es_MX","og_type":"article","og_title":"27 reglas del l\u00edder humanista: Julio Castillo L\u00f3pez -","og_description":"el l\u00edder humanista. No se trata de un h\u00e9roe idealizado, ni de una figura nost\u00e1lgica, sino de un modelo concreto, realista y profundamente actual de liderazgo. el liderazgo humanista no es una corriente ideol\u00f3gica ni una estrategia electora","og_url":"https:\/\/arjenoticias.com.mx\/?p=11030","article_published_time":"2026-03-04T19:12:21+00:00","author":"Ra\u00fal Monter Ortega","twitter_card":"summary_large_image","twitter_misc":{"Escrito por":"Ra\u00fal Monter Ortega","Tiempo de lectura":"2 minutos"},"schema":{"@context":"https:\/\/schema.org","@graph":[{"@type":"Article","@id":"https:\/\/arjenoticias.com.mx\/?p=11030#article","isPartOf":{"@id":"https:\/\/arjenoticias.com.mx\/?p=11030"},"author":{"name":"Ra\u00fal Monter Ortega","@id":"https:\/\/arjenoticias.com.mx\/#\/schema\/person\/f48bc28476b38490cbe82bd109c72b24"},"headline":"27 reglas del l\u00edder humanista: Julio Castillo L\u00f3pez","datePublished":"2026-03-04T19:12:21+00:00","mainEntityOfPage":{"@id":"https:\/\/arjenoticias.com.mx\/?p=11030"},"wordCount":249,"publisher":{"@id":"https:\/\/arjenoticias.com.mx\/#organization"},"image":{"@id":"https:\/\/arjenoticias.com.mx\/?p=11030#primaryimage"},"thumbnailUrl":"","keywords":["27 reglas del l\u00edder humanista"],"articleSection":["Pol\u00edtica"],"inLanguage":"es"},{"@type":"WebPage","@id":"https:\/\/arjenoticias.com.mx\/?p=11030","url":"https:\/\/arjenoticias.com.mx\/?p=11030","name":"27 reglas del l\u00edder humanista: Julio Castillo L\u00f3pez -","isPartOf":{"@id":"https:\/\/arjenoticias.com.mx\/#website"},"primaryImageOfPage":{"@id":"https:\/\/arjenoticias.com.mx\/?p=11030#primaryimage"},"image":{"@id":"https:\/\/arjenoticias.com.mx\/?p=11030#primaryimage"},"thumbnailUrl":"","datePublished":"2026-03-04T19:12:21+00:00","description":"el l\u00edder humanista. No se trata de un h\u00e9roe idealizado, ni de una figura nost\u00e1lgica, sino de un modelo concreto, realista y profundamente actual de liderazgo. el liderazgo humanista no es una corriente ideol\u00f3gica ni una estrategia electora","breadcrumb":{"@id":"https:\/\/arjenoticias.com.mx\/?p=11030#breadcrumb"},"inLanguage":"es","potentialAction":[{"@type":"ReadAction","target":["https:\/\/arjenoticias.com.mx\/?p=11030"]}]},{"@type":"ImageObject","inLanguage":"es","@id":"https:\/\/arjenoticias.com.mx\/?p=11030#primaryimage","url":"","contentUrl":""},{"@type":"BreadcrumbList","@id":"https:\/\/arjenoticias.com.mx\/?p=11030#breadcrumb","itemListElement":[{"@type":"ListItem","position":1,"name":"Inicio","item":"https:\/\/arjenoticias.com.mx\/"},{"@type":"ListItem","position":2,"name":"27 reglas del l\u00edder humanista: Julio Castillo L\u00f3pez"}]},{"@type":"WebSite","@id":"https:\/\/arjenoticias.com.mx\/#website","url":"https:\/\/arjenoticias.com.mx\/","name":"arjenoticias.com.mx","description":"","publisher":{"@id":"https:\/\/arjenoticias.com.mx\/#organization"},"potentialAction":[{"@type":"SearchAction","target":{"@type":"EntryPoint","urlTemplate":"https:\/\/arjenoticias.com.mx\/?s={search_term_string}"},"query-input":{"@type":"PropertyValueSpecification","valueRequired":true,"valueName":"search_term_string"}}],"inLanguage":"es"},{"@type":"Organization","@id":"https:\/\/arjenoticias.com.mx\/#organization","name":"Arj\u00e9 de M\u00e9xico Noticias","url":"https:\/\/arjenoticias.com.mx\/","logo":{"@type":"ImageObject","inLanguage":"es","@id":"https:\/\/arjenoticias.com.mx\/#\/schema\/logo\/image\/","url":"https:\/\/arjenoticias.com.mx\/wp-content\/uploads\/2025\/07\/cropped-logo-scaled-1.png","contentUrl":"https:\/\/arjenoticias.com.mx\/wp-content\/uploads\/2025\/07\/cropped-logo-scaled-1.png","width":2558,"height":558,"caption":"Arj\u00e9 de M\u00e9xico Noticias"},"image":{"@id":"https:\/\/arjenoticias.com.mx\/#\/schema\/logo\/image\/"}},{"@type":"Person","@id":"https:\/\/arjenoticias.com.mx\/#\/schema\/person\/f48bc28476b38490cbe82bd109c72b24","name":"Ra\u00fal Monter Ortega","image":{"@type":"ImageObject","inLanguage":"es","@id":"https:\/\/secure.gravatar.com\/avatar\/1616403283ceadc5d9a2d98c21703f217676e6be6595972f5d3d26ff78793f9d?s=96&d=mm&r=g","url":"https:\/\/secure.gravatar.com\/avatar\/1616403283ceadc5d9a2d98c21703f217676e6be6595972f5d3d26ff78793f9d?s=96&d=mm&r=g","contentUrl":"https:\/\/secure.gravatar.com\/avatar\/1616403283ceadc5d9a2d98c21703f217676e6be6595972f5d3d26ff78793f9d?s=96&d=mm&r=g","caption":"Ra\u00fal Monter Ortega"},"url":"https:\/\/arjenoticias.com.mx\/?author=68"}]}},"_links":{"self":[{"href":"https:\/\/arjenoticias.com.mx\/index.php?rest_route=\/wp\/v2\/posts\/11030","targetHints":{"allow":["GET"]}}],"collection":[{"href":"https:\/\/arjenoticias.com.mx\/index.php?rest_route=\/wp\/v2\/posts"}],"about":[{"href":"https:\/\/arjenoticias.com.mx\/index.php?rest_route=\/wp\/v2\/types\/post"}],"author":[{"embeddable":true,"href":"https:\/\/arjenoticias.com.mx\/index.php?rest_route=\/wp\/v2\/users\/68"}],"replies":[{"embeddable":true,"href":"https:\/\/arjenoticias.com.mx\/index.php?rest_route=%2Fwp%2Fv2%2Fcomments&post=11030"}],"version-history":[{"count":0,"href":"https:\/\/arjenoticias.com.mx\/index.php?rest_route=\/wp\/v2\/posts\/11030\/revisions"}],"wp:attachment":[{"href":"https:\/\/arjenoticias.com.mx\/index.php?rest_route=%2Fwp%2Fv2%2Fmedia&parent=11030"}],"wp:term":[{"taxonomy":"category","embeddable":true,"href":"https:\/\/arjenoticias.com.mx\/index.php?rest_route=%2Fwp%2Fv2%2Fcategories&post=11030"},{"taxonomy":"post_tag","embeddable":true,"href":"https:\/\/arjenoticias.com.mx\/index.php?rest_route=%2Fwp%2Fv2%2Ftags&post=11030"}],"curies":[{"name":"wp","href":"https:\/\/api.w.org\/{rel}","templated":true}]}}