{"id":11006,"date":"2026-03-04T10:04:31","date_gmt":"2026-03-04T16:04:31","guid":{"rendered":"https:\/\/arjenoticias.com\/?p=11006"},"modified":"2026-03-04T11:53:21","modified_gmt":"2026-03-04T17:53:21","slug":"por-que-surgen-los-imperios-y-por-que-dejan-de-serlo-dr-alfredo-cuellar","status":"publish","type":"post","link":"https:\/\/arjenoticias.com.mx\/lo-mas-relevante\/por-que-surgen-los-imperios-y-por-que-dejan-de-serlo-dr-alfredo-cuellar\/","title":{"rendered":"\u00bfPor qu\u00e9 surgen los imperios\u2026 y por qu\u00e9 dejan de serlo?: Dr Alfredo Cuellar"},"content":{"rendered":"\n<p class=\"wp-block-paragraph\">Los imperios no anuncian su declive. Se perciben s\u00f3lidos cuando comienzan a transformarse y parecen eternos cuando ya han iniciado su erosi\u00f3n, escribe el doctor Alfredo Cuellar en arjenoticias.<\/p>\n\n\n\n<p class=\"wp-block-paragraph\">En medio de la competencia estrat\u00e9gica entre Estados Unidos, China y Rusia, y ante la incertidumbre que genera la pol\u00edtica contempor\u00e1nea, resurgen preguntas inevitables: \u00bfse debilita la hegemon\u00eda estadounidense? \u00bfasciende China hacia condici\u00f3n imperial? \u00bfestamos ante una transici\u00f3n hist\u00f3rica?<\/p>\n\n\n\n<p class=\"wp-block-paragraph\">Para responderlas, es necesario retroceder. La historia ofrece patrones que iluminan el presente.<\/p>\n\n\n\n<p class=\"wp-block-paragraph\"><strong>\u00bfQu\u00e9 es un imperio?<\/strong><\/p>\n\n\n\n<p class=\"wp-block-paragraph\">Un imperio no es simplemente un pa\u00eds poderoso. Es una estructura pol\u00edtica, econ\u00f3mica y cultural que logra proyectar su influencia m\u00e1s all\u00e1 de sus fronteras y establecer reglas, normas y narrativas que otros aceptan \u2014por convicci\u00f3n, conveniencia o coerci\u00f3n\u2014.<\/p>\n\n\n\n<p class=\"wp-block-paragraph\">Un imperio surge cuando confluyen varios elementos:<\/p>\n\n\n\n<ul class=\"wp-block-list\">\n<li>Ventaja tecnol\u00f3gica o militar.<\/li>\n\n\n\n<li>Excedente econ\u00f3mico.<\/li>\n\n\n\n<li>Cohesi\u00f3n interna suficiente.<\/li>\n\n\n\n<li>Narrativa legitimadora compartida.<\/li>\n\n\n\n<li>Capacidad organizativa superior.<\/li>\n<\/ul>\n\n\n\n<p class=\"wp-block-paragraph\">No basta la fuerza. Se requiere legitimidad interna y capacidad de administraci\u00f3n.<\/p>\n\n\n\n<p class=\"wp-block-paragraph\">Hist\u00f3ricamente, el Imperio Romano, el Imperio Brit\u00e1nico, el Imperio Otomano, la Francia napole\u00f3nica, el Imperio Espa\u00f1ol, la Uni\u00f3n Sovi\u00e9tica y Estados Unidos han encarnado, en distintos momentos, esa condici\u00f3n imperial.<\/p>\n\n\n\n<p class=\"wp-block-paragraph\"><strong>\u00bfPor qu\u00e9 surgen?<\/strong><\/p>\n\n\n\n<p class=\"wp-block-paragraph\">Los imperios emergen cuando una sociedad logra articular poder material y cohesi\u00f3n simb\u00f3lica.<\/p>\n\n\n\n<p class=\"wp-block-paragraph\">Roma combin\u00f3 organizaci\u00f3n militar y derecho.<\/p>\n\n\n\n<p class=\"wp-block-paragraph\">Espa\u00f1a combin\u00f3 expansi\u00f3n mar\u00edtima, religi\u00f3n y monarqu\u00eda centralizada.<\/p>\n\n\n\n<p class=\"wp-block-paragraph\">Gran Breta\u00f1a combin\u00f3 revoluci\u00f3n industrial y dominio naval.<\/p>\n\n\n\n<p class=\"wp-block-paragraph\">La Uni\u00f3n Sovi\u00e9tica combin\u00f3 ideolog\u00eda y control territorial.<\/p>\n\n\n\n<p class=\"wp-block-paragraph\">Estados Unidos combin\u00f3 econom\u00eda, innovaci\u00f3n y <em>soft power<\/em> cultural.<\/p>\n\n\n\n<p class=\"wp-block-paragraph\">En todos los casos hubo un elemento com\u00fan: una narrativa que justificaba el orden.<\/p>\n\n\n\n<p class=\"wp-block-paragraph\">Ning\u00fan imperio se sostiene solo con coerci\u00f3n. Se sostiene cuando quienes lo integran creen \u2014o al menos aceptan\u2014 que el sistema les ofrece estabilidad, prosperidad o sentido hist\u00f3rico.<\/p>\n\n\n\n<p class=\"wp-block-paragraph\"><strong>\u00bfPor qu\u00e9 dejan de serlo?<\/strong><\/p>\n\n\n\n<p class=\"wp-block-paragraph\">La historia muestra patrones recurrentes:<\/p>\n\n\n\n<ul class=\"wp-block-list\">\n<li>Sobrerreacci\u00f3n militar o sobreextensi\u00f3n territorial.<\/li>\n\n\n\n<li>Rigidez institucional.<\/li>\n\n\n\n<li>Erosi\u00f3n de legitimidad interna.<\/li>\n\n\n\n<li>P\u00e9rdida de ventaja tecnol\u00f3gica.<\/li>\n\n\n\n<li>Fatiga econ\u00f3mica.<\/li>\n\n\n\n<li>Fragmentaci\u00f3n de \u00e9lites.<\/li>\n<\/ul>\n\n\n\n<p class=\"wp-block-paragraph\">El mundo cambia, y el imperio dominante pierde ventaja comparativa. Le cuesta transformar las estructuras que antes le dieron poder.<\/p>\n\n\n\n<p class=\"wp-block-paragraph\">Las instituciones que consolidaron <strong>la<\/strong> hegemon\u00eda se vuelven pesadas.<\/p>\n\n\n\n<p class=\"wp-block-paragraph\">Los relatos que unificaron comienzan a dividir.<\/p>\n\n\n\n<p class=\"wp-block-paragraph\">Las coaliciones internas se fragmentan.<\/p>\n\n\n\n<p class=\"wp-block-paragraph\">La ca\u00edda rara vez es instant\u00e1nea; es acumulativa.<\/p>\n\n\n\n<p class=\"wp-block-paragraph\"><strong>Transformaci\u00f3n no siempre significa colapso. Con frecuencia significa reconfiguraci\u00f3n<\/strong><\/p>\n\n\n\n<p class=\"wp-block-paragraph\">Cada imperio articul\u00f3 su hegemon\u00eda de manera distinta:<\/p>\n\n\n\n<p class=\"wp-block-paragraph\">Algunos imperios se desintegran abruptamente (la URSS).<\/p>\n\n\n\n<p class=\"wp-block-paragraph\">Otros se transforman gradualmente (Gran Breta\u00f1a).<\/p>\n\n\n\n<p class=\"wp-block-paragraph\">Otros mutan en potencias distintas (Roma hacia Bizancio).<\/p>\n\n\n\n<p class=\"wp-block-paragraph\">La historia no es un cat\u00e1logo de cat\u00e1strofes, sino de transiciones.<\/p>\n\n\n\n<p class=\"wp-block-paragraph\"><strong>La brevedad de la vida humana<\/strong><\/p>\n\n\n\n<p class=\"wp-block-paragraph\">Hay, sin embargo, un elemento que rara vez consideramos cuando hablamos del auge o la ca\u00edda de los imperios: la brevedad de la vida humana. Nuestra experiencia hist\u00f3rica es limitada, finita, parcial. Tendemos a interpretar el mundo a partir de lo que hemos vivido, como si el orden vigente fuera permanente o definitivo. Pero la historia opera en escalas temporales mucho m\u00e1s amplias que la vida de una generaci\u00f3n. Pocas veces a un ser humano le toca presenciar el colapso completo de un imperio; la mayor\u00eda vivimos dentro de una continuidad que asumimos natural. Sin perspectiva hist\u00f3rica, confundimos transici\u00f3n con derrumbe, tensi\u00f3n con decadencia y cambio con cat\u00e1strofe.<\/p>\n\n\n\n<p class=\"wp-block-paragraph\"><strong>Las tres potencias actuales: una lectura micropol\u00edtica<\/strong><\/p>\n\n\n\n<p class=\"wp-block-paragraph\">Si trasladamos estas lecciones al presente, la pregunta relevante hoy no es cu\u00e1l tiene m\u00e1s armas, sino cu\u00e1l posee mayor cohesi\u00f3n interna.<\/p>\n\n\n\n<p class=\"wp-block-paragraph\">Porque ning\u00fan imperio se mantiene solo por fuerza externa.<\/p>\n\n\n\n<p class=\"wp-block-paragraph\">Se mantiene por legitimidad interna.<\/p>\n\n\n\n<p class=\"wp-block-paragraph\"><strong>Estados Unidos: hegemon\u00eda en disputa narrativa<\/strong><\/p>\n\n\n\n<p class=\"wp-block-paragraph\">Estados Unidos conserva ventajas estructurales formidables:<\/p>\n\n\n\n<ul class=\"wp-block-list\">\n<li>Dominio financiero global.<\/li>\n\n\n\n<li>Innovaci\u00f3n tecnol\u00f3gica.<\/li>\n\n\n\n<li>Capacidad militar incomparable.<\/li>\n\n\n\n<li>Universidades de \u00e9lite.<\/li>\n\n\n\n<li>Influencia cultural global.<\/li>\n<\/ul>\n\n\n\n<p class=\"wp-block-paragraph\">Pero vive una fractura simb\u00f3lica profunda. Dos relatos de naci\u00f3n compiten por hegemon\u00eda cultural.<\/p>\n\n\n\n<p class=\"wp-block-paragraph\">Desde una lectura micropol\u00edtica, la tensi\u00f3n no radica en la p\u00e9rdida inmediata de poder material, sino en la erosi\u00f3n de la narrativa compartida que sostuvo cohesi\u00f3n durante d\u00e9cadas.<\/p>\n\n\n\n<p class=\"wp-block-paragraph\">Un imperio comienza a transformarse cuando sus propias coaliciones dejan de compartir un proyecto com\u00fan.<\/p>\n\n\n\n<p class=\"wp-block-paragraph\"><strong>China: cohesi\u00f3n vertical y control del relato<\/strong><\/p>\n\n\n\n<p class=\"wp-block-paragraph\">China ha construido su poder sobre:<\/p>\n\n\n\n<ul class=\"wp-block-list\">\n<li>Crecimiento sostenido.<\/li>\n\n\n\n<li>Centralizaci\u00f3n pol\u00edtica.<\/li>\n\n\n\n<li>Disciplina institucional.<\/li>\n\n\n\n<li>Nacionalismo basado en continuidad hist\u00f3rica y orgullo cultural.<\/li>\n<\/ul>\n\n\n\n<p class=\"wp-block-paragraph\">Su fortaleza no descansa en pluralismo competitivo, sino en cohesi\u00f3n vertical y control narrativo.<\/p>\n\n\n\n<p class=\"wp-block-paragraph\">Mientras la prosperidad contin\u00fae, la legitimidad se mantiene.<\/p>\n\n\n\n<p class=\"wp-block-paragraph\">El dilema es estructural: un sistema altamente centralizado puede garantizar estabilidad, pero concentra riesgos cuando la narrativa de \u00e9xito se debilita.<\/p>\n\n\n\n<p class=\"wp-block-paragraph\"><strong>Rusia: legitimidad defensiva<\/strong><\/p>\n\n\n\n<p class=\"wp-block-paragraph\">Rusia opera bajo una arquitectura distinta:<\/p>\n\n\n\n<ul class=\"wp-block-list\">\n<li>Nacionalismo hist\u00f3rico.<\/li>\n\n\n\n<li>Liderazgo centralizado.<\/li>\n\n\n\n<li>Narrativa de resistencia frente a Occidente.<\/li>\n\n\n\n<li>Capacidad de alterar el equilibrio geopol\u00edtico.<\/li>\n<\/ul>\n\n\n\n<p class=\"wp-block-paragraph\">Su cohesi\u00f3n interna depende de identidad y tensi\u00f3n externa.<\/p>\n\n\n\n<p class=\"wp-block-paragraph\">El conflicto fortalece la unidad. Pero tambi\u00e9n la condiciona.<\/p>\n\n\n\n<p class=\"wp-block-paragraph\"><strong>La disputa real<\/strong><\/p>\n\n\n\n<p class=\"wp-block-paragraph\">El siglo XXI no enfrenta simplemente competencia de potencias.<\/p>\n\n\n\n<p class=\"wp-block-paragraph\">Enfrenta competencia de arquitecturas internas de poder:<\/p>\n\n\n\n<ul class=\"wp-block-list\">\n<li>Liberal-fragmentada.<\/li>\n\n\n\n<li>Centralizada-disciplinada.<\/li>\n\n\n\n<li>Reactiva-identitaria.<\/li>\n<\/ul>\n\n\n\n<p class=\"wp-block-paragraph\">La historia sugiere que el desenlace depender\u00e1 menos de batallas militares y m\u00e1s de la capacidad interna de adaptaci\u00f3n.<\/p>\n\n\n\n<p class=\"wp-block-paragraph\"><strong>Conclusi\u00f3n<\/strong><\/p>\n\n\n\n<p class=\"wp-block-paragraph\">Los imperios surgen cuando existe cohesi\u00f3n, excedente y narrativa compartida. Dejan de serlo cuando se erosiona la legitimidad que los sostiene. Y la credibilidad no se impone: se construye d\u00eda a d\u00eda en la conciencia colectiva.<\/p>\n\n\n\n<p class=\"wp-block-paragraph\">El poder externo siempre descansa sobre una arquitectura interna de consensos, lealtades, percepciones y s\u00edmbolos. Y ning\u00fan imperio es moralmente neutral. Toda hegemon\u00eda implica decisiones \u00e9ticas: qui\u00e9n se beneficia, qui\u00e9n paga el costo, qu\u00e9 valores se universalizan y cu\u00e1les se subordinan.<\/p>\n\n\n\n<p class=\"wp-block-paragraph\">Cuando esa arquitectura se fractura, el imperio no cae necesariamente; comienza a transformarse.<\/p>\n\n\n\n<p class=\"wp-block-paragraph\">No muere el d\u00eda que pierde una guerra.<\/p>\n\n\n\n<p class=\"wp-block-paragraph\">Muere cuando deja de ser cre\u00edble para quienes lo sostienen.<\/p>\n\n\n\n<p class=\"wp-block-paragraph\">*Alfredo Cu\u00e9llar es acad\u00e9mico, consultor internacional y creador de la disciplina de la Micropol\u00edtica, dedicada al estudio del poder en sus dimensiones visibles e invisibles. Ha ejercido la docencia universitaria en M\u00e9xico y Estados Unidos y ha desarrollado modelos anal\u00edticos aplicados al liderazgo y la organizaci\u00f3n institucional. <a href=\"mailto:alfredocuellar@me.com\">alfredocuellar@me.com<\/a><\/p>\n\n\n\n<p class=\"wp-block-paragraph\"><\/p>\n","protected":false},"excerpt":{"rendered":"<p>Los imperios no anuncian su declive. Se perciben s\u00f3lidos cuando comienzan a transformarse y parecen&#8230;<\/p>\n","protected":false},"author":4,"featured_media":11007,"comment_status":"closed","ping_status":"closed","sticky":false,"template":"","format":"standard","meta":{"footnotes":""},"categories":[605],"tags":[1562],"class_list":["post-11006","post","type-post","status-publish","format-standard","has-post-thumbnail","hentry","category-lo-mas-relevante","tag-asciende-china-hacia-condicion-imperial"],"yoast_head":"<!-- This site is optimized with the Yoast SEO plugin v28.4 - https:\/\/yoast.com\/product\/yoast-seo-wordpress\/ -->\n<title>\u00bfPor qu\u00e9 surgen los imperios\u2026 y por qu\u00e9 dejan de serlo?: Dr Alfredo Cuellar -<\/title>\n<meta name=\"description\" content=\"\u00bfse debilita la hegemon\u00eda estadounidense? \u00bfasciende China hacia condici\u00f3n imperial? \u00bfestamos ante una transici\u00f3n hist\u00f3rica?\" \/>\n<meta name=\"robots\" content=\"index, follow, max-snippet:-1, max-image-preview:large, max-video-preview:-1\" \/>\n<link rel=\"canonical\" href=\"https:\/\/arjenoticias.com.mx\/lo-mas-relevante\/por-que-surgen-los-imperios-y-por-que-dejan-de-serlo-dr-alfredo-cuellar\/\" \/>\n<meta property=\"og:locale\" content=\"es_ES\" \/>\n<meta property=\"og:type\" content=\"article\" \/>\n<meta property=\"og:title\" content=\"\u00bfPor qu\u00e9 surgen los imperios\u2026 y por qu\u00e9 dejan de serlo?: Dr Alfredo Cuellar -\" \/>\n<meta property=\"og:description\" content=\"\u00bfse debilita la hegemon\u00eda estadounidense? \u00bfasciende China hacia condici\u00f3n imperial? \u00bfestamos ante una transici\u00f3n hist\u00f3rica?\" \/>\n<meta property=\"og:url\" content=\"https:\/\/arjenoticias.com.mx\/lo-mas-relevante\/por-que-surgen-los-imperios-y-por-que-dejan-de-serlo-dr-alfredo-cuellar\/\" \/>\n<meta property=\"article:publisher\" content=\"https:\/\/www.facebook.com\/ArjeNoticiasMX\" \/>\n<meta property=\"article:published_time\" content=\"2026-03-04T16:04:31+00:00\" \/>\n<meta property=\"article:modified_time\" content=\"2026-03-04T17:53:21+00:00\" \/>\n<meta property=\"og:image\" content=\"https:\/\/arjenoticias.com.mx\/wp-content\/uploads\/2026\/03\/EUA-vs-China.webp\" \/>\n\t<meta property=\"og:image:width\" content=\"474\" \/>\n\t<meta property=\"og:image:height\" content=\"237\" \/>\n\t<meta property=\"og:image:type\" content=\"image\/webp\" \/>\n<meta name=\"author\" content=\"Dr. Alfredo Cuellar\" \/>\n<meta name=\"twitter:card\" content=\"summary_large_image\" \/>\n<meta name=\"twitter:creator\" content=\"@ArjeNoticias\" \/>\n<meta name=\"twitter:site\" content=\"@ArjeNoticias\" \/>\n<meta name=\"twitter:label1\" content=\"Escrito por\" \/>\n\t<meta name=\"twitter:data1\" content=\"Dr. Alfredo Cuellar\" \/>\n\t<meta name=\"twitter:label2\" content=\"Tiempo de lectura\" \/>\n\t<meta name=\"twitter:data2\" content=\"5 minutos\" \/>\n<script type=\"application\/ld+json\" class=\"yoast-schema-graph\">{\"@context\":\"https:\\\/\\\/schema.org\",\"@graph\":[{\"@type\":\"Article\",\"@id\":\"https:\\\/\\\/arjenoticias.com.mx\\\/lo-mas-relevante\\\/por-que-surgen-los-imperios-y-por-que-dejan-de-serlo-dr-alfredo-cuellar\\\/#article\",\"isPartOf\":{\"@id\":\"https:\\\/\\\/arjenoticias.com.mx\\\/lo-mas-relevante\\\/por-que-surgen-los-imperios-y-por-que-dejan-de-serlo-dr-alfredo-cuellar\\\/\"},\"author\":{\"name\":\"Dr. Alfredo Cuellar\",\"@id\":\"https:\\\/\\\/arjenoticias.com.mx\\\/#\\\/schema\\\/person\\\/798a22e851f233264dae5f2908d3b38f\"},\"headline\":\"\u00bfPor qu\u00e9 surgen los imperios\u2026 y por qu\u00e9 dejan de serlo?: Dr Alfredo Cuellar\",\"datePublished\":\"2026-03-04T16:04:31+00:00\",\"dateModified\":\"2026-03-04T17:53:21+00:00\",\"mainEntityOfPage\":{\"@id\":\"https:\\\/\\\/arjenoticias.com.mx\\\/lo-mas-relevante\\\/por-que-surgen-los-imperios-y-por-que-dejan-de-serlo-dr-alfredo-cuellar\\\/\"},\"wordCount\":1100,\"publisher\":{\"@id\":\"https:\\\/\\\/arjenoticias.com.mx\\\/#organization\"},\"image\":{\"@id\":\"https:\\\/\\\/arjenoticias.com.mx\\\/lo-mas-relevante\\\/por-que-surgen-los-imperios-y-por-que-dejan-de-serlo-dr-alfredo-cuellar\\\/#primaryimage\"},\"thumbnailUrl\":\"https:\\\/\\\/arjenoticias.com.mx\\\/wp-content\\\/uploads\\\/2026\\\/03\\\/EUA-vs-China.webp\",\"keywords\":[\"\u00bfasciende China hacia condici\u00f3n imperial?\"],\"articleSection\":[\"Lo m\u00e1s relevante\"],\"inLanguage\":\"es\"},{\"@type\":\"WebPage\",\"@id\":\"https:\\\/\\\/arjenoticias.com.mx\\\/lo-mas-relevante\\\/por-que-surgen-los-imperios-y-por-que-dejan-de-serlo-dr-alfredo-cuellar\\\/\",\"url\":\"https:\\\/\\\/arjenoticias.com.mx\\\/lo-mas-relevante\\\/por-que-surgen-los-imperios-y-por-que-dejan-de-serlo-dr-alfredo-cuellar\\\/\",\"name\":\"\u00bfPor qu\u00e9 surgen los imperios\u2026 y por qu\u00e9 dejan de serlo?: Dr Alfredo Cuellar -\",\"isPartOf\":{\"@id\":\"https:\\\/\\\/arjenoticias.com.mx\\\/#website\"},\"primaryImageOfPage\":{\"@id\":\"https:\\\/\\\/arjenoticias.com.mx\\\/lo-mas-relevante\\\/por-que-surgen-los-imperios-y-por-que-dejan-de-serlo-dr-alfredo-cuellar\\\/#primaryimage\"},\"image\":{\"@id\":\"https:\\\/\\\/arjenoticias.com.mx\\\/lo-mas-relevante\\\/por-que-surgen-los-imperios-y-por-que-dejan-de-serlo-dr-alfredo-cuellar\\\/#primaryimage\"},\"thumbnailUrl\":\"https:\\\/\\\/arjenoticias.com.mx\\\/wp-content\\\/uploads\\\/2026\\\/03\\\/EUA-vs-China.webp\",\"datePublished\":\"2026-03-04T16:04:31+00:00\",\"dateModified\":\"2026-03-04T17:53:21+00:00\",\"description\":\"\u00bfse debilita la hegemon\u00eda estadounidense? \u00bfasciende China hacia condici\u00f3n imperial? \u00bfestamos ante una transici\u00f3n hist\u00f3rica?\",\"breadcrumb\":{\"@id\":\"https:\\\/\\\/arjenoticias.com.mx\\\/lo-mas-relevante\\\/por-que-surgen-los-imperios-y-por-que-dejan-de-serlo-dr-alfredo-cuellar\\\/#breadcrumb\"},\"inLanguage\":\"es\",\"potentialAction\":[{\"@type\":\"ReadAction\",\"target\":[\"https:\\\/\\\/arjenoticias.com.mx\\\/lo-mas-relevante\\\/por-que-surgen-los-imperios-y-por-que-dejan-de-serlo-dr-alfredo-cuellar\\\/\"]}]},{\"@type\":\"ImageObject\",\"inLanguage\":\"es\",\"@id\":\"https:\\\/\\\/arjenoticias.com.mx\\\/lo-mas-relevante\\\/por-que-surgen-los-imperios-y-por-que-dejan-de-serlo-dr-alfredo-cuellar\\\/#primaryimage\",\"url\":\"https:\\\/\\\/arjenoticias.com.mx\\\/wp-content\\\/uploads\\\/2026\\\/03\\\/EUA-vs-China.webp\",\"contentUrl\":\"https:\\\/\\\/arjenoticias.com.mx\\\/wp-content\\\/uploads\\\/2026\\\/03\\\/EUA-vs-China.webp\",\"width\":474,\"height\":237,\"caption\":\"\u00bfse debilita la hegemon\u00eda estadounidense? \u00bfasciende China hacia condici\u00f3n imperial?\"},{\"@type\":\"BreadcrumbList\",\"@id\":\"https:\\\/\\\/arjenoticias.com.mx\\\/lo-mas-relevante\\\/por-que-surgen-los-imperios-y-por-que-dejan-de-serlo-dr-alfredo-cuellar\\\/#breadcrumb\",\"itemListElement\":[{\"@type\":\"ListItem\",\"position\":1,\"name\":\"Portada\",\"item\":\"https:\\\/\\\/arjenoticias.com.mx\\\/\"},{\"@type\":\"ListItem\",\"position\":2,\"name\":\"\u00bfPor qu\u00e9 surgen los imperios\u2026 y por qu\u00e9 dejan de serlo?: Dr Alfredo Cuellar\"}]},{\"@type\":\"WebSite\",\"@id\":\"https:\\\/\\\/arjenoticias.com.mx\\\/#website\",\"url\":\"https:\\\/\\\/arjenoticias.com.mx\\\/\",\"name\":\"Arj\u00e9 M\u00e9xico\",\"description\":\"\",\"publisher\":{\"@id\":\"https:\\\/\\\/arjenoticias.com.mx\\\/#organization\"},\"potentialAction\":[{\"@type\":\"SearchAction\",\"target\":{\"@type\":\"EntryPoint\",\"urlTemplate\":\"https:\\\/\\\/arjenoticias.com.mx\\\/?s={search_term_string}\"},\"query-input\":{\"@type\":\"PropertyValueSpecification\",\"valueRequired\":true,\"valueName\":\"search_term_string\"}}],\"inLanguage\":\"es\"},{\"@type\":\"Organization\",\"@id\":\"https:\\\/\\\/arjenoticias.com.mx\\\/#organization\",\"name\":\"Arj\u00e9 M\u00e9xico\",\"url\":\"https:\\\/\\\/arjenoticias.com.mx\\\/\",\"logo\":{\"@type\":\"ImageObject\",\"inLanguage\":\"es\",\"@id\":\"https:\\\/\\\/arjenoticias.com.mx\\\/#\\\/schema\\\/logo\\\/image\\\/\",\"url\":\"https:\\\/\\\/arjenoticias.com\\\/wp-content\\\/uploads\\\/2026\\\/04\\\/cropped-cropped-logo-inverted-1-scaled-1.png\",\"contentUrl\":\"https:\\\/\\\/arjenoticias.com\\\/wp-content\\\/uploads\\\/2026\\\/04\\\/cropped-cropped-logo-inverted-1-scaled-1.png\",\"width\":2556,\"height\":549,\"caption\":\"Arj\u00e9 M\u00e9xico\"},\"image\":{\"@id\":\"https:\\\/\\\/arjenoticias.com.mx\\\/#\\\/schema\\\/logo\\\/image\\\/\"},\"sameAs\":[\"https:\\\/\\\/www.facebook.com\\\/ArjeNoticiasMX\",\"https:\\\/\\\/x.com\\\/ArjeNoticias\"]},{\"@type\":\"Person\",\"@id\":\"https:\\\/\\\/arjenoticias.com.mx\\\/#\\\/schema\\\/person\\\/798a22e851f233264dae5f2908d3b38f\",\"name\":\"Dr. Alfredo Cuellar\",\"image\":{\"@type\":\"ImageObject\",\"inLanguage\":\"es\",\"@id\":\"https:\\\/\\\/arjenoticias.com\\\/wp-content\\\/uploads\\\/2026\\\/07\\\/Alfredo-Cuellar-96x96.png\",\"url\":\"https:\\\/\\\/arjenoticias.com\\\/wp-content\\\/uploads\\\/2026\\\/07\\\/Alfredo-Cuellar-96x96.png\",\"contentUrl\":\"https:\\\/\\\/arjenoticias.com\\\/wp-content\\\/uploads\\\/2026\\\/07\\\/Alfredo-Cuellar-96x96.png\",\"caption\":\"Dr. Alfredo Cuellar\"},\"description\":\"Dr. Alfredo Cu\u00e9llar: Acad\u00e9mico, consultor internacional y fundador de la disciplina de Micropol\u00edtica. Primer mexicano en ense\u00f1ar en la Escuela de Educaci\u00f3n de la Universidad de Harvard.\",\"url\":\"https:\\\/\\\/arjenoticias.com.mx\\\/author\\\/dr-alfredo-cuellar\\\/\"}]}<\/script>\n<!-- \/ Yoast SEO plugin. -->","yoast_head_json":{"title":"\u00bfPor qu\u00e9 surgen los imperios\u2026 y por qu\u00e9 dejan de serlo?: Dr Alfredo Cuellar -","description":"\u00bfse debilita la hegemon\u00eda estadounidense? \u00bfasciende China hacia condici\u00f3n imperial? \u00bfestamos ante una transici\u00f3n hist\u00f3rica?","robots":{"index":"index","follow":"follow","max-snippet":"max-snippet:-1","max-image-preview":"max-image-preview:large","max-video-preview":"max-video-preview:-1"},"canonical":"https:\/\/arjenoticias.com.mx\/lo-mas-relevante\/por-que-surgen-los-imperios-y-por-que-dejan-de-serlo-dr-alfredo-cuellar\/","og_locale":"es_ES","og_type":"article","og_title":"\u00bfPor qu\u00e9 surgen los imperios\u2026 y por qu\u00e9 dejan de serlo?: Dr Alfredo Cuellar -","og_description":"\u00bfse debilita la hegemon\u00eda estadounidense? \u00bfasciende China hacia condici\u00f3n imperial? \u00bfestamos ante una transici\u00f3n hist\u00f3rica?","og_url":"https:\/\/arjenoticias.com.mx\/lo-mas-relevante\/por-que-surgen-los-imperios-y-por-que-dejan-de-serlo-dr-alfredo-cuellar\/","article_publisher":"https:\/\/www.facebook.com\/ArjeNoticiasMX","article_published_time":"2026-03-04T16:04:31+00:00","article_modified_time":"2026-03-04T17:53:21+00:00","og_image":[{"width":474,"height":237,"url":"https:\/\/arjenoticias.com.mx\/wp-content\/uploads\/2026\/03\/EUA-vs-China.webp","type":"image\/webp"}],"author":"Dr. Alfredo Cuellar","twitter_card":"summary_large_image","twitter_creator":"@ArjeNoticias","twitter_site":"@ArjeNoticias","twitter_misc":{"Escrito por":"Dr. Alfredo Cuellar","Tiempo de lectura":"5 minutos"},"schema":{"@context":"https:\/\/schema.org","@graph":[{"@type":"Article","@id":"https:\/\/arjenoticias.com.mx\/lo-mas-relevante\/por-que-surgen-los-imperios-y-por-que-dejan-de-serlo-dr-alfredo-cuellar\/#article","isPartOf":{"@id":"https:\/\/arjenoticias.com.mx\/lo-mas-relevante\/por-que-surgen-los-imperios-y-por-que-dejan-de-serlo-dr-alfredo-cuellar\/"},"author":{"name":"Dr. Alfredo Cuellar","@id":"https:\/\/arjenoticias.com.mx\/#\/schema\/person\/798a22e851f233264dae5f2908d3b38f"},"headline":"\u00bfPor qu\u00e9 surgen los imperios\u2026 y por qu\u00e9 dejan de serlo?: Dr Alfredo Cuellar","datePublished":"2026-03-04T16:04:31+00:00","dateModified":"2026-03-04T17:53:21+00:00","mainEntityOfPage":{"@id":"https:\/\/arjenoticias.com.mx\/lo-mas-relevante\/por-que-surgen-los-imperios-y-por-que-dejan-de-serlo-dr-alfredo-cuellar\/"},"wordCount":1100,"publisher":{"@id":"https:\/\/arjenoticias.com.mx\/#organization"},"image":{"@id":"https:\/\/arjenoticias.com.mx\/lo-mas-relevante\/por-que-surgen-los-imperios-y-por-que-dejan-de-serlo-dr-alfredo-cuellar\/#primaryimage"},"thumbnailUrl":"https:\/\/arjenoticias.com.mx\/wp-content\/uploads\/2026\/03\/EUA-vs-China.webp","keywords":["\u00bfasciende China hacia condici\u00f3n imperial?"],"articleSection":["Lo m\u00e1s relevante"],"inLanguage":"es"},{"@type":"WebPage","@id":"https:\/\/arjenoticias.com.mx\/lo-mas-relevante\/por-que-surgen-los-imperios-y-por-que-dejan-de-serlo-dr-alfredo-cuellar\/","url":"https:\/\/arjenoticias.com.mx\/lo-mas-relevante\/por-que-surgen-los-imperios-y-por-que-dejan-de-serlo-dr-alfredo-cuellar\/","name":"\u00bfPor qu\u00e9 surgen los imperios\u2026 y por qu\u00e9 dejan de serlo?: Dr Alfredo Cuellar -","isPartOf":{"@id":"https:\/\/arjenoticias.com.mx\/#website"},"primaryImageOfPage":{"@id":"https:\/\/arjenoticias.com.mx\/lo-mas-relevante\/por-que-surgen-los-imperios-y-por-que-dejan-de-serlo-dr-alfredo-cuellar\/#primaryimage"},"image":{"@id":"https:\/\/arjenoticias.com.mx\/lo-mas-relevante\/por-que-surgen-los-imperios-y-por-que-dejan-de-serlo-dr-alfredo-cuellar\/#primaryimage"},"thumbnailUrl":"https:\/\/arjenoticias.com.mx\/wp-content\/uploads\/2026\/03\/EUA-vs-China.webp","datePublished":"2026-03-04T16:04:31+00:00","dateModified":"2026-03-04T17:53:21+00:00","description":"\u00bfse debilita la hegemon\u00eda estadounidense? \u00bfasciende China hacia condici\u00f3n imperial? \u00bfestamos ante una transici\u00f3n hist\u00f3rica?","breadcrumb":{"@id":"https:\/\/arjenoticias.com.mx\/lo-mas-relevante\/por-que-surgen-los-imperios-y-por-que-dejan-de-serlo-dr-alfredo-cuellar\/#breadcrumb"},"inLanguage":"es","potentialAction":[{"@type":"ReadAction","target":["https:\/\/arjenoticias.com.mx\/lo-mas-relevante\/por-que-surgen-los-imperios-y-por-que-dejan-de-serlo-dr-alfredo-cuellar\/"]}]},{"@type":"ImageObject","inLanguage":"es","@id":"https:\/\/arjenoticias.com.mx\/lo-mas-relevante\/por-que-surgen-los-imperios-y-por-que-dejan-de-serlo-dr-alfredo-cuellar\/#primaryimage","url":"https:\/\/arjenoticias.com.mx\/wp-content\/uploads\/2026\/03\/EUA-vs-China.webp","contentUrl":"https:\/\/arjenoticias.com.mx\/wp-content\/uploads\/2026\/03\/EUA-vs-China.webp","width":474,"height":237,"caption":"\u00bfse debilita la hegemon\u00eda estadounidense? \u00bfasciende China hacia condici\u00f3n imperial?"},{"@type":"BreadcrumbList","@id":"https:\/\/arjenoticias.com.mx\/lo-mas-relevante\/por-que-surgen-los-imperios-y-por-que-dejan-de-serlo-dr-alfredo-cuellar\/#breadcrumb","itemListElement":[{"@type":"ListItem","position":1,"name":"Portada","item":"https:\/\/arjenoticias.com.mx\/"},{"@type":"ListItem","position":2,"name":"\u00bfPor qu\u00e9 surgen los imperios\u2026 y por qu\u00e9 dejan de serlo?: Dr Alfredo Cuellar"}]},{"@type":"WebSite","@id":"https:\/\/arjenoticias.com.mx\/#website","url":"https:\/\/arjenoticias.com.mx\/","name":"Arj\u00e9 M\u00e9xico","description":"","publisher":{"@id":"https:\/\/arjenoticias.com.mx\/#organization"},"potentialAction":[{"@type":"SearchAction","target":{"@type":"EntryPoint","urlTemplate":"https:\/\/arjenoticias.com.mx\/?s={search_term_string}"},"query-input":{"@type":"PropertyValueSpecification","valueRequired":true,"valueName":"search_term_string"}}],"inLanguage":"es"},{"@type":"Organization","@id":"https:\/\/arjenoticias.com.mx\/#organization","name":"Arj\u00e9 M\u00e9xico","url":"https:\/\/arjenoticias.com.mx\/","logo":{"@type":"ImageObject","inLanguage":"es","@id":"https:\/\/arjenoticias.com.mx\/#\/schema\/logo\/image\/","url":"https:\/\/arjenoticias.com\/wp-content\/uploads\/2026\/04\/cropped-cropped-logo-inverted-1-scaled-1.png","contentUrl":"https:\/\/arjenoticias.com\/wp-content\/uploads\/2026\/04\/cropped-cropped-logo-inverted-1-scaled-1.png","width":2556,"height":549,"caption":"Arj\u00e9 M\u00e9xico"},"image":{"@id":"https:\/\/arjenoticias.com.mx\/#\/schema\/logo\/image\/"},"sameAs":["https:\/\/www.facebook.com\/ArjeNoticiasMX","https:\/\/x.com\/ArjeNoticias"]},{"@type":"Person","@id":"https:\/\/arjenoticias.com.mx\/#\/schema\/person\/798a22e851f233264dae5f2908d3b38f","name":"Dr. Alfredo Cuellar","image":{"@type":"ImageObject","inLanguage":"es","@id":"https:\/\/arjenoticias.com\/wp-content\/uploads\/2026\/07\/Alfredo-Cuellar-96x96.png","url":"https:\/\/arjenoticias.com\/wp-content\/uploads\/2026\/07\/Alfredo-Cuellar-96x96.png","contentUrl":"https:\/\/arjenoticias.com\/wp-content\/uploads\/2026\/07\/Alfredo-Cuellar-96x96.png","caption":"Dr. Alfredo Cuellar"},"description":"Dr. Alfredo Cu\u00e9llar: Acad\u00e9mico, consultor internacional y fundador de la disciplina de Micropol\u00edtica. Primer mexicano en ense\u00f1ar en la Escuela de Educaci\u00f3n de la Universidad de Harvard.","url":"https:\/\/arjenoticias.com.mx\/author\/dr-alfredo-cuellar\/"}]}},"featured_image_urls":{"full":["https:\/\/arjenoticias.com.mx\/wp-content\/uploads\/2026\/03\/EUA-vs-China.webp",474,237,false],"thumbnail":["https:\/\/arjenoticias.com.mx\/wp-content\/uploads\/2026\/03\/EUA-vs-China-150x150.webp",150,150,true],"medium":["https:\/\/arjenoticias.com.mx\/wp-content\/uploads\/2026\/03\/EUA-vs-China-300x150.webp",300,150,true],"medium_large":["https:\/\/arjenoticias.com.mx\/wp-content\/uploads\/2026\/03\/EUA-vs-China.webp",474,237,false],"large":["https:\/\/arjenoticias.com.mx\/wp-content\/uploads\/2026\/03\/EUA-vs-China.webp",474,237,false],"1536x1536":["https:\/\/arjenoticias.com.mx\/wp-content\/uploads\/2026\/03\/EUA-vs-China.webp",474,237,false],"2048x2048":["https:\/\/arjenoticias.com.mx\/wp-content\/uploads\/2026\/03\/EUA-vs-China.webp",474,237,false],"covernews-featured":["https:\/\/arjenoticias.com.mx\/wp-content\/uploads\/2026\/03\/EUA-vs-China.webp",474,237,false],"covernews-medium":["https:\/\/arjenoticias.com.mx\/wp-content\/uploads\/2026\/03\/EUA-vs-China.webp",474,237,false]},"author_info":{"info":["Dr. Alfredo Cuellar"]},"category_info":"<a href=\"https:\/\/arjenoticias.com.mx\/category\/lo-mas-relevante\/\" rel=\"category tag\">Lo m\u00e1s relevante<\/a>","tag_info":"Lo m\u00e1s relevante","comment_count":"0","_links":{"self":[{"href":"https:\/\/arjenoticias.com.mx\/wp-json\/wp\/v2\/posts\/11006","targetHints":{"allow":["GET"]}}],"collection":[{"href":"https:\/\/arjenoticias.com.mx\/wp-json\/wp\/v2\/posts"}],"about":[{"href":"https:\/\/arjenoticias.com.mx\/wp-json\/wp\/v2\/types\/post"}],"author":[{"embeddable":true,"href":"https:\/\/arjenoticias.com.mx\/wp-json\/wp\/v2\/users\/4"}],"replies":[{"embeddable":true,"href":"https:\/\/arjenoticias.com.mx\/wp-json\/wp\/v2\/comments?post=11006"}],"version-history":[{"count":2,"href":"https:\/\/arjenoticias.com.mx\/wp-json\/wp\/v2\/posts\/11006\/revisions"}],"predecessor-version":[{"id":11022,"href":"https:\/\/arjenoticias.com.mx\/wp-json\/wp\/v2\/posts\/11006\/revisions\/11022"}],"wp:featuredmedia":[{"embeddable":true,"href":"https:\/\/arjenoticias.com.mx\/wp-json\/wp\/v2\/media\/11007"}],"wp:attachment":[{"href":"https:\/\/arjenoticias.com.mx\/wp-json\/wp\/v2\/media?parent=11006"}],"wp:term":[{"taxonomy":"category","embeddable":true,"href":"https:\/\/arjenoticias.com.mx\/wp-json\/wp\/v2\/categories?post=11006"},{"taxonomy":"post_tag","embeddable":true,"href":"https:\/\/arjenoticias.com.mx\/wp-json\/wp\/v2\/tags?post=11006"}],"curies":[{"name":"wp","href":"https:\/\/api.w.org\/{rel}","templated":true}]}}