{"id":10856,"date":"2026-02-28T11:05:42","date_gmt":"2026-02-28T17:05:42","guid":{"rendered":"https:\/\/arjenoticias.com\/?p=10856"},"modified":"2026-02-28T11:05:43","modified_gmt":"2026-02-28T17:05:43","slug":"ucrania-2026","status":"publish","type":"post","link":"https:\/\/arjenoticias.com.mx\/opinion\/ucrania-2026\/","title":{"rendered":"Ucrania 2026"},"content":{"rendered":"\n<p class=\"wp-block-paragraph\">\u00a0Cuando los radicales mandos militares rusos convencieron en 2022 a Vladimir Putin de que la ejecuci\u00f3n de su sue\u00f1o expansionista hacia Occidente, pasando por encima de Ucrania, era un pan comido que a sus tropas le tomar\u00eda dos o tres semanas de acci\u00f3n, el heredero de las ambiciones zaristas aprob\u00f3 la invasi\u00f3n. El 23 de febrero se cumplieron cuatro a\u00f1os del inicio de la guerra europea m\u00e1s sangrienta de los \u00faltimos setenta a\u00f1os.<\/p>\n\n\n\n<p class=\"wp-block-paragraph\">&nbsp;El n\u00famero de muertos, civiles, soldados, rusos o ucranios excede el mill\u00f3n doscientos mil. La destrucci\u00f3n es enorme en la zona del Donetsk, regi\u00f3n de poblaci\u00f3n rusoparlante que proporcion\u00f3 a Putin el pretexto para la invasi\u00f3n: el reclamo de los rusos de Ucrania.<\/p>\n\n\n\n<p class=\"wp-block-paragraph\">La realidad es distinta: la tierra negra del pa\u00eds no es solamente la m\u00e1s f\u00e9rtil que se conoce en el mundo, lo que hace que Ucrania sea considerada el granero del mundo; esa tierra contiene adem\u00e1s los raros minerales que el desarrollo de la tecnolog\u00eda les ha hecho subir de precio.<\/p>\n\n\n\n<p class=\"wp-block-paragraph\">Pero por encima de las consideraciones econ\u00f3micas, est\u00e1 la ambici\u00f3n pol\u00edtica de expansi\u00f3n, que Rusia arrastra desde el zarismo. As\u00ed comenz\u00f3 esta larga historia con la invasi\u00f3n de la estrat\u00e9gica Crimea y su puerto Sevastopol, sobre el Mar Negro. La ubicaci\u00f3n de Crimea ha determinado que en un milenio de historia haya sido territorio turco, t\u00e1rtaro, cimerio, ruso, griego y de otras etnias. Desde 2014 est\u00e1 ocupada por Rusia y reconocida por el mundo como parte de Ucrania. Solamente Rusia y Bielorrusia no lo aceptan as\u00ed.<\/p>\n\n\n\n<p class=\"wp-block-paragraph\">En gran medida, el fracaso de la operaci\u00f3n militar rusa obedece al rechazo casi universal. La Uni\u00f3n Europea no solamente es solidaria con el gobierno de Wolodymir Zelensky de los dientes para afuera: se traduce en ayuda militar y econ\u00f3mica. Al grado de que Putin ha llegado a afirmar que Ucrania est\u00e1 desarrollando armas nucleares con el apoyo de Gran Breta\u00f1a y Francia. Canad\u00e1 apoya con dinero y armas a la resistencia ucrania.<\/p>\n\n\n\n<p class=\"wp-block-paragraph\">Otro motivo del fracaso ruso es la evoluci\u00f3n del arte de la guerra: los generales de Mosc\u00fa imaginaron una invasi\u00f3n terrestre, de tanques y eso, tomando metro a metro. Los combates de hoy tienen llenos los cielos de esos artefactos que conocemos como drones. Estos aparatos que parecen juguetes, no solamente transportan c\u00e1maras y dispositivos para tansmitir informaci\u00f3n valiosa para los ataques. Llevan tambi\u00e9n bombas. Ir\u00f3nicamente, uno de los pa\u00edses productores y comerciantes de drones mortales es Ir\u00e1n.<\/p>\n\n\n\n<p class=\"wp-block-paragraph\"><strong>A cuatro a\u00f1os de distancia, Rusia tiene otro enemigo: su crisis econ\u00f3mica, debilitada por la ca\u00edda a menos de cuarenta d\u00f3lares del barril de petr\u00f3leo, su principal fuente de ingresos. Sus clientes principales son China y la India, que aprovechando el desplome siguen pidiendo \u201cprecio de amigo\u201d<\/strong><\/p>\n\n\n\n<p class=\"wp-block-paragraph\">Zelensky no la tiene tan f\u00e1cil tampoco. Los ucranios ya se cansaron de ver morir a sus hombres, reclutados en una moderna leva. No hay nacionalismo que aguante tanto. El mundo tambi\u00e9n est\u00e1 ya cansado de esta guerra.<\/p>\n\n\n\n<p class=\"wp-block-paragraph\">O tal vez necesite de otra para su perversa diversi\u00f3n que esconde el negocio. Los barcos de la armada norteamericana ya andan merodeando cerca de Ir\u00e1n.<\/p>\n\n\n\n<p class=\"wp-block-paragraph\">PIL\u00d3N PARA LA MA\u00d1ANERA DEL PUEBLO (porque no dejan entrar sin tapabocas): Do\u00f1a Claudia Sheinbaum nos qued\u00f3 a deber ayer su proyecto de reforma electoral, que iba a dar a conocer en la ma\u00f1anera antes de enviarla a un legislativo \u201ccasi\u201d d\u00f3cil.<\/p>\n\n\n\n<p class=\"wp-block-paragraph\">El problema es precisamente esa docilidad dubitativa.<\/p>\n\n\n\n<p class=\"wp-block-paragraph\">Morena necesita los dos tercios de los votos en las c\u00e1maras para aprobar la reforma constitucional. Sin los votos de los minoritarios Verde Ecologista y Partido del Trabajo, que son negocios familiares desde su surgimiento, no obtiene la aplanadora. La chiquillada se niega a darle sus votos decisivos porque la reforma electoral de la se\u00f1ora presidente con A propone una austeridad agresiva &nbsp;y necesaria.<\/p>\n\n\n\n<p class=\"wp-block-paragraph\">Reducir el financiamiento a los partidos en un 20 por ciento. Modificar el m\u00e9todo de las candidaturas plurinominales, quit\u00e1ndole el privilegio a los concesionarios de esos partidos, principalmente. Y ya sabe que el \u00f3rgano m\u00e1s sensible del cuerpo de los pol\u00edticos es el bolsillo.<\/p>\n\n\n\n<p class=\"wp-block-paragraph\">PT y Verde no dan su brazo a torcer. La se\u00f1ora tampoco. Es un juego de vencidas sin vencedor.<\/p>\n","protected":false},"excerpt":{"rendered":"<p>\u00a0Cuando los radicales mandos militares rusos convencieron en 2022 a Vladimir Putin de que la&#8230;<\/p>\n","protected":false},"author":72,"featured_media":10857,"comment_status":"closed","ping_status":"closed","sticky":false,"template":"","format":"standard","meta":{"footnotes":""},"categories":[9,59],"tags":[148,70,149],"class_list":["post-10856","post","type-post","status-publish","format-standard","has-post-thumbnail","hentry","category-mundo","category-opinion","tag-rusia","tag-sheinbaum","tag-ucrania"],"yoast_head":"<!-- This site is optimized with the Yoast SEO plugin v28.4 - https:\/\/yoast.com\/product\/yoast-seo-wordpress\/ -->\n<title>Ucrania 2026 -<\/title>\n<meta name=\"description\" content=\"A cuatro a\u00f1os de la invasi\u00f3n rusa a Ucrania, el conflicto deja m\u00e1s de un mill\u00f3n de muertos, una econom\u00eda rusa debilitada, apoyo militar de la Uni\u00f3n Europea y un mundo exhausto, mientras Volod\u00edmir Zelenski enfrenta el desgaste interno y M\u00e9xico debate una reforma electoral impulsada por Claudia Sheinbaum.\" \/>\n<meta name=\"robots\" content=\"index, follow, max-snippet:-1, max-image-preview:large, max-video-preview:-1\" \/>\n<link rel=\"canonical\" href=\"https:\/\/arjenoticias.com.mx\/opinion\/ucrania-2026\/\" \/>\n<meta property=\"og:locale\" content=\"es_ES\" \/>\n<meta property=\"og:type\" content=\"article\" \/>\n<meta property=\"og:title\" content=\"Ucrania 2026 -\" \/>\n<meta property=\"og:description\" content=\"A cuatro a\u00f1os de la invasi\u00f3n rusa a Ucrania, el conflicto deja m\u00e1s de un mill\u00f3n de muertos, una econom\u00eda rusa debilitada, apoyo militar de la Uni\u00f3n Europea y un mundo exhausto, mientras Volod\u00edmir Zelenski enfrenta el desgaste interno y M\u00e9xico debate una reforma electoral impulsada por Claudia Sheinbaum.\" \/>\n<meta property=\"og:url\" content=\"https:\/\/arjenoticias.com.mx\/opinion\/ucrania-2026\/\" \/>\n<meta property=\"article:publisher\" content=\"https:\/\/www.facebook.com\/ArjeNoticiasMX\" \/>\n<meta property=\"article:published_time\" content=\"2026-02-28T17:05:42+00:00\" \/>\n<meta property=\"article:modified_time\" content=\"2026-02-28T17:05:43+00:00\" \/>\n<meta property=\"og:image\" content=\"https:\/\/arjenoticias.com.mx\/wp-content\/uploads\/2026\/02\/Ernesto-Cerda-Serna3.png\" \/>\n\t<meta property=\"og:image:width\" content=\"600\" \/>\n\t<meta property=\"og:image:height\" content=\"400\" \/>\n\t<meta property=\"og:image:type\" content=\"image\/png\" \/>\n<meta name=\"author\" content=\"F\u00e9lix C\u00f3rtes Camarillo\" \/>\n<meta name=\"twitter:card\" content=\"summary_large_image\" \/>\n<meta name=\"twitter:creator\" content=\"@ArjeNoticias\" \/>\n<meta name=\"twitter:site\" content=\"@ArjeNoticias\" \/>\n<meta name=\"twitter:label1\" content=\"Escrito por\" \/>\n\t<meta name=\"twitter:data1\" content=\"F\u00e9lix C\u00f3rtes Camarillo\" \/>\n\t<meta name=\"twitter:label2\" content=\"Tiempo de lectura\" \/>\n\t<meta name=\"twitter:data2\" content=\"4 minutos\" \/>\n<script type=\"application\/ld+json\" class=\"yoast-schema-graph\">{\"@context\":\"https:\\\/\\\/schema.org\",\"@graph\":[{\"@type\":\"Article\",\"@id\":\"https:\\\/\\\/arjenoticias.com.mx\\\/opinion\\\/ucrania-2026\\\/#article\",\"isPartOf\":{\"@id\":\"https:\\\/\\\/arjenoticias.com.mx\\\/opinion\\\/ucrania-2026\\\/\"},\"author\":{\"name\":\"F\u00e9lix C\u00f3rtes Camarillo\",\"@id\":\"https:\\\/\\\/arjenoticias.com.mx\\\/#\\\/schema\\\/person\\\/d4c39abbe94ded06bc57d68687f278cd\"},\"headline\":\"Ucrania 2026\",\"datePublished\":\"2026-02-28T17:05:42+00:00\",\"dateModified\":\"2026-02-28T17:05:43+00:00\",\"mainEntityOfPage\":{\"@id\":\"https:\\\/\\\/arjenoticias.com.mx\\\/opinion\\\/ucrania-2026\\\/\"},\"wordCount\":750,\"publisher\":{\"@id\":\"https:\\\/\\\/arjenoticias.com.mx\\\/#organization\"},\"image\":{\"@id\":\"https:\\\/\\\/arjenoticias.com.mx\\\/opinion\\\/ucrania-2026\\\/#primaryimage\"},\"thumbnailUrl\":\"https:\\\/\\\/arjenoticias.com.mx\\\/wp-content\\\/uploads\\\/2026\\\/02\\\/Ernesto-Cerda-Serna3.png\",\"keywords\":[\"Rusia\",\"Sheinbaum\",\"Ucrania\"],\"articleSection\":[\"Mundo\",\"Opini\u00f3n\"],\"inLanguage\":\"es\"},{\"@type\":\"WebPage\",\"@id\":\"https:\\\/\\\/arjenoticias.com.mx\\\/opinion\\\/ucrania-2026\\\/\",\"url\":\"https:\\\/\\\/arjenoticias.com.mx\\\/opinion\\\/ucrania-2026\\\/\",\"name\":\"Ucrania 2026 -\",\"isPartOf\":{\"@id\":\"https:\\\/\\\/arjenoticias.com.mx\\\/#website\"},\"primaryImageOfPage\":{\"@id\":\"https:\\\/\\\/arjenoticias.com.mx\\\/opinion\\\/ucrania-2026\\\/#primaryimage\"},\"image\":{\"@id\":\"https:\\\/\\\/arjenoticias.com.mx\\\/opinion\\\/ucrania-2026\\\/#primaryimage\"},\"thumbnailUrl\":\"https:\\\/\\\/arjenoticias.com.mx\\\/wp-content\\\/uploads\\\/2026\\\/02\\\/Ernesto-Cerda-Serna3.png\",\"datePublished\":\"2026-02-28T17:05:42+00:00\",\"dateModified\":\"2026-02-28T17:05:43+00:00\",\"description\":\"A cuatro a\u00f1os de la invasi\u00f3n rusa a Ucrania, el conflicto deja m\u00e1s de un mill\u00f3n de muertos, una econom\u00eda rusa debilitada, apoyo militar de la Uni\u00f3n Europea y un mundo exhausto, mientras Volod\u00edmir Zelenski enfrenta el desgaste interno y M\u00e9xico debate una reforma electoral impulsada por Claudia Sheinbaum.\",\"breadcrumb\":{\"@id\":\"https:\\\/\\\/arjenoticias.com.mx\\\/opinion\\\/ucrania-2026\\\/#breadcrumb\"},\"inLanguage\":\"es\",\"potentialAction\":[{\"@type\":\"ReadAction\",\"target\":[\"https:\\\/\\\/arjenoticias.com.mx\\\/opinion\\\/ucrania-2026\\\/\"]}]},{\"@type\":\"ImageObject\",\"inLanguage\":\"es\",\"@id\":\"https:\\\/\\\/arjenoticias.com.mx\\\/opinion\\\/ucrania-2026\\\/#primaryimage\",\"url\":\"https:\\\/\\\/arjenoticias.com.mx\\\/wp-content\\\/uploads\\\/2026\\\/02\\\/Ernesto-Cerda-Serna3.png\",\"contentUrl\":\"https:\\\/\\\/arjenoticias.com.mx\\\/wp-content\\\/uploads\\\/2026\\\/02\\\/Ernesto-Cerda-Serna3.png\",\"width\":600,\"height\":400,\"caption\":\"Guerra en Ucrania cumple cuatro a\u00f1os: el fracaso del plan de Vladimir Putin y el desgaste global\"},{\"@type\":\"BreadcrumbList\",\"@id\":\"https:\\\/\\\/arjenoticias.com.mx\\\/opinion\\\/ucrania-2026\\\/#breadcrumb\",\"itemListElement\":[{\"@type\":\"ListItem\",\"position\":1,\"name\":\"Portada\",\"item\":\"https:\\\/\\\/arjenoticias.com.mx\\\/\"},{\"@type\":\"ListItem\",\"position\":2,\"name\":\"Ucrania 2026\"}]},{\"@type\":\"WebSite\",\"@id\":\"https:\\\/\\\/arjenoticias.com.mx\\\/#website\",\"url\":\"https:\\\/\\\/arjenoticias.com.mx\\\/\",\"name\":\"Arj\u00e9 M\u00e9xico\",\"description\":\"\",\"publisher\":{\"@id\":\"https:\\\/\\\/arjenoticias.com.mx\\\/#organization\"},\"potentialAction\":[{\"@type\":\"SearchAction\",\"target\":{\"@type\":\"EntryPoint\",\"urlTemplate\":\"https:\\\/\\\/arjenoticias.com.mx\\\/?s={search_term_string}\"},\"query-input\":{\"@type\":\"PropertyValueSpecification\",\"valueRequired\":true,\"valueName\":\"search_term_string\"}}],\"inLanguage\":\"es\"},{\"@type\":\"Organization\",\"@id\":\"https:\\\/\\\/arjenoticias.com.mx\\\/#organization\",\"name\":\"Arj\u00e9 M\u00e9xico\",\"url\":\"https:\\\/\\\/arjenoticias.com.mx\\\/\",\"logo\":{\"@type\":\"ImageObject\",\"inLanguage\":\"es\",\"@id\":\"https:\\\/\\\/arjenoticias.com.mx\\\/#\\\/schema\\\/logo\\\/image\\\/\",\"url\":\"https:\\\/\\\/arjenoticias.com\\\/wp-content\\\/uploads\\\/2026\\\/04\\\/cropped-cropped-logo-inverted-1-scaled-1.png\",\"contentUrl\":\"https:\\\/\\\/arjenoticias.com\\\/wp-content\\\/uploads\\\/2026\\\/04\\\/cropped-cropped-logo-inverted-1-scaled-1.png\",\"width\":2556,\"height\":549,\"caption\":\"Arj\u00e9 M\u00e9xico\"},\"image\":{\"@id\":\"https:\\\/\\\/arjenoticias.com.mx\\\/#\\\/schema\\\/logo\\\/image\\\/\"},\"sameAs\":[\"https:\\\/\\\/www.facebook.com\\\/ArjeNoticiasMX\",\"https:\\\/\\\/x.com\\\/ArjeNoticias\"]},{\"@type\":\"Person\",\"@id\":\"https:\\\/\\\/arjenoticias.com.mx\\\/#\\\/schema\\\/person\\\/d4c39abbe94ded06bc57d68687f278cd\",\"name\":\"F\u00e9lix C\u00f3rtes Camarillo\",\"image\":{\"@type\":\"ImageObject\",\"inLanguage\":\"es\",\"@id\":\"https:\\\/\\\/arjenoticias.com\\\/wp-content\\\/uploads\\\/2026\\\/04\\\/Felix-Cortes-Camarillo3-96x96.png\",\"url\":\"https:\\\/\\\/arjenoticias.com\\\/wp-content\\\/uploads\\\/2026\\\/04\\\/Felix-Cortes-Camarillo3-96x96.png\",\"contentUrl\":\"https:\\\/\\\/arjenoticias.com\\\/wp-content\\\/uploads\\\/2026\\\/04\\\/Felix-Cortes-Camarillo3-96x96.png\",\"caption\":\"F\u00e9lix C\u00f3rtes Camarillo\"},\"url\":\"https:\\\/\\\/arjenoticias.com.mx\\\/author\\\/felix\\\/\"}]}<\/script>\n<!-- \/ Yoast SEO plugin. -->","yoast_head_json":{"title":"Ucrania 2026 -","description":"A cuatro a\u00f1os de la invasi\u00f3n rusa a Ucrania, el conflicto deja m\u00e1s de un mill\u00f3n de muertos, una econom\u00eda rusa debilitada, apoyo militar de la Uni\u00f3n Europea y un mundo exhausto, mientras Volod\u00edmir Zelenski enfrenta el desgaste interno y M\u00e9xico debate una reforma electoral impulsada por Claudia Sheinbaum.","robots":{"index":"index","follow":"follow","max-snippet":"max-snippet:-1","max-image-preview":"max-image-preview:large","max-video-preview":"max-video-preview:-1"},"canonical":"https:\/\/arjenoticias.com.mx\/opinion\/ucrania-2026\/","og_locale":"es_ES","og_type":"article","og_title":"Ucrania 2026 -","og_description":"A cuatro a\u00f1os de la invasi\u00f3n rusa a Ucrania, el conflicto deja m\u00e1s de un mill\u00f3n de muertos, una econom\u00eda rusa debilitada, apoyo militar de la Uni\u00f3n Europea y un mundo exhausto, mientras Volod\u00edmir Zelenski enfrenta el desgaste interno y M\u00e9xico debate una reforma electoral impulsada por Claudia Sheinbaum.","og_url":"https:\/\/arjenoticias.com.mx\/opinion\/ucrania-2026\/","article_publisher":"https:\/\/www.facebook.com\/ArjeNoticiasMX","article_published_time":"2026-02-28T17:05:42+00:00","article_modified_time":"2026-02-28T17:05:43+00:00","og_image":[{"width":600,"height":400,"url":"https:\/\/arjenoticias.com.mx\/wp-content\/uploads\/2026\/02\/Ernesto-Cerda-Serna3.png","type":"image\/png"}],"author":"F\u00e9lix C\u00f3rtes Camarillo","twitter_card":"summary_large_image","twitter_creator":"@ArjeNoticias","twitter_site":"@ArjeNoticias","twitter_misc":{"Escrito por":"F\u00e9lix C\u00f3rtes Camarillo","Tiempo de lectura":"4 minutos"},"schema":{"@context":"https:\/\/schema.org","@graph":[{"@type":"Article","@id":"https:\/\/arjenoticias.com.mx\/opinion\/ucrania-2026\/#article","isPartOf":{"@id":"https:\/\/arjenoticias.com.mx\/opinion\/ucrania-2026\/"},"author":{"name":"F\u00e9lix C\u00f3rtes Camarillo","@id":"https:\/\/arjenoticias.com.mx\/#\/schema\/person\/d4c39abbe94ded06bc57d68687f278cd"},"headline":"Ucrania 2026","datePublished":"2026-02-28T17:05:42+00:00","dateModified":"2026-02-28T17:05:43+00:00","mainEntityOfPage":{"@id":"https:\/\/arjenoticias.com.mx\/opinion\/ucrania-2026\/"},"wordCount":750,"publisher":{"@id":"https:\/\/arjenoticias.com.mx\/#organization"},"image":{"@id":"https:\/\/arjenoticias.com.mx\/opinion\/ucrania-2026\/#primaryimage"},"thumbnailUrl":"https:\/\/arjenoticias.com.mx\/wp-content\/uploads\/2026\/02\/Ernesto-Cerda-Serna3.png","keywords":["Rusia","Sheinbaum","Ucrania"],"articleSection":["Mundo","Opini\u00f3n"],"inLanguage":"es"},{"@type":"WebPage","@id":"https:\/\/arjenoticias.com.mx\/opinion\/ucrania-2026\/","url":"https:\/\/arjenoticias.com.mx\/opinion\/ucrania-2026\/","name":"Ucrania 2026 -","isPartOf":{"@id":"https:\/\/arjenoticias.com.mx\/#website"},"primaryImageOfPage":{"@id":"https:\/\/arjenoticias.com.mx\/opinion\/ucrania-2026\/#primaryimage"},"image":{"@id":"https:\/\/arjenoticias.com.mx\/opinion\/ucrania-2026\/#primaryimage"},"thumbnailUrl":"https:\/\/arjenoticias.com.mx\/wp-content\/uploads\/2026\/02\/Ernesto-Cerda-Serna3.png","datePublished":"2026-02-28T17:05:42+00:00","dateModified":"2026-02-28T17:05:43+00:00","description":"A cuatro a\u00f1os de la invasi\u00f3n rusa a Ucrania, el conflicto deja m\u00e1s de un mill\u00f3n de muertos, una econom\u00eda rusa debilitada, apoyo militar de la Uni\u00f3n Europea y un mundo exhausto, mientras Volod\u00edmir Zelenski enfrenta el desgaste interno y M\u00e9xico debate una reforma electoral impulsada por Claudia Sheinbaum.","breadcrumb":{"@id":"https:\/\/arjenoticias.com.mx\/opinion\/ucrania-2026\/#breadcrumb"},"inLanguage":"es","potentialAction":[{"@type":"ReadAction","target":["https:\/\/arjenoticias.com.mx\/opinion\/ucrania-2026\/"]}]},{"@type":"ImageObject","inLanguage":"es","@id":"https:\/\/arjenoticias.com.mx\/opinion\/ucrania-2026\/#primaryimage","url":"https:\/\/arjenoticias.com.mx\/wp-content\/uploads\/2026\/02\/Ernesto-Cerda-Serna3.png","contentUrl":"https:\/\/arjenoticias.com.mx\/wp-content\/uploads\/2026\/02\/Ernesto-Cerda-Serna3.png","width":600,"height":400,"caption":"Guerra en Ucrania cumple cuatro a\u00f1os: el fracaso del plan de Vladimir Putin y el desgaste global"},{"@type":"BreadcrumbList","@id":"https:\/\/arjenoticias.com.mx\/opinion\/ucrania-2026\/#breadcrumb","itemListElement":[{"@type":"ListItem","position":1,"name":"Portada","item":"https:\/\/arjenoticias.com.mx\/"},{"@type":"ListItem","position":2,"name":"Ucrania 2026"}]},{"@type":"WebSite","@id":"https:\/\/arjenoticias.com.mx\/#website","url":"https:\/\/arjenoticias.com.mx\/","name":"Arj\u00e9 M\u00e9xico","description":"","publisher":{"@id":"https:\/\/arjenoticias.com.mx\/#organization"},"potentialAction":[{"@type":"SearchAction","target":{"@type":"EntryPoint","urlTemplate":"https:\/\/arjenoticias.com.mx\/?s={search_term_string}"},"query-input":{"@type":"PropertyValueSpecification","valueRequired":true,"valueName":"search_term_string"}}],"inLanguage":"es"},{"@type":"Organization","@id":"https:\/\/arjenoticias.com.mx\/#organization","name":"Arj\u00e9 M\u00e9xico","url":"https:\/\/arjenoticias.com.mx\/","logo":{"@type":"ImageObject","inLanguage":"es","@id":"https:\/\/arjenoticias.com.mx\/#\/schema\/logo\/image\/","url":"https:\/\/arjenoticias.com\/wp-content\/uploads\/2026\/04\/cropped-cropped-logo-inverted-1-scaled-1.png","contentUrl":"https:\/\/arjenoticias.com\/wp-content\/uploads\/2026\/04\/cropped-cropped-logo-inverted-1-scaled-1.png","width":2556,"height":549,"caption":"Arj\u00e9 M\u00e9xico"},"image":{"@id":"https:\/\/arjenoticias.com.mx\/#\/schema\/logo\/image\/"},"sameAs":["https:\/\/www.facebook.com\/ArjeNoticiasMX","https:\/\/x.com\/ArjeNoticias"]},{"@type":"Person","@id":"https:\/\/arjenoticias.com.mx\/#\/schema\/person\/d4c39abbe94ded06bc57d68687f278cd","name":"F\u00e9lix C\u00f3rtes Camarillo","image":{"@type":"ImageObject","inLanguage":"es","@id":"https:\/\/arjenoticias.com\/wp-content\/uploads\/2026\/04\/Felix-Cortes-Camarillo3-96x96.png","url":"https:\/\/arjenoticias.com\/wp-content\/uploads\/2026\/04\/Felix-Cortes-Camarillo3-96x96.png","contentUrl":"https:\/\/arjenoticias.com\/wp-content\/uploads\/2026\/04\/Felix-Cortes-Camarillo3-96x96.png","caption":"F\u00e9lix C\u00f3rtes Camarillo"},"url":"https:\/\/arjenoticias.com.mx\/author\/felix\/"}]}},"featured_image_urls":{"full":["https:\/\/arjenoticias.com.mx\/wp-content\/uploads\/2026\/02\/Ernesto-Cerda-Serna3.png",600,400,false],"thumbnail":["https:\/\/arjenoticias.com.mx\/wp-content\/uploads\/2026\/02\/Ernesto-Cerda-Serna3-150x150.png",150,150,true],"medium":["https:\/\/arjenoticias.com.mx\/wp-content\/uploads\/2026\/02\/Ernesto-Cerda-Serna3-300x200.png",300,200,true],"medium_large":["https:\/\/arjenoticias.com.mx\/wp-content\/uploads\/2026\/02\/Ernesto-Cerda-Serna3.png",600,400,false],"large":["https:\/\/arjenoticias.com.mx\/wp-content\/uploads\/2026\/02\/Ernesto-Cerda-Serna3.png",600,400,false],"1536x1536":["https:\/\/arjenoticias.com.mx\/wp-content\/uploads\/2026\/02\/Ernesto-Cerda-Serna3.png",600,400,false],"2048x2048":["https:\/\/arjenoticias.com.mx\/wp-content\/uploads\/2026\/02\/Ernesto-Cerda-Serna3.png",600,400,false],"covernews-featured":["https:\/\/arjenoticias.com.mx\/wp-content\/uploads\/2026\/02\/Ernesto-Cerda-Serna3.png",600,400,false],"covernews-medium":["https:\/\/arjenoticias.com.mx\/wp-content\/uploads\/2026\/02\/Ernesto-Cerda-Serna3-540x340.png",540,340,true]},"author_info":{"info":["F\u00e9lix C\u00f3rtes Camarillo"]},"category_info":"<a href=\"https:\/\/arjenoticias.com.mx\/category\/mundo\/\" rel=\"category tag\">Mundo<\/a> <a href=\"https:\/\/arjenoticias.com.mx\/category\/opinion\/\" rel=\"category tag\">Opini\u00f3n<\/a>","tag_info":"Opini\u00f3n","comment_count":"0","_links":{"self":[{"href":"https:\/\/arjenoticias.com.mx\/wp-json\/wp\/v2\/posts\/10856","targetHints":{"allow":["GET"]}}],"collection":[{"href":"https:\/\/arjenoticias.com.mx\/wp-json\/wp\/v2\/posts"}],"about":[{"href":"https:\/\/arjenoticias.com.mx\/wp-json\/wp\/v2\/types\/post"}],"author":[{"embeddable":true,"href":"https:\/\/arjenoticias.com.mx\/wp-json\/wp\/v2\/users\/72"}],"replies":[{"embeddable":true,"href":"https:\/\/arjenoticias.com.mx\/wp-json\/wp\/v2\/comments?post=10856"}],"version-history":[{"count":1,"href":"https:\/\/arjenoticias.com.mx\/wp-json\/wp\/v2\/posts\/10856\/revisions"}],"predecessor-version":[{"id":10858,"href":"https:\/\/arjenoticias.com.mx\/wp-json\/wp\/v2\/posts\/10856\/revisions\/10858"}],"wp:featuredmedia":[{"embeddable":true,"href":"https:\/\/arjenoticias.com.mx\/wp-json\/wp\/v2\/media\/10857"}],"wp:attachment":[{"href":"https:\/\/arjenoticias.com.mx\/wp-json\/wp\/v2\/media?parent=10856"}],"wp:term":[{"taxonomy":"category","embeddable":true,"href":"https:\/\/arjenoticias.com.mx\/wp-json\/wp\/v2\/categories?post=10856"},{"taxonomy":"post_tag","embeddable":true,"href":"https:\/\/arjenoticias.com.mx\/wp-json\/wp\/v2\/tags?post=10856"}],"curies":[{"name":"wp","href":"https:\/\/api.w.org\/{rel}","templated":true}]}}