{"id":10835,"date":"2026-02-27T16:31:19","date_gmt":"2026-02-27T22:31:19","guid":{"rendered":"https:\/\/arjenoticias.com\/?p=10835"},"modified":"2026-02-27T16:46:29","modified_gmt":"2026-02-27T22:46:29","slug":"haruki-murakami-el-escritor-que-convirtio-la-soledad-en-literatura-universal","status":"publish","type":"post","link":"https:\/\/arjenoticias.com.mx\/los-poetas\/haruki-murakami-el-escritor-que-convirtio-la-soledad-en-literatura-universal\/","title":{"rendered":"Haruki Murakami: el escritor que convirti\u00f3 la soledad en literatura universal"},"content":{"rendered":"\n<p class=\"wp-block-paragraph\">Haruki Murakami es uno de los autores contempor\u00e1neos m\u00e1s le\u00eddos e influyentes del mundo. Nacido en Kioto en 1949, su obra ha cruzado fronteras gracias a un estilo inconfundible que mezcla realismo cotidiano, elementos on\u00edricos, referencias musicales \u2014especialmente al jazz\u2014 y una profunda exploraci\u00f3n de la soledad, la identidad y el absurdo de la vida moderna.<\/p>\n\n\n\n<h3 class=\"wp-block-heading\">Libros m\u00e1s representativos<\/h3>\n\n\n\n<p class=\"wp-block-paragraph\">La bibliograf\u00eda de Murakami es amplia y diversa, pero algunos t\u00edtulos se han convertido en referentes obligados de la literatura contempor\u00e1nea:<\/p>\n\n\n\n<ul class=\"wp-block-list\">\n<li><strong>Tokio Blues (Norwegian Wood)<\/strong> \u2013 La novela que lo lanz\u00f3 a la fama internacional, una historia \u00edntima sobre el amor, la p\u00e9rdida y la juventud.<\/li>\n\n\n\n<li><strong>Cr\u00f3nica del p\u00e1jaro que da cuerda al mundo<\/strong> \u2013 Una obra compleja donde lo cotidiano se entrelaza con lo surreal y lo pol\u00edtico.<\/li>\n\n\n\n<li><strong>Kafka en la orilla<\/strong> \u2013 Considerada por muchos su obra maestra, combina destino, mitolog\u00eda y mundos paralelos.<\/li>\n\n\n\n<li><strong>1Q84<\/strong> \u2013 Una trilog\u00eda ambiciosa que explora realidades alternas, el control social y el amor como resistencia.<\/li>\n\n\n\n<li><strong>Hombres sin mujeres<\/strong> \u2013 Relatos que profundizan en la soledad masculina y la imposibilidad de la comunicaci\u00f3n plena.<\/li>\n<\/ul>\n\n\n\n<h3 class=\"wp-block-heading\">Frases que definen su universo<\/h3>\n\n\n\n<p class=\"wp-block-paragraph\">Murakami ha dejado reflexiones que conectan con lectores de distintas generaciones. Algunas de las m\u00e1s citadas son:<\/p>\n\n\n\n<blockquote class=\"wp-block-quote is-layout-flow wp-block-quote-is-layout-flow\">\n<p class=\"wp-block-paragraph\">\u201cY cuando la tormenta termine, no recordar\u00e1s c\u00f3mo la superaste. Solo sabr\u00e1s que ya no eres la misma persona.\u201d<br>\u201cSi solo lees los libros que todo el mundo est\u00e1 leyendo, solo podr\u00e1s pensar lo que todo el mundo est\u00e1 pensando.\u201d<br>\u201cLa soledad no es estar solo, es sentir que nadie puede comprenderte.\u201d<\/p>\n<\/blockquote>\n\n\n\n<h3 class=\"wp-block-heading\">Reconocimiento y legado<\/h3>\n\n\n\n<p class=\"wp-block-paragraph\">A lo largo de su carrera, Murakami ha recibido importantes premios literarios internacionales, como el Franz Kafka y el Jerusalem Prize, y a\u00f1o tras a\u00f1o su nombre aparece entre los favoritos para el Premio Nobel de Literatura. Aunque este reconocimiento a\u00fan no llega, su influencia es indiscutible: sus libros han sido traducidos a m\u00e1s de 50 idiomas y han vendido millones de ejemplares en todo el mundo.<\/p>\n\n\n\n<p class=\"wp-block-paragraph\">M\u00e1s all\u00e1 de los premios, el verdadero reconocimiento de Haruki Murakami est\u00e1 en sus lectores. Su capacidad para narrar la extra\u00f1eza de lo cotidiano y convertir la introspecci\u00f3n en una experiencia universal lo ha consolidado como una de las voces m\u00e1s singulares y duraderas de la literatura contempor\u00e1nea.<\/p>\n\n\n\n<p class=\"wp-block-paragraph\"><\/p>\n","protected":false},"excerpt":{"rendered":"<p>Haruki Murakami es uno de los autores contempor\u00e1neos m\u00e1s le\u00eddos e influyentes del mundo. Nacido&#8230;<\/p>\n","protected":false},"author":7,"featured_media":10836,"comment_status":"closed","ping_status":"closed","sticky":false,"template":"","format":"standard","meta":{"footnotes":""},"categories":[605,3],"tags":[],"class_list":["post-10835","post","type-post","status-publish","format-standard","has-post-thumbnail","hentry","category-lo-mas-relevante","category-los-poetas"],"yoast_head":"<!-- This site is optimized with the Yoast SEO plugin v28.4 - https:\/\/yoast.com\/product\/yoast-seo-wordpress\/ -->\n<title>Haruki Murakami: el escritor que convirti\u00f3 la soledad en literatura universal -<\/title>\n<meta name=\"description\" content=\"Descubre la obra de Haruki Murakami: sus libros m\u00e1s famosos, frases c\u00e9lebres y reconocimiento internacional.\" \/>\n<meta name=\"robots\" content=\"index, follow, max-snippet:-1, max-image-preview:large, max-video-preview:-1\" \/>\n<link rel=\"canonical\" href=\"https:\/\/arjenoticias.com.mx\/los-poetas\/haruki-murakami-el-escritor-que-convirtio-la-soledad-en-literatura-universal\/\" \/>\n<meta property=\"og:locale\" content=\"es_ES\" \/>\n<meta property=\"og:type\" content=\"article\" \/>\n<meta property=\"og:title\" content=\"Haruki Murakami: el escritor que convirti\u00f3 la soledad en literatura universal -\" \/>\n<meta property=\"og:description\" content=\"Descubre la obra de Haruki Murakami: sus libros m\u00e1s famosos, frases c\u00e9lebres y reconocimiento internacional.\" \/>\n<meta property=\"og:url\" content=\"https:\/\/arjenoticias.com.mx\/los-poetas\/haruki-murakami-el-escritor-que-convirtio-la-soledad-en-literatura-universal\/\" \/>\n<meta property=\"article:publisher\" content=\"https:\/\/www.facebook.com\/ArjeNoticiasMX\" \/>\n<meta property=\"article:author\" content=\"https:\/\/www.facebook.com\/Teretere4671\/\" \/>\n<meta property=\"article:published_time\" content=\"2026-02-27T22:31:19+00:00\" \/>\n<meta property=\"article:modified_time\" content=\"2026-02-27T22:46:29+00:00\" \/>\n<meta property=\"og:image\" content=\"https:\/\/arjenoticias.com.mx\/wp-content\/uploads\/2026\/02\/Murakami.png\" \/>\n\t<meta property=\"og:image:width\" content=\"500\" \/>\n\t<meta property=\"og:image:height\" content=\"500\" \/>\n\t<meta property=\"og:image:type\" content=\"image\/png\" \/>\n<meta name=\"author\" content=\"Teresa Sep\u00falveda Elizondo\" \/>\n<meta name=\"twitter:card\" content=\"summary_large_image\" \/>\n<meta name=\"twitter:creator\" content=\"@Teretere70\" \/>\n<meta name=\"twitter:site\" content=\"@ArjeNoticias\" \/>\n<meta name=\"twitter:label1\" content=\"Escrito por\" \/>\n\t<meta name=\"twitter:data1\" content=\"Teresa Sep\u00falveda Elizondo\" \/>\n\t<meta name=\"twitter:label2\" content=\"Tiempo de lectura\" \/>\n\t<meta name=\"twitter:data2\" content=\"2 minutos\" \/>\n<script type=\"application\/ld+json\" class=\"yoast-schema-graph\">{\"@context\":\"https:\\\/\\\/schema.org\",\"@graph\":[{\"@type\":\"Article\",\"@id\":\"https:\\\/\\\/arjenoticias.com.mx\\\/los-poetas\\\/haruki-murakami-el-escritor-que-convirtio-la-soledad-en-literatura-universal\\\/#article\",\"isPartOf\":{\"@id\":\"https:\\\/\\\/arjenoticias.com.mx\\\/los-poetas\\\/haruki-murakami-el-escritor-que-convirtio-la-soledad-en-literatura-universal\\\/\"},\"author\":{\"name\":\"Teresa Sep\u00falveda Elizondo\",\"@id\":\"https:\\\/\\\/arjenoticias.com.mx\\\/#\\\/schema\\\/person\\\/41d07e1bf27d42a3343a05b16a4173e4\"},\"headline\":\"Haruki Murakami: el escritor que convirti\u00f3 la soledad en literatura universal\",\"datePublished\":\"2026-02-27T22:31:19+00:00\",\"dateModified\":\"2026-02-27T22:46:29+00:00\",\"mainEntityOfPage\":{\"@id\":\"https:\\\/\\\/arjenoticias.com.mx\\\/los-poetas\\\/haruki-murakami-el-escritor-que-convirtio-la-soledad-en-literatura-universal\\\/\"},\"wordCount\":406,\"publisher\":{\"@id\":\"https:\\\/\\\/arjenoticias.com.mx\\\/#organization\"},\"image\":{\"@id\":\"https:\\\/\\\/arjenoticias.com.mx\\\/los-poetas\\\/haruki-murakami-el-escritor-que-convirtio-la-soledad-en-literatura-universal\\\/#primaryimage\"},\"thumbnailUrl\":\"https:\\\/\\\/arjenoticias.com.mx\\\/wp-content\\\/uploads\\\/2026\\\/02\\\/Murakami.png\",\"articleSection\":[\"Lo m\u00e1s relevante\",\"Los poetas\"],\"inLanguage\":\"es\"},{\"@type\":\"WebPage\",\"@id\":\"https:\\\/\\\/arjenoticias.com.mx\\\/los-poetas\\\/haruki-murakami-el-escritor-que-convirtio-la-soledad-en-literatura-universal\\\/\",\"url\":\"https:\\\/\\\/arjenoticias.com.mx\\\/los-poetas\\\/haruki-murakami-el-escritor-que-convirtio-la-soledad-en-literatura-universal\\\/\",\"name\":\"Haruki Murakami: el escritor que convirti\u00f3 la soledad en literatura universal -\",\"isPartOf\":{\"@id\":\"https:\\\/\\\/arjenoticias.com.mx\\\/#website\"},\"primaryImageOfPage\":{\"@id\":\"https:\\\/\\\/arjenoticias.com.mx\\\/los-poetas\\\/haruki-murakami-el-escritor-que-convirtio-la-soledad-en-literatura-universal\\\/#primaryimage\"},\"image\":{\"@id\":\"https:\\\/\\\/arjenoticias.com.mx\\\/los-poetas\\\/haruki-murakami-el-escritor-que-convirtio-la-soledad-en-literatura-universal\\\/#primaryimage\"},\"thumbnailUrl\":\"https:\\\/\\\/arjenoticias.com.mx\\\/wp-content\\\/uploads\\\/2026\\\/02\\\/Murakami.png\",\"datePublished\":\"2026-02-27T22:31:19+00:00\",\"dateModified\":\"2026-02-27T22:46:29+00:00\",\"description\":\"Descubre la obra de Haruki Murakami: sus libros m\u00e1s famosos, frases c\u00e9lebres y reconocimiento internacional.\",\"breadcrumb\":{\"@id\":\"https:\\\/\\\/arjenoticias.com.mx\\\/los-poetas\\\/haruki-murakami-el-escritor-que-convirtio-la-soledad-en-literatura-universal\\\/#breadcrumb\"},\"inLanguage\":\"es\",\"potentialAction\":[{\"@type\":\"ReadAction\",\"target\":[\"https:\\\/\\\/arjenoticias.com.mx\\\/los-poetas\\\/haruki-murakami-el-escritor-que-convirtio-la-soledad-en-literatura-universal\\\/\"]}]},{\"@type\":\"ImageObject\",\"inLanguage\":\"es\",\"@id\":\"https:\\\/\\\/arjenoticias.com.mx\\\/los-poetas\\\/haruki-murakami-el-escritor-que-convirtio-la-soledad-en-literatura-universal\\\/#primaryimage\",\"url\":\"https:\\\/\\\/arjenoticias.com.mx\\\/wp-content\\\/uploads\\\/2026\\\/02\\\/Murakami.png\",\"contentUrl\":\"https:\\\/\\\/arjenoticias.com.mx\\\/wp-content\\\/uploads\\\/2026\\\/02\\\/Murakami.png\",\"width\":500,\"height\":500,\"caption\":\"Haruki Murakami: libros m\u00e1s famosos, frases c\u00e9lebres y el reconocimiento mundial del escritor japon\u00e9s\"},{\"@type\":\"BreadcrumbList\",\"@id\":\"https:\\\/\\\/arjenoticias.com.mx\\\/los-poetas\\\/haruki-murakami-el-escritor-que-convirtio-la-soledad-en-literatura-universal\\\/#breadcrumb\",\"itemListElement\":[{\"@type\":\"ListItem\",\"position\":1,\"name\":\"Portada\",\"item\":\"https:\\\/\\\/arjenoticias.com.mx\\\/\"},{\"@type\":\"ListItem\",\"position\":2,\"name\":\"Haruki Murakami: el escritor que convirti\u00f3 la soledad en literatura universal\"}]},{\"@type\":\"WebSite\",\"@id\":\"https:\\\/\\\/arjenoticias.com.mx\\\/#website\",\"url\":\"https:\\\/\\\/arjenoticias.com.mx\\\/\",\"name\":\"Arj\u00e9 M\u00e9xico\",\"description\":\"\",\"publisher\":{\"@id\":\"https:\\\/\\\/arjenoticias.com.mx\\\/#organization\"},\"potentialAction\":[{\"@type\":\"SearchAction\",\"target\":{\"@type\":\"EntryPoint\",\"urlTemplate\":\"https:\\\/\\\/arjenoticias.com.mx\\\/?s={search_term_string}\"},\"query-input\":{\"@type\":\"PropertyValueSpecification\",\"valueRequired\":true,\"valueName\":\"search_term_string\"}}],\"inLanguage\":\"es\"},{\"@type\":\"Organization\",\"@id\":\"https:\\\/\\\/arjenoticias.com.mx\\\/#organization\",\"name\":\"Arj\u00e9 M\u00e9xico\",\"url\":\"https:\\\/\\\/arjenoticias.com.mx\\\/\",\"logo\":{\"@type\":\"ImageObject\",\"inLanguage\":\"es\",\"@id\":\"https:\\\/\\\/arjenoticias.com.mx\\\/#\\\/schema\\\/logo\\\/image\\\/\",\"url\":\"https:\\\/\\\/arjenoticias.com\\\/wp-content\\\/uploads\\\/2026\\\/04\\\/cropped-cropped-logo-inverted-1-scaled-1.png\",\"contentUrl\":\"https:\\\/\\\/arjenoticias.com\\\/wp-content\\\/uploads\\\/2026\\\/04\\\/cropped-cropped-logo-inverted-1-scaled-1.png\",\"width\":2556,\"height\":549,\"caption\":\"Arj\u00e9 M\u00e9xico\"},\"image\":{\"@id\":\"https:\\\/\\\/arjenoticias.com.mx\\\/#\\\/schema\\\/logo\\\/image\\\/\"},\"sameAs\":[\"https:\\\/\\\/www.facebook.com\\\/ArjeNoticiasMX\",\"https:\\\/\\\/x.com\\\/ArjeNoticias\"]},{\"@type\":\"Person\",\"@id\":\"https:\\\/\\\/arjenoticias.com.mx\\\/#\\\/schema\\\/person\\\/41d07e1bf27d42a3343a05b16a4173e4\",\"name\":\"Teresa Sep\u00falveda Elizondo\",\"image\":{\"@type\":\"ImageObject\",\"inLanguage\":\"es\",\"@id\":\"https:\\\/\\\/arjenoticias.com\\\/wp-content\\\/uploads\\\/2026\\\/04\\\/TERESA-SEPULVEDA-3-96x96.png\",\"url\":\"https:\\\/\\\/arjenoticias.com\\\/wp-content\\\/uploads\\\/2026\\\/04\\\/TERESA-SEPULVEDA-3-96x96.png\",\"contentUrl\":\"https:\\\/\\\/arjenoticias.com\\\/wp-content\\\/uploads\\\/2026\\\/04\\\/TERESA-SEPULVEDA-3-96x96.png\",\"caption\":\"Teresa Sep\u00falveda Elizondo\"},\"description\":\"Periodista, editorialista y catedr\u00e1tica. Licenciada en Comunicaci\u00f3n, con Maestr\u00eda en Procesos Electorales.\",\"sameAs\":[\"https:\\\/\\\/arjenoticias.com\\\/author\\\/teresa-sepulveda-elizondo\\\/\",\"https:\\\/\\\/www.facebook.com\\\/Teretere4671\\\/\",\"https:\\\/\\\/mx.linkedin.com\\\/in\\\/teresa-seplveda-73382920\",\"https:\\\/\\\/x.com\\\/Teretere70\"],\"url\":\"https:\\\/\\\/arjenoticias.com.mx\\\/author\\\/teresa-sepulveda-elizondo\\\/\"}]}<\/script>\n<!-- \/ Yoast SEO plugin. -->","yoast_head_json":{"title":"Haruki Murakami: el escritor que convirti\u00f3 la soledad en literatura universal -","description":"Descubre la obra de Haruki Murakami: sus libros m\u00e1s famosos, frases c\u00e9lebres y reconocimiento internacional.","robots":{"index":"index","follow":"follow","max-snippet":"max-snippet:-1","max-image-preview":"max-image-preview:large","max-video-preview":"max-video-preview:-1"},"canonical":"https:\/\/arjenoticias.com.mx\/los-poetas\/haruki-murakami-el-escritor-que-convirtio-la-soledad-en-literatura-universal\/","og_locale":"es_ES","og_type":"article","og_title":"Haruki Murakami: el escritor que convirti\u00f3 la soledad en literatura universal -","og_description":"Descubre la obra de Haruki Murakami: sus libros m\u00e1s famosos, frases c\u00e9lebres y reconocimiento internacional.","og_url":"https:\/\/arjenoticias.com.mx\/los-poetas\/haruki-murakami-el-escritor-que-convirtio-la-soledad-en-literatura-universal\/","article_publisher":"https:\/\/www.facebook.com\/ArjeNoticiasMX","article_author":"https:\/\/www.facebook.com\/Teretere4671\/","article_published_time":"2026-02-27T22:31:19+00:00","article_modified_time":"2026-02-27T22:46:29+00:00","og_image":[{"width":500,"height":500,"url":"https:\/\/arjenoticias.com.mx\/wp-content\/uploads\/2026\/02\/Murakami.png","type":"image\/png"}],"author":"Teresa Sep\u00falveda Elizondo","twitter_card":"summary_large_image","twitter_creator":"@Teretere70","twitter_site":"@ArjeNoticias","twitter_misc":{"Escrito por":"Teresa Sep\u00falveda Elizondo","Tiempo de lectura":"2 minutos"},"schema":{"@context":"https:\/\/schema.org","@graph":[{"@type":"Article","@id":"https:\/\/arjenoticias.com.mx\/los-poetas\/haruki-murakami-el-escritor-que-convirtio-la-soledad-en-literatura-universal\/#article","isPartOf":{"@id":"https:\/\/arjenoticias.com.mx\/los-poetas\/haruki-murakami-el-escritor-que-convirtio-la-soledad-en-literatura-universal\/"},"author":{"name":"Teresa Sep\u00falveda Elizondo","@id":"https:\/\/arjenoticias.com.mx\/#\/schema\/person\/41d07e1bf27d42a3343a05b16a4173e4"},"headline":"Haruki Murakami: el escritor que convirti\u00f3 la soledad en literatura universal","datePublished":"2026-02-27T22:31:19+00:00","dateModified":"2026-02-27T22:46:29+00:00","mainEntityOfPage":{"@id":"https:\/\/arjenoticias.com.mx\/los-poetas\/haruki-murakami-el-escritor-que-convirtio-la-soledad-en-literatura-universal\/"},"wordCount":406,"publisher":{"@id":"https:\/\/arjenoticias.com.mx\/#organization"},"image":{"@id":"https:\/\/arjenoticias.com.mx\/los-poetas\/haruki-murakami-el-escritor-que-convirtio-la-soledad-en-literatura-universal\/#primaryimage"},"thumbnailUrl":"https:\/\/arjenoticias.com.mx\/wp-content\/uploads\/2026\/02\/Murakami.png","articleSection":["Lo m\u00e1s relevante","Los poetas"],"inLanguage":"es"},{"@type":"WebPage","@id":"https:\/\/arjenoticias.com.mx\/los-poetas\/haruki-murakami-el-escritor-que-convirtio-la-soledad-en-literatura-universal\/","url":"https:\/\/arjenoticias.com.mx\/los-poetas\/haruki-murakami-el-escritor-que-convirtio-la-soledad-en-literatura-universal\/","name":"Haruki Murakami: el escritor que convirti\u00f3 la soledad en literatura universal -","isPartOf":{"@id":"https:\/\/arjenoticias.com.mx\/#website"},"primaryImageOfPage":{"@id":"https:\/\/arjenoticias.com.mx\/los-poetas\/haruki-murakami-el-escritor-que-convirtio-la-soledad-en-literatura-universal\/#primaryimage"},"image":{"@id":"https:\/\/arjenoticias.com.mx\/los-poetas\/haruki-murakami-el-escritor-que-convirtio-la-soledad-en-literatura-universal\/#primaryimage"},"thumbnailUrl":"https:\/\/arjenoticias.com.mx\/wp-content\/uploads\/2026\/02\/Murakami.png","datePublished":"2026-02-27T22:31:19+00:00","dateModified":"2026-02-27T22:46:29+00:00","description":"Descubre la obra de Haruki Murakami: sus libros m\u00e1s famosos, frases c\u00e9lebres y reconocimiento internacional.","breadcrumb":{"@id":"https:\/\/arjenoticias.com.mx\/los-poetas\/haruki-murakami-el-escritor-que-convirtio-la-soledad-en-literatura-universal\/#breadcrumb"},"inLanguage":"es","potentialAction":[{"@type":"ReadAction","target":["https:\/\/arjenoticias.com.mx\/los-poetas\/haruki-murakami-el-escritor-que-convirtio-la-soledad-en-literatura-universal\/"]}]},{"@type":"ImageObject","inLanguage":"es","@id":"https:\/\/arjenoticias.com.mx\/los-poetas\/haruki-murakami-el-escritor-que-convirtio-la-soledad-en-literatura-universal\/#primaryimage","url":"https:\/\/arjenoticias.com.mx\/wp-content\/uploads\/2026\/02\/Murakami.png","contentUrl":"https:\/\/arjenoticias.com.mx\/wp-content\/uploads\/2026\/02\/Murakami.png","width":500,"height":500,"caption":"Haruki Murakami: libros m\u00e1s famosos, frases c\u00e9lebres y el reconocimiento mundial del escritor japon\u00e9s"},{"@type":"BreadcrumbList","@id":"https:\/\/arjenoticias.com.mx\/los-poetas\/haruki-murakami-el-escritor-que-convirtio-la-soledad-en-literatura-universal\/#breadcrumb","itemListElement":[{"@type":"ListItem","position":1,"name":"Portada","item":"https:\/\/arjenoticias.com.mx\/"},{"@type":"ListItem","position":2,"name":"Haruki Murakami: el escritor que convirti\u00f3 la soledad en literatura universal"}]},{"@type":"WebSite","@id":"https:\/\/arjenoticias.com.mx\/#website","url":"https:\/\/arjenoticias.com.mx\/","name":"Arj\u00e9 M\u00e9xico","description":"","publisher":{"@id":"https:\/\/arjenoticias.com.mx\/#organization"},"potentialAction":[{"@type":"SearchAction","target":{"@type":"EntryPoint","urlTemplate":"https:\/\/arjenoticias.com.mx\/?s={search_term_string}"},"query-input":{"@type":"PropertyValueSpecification","valueRequired":true,"valueName":"search_term_string"}}],"inLanguage":"es"},{"@type":"Organization","@id":"https:\/\/arjenoticias.com.mx\/#organization","name":"Arj\u00e9 M\u00e9xico","url":"https:\/\/arjenoticias.com.mx\/","logo":{"@type":"ImageObject","inLanguage":"es","@id":"https:\/\/arjenoticias.com.mx\/#\/schema\/logo\/image\/","url":"https:\/\/arjenoticias.com\/wp-content\/uploads\/2026\/04\/cropped-cropped-logo-inverted-1-scaled-1.png","contentUrl":"https:\/\/arjenoticias.com\/wp-content\/uploads\/2026\/04\/cropped-cropped-logo-inverted-1-scaled-1.png","width":2556,"height":549,"caption":"Arj\u00e9 M\u00e9xico"},"image":{"@id":"https:\/\/arjenoticias.com.mx\/#\/schema\/logo\/image\/"},"sameAs":["https:\/\/www.facebook.com\/ArjeNoticiasMX","https:\/\/x.com\/ArjeNoticias"]},{"@type":"Person","@id":"https:\/\/arjenoticias.com.mx\/#\/schema\/person\/41d07e1bf27d42a3343a05b16a4173e4","name":"Teresa Sep\u00falveda Elizondo","image":{"@type":"ImageObject","inLanguage":"es","@id":"https:\/\/arjenoticias.com\/wp-content\/uploads\/2026\/04\/TERESA-SEPULVEDA-3-96x96.png","url":"https:\/\/arjenoticias.com\/wp-content\/uploads\/2026\/04\/TERESA-SEPULVEDA-3-96x96.png","contentUrl":"https:\/\/arjenoticias.com\/wp-content\/uploads\/2026\/04\/TERESA-SEPULVEDA-3-96x96.png","caption":"Teresa Sep\u00falveda Elizondo"},"description":"Periodista, editorialista y catedr\u00e1tica. Licenciada en Comunicaci\u00f3n, con Maestr\u00eda en Procesos Electorales.","sameAs":["https:\/\/arjenoticias.com\/author\/teresa-sepulveda-elizondo\/","https:\/\/www.facebook.com\/Teretere4671\/","https:\/\/mx.linkedin.com\/in\/teresa-seplveda-73382920","https:\/\/x.com\/Teretere70"],"url":"https:\/\/arjenoticias.com.mx\/author\/teresa-sepulveda-elizondo\/"}]}},"featured_image_urls":{"full":["https:\/\/arjenoticias.com.mx\/wp-content\/uploads\/2026\/02\/Murakami.png",500,500,false],"thumbnail":["https:\/\/arjenoticias.com.mx\/wp-content\/uploads\/2026\/02\/Murakami-150x150.png",150,150,true],"medium":["https:\/\/arjenoticias.com.mx\/wp-content\/uploads\/2026\/02\/Murakami-300x300.png",300,300,true],"medium_large":["https:\/\/arjenoticias.com.mx\/wp-content\/uploads\/2026\/02\/Murakami.png",500,500,false],"large":["https:\/\/arjenoticias.com.mx\/wp-content\/uploads\/2026\/02\/Murakami.png",500,500,false],"1536x1536":["https:\/\/arjenoticias.com.mx\/wp-content\/uploads\/2026\/02\/Murakami.png",500,500,false],"2048x2048":["https:\/\/arjenoticias.com.mx\/wp-content\/uploads\/2026\/02\/Murakami.png",500,500,false],"covernews-featured":["https:\/\/arjenoticias.com.mx\/wp-content\/uploads\/2026\/02\/Murakami.png",500,500,false],"covernews-medium":["https:\/\/arjenoticias.com.mx\/wp-content\/uploads\/2026\/02\/Murakami-500x340.png",500,340,true]},"author_info":{"info":["Teresa Sep\u00falveda Elizondo"]},"category_info":"<a href=\"https:\/\/arjenoticias.com.mx\/category\/lo-mas-relevante\/\" rel=\"category tag\">Lo m\u00e1s relevante<\/a> <a href=\"https:\/\/arjenoticias.com.mx\/category\/los-poetas\/\" rel=\"category tag\">Los poetas<\/a>","tag_info":"Los poetas","comment_count":"0","_links":{"self":[{"href":"https:\/\/arjenoticias.com.mx\/wp-json\/wp\/v2\/posts\/10835","targetHints":{"allow":["GET"]}}],"collection":[{"href":"https:\/\/arjenoticias.com.mx\/wp-json\/wp\/v2\/posts"}],"about":[{"href":"https:\/\/arjenoticias.com.mx\/wp-json\/wp\/v2\/types\/post"}],"author":[{"embeddable":true,"href":"https:\/\/arjenoticias.com.mx\/wp-json\/wp\/v2\/users\/7"}],"replies":[{"embeddable":true,"href":"https:\/\/arjenoticias.com.mx\/wp-json\/wp\/v2\/comments?post=10835"}],"version-history":[{"count":1,"href":"https:\/\/arjenoticias.com.mx\/wp-json\/wp\/v2\/posts\/10835\/revisions"}],"predecessor-version":[{"id":10837,"href":"https:\/\/arjenoticias.com.mx\/wp-json\/wp\/v2\/posts\/10835\/revisions\/10837"}],"wp:featuredmedia":[{"embeddable":true,"href":"https:\/\/arjenoticias.com.mx\/wp-json\/wp\/v2\/media\/10836"}],"wp:attachment":[{"href":"https:\/\/arjenoticias.com.mx\/wp-json\/wp\/v2\/media?parent=10835"}],"wp:term":[{"taxonomy":"category","embeddable":true,"href":"https:\/\/arjenoticias.com.mx\/wp-json\/wp\/v2\/categories?post=10835"},{"taxonomy":"post_tag","embeddable":true,"href":"https:\/\/arjenoticias.com.mx\/wp-json\/wp\/v2\/tags?post=10835"}],"curies":[{"name":"wp","href":"https:\/\/api.w.org\/{rel}","templated":true}]}}