{"id":10832,"date":"2026-02-27T14:32:13","date_gmt":"2026-02-27T20:32:13","guid":{"rendered":"https:\/\/arjenoticias.com\/?p=10832"},"modified":"2026-02-27T14:32:14","modified_gmt":"2026-02-27T20:32:14","slug":"la-insolvencia-una-causa-de-muerte-de-morena","status":"publish","type":"post","link":"https:\/\/arjenoticias.com.mx\/politica\/la-insolvencia-una-causa-de-muerte-de-morena\/","title":{"rendered":"La insolvencia; una causa de muerte de Morena"},"content":{"rendered":"\n<h2 class=\"wp-block-heading\">Salvador Redimg  escribe en arjenoticias.com <\/h2>\n\n\n\n<p class=\"wp-block-paragraph\">Volvamos a la profec\u00eda fallida de Adolfo Hitler, de un tercer Reich por mil a\u00f1os. Lo destruy\u00f3 la ambici\u00f3n de conquista de Europa. La muerte lenta o violenta de imperios o dictaduras en la historia lleva en general su propia semilla suicida por necedad, confort o intransigencia y falta de visi\u00f3n. Tanto grandes imperios hasta centenarios y dictaduras de lustros de vida se han destruido internamente, m\u00e1s que por causas ajenas. Y estas causas ajenas se dan precisamente por la autodestrucci\u00f3n.<\/p>\n\n\n\n<p class=\"wp-block-paragraph\">En el caso de las dictaduras, de personas o de grupos, su principal falla es la visi\u00f3n a muy corto plazo, las peque\u00f1as o grandes victorias que les hacen creer que siempre podr\u00e1n prevalecer a muy largo plazo, inclusive hasta despu\u00e9s de su muerte. Y se equivocan, la historia est\u00e1 llena de fracasos dictatoriales neciamente no previstos.<\/p>\n\n\n\n<p class=\"wp-block-paragraph\">Todos esos imperios o dictaduras han generado sus propias acciones autodestructoras, suicidas que se niegan a reconocer y mucho menos a enmendar. Y eso pasar\u00e1 al morenismo de L\u00f3pez Obrador y c\u00f3mplices.<\/p>\n\n\n\n<p class=\"wp-block-paragraph\">Morena tiene sembradas varias semillas de autodestrucci\u00f3n, y una de ellas es la cada vez m\u00e1s evidente lucha interna por cotos de poder. De hecho, Morena naci\u00f3 como resultado de una desmembraci\u00f3n liderada por Andr\u00e9s Manuel, que lo cre\u00f3 dentro del PRD, y que en un momento quebr\u00f3 la unidad perredista erigi\u00e9ndose como un nuevo partido. Morena no naci\u00f3 de la nada ni de un movimiento social, naci\u00f3 de la disrupci\u00f3n del PRD.<\/p>\n\n\n\n<p class=\"wp-block-paragraph\">La disminuci\u00f3n de \u201cpartidazo\u201d dominante de M\u00e9xico del PRI por decenas de a\u00f1os y aparentemente imbatible fue en gran parte por sus propias divisiones internas. Y s\u00ed, tambi\u00e9n es de esperarse que tarde o temprano, m\u00e1s bien temprano, Morena se autodestruya por las luchas internas por el poder y el dinero, en especial cuando L\u00f3pez Obrador desaparezca y est\u00e1 enfermo.<\/p>\n\n\n\n<p class=\"wp-block-paragraph\">Hay una presidente que trata de gobernar y solamente lo puede hacer en parte, pues las resistencias internas de su gobierno y de su partido se lo impiden. Las luchas abiertas por \u201cver qui\u00e9n puede m\u00e1s\u201d entre los due\u00f1os del partido est\u00e1n cada vez m\u00e1s a la vista de la gente, de los medios de comunicaci\u00f3n y hasta de gobiernos extranjeros con sus intereses sobre M\u00e9xico.<\/p>\n\n\n\n<p class=\"wp-block-paragraph\">Pero hay algo m\u00e1s\u2026 y es lo que ha acabado con gobiernos, con empresas y con familias, y es el gastar m\u00e1s de lo que se tiene y ver c\u00f3mo su capacidad de endeudarse se derrumba. El gobierno morenista por siete a\u00f1os ha ido gastando m\u00e1s, pero mucho m\u00e1s de lo que tiene de ingresos fiscales. La deuda nacional se est\u00e1 duplicando en estos siete a\u00f1os sobre la heredada tras casi dos siglos de M\u00e9xico independiente.<\/p>\n\n\n\n<p class=\"wp-block-paragraph\">La irracionalidad de gastar dinero en obras improductivas, en permitir una corrupci\u00f3n jam\u00e1s vista en M\u00e9xico que absorbe los dineros del erario son causa de muerte, aqu\u00ed y en donde sea, como digo en gobiernos, en empresas y en familias que de ser poderosas terminan en la ruina, en la miseria muchas veces.<\/p>\n\n\n\n<p class=\"wp-block-paragraph\">Y dentro de la irracionalidad del gasto p\u00fablico est\u00e1 la f\u00e1cil conquista de la simpat\u00eda popular regalando dinero, y regal\u00e1ndolo cada vez a m\u00e1s gente, y viendo c\u00f3mo la necesidad de ese dinero crece por el simple cambio demogr\u00e1fico: cada vez m\u00e1s personas tienen derecho a recibirlo. Las alertas de que regalar dinero destruye la econom\u00eda de un gobierno no son nada nuevas, ya hubo quienes cayeron en su propia trampa de comprar simpat\u00edas y votos y quienes lo vuelven a hacer, como Morena, se niegan a verlo.<\/p>\n\n\n\n<p class=\"wp-block-paragraph\">Gastar lo que no se tiene, derrocharlo, robarlo y regalarlo es la sentencia de muerte de Morena. Y lo peor es que cada a\u00f1o que se presentan y aprueban presupuestos de ingresos y de egresos hacen las cuentas del Gran Capit\u00e1n. Legisladores del PAN han hecho cada a\u00f1o serias y bien fundadas observaciones sobre lo absurdo de dichos presupuestos, y caen en o\u00eddos sumisos de los legisladores morenistas y sus c\u00f3mplices.<\/p>\n\n\n\n<p class=\"wp-block-paragraph\">En los dos \u00faltimos a\u00f1os, primeros de Sheinbaum, se ha dicho en tribuna que los legisladores y gobierno morenistas enga\u00f1an al pueblo, y no, no es as\u00ed, se enga\u00f1an a ellos mismos, suponiendo ingresos que la raz\u00f3n m\u00e1s elemental dice que no van a existir, y aprueban renglones de gasto que van a fondo perdido, por ser improductivos y sujetos a corrupci\u00f3n. Se niegan a ver la realidad que ya los ha golpeado cada a\u00f1o de fracaso fiscal morenista, y que ha requerido endeudamientos inaceptables pero necesarios para cumplir sus caprichos.<\/p>\n\n\n\n<p class=\"wp-block-paragraph\">La falta de dinero ser\u00e1 la tumba de Morena, cavada por ellos mismos, gastar obsesiva e irracionalmente dinero que no tiene ni puede generar fiscalmente el Estado lleva a un endeudamiento que se volver\u00e1 cada vez m\u00e1s dif\u00edcil de obtener de los mercados interno y externo de cr\u00e9dito. El gobierno mexicano se enfrentar\u00e1 a una razonable negativa de cr\u00e9dito para un gobierno que cada vez gasta m\u00e1s de lo que puede tener. El mundo est\u00e1 lleno de ejemplos tanto de gobiernos como de particulares a los que se les acaba el cr\u00e9dito tras derrochar sus propios dineros y bienes. Los puros intereses de las deudas gravan cada vez m\u00e1s al erario.<\/p>\n\n\n\n<p class=\"wp-block-paragraph\">Ya el gobierno morenista se ha visto incapaz de gastar en renglones primordiales, tal como se ve en servicios m\u00e9dicos, en medicinas y materiales hospitalarios. No compran porque no tienen dinero, se lo gastan en otras cosas innecesarias, como el Tren Maya, Dos Bocas, Mexicana de Aviaci\u00f3n, el AIFA y m\u00e1s. Y se roban dinero que el pueblo necesita con una impunidad jam\u00e1s vista. Los reclamos populares se ir\u00e1n incrementando cuando no puedan regalar dineros prometidos en las llamadas ayudas o programas sociales. De hecho, ya han tenido retrasos en pagos por falta oportuna de fondos.<\/p>\n\n\n\n<p class=\"wp-block-paragraph\">Si, Morena cava su tumba por su irracional manera de malgastar los fondos p\u00fablicos y endeudarse sin medida como lo est\u00e1 haciendo. Lo peor es que sus errores pol\u00edticos al respecto son claros, irrebatibles y sin embargo negados a ver en la pr\u00e1ctica de su manera de legislar y gobernar. La falta de dinero matar\u00e1 a Morena y heredar\u00e1 un pa\u00eds en crisis a quien venga despu\u00e9s tratando de salvar a M\u00e9xico.<\/p>\n","protected":false},"excerpt":{"rendered":"<p>Salvador Redimg escribe en arjenoticias.com Volvamos a la profec\u00eda fallida de Adolfo Hitler, de un&#8230;<\/p>\n","protected":false},"author":2,"featured_media":10833,"comment_status":"closed","ping_status":"closed","sticky":false,"template":"","format":"standard","meta":{"footnotes":""},"categories":[7],"tags":[1527],"class_list":["post-10832","post","type-post","status-publish","format-standard","has-post-thumbnail","hentry","category-politica","tag-morena-cava-su-tumba"],"yoast_head":"<!-- This site is optimized with the Yoast SEO plugin v28.4 - https:\/\/yoast.com\/product\/yoast-seo-wordpress\/ -->\n<title>La insolvencia; una causa de muerte de Morena -<\/title>\n<meta name=\"description\" content=\"La irracionalidad de gastar dinero en obras improductivas, en permitir una corrupci\u00f3n jam\u00e1s vista en M\u00e9xico que absorbe los dineros del erario son causa de muerte,\" \/>\n<meta name=\"robots\" content=\"index, follow, max-snippet:-1, max-image-preview:large, max-video-preview:-1\" \/>\n<link rel=\"canonical\" href=\"https:\/\/arjenoticias.com.mx\/politica\/la-insolvencia-una-causa-de-muerte-de-morena\/\" \/>\n<meta property=\"og:locale\" content=\"es_ES\" \/>\n<meta property=\"og:type\" content=\"article\" \/>\n<meta property=\"og:title\" content=\"La insolvencia; una causa de muerte de Morena -\" \/>\n<meta property=\"og:description\" content=\"La irracionalidad de gastar dinero en obras improductivas, en permitir una corrupci\u00f3n jam\u00e1s vista en M\u00e9xico que absorbe los dineros del erario son causa de muerte,\" \/>\n<meta property=\"og:url\" content=\"https:\/\/arjenoticias.com.mx\/politica\/la-insolvencia-una-causa-de-muerte-de-morena\/\" \/>\n<meta property=\"article:publisher\" content=\"https:\/\/www.facebook.com\/ArjeNoticiasMX\" \/>\n<meta property=\"article:published_time\" content=\"2026-02-27T20:32:13+00:00\" \/>\n<meta property=\"article:modified_time\" content=\"2026-02-27T20:32:14+00:00\" \/>\n<meta property=\"og:image\" content=\"https:\/\/arjenoticias.com.mx\/wp-content\/uploads\/2026\/02\/Salvador-Reding-Vidana-33.png\" \/>\n\t<meta property=\"og:image:width\" content=\"600\" \/>\n\t<meta property=\"og:image:height\" content=\"400\" \/>\n\t<meta property=\"og:image:type\" content=\"image\/png\" \/>\n<meta name=\"author\" content=\"Salvador I. Reding Vida\u00f1a\" \/>\n<meta name=\"twitter:card\" content=\"summary_large_image\" \/>\n<meta name=\"twitter:creator\" content=\"@ArjeNoticias\" \/>\n<meta name=\"twitter:site\" content=\"@ArjeNoticias\" \/>\n<meta name=\"twitter:label1\" content=\"Escrito por\" \/>\n\t<meta name=\"twitter:data1\" content=\"Salvador I. Reding Vida\u00f1a\" \/>\n\t<meta name=\"twitter:label2\" content=\"Tiempo de lectura\" \/>\n\t<meta name=\"twitter:data2\" content=\"5 minutos\" \/>\n<script type=\"application\/ld+json\" class=\"yoast-schema-graph\">{\"@context\":\"https:\\\/\\\/schema.org\",\"@graph\":[{\"@type\":\"Article\",\"@id\":\"https:\\\/\\\/arjenoticias.com.mx\\\/politica\\\/la-insolvencia-una-causa-de-muerte-de-morena\\\/#article\",\"isPartOf\":{\"@id\":\"https:\\\/\\\/arjenoticias.com.mx\\\/politica\\\/la-insolvencia-una-causa-de-muerte-de-morena\\\/\"},\"author\":{\"name\":\"Salvador I. Reding Vida\u00f1a\",\"@id\":\"https:\\\/\\\/arjenoticias.com.mx\\\/#\\\/schema\\\/person\\\/1d69db6d2ea69ca50a1257f712c9fe3c\"},\"headline\":\"La insolvencia; una causa de muerte de Morena\",\"datePublished\":\"2026-02-27T20:32:13+00:00\",\"dateModified\":\"2026-02-27T20:32:14+00:00\",\"mainEntityOfPage\":{\"@id\":\"https:\\\/\\\/arjenoticias.com.mx\\\/politica\\\/la-insolvencia-una-causa-de-muerte-de-morena\\\/\"},\"wordCount\":1123,\"publisher\":{\"@id\":\"https:\\\/\\\/arjenoticias.com.mx\\\/#organization\"},\"image\":{\"@id\":\"https:\\\/\\\/arjenoticias.com.mx\\\/politica\\\/la-insolvencia-una-causa-de-muerte-de-morena\\\/#primaryimage\"},\"thumbnailUrl\":\"https:\\\/\\\/arjenoticias.com.mx\\\/wp-content\\\/uploads\\\/2026\\\/02\\\/Salvador-Reding-Vidana-33.png\",\"keywords\":[\"Morena cava su tumba\"],\"articleSection\":[\"Pol\u00edtica\"],\"inLanguage\":\"es\"},{\"@type\":\"WebPage\",\"@id\":\"https:\\\/\\\/arjenoticias.com.mx\\\/politica\\\/la-insolvencia-una-causa-de-muerte-de-morena\\\/\",\"url\":\"https:\\\/\\\/arjenoticias.com.mx\\\/politica\\\/la-insolvencia-una-causa-de-muerte-de-morena\\\/\",\"name\":\"La insolvencia; una causa de muerte de Morena -\",\"isPartOf\":{\"@id\":\"https:\\\/\\\/arjenoticias.com.mx\\\/#website\"},\"primaryImageOfPage\":{\"@id\":\"https:\\\/\\\/arjenoticias.com.mx\\\/politica\\\/la-insolvencia-una-causa-de-muerte-de-morena\\\/#primaryimage\"},\"image\":{\"@id\":\"https:\\\/\\\/arjenoticias.com.mx\\\/politica\\\/la-insolvencia-una-causa-de-muerte-de-morena\\\/#primaryimage\"},\"thumbnailUrl\":\"https:\\\/\\\/arjenoticias.com.mx\\\/wp-content\\\/uploads\\\/2026\\\/02\\\/Salvador-Reding-Vidana-33.png\",\"datePublished\":\"2026-02-27T20:32:13+00:00\",\"dateModified\":\"2026-02-27T20:32:14+00:00\",\"description\":\"La irracionalidad de gastar dinero en obras improductivas, en permitir una corrupci\u00f3n jam\u00e1s vista en M\u00e9xico que absorbe los dineros del erario son causa de muerte,\",\"breadcrumb\":{\"@id\":\"https:\\\/\\\/arjenoticias.com.mx\\\/politica\\\/la-insolvencia-una-causa-de-muerte-de-morena\\\/#breadcrumb\"},\"inLanguage\":\"es\",\"potentialAction\":[{\"@type\":\"ReadAction\",\"target\":[\"https:\\\/\\\/arjenoticias.com.mx\\\/politica\\\/la-insolvencia-una-causa-de-muerte-de-morena\\\/\"]}]},{\"@type\":\"ImageObject\",\"inLanguage\":\"es\",\"@id\":\"https:\\\/\\\/arjenoticias.com.mx\\\/politica\\\/la-insolvencia-una-causa-de-muerte-de-morena\\\/#primaryimage\",\"url\":\"https:\\\/\\\/arjenoticias.com.mx\\\/wp-content\\\/uploads\\\/2026\\\/02\\\/Salvador-Reding-Vidana-33.png\",\"contentUrl\":\"https:\\\/\\\/arjenoticias.com.mx\\\/wp-content\\\/uploads\\\/2026\\\/02\\\/Salvador-Reding-Vidana-33.png\",\"width\":600,\"height\":400,\"caption\":\"La falta de dinero ser\u00e1 la tumba de Morena, cavada por ellos mismos,\"},{\"@type\":\"BreadcrumbList\",\"@id\":\"https:\\\/\\\/arjenoticias.com.mx\\\/politica\\\/la-insolvencia-una-causa-de-muerte-de-morena\\\/#breadcrumb\",\"itemListElement\":[{\"@type\":\"ListItem\",\"position\":1,\"name\":\"Portada\",\"item\":\"https:\\\/\\\/arjenoticias.com.mx\\\/\"},{\"@type\":\"ListItem\",\"position\":2,\"name\":\"La insolvencia; una causa de muerte de Morena\"}]},{\"@type\":\"WebSite\",\"@id\":\"https:\\\/\\\/arjenoticias.com.mx\\\/#website\",\"url\":\"https:\\\/\\\/arjenoticias.com.mx\\\/\",\"name\":\"Arj\u00e9 M\u00e9xico\",\"description\":\"\",\"publisher\":{\"@id\":\"https:\\\/\\\/arjenoticias.com.mx\\\/#organization\"},\"potentialAction\":[{\"@type\":\"SearchAction\",\"target\":{\"@type\":\"EntryPoint\",\"urlTemplate\":\"https:\\\/\\\/arjenoticias.com.mx\\\/?s={search_term_string}\"},\"query-input\":{\"@type\":\"PropertyValueSpecification\",\"valueRequired\":true,\"valueName\":\"search_term_string\"}}],\"inLanguage\":\"es\"},{\"@type\":\"Organization\",\"@id\":\"https:\\\/\\\/arjenoticias.com.mx\\\/#organization\",\"name\":\"Arj\u00e9 M\u00e9xico\",\"url\":\"https:\\\/\\\/arjenoticias.com.mx\\\/\",\"logo\":{\"@type\":\"ImageObject\",\"inLanguage\":\"es\",\"@id\":\"https:\\\/\\\/arjenoticias.com.mx\\\/#\\\/schema\\\/logo\\\/image\\\/\",\"url\":\"https:\\\/\\\/arjenoticias.com\\\/wp-content\\\/uploads\\\/2026\\\/04\\\/cropped-cropped-logo-inverted-1-scaled-1.png\",\"contentUrl\":\"https:\\\/\\\/arjenoticias.com\\\/wp-content\\\/uploads\\\/2026\\\/04\\\/cropped-cropped-logo-inverted-1-scaled-1.png\",\"width\":2556,\"height\":549,\"caption\":\"Arj\u00e9 M\u00e9xico\"},\"image\":{\"@id\":\"https:\\\/\\\/arjenoticias.com.mx\\\/#\\\/schema\\\/logo\\\/image\\\/\"},\"sameAs\":[\"https:\\\/\\\/www.facebook.com\\\/ArjeNoticiasMX\",\"https:\\\/\\\/x.com\\\/ArjeNoticias\"]},{\"@type\":\"Person\",\"@id\":\"https:\\\/\\\/arjenoticias.com.mx\\\/#\\\/schema\\\/person\\\/1d69db6d2ea69ca50a1257f712c9fe3c\",\"name\":\"Salvador I. Reding Vida\u00f1a\",\"image\":{\"@type\":\"ImageObject\",\"inLanguage\":\"es\",\"@id\":\"https:\\\/\\\/arjenoticias.com\\\/wp-content\\\/uploads\\\/2026\\\/04\\\/SALVADOR-REDING--96x96.png\",\"url\":\"https:\\\/\\\/arjenoticias.com\\\/wp-content\\\/uploads\\\/2026\\\/04\\\/SALVADOR-REDING--96x96.png\",\"contentUrl\":\"https:\\\/\\\/arjenoticias.com\\\/wp-content\\\/uploads\\\/2026\\\/04\\\/SALVADOR-REDING--96x96.png\",\"caption\":\"Salvador I. Reding Vida\u00f1a\"},\"description\":\"Doctor en Econom\u00eda, editorialista regiomontano y militante activo del PAN.\",\"url\":\"https:\\\/\\\/arjenoticias.com.mx\\\/author\\\/salvador-i-reding-vidana\\\/\"}]}<\/script>\n<!-- \/ Yoast SEO plugin. -->","yoast_head_json":{"title":"La insolvencia; una causa de muerte de Morena -","description":"La irracionalidad de gastar dinero en obras improductivas, en permitir una corrupci\u00f3n jam\u00e1s vista en M\u00e9xico que absorbe los dineros del erario son causa de muerte,","robots":{"index":"index","follow":"follow","max-snippet":"max-snippet:-1","max-image-preview":"max-image-preview:large","max-video-preview":"max-video-preview:-1"},"canonical":"https:\/\/arjenoticias.com.mx\/politica\/la-insolvencia-una-causa-de-muerte-de-morena\/","og_locale":"es_ES","og_type":"article","og_title":"La insolvencia; una causa de muerte de Morena -","og_description":"La irracionalidad de gastar dinero en obras improductivas, en permitir una corrupci\u00f3n jam\u00e1s vista en M\u00e9xico que absorbe los dineros del erario son causa de muerte,","og_url":"https:\/\/arjenoticias.com.mx\/politica\/la-insolvencia-una-causa-de-muerte-de-morena\/","article_publisher":"https:\/\/www.facebook.com\/ArjeNoticiasMX","article_published_time":"2026-02-27T20:32:13+00:00","article_modified_time":"2026-02-27T20:32:14+00:00","og_image":[{"width":600,"height":400,"url":"https:\/\/arjenoticias.com.mx\/wp-content\/uploads\/2026\/02\/Salvador-Reding-Vidana-33.png","type":"image\/png"}],"author":"Salvador I. Reding Vida\u00f1a","twitter_card":"summary_large_image","twitter_creator":"@ArjeNoticias","twitter_site":"@ArjeNoticias","twitter_misc":{"Escrito por":"Salvador I. Reding Vida\u00f1a","Tiempo de lectura":"5 minutos"},"schema":{"@context":"https:\/\/schema.org","@graph":[{"@type":"Article","@id":"https:\/\/arjenoticias.com.mx\/politica\/la-insolvencia-una-causa-de-muerte-de-morena\/#article","isPartOf":{"@id":"https:\/\/arjenoticias.com.mx\/politica\/la-insolvencia-una-causa-de-muerte-de-morena\/"},"author":{"name":"Salvador I. Reding Vida\u00f1a","@id":"https:\/\/arjenoticias.com.mx\/#\/schema\/person\/1d69db6d2ea69ca50a1257f712c9fe3c"},"headline":"La insolvencia; una causa de muerte de Morena","datePublished":"2026-02-27T20:32:13+00:00","dateModified":"2026-02-27T20:32:14+00:00","mainEntityOfPage":{"@id":"https:\/\/arjenoticias.com.mx\/politica\/la-insolvencia-una-causa-de-muerte-de-morena\/"},"wordCount":1123,"publisher":{"@id":"https:\/\/arjenoticias.com.mx\/#organization"},"image":{"@id":"https:\/\/arjenoticias.com.mx\/politica\/la-insolvencia-una-causa-de-muerte-de-morena\/#primaryimage"},"thumbnailUrl":"https:\/\/arjenoticias.com.mx\/wp-content\/uploads\/2026\/02\/Salvador-Reding-Vidana-33.png","keywords":["Morena cava su tumba"],"articleSection":["Pol\u00edtica"],"inLanguage":"es"},{"@type":"WebPage","@id":"https:\/\/arjenoticias.com.mx\/politica\/la-insolvencia-una-causa-de-muerte-de-morena\/","url":"https:\/\/arjenoticias.com.mx\/politica\/la-insolvencia-una-causa-de-muerte-de-morena\/","name":"La insolvencia; una causa de muerte de Morena -","isPartOf":{"@id":"https:\/\/arjenoticias.com.mx\/#website"},"primaryImageOfPage":{"@id":"https:\/\/arjenoticias.com.mx\/politica\/la-insolvencia-una-causa-de-muerte-de-morena\/#primaryimage"},"image":{"@id":"https:\/\/arjenoticias.com.mx\/politica\/la-insolvencia-una-causa-de-muerte-de-morena\/#primaryimage"},"thumbnailUrl":"https:\/\/arjenoticias.com.mx\/wp-content\/uploads\/2026\/02\/Salvador-Reding-Vidana-33.png","datePublished":"2026-02-27T20:32:13+00:00","dateModified":"2026-02-27T20:32:14+00:00","description":"La irracionalidad de gastar dinero en obras improductivas, en permitir una corrupci\u00f3n jam\u00e1s vista en M\u00e9xico que absorbe los dineros del erario son causa de muerte,","breadcrumb":{"@id":"https:\/\/arjenoticias.com.mx\/politica\/la-insolvencia-una-causa-de-muerte-de-morena\/#breadcrumb"},"inLanguage":"es","potentialAction":[{"@type":"ReadAction","target":["https:\/\/arjenoticias.com.mx\/politica\/la-insolvencia-una-causa-de-muerte-de-morena\/"]}]},{"@type":"ImageObject","inLanguage":"es","@id":"https:\/\/arjenoticias.com.mx\/politica\/la-insolvencia-una-causa-de-muerte-de-morena\/#primaryimage","url":"https:\/\/arjenoticias.com.mx\/wp-content\/uploads\/2026\/02\/Salvador-Reding-Vidana-33.png","contentUrl":"https:\/\/arjenoticias.com.mx\/wp-content\/uploads\/2026\/02\/Salvador-Reding-Vidana-33.png","width":600,"height":400,"caption":"La falta de dinero ser\u00e1 la tumba de Morena, cavada por ellos mismos,"},{"@type":"BreadcrumbList","@id":"https:\/\/arjenoticias.com.mx\/politica\/la-insolvencia-una-causa-de-muerte-de-morena\/#breadcrumb","itemListElement":[{"@type":"ListItem","position":1,"name":"Portada","item":"https:\/\/arjenoticias.com.mx\/"},{"@type":"ListItem","position":2,"name":"La insolvencia; una causa de muerte de Morena"}]},{"@type":"WebSite","@id":"https:\/\/arjenoticias.com.mx\/#website","url":"https:\/\/arjenoticias.com.mx\/","name":"Arj\u00e9 M\u00e9xico","description":"","publisher":{"@id":"https:\/\/arjenoticias.com.mx\/#organization"},"potentialAction":[{"@type":"SearchAction","target":{"@type":"EntryPoint","urlTemplate":"https:\/\/arjenoticias.com.mx\/?s={search_term_string}"},"query-input":{"@type":"PropertyValueSpecification","valueRequired":true,"valueName":"search_term_string"}}],"inLanguage":"es"},{"@type":"Organization","@id":"https:\/\/arjenoticias.com.mx\/#organization","name":"Arj\u00e9 M\u00e9xico","url":"https:\/\/arjenoticias.com.mx\/","logo":{"@type":"ImageObject","inLanguage":"es","@id":"https:\/\/arjenoticias.com.mx\/#\/schema\/logo\/image\/","url":"https:\/\/arjenoticias.com\/wp-content\/uploads\/2026\/04\/cropped-cropped-logo-inverted-1-scaled-1.png","contentUrl":"https:\/\/arjenoticias.com\/wp-content\/uploads\/2026\/04\/cropped-cropped-logo-inverted-1-scaled-1.png","width":2556,"height":549,"caption":"Arj\u00e9 M\u00e9xico"},"image":{"@id":"https:\/\/arjenoticias.com.mx\/#\/schema\/logo\/image\/"},"sameAs":["https:\/\/www.facebook.com\/ArjeNoticiasMX","https:\/\/x.com\/ArjeNoticias"]},{"@type":"Person","@id":"https:\/\/arjenoticias.com.mx\/#\/schema\/person\/1d69db6d2ea69ca50a1257f712c9fe3c","name":"Salvador I. Reding Vida\u00f1a","image":{"@type":"ImageObject","inLanguage":"es","@id":"https:\/\/arjenoticias.com\/wp-content\/uploads\/2026\/04\/SALVADOR-REDING--96x96.png","url":"https:\/\/arjenoticias.com\/wp-content\/uploads\/2026\/04\/SALVADOR-REDING--96x96.png","contentUrl":"https:\/\/arjenoticias.com\/wp-content\/uploads\/2026\/04\/SALVADOR-REDING--96x96.png","caption":"Salvador I. Reding Vida\u00f1a"},"description":"Doctor en Econom\u00eda, editorialista regiomontano y militante activo del PAN.","url":"https:\/\/arjenoticias.com.mx\/author\/salvador-i-reding-vidana\/"}]}},"featured_image_urls":{"full":["https:\/\/arjenoticias.com.mx\/wp-content\/uploads\/2026\/02\/Salvador-Reding-Vidana-33.png",600,400,false],"thumbnail":["https:\/\/arjenoticias.com.mx\/wp-content\/uploads\/2026\/02\/Salvador-Reding-Vidana-33-150x150.png",150,150,true],"medium":["https:\/\/arjenoticias.com.mx\/wp-content\/uploads\/2026\/02\/Salvador-Reding-Vidana-33-300x200.png",300,200,true],"medium_large":["https:\/\/arjenoticias.com.mx\/wp-content\/uploads\/2026\/02\/Salvador-Reding-Vidana-33.png",600,400,false],"large":["https:\/\/arjenoticias.com.mx\/wp-content\/uploads\/2026\/02\/Salvador-Reding-Vidana-33.png",600,400,false],"1536x1536":["https:\/\/arjenoticias.com.mx\/wp-content\/uploads\/2026\/02\/Salvador-Reding-Vidana-33.png",600,400,false],"2048x2048":["https:\/\/arjenoticias.com.mx\/wp-content\/uploads\/2026\/02\/Salvador-Reding-Vidana-33.png",600,400,false],"covernews-featured":["https:\/\/arjenoticias.com.mx\/wp-content\/uploads\/2026\/02\/Salvador-Reding-Vidana-33.png",600,400,false],"covernews-medium":["https:\/\/arjenoticias.com.mx\/wp-content\/uploads\/2026\/02\/Salvador-Reding-Vidana-33-540x340.png",540,340,true]},"author_info":{"info":["Salvador I. Reding Vida\u00f1a"]},"category_info":"<a href=\"https:\/\/arjenoticias.com.mx\/category\/politica\/\" rel=\"category tag\">Pol\u00edtica<\/a>","tag_info":"Pol\u00edtica","comment_count":"0","_links":{"self":[{"href":"https:\/\/arjenoticias.com.mx\/wp-json\/wp\/v2\/posts\/10832","targetHints":{"allow":["GET"]}}],"collection":[{"href":"https:\/\/arjenoticias.com.mx\/wp-json\/wp\/v2\/posts"}],"about":[{"href":"https:\/\/arjenoticias.com.mx\/wp-json\/wp\/v2\/types\/post"}],"author":[{"embeddable":true,"href":"https:\/\/arjenoticias.com.mx\/wp-json\/wp\/v2\/users\/2"}],"replies":[{"embeddable":true,"href":"https:\/\/arjenoticias.com.mx\/wp-json\/wp\/v2\/comments?post=10832"}],"version-history":[{"count":1,"href":"https:\/\/arjenoticias.com.mx\/wp-json\/wp\/v2\/posts\/10832\/revisions"}],"predecessor-version":[{"id":10834,"href":"https:\/\/arjenoticias.com.mx\/wp-json\/wp\/v2\/posts\/10832\/revisions\/10834"}],"wp:featuredmedia":[{"embeddable":true,"href":"https:\/\/arjenoticias.com.mx\/wp-json\/wp\/v2\/media\/10833"}],"wp:attachment":[{"href":"https:\/\/arjenoticias.com.mx\/wp-json\/wp\/v2\/media?parent=10832"}],"wp:term":[{"taxonomy":"category","embeddable":true,"href":"https:\/\/arjenoticias.com.mx\/wp-json\/wp\/v2\/categories?post=10832"},{"taxonomy":"post_tag","embeddable":true,"href":"https:\/\/arjenoticias.com.mx\/wp-json\/wp\/v2\/tags?post=10832"}],"curies":[{"name":"wp","href":"https:\/\/api.w.org\/{rel}","templated":true}]}}