{"id":10765,"date":"2026-02-25T17:02:52","date_gmt":"2026-02-25T23:02:52","guid":{"rendered":"https:\/\/arjenoticias.com\/?p=10765"},"modified":"2026-02-25T17:02:52","modified_gmt":"2026-02-25T23:02:52","slug":"somosmx-nl-estara-presente-en-las-elecciones-del-2027-rocio-torres","status":"publish","type":"post","link":"https:\/\/arjenoticias.com.mx\/?p=10765","title":{"rendered":"SomosMx NL estar\u00e1 presente en las elecciones del 2027: Roci\u00f3 Torres"},"content":{"rendered":"\n<figure class=\"wp-block-embed is-type-video is-provider-youtube wp-block-embed-youtube wp-embed-aspect-16-9 wp-has-aspect-ratio\"><div class=\"wp-block-embed__wrapper\">\n<iframe title=\"Entrevista con  Roci\u00f3 Torres de SomosMxNL\" width=\"640\" height=\"360\" src=\"https:\/\/www.youtube.com\/embed\/_fwCbRecpqA?feature=oembed\" frameborder=\"0\" allow=\"accelerometer; autoplay; clipboard-write; encrypted-media; gyroscope; picture-in-picture; web-share\" referrerpolicy=\"strict-origin-when-cross-origin\" allowfullscreen><\/iframe>\n<\/div><\/figure>\n\n\n\n<p class=\"wp-block-paragraph\">Una vez celebrada la Asamblea Constitutiva de SomosMx el pasado 21 de febrero, tienen plazo hasta el 27 de este mes, para seguir afiliando miembros y seguramente rebasar los 300,000 de los 256,000 que exige la ley. El INE tiene de fecha limite al mes junio para otorgar el registro a SomosMx o rechazarlo, sin embargo, por los n\u00fameros de asambleas distritales (mas de 220) y el numero de afiliados, obtendremos el registro, afirma Roci\u00f3 Torres, quien es delegada Nacional para Nuevo Le\u00f3n.<br>Torres a\u00f1ade; \u201cdurante estos tres siguientes meses, trabajaremos en nuestra entidad, para reforzar la constituci\u00f3n del Comit\u00e9 Estatal y por los comit\u00e9s municipales, la ciudadan\u00eda ha recibido con inter\u00e9s esta nueva oferta pol\u00edtica, ya que los mejores perfiles de liderazgos ciudadanos y tambi\u00e9n de aquellos pol\u00edticos que ha sido rechazados, formaran las opciones para candidatos a diputados locales, federales, alcaldes y regidores. En cuanto, a la candidatura a la gubernatura, aun no hemos definido nada, pero estamos abiertos, para inclusive hacer una alianza de hecho con otra fuerza pol\u00edtica. En concreto hay mucho trabajo por hacer y contamos con poco tiempo\u201d.<br>Roci\u00f3 precisa; \u201cla oferta pol\u00edtica esta basada en atender los cinco problemas estructurales de NL, a saber; 1- medio ambiente, contaminaci\u00f3n. 2-movilidad, transporte publico y masivo, 3-seguridad, 4- Combate a la corrupci\u00f3n e impunidad y establecer prioritariamente la rendici\u00f3n de cuentas.5- Salud y Educaci\u00f3n\u201d.<br>Ir\u00e1 viniendo, iremos viendo, si para junio el INE reconoce a SomoxMx y aqu\u00ed en NL, aparece como una nueva y fresca opci\u00f3n pol\u00edtica.<\/p>\n\n\n\n<p class=\"wp-block-paragraph\"><\/p>\n","protected":false},"excerpt":{"rendered":"<p>Una vez celebrada la Asamblea Constitutiva de SomosMx el pasado 21 de febrero, tienen plazo&#8230;<\/p>\n","protected":false},"author":68,"featured_media":10766,"comment_status":"closed","ping_status":"closed","sticky":false,"template":"","format":"standard","meta":{"footnotes":""},"categories":[4],"tags":[2567],"class_list":["post-10765","post","type-post","status-publish","format-standard","has-post-thumbnail","hentry","category-ciudad","tag-somosmx-nl"],"yoast_head":"<!-- This site is optimized with the Yoast SEO plugin v28.4 - https:\/\/yoast.com\/product\/yoast-seo-wordpress\/ -->\n<title>SomosMx NL estar\u00e1 presente en las elecciones del 2027: Roci\u00f3 Torres -<\/title>\n<meta name=\"description\" content=\"trabajaremos en nuestra entidad, para reforzar la constituci\u00f3n del Comit\u00e9 Estatal y por los comit\u00e9s municipales, la ciudadan\u00eda ha recibido con inter\u00e9s esta nueva oferta pol\u00edtica, ya que los mejores perfiles de liderazgos ciudadanos\" \/>\n<meta name=\"robots\" content=\"index, follow, max-snippet:-1, max-image-preview:large, max-video-preview:-1\" \/>\n<link rel=\"canonical\" href=\"https:\/\/arjenoticias.com.mx\/?p=10765\" \/>\n<meta property=\"og:locale\" content=\"es_MX\" \/>\n<meta property=\"og:type\" content=\"article\" \/>\n<meta property=\"og:title\" content=\"SomosMx NL estar\u00e1 presente en las elecciones del 2027: Roci\u00f3 Torres -\" \/>\n<meta property=\"og:description\" content=\"trabajaremos en nuestra entidad, para reforzar la constituci\u00f3n del Comit\u00e9 Estatal y por los comit\u00e9s municipales, la ciudadan\u00eda ha recibido con inter\u00e9s esta nueva oferta pol\u00edtica, ya que los mejores perfiles de liderazgos ciudadanos\" \/>\n<meta property=\"og:url\" content=\"https:\/\/arjenoticias.com.mx\/?p=10765\" \/>\n<meta property=\"article:published_time\" content=\"2026-02-25T23:02:52+00:00\" \/>\n<meta name=\"author\" content=\"Ra\u00fal Monter Ortega\" \/>\n<meta name=\"twitter:card\" content=\"summary_large_image\" \/>\n<meta name=\"twitter:label1\" content=\"Escrito por\" \/>\n\t<meta name=\"twitter:data1\" content=\"Ra\u00fal Monter Ortega\" \/>\n\t<meta name=\"twitter:label2\" content=\"Tiempo de lectura\" \/>\n\t<meta name=\"twitter:data2\" content=\"2 minutos\" \/>\n<script type=\"application\/ld+json\" class=\"yoast-schema-graph\">{\"@context\":\"https:\\\/\\\/schema.org\",\"@graph\":[{\"@type\":\"Article\",\"@id\":\"https:\\\/\\\/arjenoticias.com.mx\\\/?p=10765#article\",\"isPartOf\":{\"@id\":\"https:\\\/\\\/arjenoticias.com.mx\\\/?p=10765\"},\"author\":{\"name\":\"Ra\u00fal Monter Ortega\",\"@id\":\"https:\\\/\\\/arjenoticias.com.mx\\\/#\\\/schema\\\/person\\\/f48bc28476b38490cbe82bd109c72b24\"},\"headline\":\"SomosMx NL estar\u00e1 presente en las elecciones del 2027: Roci\u00f3 Torres\",\"datePublished\":\"2026-02-25T23:02:52+00:00\",\"mainEntityOfPage\":{\"@id\":\"https:\\\/\\\/arjenoticias.com.mx\\\/?p=10765\"},\"wordCount\":280,\"publisher\":{\"@id\":\"https:\\\/\\\/arjenoticias.com.mx\\\/#organization\"},\"image\":{\"@id\":\"https:\\\/\\\/arjenoticias.com.mx\\\/?p=10765#primaryimage\"},\"thumbnailUrl\":\"\",\"keywords\":[\"SomosMx NL\"],\"articleSection\":[\"Ciudad\"],\"inLanguage\":\"es\"},{\"@type\":\"WebPage\",\"@id\":\"https:\\\/\\\/arjenoticias.com.mx\\\/?p=10765\",\"url\":\"https:\\\/\\\/arjenoticias.com.mx\\\/?p=10765\",\"name\":\"SomosMx NL estar\u00e1 presente en las elecciones del 2027: Roci\u00f3 Torres -\",\"isPartOf\":{\"@id\":\"https:\\\/\\\/arjenoticias.com.mx\\\/#website\"},\"primaryImageOfPage\":{\"@id\":\"https:\\\/\\\/arjenoticias.com.mx\\\/?p=10765#primaryimage\"},\"image\":{\"@id\":\"https:\\\/\\\/arjenoticias.com.mx\\\/?p=10765#primaryimage\"},\"thumbnailUrl\":\"\",\"datePublished\":\"2026-02-25T23:02:52+00:00\",\"description\":\"trabajaremos en nuestra entidad, para reforzar la constituci\u00f3n del Comit\u00e9 Estatal y por los comit\u00e9s municipales, la ciudadan\u00eda ha recibido con inter\u00e9s esta nueva oferta pol\u00edtica, ya que los mejores perfiles de liderazgos ciudadanos\",\"breadcrumb\":{\"@id\":\"https:\\\/\\\/arjenoticias.com.mx\\\/?p=10765#breadcrumb\"},\"inLanguage\":\"es\",\"potentialAction\":[{\"@type\":\"ReadAction\",\"target\":[\"https:\\\/\\\/arjenoticias.com.mx\\\/?p=10765\"]}]},{\"@type\":\"ImageObject\",\"inLanguage\":\"es\",\"@id\":\"https:\\\/\\\/arjenoticias.com.mx\\\/?p=10765#primaryimage\",\"url\":\"\",\"contentUrl\":\"\"},{\"@type\":\"BreadcrumbList\",\"@id\":\"https:\\\/\\\/arjenoticias.com.mx\\\/?p=10765#breadcrumb\",\"itemListElement\":[{\"@type\":\"ListItem\",\"position\":1,\"name\":\"Inicio\",\"item\":\"https:\\\/\\\/arjenoticias.com.mx\\\/\"},{\"@type\":\"ListItem\",\"position\":2,\"name\":\"SomosMx NL estar\u00e1 presente en las elecciones del 2027: Roci\u00f3 Torres\"}]},{\"@type\":\"WebSite\",\"@id\":\"https:\\\/\\\/arjenoticias.com.mx\\\/#website\",\"url\":\"https:\\\/\\\/arjenoticias.com.mx\\\/\",\"name\":\"arjenoticias.com.mx\",\"description\":\"\",\"publisher\":{\"@id\":\"https:\\\/\\\/arjenoticias.com.mx\\\/#organization\"},\"potentialAction\":[{\"@type\":\"SearchAction\",\"target\":{\"@type\":\"EntryPoint\",\"urlTemplate\":\"https:\\\/\\\/arjenoticias.com.mx\\\/?s={search_term_string}\"},\"query-input\":{\"@type\":\"PropertyValueSpecification\",\"valueRequired\":true,\"valueName\":\"search_term_string\"}}],\"inLanguage\":\"es\"},{\"@type\":\"Organization\",\"@id\":\"https:\\\/\\\/arjenoticias.com.mx\\\/#organization\",\"name\":\"Arj\u00e9 de M\u00e9xico Noticias\",\"url\":\"https:\\\/\\\/arjenoticias.com.mx\\\/\",\"logo\":{\"@type\":\"ImageObject\",\"inLanguage\":\"es\",\"@id\":\"https:\\\/\\\/arjenoticias.com.mx\\\/#\\\/schema\\\/logo\\\/image\\\/\",\"url\":\"https:\\\/\\\/arjenoticias.com.mx\\\/wp-content\\\/uploads\\\/2025\\\/07\\\/cropped-logo-scaled-1.png\",\"contentUrl\":\"https:\\\/\\\/arjenoticias.com.mx\\\/wp-content\\\/uploads\\\/2025\\\/07\\\/cropped-logo-scaled-1.png\",\"width\":2558,\"height\":558,\"caption\":\"Arj\u00e9 de M\u00e9xico Noticias\"},\"image\":{\"@id\":\"https:\\\/\\\/arjenoticias.com.mx\\\/#\\\/schema\\\/logo\\\/image\\\/\"}},{\"@type\":\"Person\",\"@id\":\"https:\\\/\\\/arjenoticias.com.mx\\\/#\\\/schema\\\/person\\\/f48bc28476b38490cbe82bd109c72b24\",\"name\":\"Ra\u00fal Monter Ortega\",\"image\":{\"@type\":\"ImageObject\",\"inLanguage\":\"es\",\"@id\":\"https:\\\/\\\/secure.gravatar.com\\\/avatar\\\/1616403283ceadc5d9a2d98c21703f217676e6be6595972f5d3d26ff78793f9d?s=96&d=mm&r=g\",\"url\":\"https:\\\/\\\/secure.gravatar.com\\\/avatar\\\/1616403283ceadc5d9a2d98c21703f217676e6be6595972f5d3d26ff78793f9d?s=96&d=mm&r=g\",\"contentUrl\":\"https:\\\/\\\/secure.gravatar.com\\\/avatar\\\/1616403283ceadc5d9a2d98c21703f217676e6be6595972f5d3d26ff78793f9d?s=96&d=mm&r=g\",\"caption\":\"Ra\u00fal Monter Ortega\"},\"url\":\"https:\\\/\\\/arjenoticias.com.mx\\\/?author=68\"}]}<\/script>\n<!-- \/ Yoast SEO plugin. -->","yoast_head_json":{"title":"SomosMx NL estar\u00e1 presente en las elecciones del 2027: Roci\u00f3 Torres -","description":"trabajaremos en nuestra entidad, para reforzar la constituci\u00f3n del Comit\u00e9 Estatal y por los comit\u00e9s municipales, la ciudadan\u00eda ha recibido con inter\u00e9s esta nueva oferta pol\u00edtica, ya que los mejores perfiles de liderazgos ciudadanos","robots":{"index":"index","follow":"follow","max-snippet":"max-snippet:-1","max-image-preview":"max-image-preview:large","max-video-preview":"max-video-preview:-1"},"canonical":"https:\/\/arjenoticias.com.mx\/?p=10765","og_locale":"es_MX","og_type":"article","og_title":"SomosMx NL estar\u00e1 presente en las elecciones del 2027: Roci\u00f3 Torres -","og_description":"trabajaremos en nuestra entidad, para reforzar la constituci\u00f3n del Comit\u00e9 Estatal y por los comit\u00e9s municipales, la ciudadan\u00eda ha recibido con inter\u00e9s esta nueva oferta pol\u00edtica, ya que los mejores perfiles de liderazgos ciudadanos","og_url":"https:\/\/arjenoticias.com.mx\/?p=10765","article_published_time":"2026-02-25T23:02:52+00:00","author":"Ra\u00fal Monter Ortega","twitter_card":"summary_large_image","twitter_misc":{"Escrito por":"Ra\u00fal Monter Ortega","Tiempo de lectura":"2 minutos"},"schema":{"@context":"https:\/\/schema.org","@graph":[{"@type":"Article","@id":"https:\/\/arjenoticias.com.mx\/?p=10765#article","isPartOf":{"@id":"https:\/\/arjenoticias.com.mx\/?p=10765"},"author":{"name":"Ra\u00fal Monter Ortega","@id":"https:\/\/arjenoticias.com.mx\/#\/schema\/person\/f48bc28476b38490cbe82bd109c72b24"},"headline":"SomosMx NL estar\u00e1 presente en las elecciones del 2027: Roci\u00f3 Torres","datePublished":"2026-02-25T23:02:52+00:00","mainEntityOfPage":{"@id":"https:\/\/arjenoticias.com.mx\/?p=10765"},"wordCount":280,"publisher":{"@id":"https:\/\/arjenoticias.com.mx\/#organization"},"image":{"@id":"https:\/\/arjenoticias.com.mx\/?p=10765#primaryimage"},"thumbnailUrl":"","keywords":["SomosMx NL"],"articleSection":["Ciudad"],"inLanguage":"es"},{"@type":"WebPage","@id":"https:\/\/arjenoticias.com.mx\/?p=10765","url":"https:\/\/arjenoticias.com.mx\/?p=10765","name":"SomosMx NL estar\u00e1 presente en las elecciones del 2027: Roci\u00f3 Torres -","isPartOf":{"@id":"https:\/\/arjenoticias.com.mx\/#website"},"primaryImageOfPage":{"@id":"https:\/\/arjenoticias.com.mx\/?p=10765#primaryimage"},"image":{"@id":"https:\/\/arjenoticias.com.mx\/?p=10765#primaryimage"},"thumbnailUrl":"","datePublished":"2026-02-25T23:02:52+00:00","description":"trabajaremos en nuestra entidad, para reforzar la constituci\u00f3n del Comit\u00e9 Estatal y por los comit\u00e9s municipales, la ciudadan\u00eda ha recibido con inter\u00e9s esta nueva oferta pol\u00edtica, ya que los mejores perfiles de liderazgos ciudadanos","breadcrumb":{"@id":"https:\/\/arjenoticias.com.mx\/?p=10765#breadcrumb"},"inLanguage":"es","potentialAction":[{"@type":"ReadAction","target":["https:\/\/arjenoticias.com.mx\/?p=10765"]}]},{"@type":"ImageObject","inLanguage":"es","@id":"https:\/\/arjenoticias.com.mx\/?p=10765#primaryimage","url":"","contentUrl":""},{"@type":"BreadcrumbList","@id":"https:\/\/arjenoticias.com.mx\/?p=10765#breadcrumb","itemListElement":[{"@type":"ListItem","position":1,"name":"Inicio","item":"https:\/\/arjenoticias.com.mx\/"},{"@type":"ListItem","position":2,"name":"SomosMx NL estar\u00e1 presente en las elecciones del 2027: Roci\u00f3 Torres"}]},{"@type":"WebSite","@id":"https:\/\/arjenoticias.com.mx\/#website","url":"https:\/\/arjenoticias.com.mx\/","name":"arjenoticias.com.mx","description":"","publisher":{"@id":"https:\/\/arjenoticias.com.mx\/#organization"},"potentialAction":[{"@type":"SearchAction","target":{"@type":"EntryPoint","urlTemplate":"https:\/\/arjenoticias.com.mx\/?s={search_term_string}"},"query-input":{"@type":"PropertyValueSpecification","valueRequired":true,"valueName":"search_term_string"}}],"inLanguage":"es"},{"@type":"Organization","@id":"https:\/\/arjenoticias.com.mx\/#organization","name":"Arj\u00e9 de M\u00e9xico Noticias","url":"https:\/\/arjenoticias.com.mx\/","logo":{"@type":"ImageObject","inLanguage":"es","@id":"https:\/\/arjenoticias.com.mx\/#\/schema\/logo\/image\/","url":"https:\/\/arjenoticias.com.mx\/wp-content\/uploads\/2025\/07\/cropped-logo-scaled-1.png","contentUrl":"https:\/\/arjenoticias.com.mx\/wp-content\/uploads\/2025\/07\/cropped-logo-scaled-1.png","width":2558,"height":558,"caption":"Arj\u00e9 de M\u00e9xico Noticias"},"image":{"@id":"https:\/\/arjenoticias.com.mx\/#\/schema\/logo\/image\/"}},{"@type":"Person","@id":"https:\/\/arjenoticias.com.mx\/#\/schema\/person\/f48bc28476b38490cbe82bd109c72b24","name":"Ra\u00fal Monter Ortega","image":{"@type":"ImageObject","inLanguage":"es","@id":"https:\/\/secure.gravatar.com\/avatar\/1616403283ceadc5d9a2d98c21703f217676e6be6595972f5d3d26ff78793f9d?s=96&d=mm&r=g","url":"https:\/\/secure.gravatar.com\/avatar\/1616403283ceadc5d9a2d98c21703f217676e6be6595972f5d3d26ff78793f9d?s=96&d=mm&r=g","contentUrl":"https:\/\/secure.gravatar.com\/avatar\/1616403283ceadc5d9a2d98c21703f217676e6be6595972f5d3d26ff78793f9d?s=96&d=mm&r=g","caption":"Ra\u00fal Monter Ortega"},"url":"https:\/\/arjenoticias.com.mx\/?author=68"}]}},"_links":{"self":[{"href":"https:\/\/arjenoticias.com.mx\/index.php?rest_route=\/wp\/v2\/posts\/10765","targetHints":{"allow":["GET"]}}],"collection":[{"href":"https:\/\/arjenoticias.com.mx\/index.php?rest_route=\/wp\/v2\/posts"}],"about":[{"href":"https:\/\/arjenoticias.com.mx\/index.php?rest_route=\/wp\/v2\/types\/post"}],"author":[{"embeddable":true,"href":"https:\/\/arjenoticias.com.mx\/index.php?rest_route=\/wp\/v2\/users\/68"}],"replies":[{"embeddable":true,"href":"https:\/\/arjenoticias.com.mx\/index.php?rest_route=%2Fwp%2Fv2%2Fcomments&post=10765"}],"version-history":[{"count":0,"href":"https:\/\/arjenoticias.com.mx\/index.php?rest_route=\/wp\/v2\/posts\/10765\/revisions"}],"wp:attachment":[{"href":"https:\/\/arjenoticias.com.mx\/index.php?rest_route=%2Fwp%2Fv2%2Fmedia&parent=10765"}],"wp:term":[{"taxonomy":"category","embeddable":true,"href":"https:\/\/arjenoticias.com.mx\/index.php?rest_route=%2Fwp%2Fv2%2Fcategories&post=10765"},{"taxonomy":"post_tag","embeddable":true,"href":"https:\/\/arjenoticias.com.mx\/index.php?rest_route=%2Fwp%2Fv2%2Ftags&post=10765"}],"curies":[{"name":"wp","href":"https:\/\/api.w.org\/{rel}","templated":true}]}}