{"id":10627,"date":"2026-02-22T12:34:26","date_gmt":"2026-02-22T18:34:26","guid":{"rendered":"https:\/\/arjenoticias.com\/?p=10627"},"modified":"2026-02-22T12:34:26","modified_gmt":"2026-02-22T18:34:26","slug":"dardo-politico-9","status":"publish","type":"post","link":"https:\/\/arjenoticias.com.mx\/?p=10627","title":{"rendered":"Dardo Pol\u00edtico"},"content":{"rendered":"\n<h2 class=\"wp-block-heading\">Abatido El Mencho, reacci\u00f3n del CJNG con narco bloqueos en Jalisco y estados m\u00e1s, por lo menos.<\/h2>\n\n\n\n<p class=\"wp-block-paragraph\">Este domingo 22 de febrero de 2026 se registr\u00f3 una situaci\u00f3n de alta tensi\u00f3n en Jalisco y varios estados vecinos debido a un operativo de fuerzas federales en el municipio de Tapalpa, donde se confirm\u00f3 el abatimiento de Nemesio Oseguera Cervantes, alias &#8220;El Mencho&#8221;, l\u00edder m\u00e1ximo del C\u00e1rtel Jalisco Nueva Generaci\u00f3n (CJNG).Como reacci\u00f3n inmediata del grupo criminal, se desataron narco bloqueos masivos con quema de veh\u00edculos (autos particulares, camiones, tr\u00e1ileres y hasta autobuses) en m\u00faltiples puntos clave, lo que paraliz\u00f3 carreteras y gener\u00f3 caos en la movilidad. Las autoridades activaron el C\u00f3digo Rojo en Jalisco, suspendieron el transporte p\u00fablico en algunas zonas y recomendaron a la poblaci\u00f3n no salir de casa ni transitar por \u00e1reas afectadas. Principales hechos reportados: Origen: Operativo federal (principalmente Ej\u00e9rcito) en Tapalpa y la sierra jalisciense durante la madrugada o primeras horas del d\u00eda, donde &#8220;El Mencho&#8221; fue abatido en un enfrentamiento.<br>Bloqueos y violencia en Jalisco: Afectaron zonas como Guadalajara (\u00e1rea metropolitana, Zapopan), Puerto Vallarta, Chapala, Mazamitla, Zapotlanejo, Autl\u00e1n, Ciudad Guzm\u00e1n, Tapalpa, Zacoalco de Torres y carreteras como la Guadalajara-Colima, entre otras. Se reportaron quema de pipas, tr\u00e1ileres y veh\u00edculos, adem\u00e1s de ponchallantas y obstrucciones.<br>Extensi\u00f3n a otros estados: Los bloqueos se replicaron en regiones controladas o influenciadas por el CJNG, incluyendo Michoac\u00e1n (Apatzing\u00e1n, Aguililla, Buenavista), Guanajuato, Colima, Nayarit, Aguascalientes y Tamaulipas (incluyendo Reynosa). En algunos lugares hubo quema de negocios (como OXXO o farmacias) y enfrentamientos armados.<\/p>\n\n\n\n<p class=\"wp-block-paragraph\">Este es considerado uno de los golpes m\u00e1s significativos contra el crimen organizado en a\u00f1os recientes, ya que &#8220;El Mencho&#8221; era uno de los narcos m\u00e1s buscados por M\u00e9xico y Estados Unidos, con una recompensa millonaria y control sobre gran parte del narcotr\u00e1fico. La informaci\u00f3n proviene de m\u00faltiples fuentes oficiales y medios (como Infobae, Milenio, El Financiero, La Jornada, Reforma y otros), aunque algunos detalles siguen en desarrollo y las autoridades federales no han emitido un comunicado \u00fanico definitivo en todos los reportes. La situaci\u00f3n es muy vol\u00e1til; se recomienda seguir solo fuentes oficiales del gobierno de Jalisco o federales para actualizaciones en tiempo real y evitar circular.<\/p>\n","protected":false},"excerpt":{"rendered":"<p>Abatido El Mencho, reacci\u00f3n del CJNG con narco bloqueos en Jalisco y estados m\u00e1s, por&#8230;<\/p>\n","protected":false},"author":68,"featured_media":10628,"comment_status":"closed","ping_status":"closed","sticky":false,"template":"","format":"standard","meta":{"footnotes":""},"categories":[7],"tags":[1840],"class_list":["post-10627","post","type-post","status-publish","format-standard","has-post-thumbnail","hentry","category-lo-mas-relevante","tag-muere-el-mencho-oseguera"],"yoast_head":"<!-- This site is optimized with the Yoast SEO plugin v28.4 - https:\/\/yoast.com\/product\/yoast-seo-wordpress\/ -->\n<title>Dardo Pol\u00edtico -<\/title>\n<meta name=\"description\" content=\"Ademas de Jalisco se reportan bloqueos en Michoac\u00e1n (Apatzing\u00e1n, Aguililla, Buenavista), Guanajuato, Colima, Nayarit, Aguascalientes y Tamaulipas (incluyendo Reynosa)\" \/>\n<meta name=\"robots\" content=\"index, follow, max-snippet:-1, max-image-preview:large, max-video-preview:-1\" \/>\n<link rel=\"canonical\" href=\"https:\/\/arjenoticias.com.mx\/?p=10627\" \/>\n<meta property=\"og:locale\" content=\"es_MX\" \/>\n<meta property=\"og:type\" content=\"article\" \/>\n<meta property=\"og:title\" content=\"Dardo Pol\u00edtico -\" \/>\n<meta property=\"og:description\" content=\"Ademas de Jalisco se reportan bloqueos en Michoac\u00e1n (Apatzing\u00e1n, Aguililla, Buenavista), Guanajuato, Colima, Nayarit, Aguascalientes y Tamaulipas (incluyendo Reynosa)\" \/>\n<meta property=\"og:url\" content=\"https:\/\/arjenoticias.com.mx\/?p=10627\" \/>\n<meta property=\"article:published_time\" content=\"2026-02-22T18:34:26+00:00\" \/>\n<meta name=\"author\" content=\"Ra\u00fal Monter Ortega\" \/>\n<meta name=\"twitter:card\" content=\"summary_large_image\" \/>\n<meta name=\"twitter:label1\" content=\"Escrito por\" \/>\n\t<meta name=\"twitter:data1\" content=\"Ra\u00fal Monter Ortega\" \/>\n\t<meta name=\"twitter:label2\" content=\"Tiempo de lectura\" \/>\n\t<meta name=\"twitter:data2\" content=\"2 minutos\" \/>\n<script type=\"application\/ld+json\" class=\"yoast-schema-graph\">{\"@context\":\"https:\\\/\\\/schema.org\",\"@graph\":[{\"@type\":\"Article\",\"@id\":\"https:\\\/\\\/arjenoticias.com.mx\\\/?p=10627#article\",\"isPartOf\":{\"@id\":\"https:\\\/\\\/arjenoticias.com.mx\\\/?p=10627\"},\"author\":{\"name\":\"Ra\u00fal Monter Ortega\",\"@id\":\"https:\\\/\\\/arjenoticias.com.mx\\\/#\\\/schema\\\/person\\\/f48bc28476b38490cbe82bd109c72b24\"},\"headline\":\"Dardo Pol\u00edtico\",\"datePublished\":\"2026-02-22T18:34:26+00:00\",\"mainEntityOfPage\":{\"@id\":\"https:\\\/\\\/arjenoticias.com.mx\\\/?p=10627\"},\"wordCount\":394,\"publisher\":{\"@id\":\"https:\\\/\\\/arjenoticias.com.mx\\\/#organization\"},\"image\":{\"@id\":\"https:\\\/\\\/arjenoticias.com.mx\\\/?p=10627#primaryimage\"},\"thumbnailUrl\":\"\",\"keywords\":[\"Muere el Mencho Oseguera\"],\"articleSection\":[\"Lo m\u00e1s relevante\"],\"inLanguage\":\"es\"},{\"@type\":\"WebPage\",\"@id\":\"https:\\\/\\\/arjenoticias.com.mx\\\/?p=10627\",\"url\":\"https:\\\/\\\/arjenoticias.com.mx\\\/?p=10627\",\"name\":\"Dardo Pol\u00edtico -\",\"isPartOf\":{\"@id\":\"https:\\\/\\\/arjenoticias.com.mx\\\/#website\"},\"primaryImageOfPage\":{\"@id\":\"https:\\\/\\\/arjenoticias.com.mx\\\/?p=10627#primaryimage\"},\"image\":{\"@id\":\"https:\\\/\\\/arjenoticias.com.mx\\\/?p=10627#primaryimage\"},\"thumbnailUrl\":\"\",\"datePublished\":\"2026-02-22T18:34:26+00:00\",\"description\":\"Ademas de Jalisco se reportan bloqueos en Michoac\u00e1n (Apatzing\u00e1n, Aguililla, Buenavista), Guanajuato, Colima, Nayarit, Aguascalientes y Tamaulipas (incluyendo Reynosa)\",\"breadcrumb\":{\"@id\":\"https:\\\/\\\/arjenoticias.com.mx\\\/?p=10627#breadcrumb\"},\"inLanguage\":\"es\",\"potentialAction\":[{\"@type\":\"ReadAction\",\"target\":[\"https:\\\/\\\/arjenoticias.com.mx\\\/?p=10627\"]}]},{\"@type\":\"ImageObject\",\"inLanguage\":\"es\",\"@id\":\"https:\\\/\\\/arjenoticias.com.mx\\\/?p=10627#primaryimage\",\"url\":\"\",\"contentUrl\":\"\"},{\"@type\":\"BreadcrumbList\",\"@id\":\"https:\\\/\\\/arjenoticias.com.mx\\\/?p=10627#breadcrumb\",\"itemListElement\":[{\"@type\":\"ListItem\",\"position\":1,\"name\":\"Inicio\",\"item\":\"https:\\\/\\\/arjenoticias.com.mx\\\/\"},{\"@type\":\"ListItem\",\"position\":2,\"name\":\"Dardo Pol\u00edtico\"}]},{\"@type\":\"WebSite\",\"@id\":\"https:\\\/\\\/arjenoticias.com.mx\\\/#website\",\"url\":\"https:\\\/\\\/arjenoticias.com.mx\\\/\",\"name\":\"arjenoticias.com.mx\",\"description\":\"\",\"publisher\":{\"@id\":\"https:\\\/\\\/arjenoticias.com.mx\\\/#organization\"},\"potentialAction\":[{\"@type\":\"SearchAction\",\"target\":{\"@type\":\"EntryPoint\",\"urlTemplate\":\"https:\\\/\\\/arjenoticias.com.mx\\\/?s={search_term_string}\"},\"query-input\":{\"@type\":\"PropertyValueSpecification\",\"valueRequired\":true,\"valueName\":\"search_term_string\"}}],\"inLanguage\":\"es\"},{\"@type\":\"Organization\",\"@id\":\"https:\\\/\\\/arjenoticias.com.mx\\\/#organization\",\"name\":\"Arj\u00e9 de M\u00e9xico Noticias\",\"url\":\"https:\\\/\\\/arjenoticias.com.mx\\\/\",\"logo\":{\"@type\":\"ImageObject\",\"inLanguage\":\"es\",\"@id\":\"https:\\\/\\\/arjenoticias.com.mx\\\/#\\\/schema\\\/logo\\\/image\\\/\",\"url\":\"https:\\\/\\\/arjenoticias.com.mx\\\/wp-content\\\/uploads\\\/2025\\\/07\\\/cropped-logo-scaled-1.png\",\"contentUrl\":\"https:\\\/\\\/arjenoticias.com.mx\\\/wp-content\\\/uploads\\\/2025\\\/07\\\/cropped-logo-scaled-1.png\",\"width\":2558,\"height\":558,\"caption\":\"Arj\u00e9 de M\u00e9xico Noticias\"},\"image\":{\"@id\":\"https:\\\/\\\/arjenoticias.com.mx\\\/#\\\/schema\\\/logo\\\/image\\\/\"}},{\"@type\":\"Person\",\"@id\":\"https:\\\/\\\/arjenoticias.com.mx\\\/#\\\/schema\\\/person\\\/f48bc28476b38490cbe82bd109c72b24\",\"name\":\"Ra\u00fal Monter Ortega\",\"image\":{\"@type\":\"ImageObject\",\"inLanguage\":\"es\",\"@id\":\"https:\\\/\\\/secure.gravatar.com\\\/avatar\\\/1616403283ceadc5d9a2d98c21703f217676e6be6595972f5d3d26ff78793f9d?s=96&d=mm&r=g\",\"url\":\"https:\\\/\\\/secure.gravatar.com\\\/avatar\\\/1616403283ceadc5d9a2d98c21703f217676e6be6595972f5d3d26ff78793f9d?s=96&d=mm&r=g\",\"contentUrl\":\"https:\\\/\\\/secure.gravatar.com\\\/avatar\\\/1616403283ceadc5d9a2d98c21703f217676e6be6595972f5d3d26ff78793f9d?s=96&d=mm&r=g\",\"caption\":\"Ra\u00fal Monter Ortega\"},\"url\":\"https:\\\/\\\/arjenoticias.com.mx\\\/?author=68\"}]}<\/script>\n<!-- \/ Yoast SEO plugin. -->","yoast_head_json":{"title":"Dardo Pol\u00edtico -","description":"Ademas de Jalisco se reportan bloqueos en Michoac\u00e1n (Apatzing\u00e1n, Aguililla, Buenavista), Guanajuato, Colima, Nayarit, Aguascalientes y Tamaulipas (incluyendo Reynosa)","robots":{"index":"index","follow":"follow","max-snippet":"max-snippet:-1","max-image-preview":"max-image-preview:large","max-video-preview":"max-video-preview:-1"},"canonical":"https:\/\/arjenoticias.com.mx\/?p=10627","og_locale":"es_MX","og_type":"article","og_title":"Dardo Pol\u00edtico -","og_description":"Ademas de Jalisco se reportan bloqueos en Michoac\u00e1n (Apatzing\u00e1n, Aguililla, Buenavista), Guanajuato, Colima, Nayarit, Aguascalientes y Tamaulipas (incluyendo Reynosa)","og_url":"https:\/\/arjenoticias.com.mx\/?p=10627","article_published_time":"2026-02-22T18:34:26+00:00","author":"Ra\u00fal Monter Ortega","twitter_card":"summary_large_image","twitter_misc":{"Escrito por":"Ra\u00fal Monter Ortega","Tiempo de lectura":"2 minutos"},"schema":{"@context":"https:\/\/schema.org","@graph":[{"@type":"Article","@id":"https:\/\/arjenoticias.com.mx\/?p=10627#article","isPartOf":{"@id":"https:\/\/arjenoticias.com.mx\/?p=10627"},"author":{"name":"Ra\u00fal Monter Ortega","@id":"https:\/\/arjenoticias.com.mx\/#\/schema\/person\/f48bc28476b38490cbe82bd109c72b24"},"headline":"Dardo Pol\u00edtico","datePublished":"2026-02-22T18:34:26+00:00","mainEntityOfPage":{"@id":"https:\/\/arjenoticias.com.mx\/?p=10627"},"wordCount":394,"publisher":{"@id":"https:\/\/arjenoticias.com.mx\/#organization"},"image":{"@id":"https:\/\/arjenoticias.com.mx\/?p=10627#primaryimage"},"thumbnailUrl":"","keywords":["Muere el Mencho Oseguera"],"articleSection":["Lo m\u00e1s relevante"],"inLanguage":"es"},{"@type":"WebPage","@id":"https:\/\/arjenoticias.com.mx\/?p=10627","url":"https:\/\/arjenoticias.com.mx\/?p=10627","name":"Dardo Pol\u00edtico -","isPartOf":{"@id":"https:\/\/arjenoticias.com.mx\/#website"},"primaryImageOfPage":{"@id":"https:\/\/arjenoticias.com.mx\/?p=10627#primaryimage"},"image":{"@id":"https:\/\/arjenoticias.com.mx\/?p=10627#primaryimage"},"thumbnailUrl":"","datePublished":"2026-02-22T18:34:26+00:00","description":"Ademas de Jalisco se reportan bloqueos en Michoac\u00e1n (Apatzing\u00e1n, Aguililla, Buenavista), Guanajuato, Colima, Nayarit, Aguascalientes y Tamaulipas (incluyendo Reynosa)","breadcrumb":{"@id":"https:\/\/arjenoticias.com.mx\/?p=10627#breadcrumb"},"inLanguage":"es","potentialAction":[{"@type":"ReadAction","target":["https:\/\/arjenoticias.com.mx\/?p=10627"]}]},{"@type":"ImageObject","inLanguage":"es","@id":"https:\/\/arjenoticias.com.mx\/?p=10627#primaryimage","url":"","contentUrl":""},{"@type":"BreadcrumbList","@id":"https:\/\/arjenoticias.com.mx\/?p=10627#breadcrumb","itemListElement":[{"@type":"ListItem","position":1,"name":"Inicio","item":"https:\/\/arjenoticias.com.mx\/"},{"@type":"ListItem","position":2,"name":"Dardo Pol\u00edtico"}]},{"@type":"WebSite","@id":"https:\/\/arjenoticias.com.mx\/#website","url":"https:\/\/arjenoticias.com.mx\/","name":"arjenoticias.com.mx","description":"","publisher":{"@id":"https:\/\/arjenoticias.com.mx\/#organization"},"potentialAction":[{"@type":"SearchAction","target":{"@type":"EntryPoint","urlTemplate":"https:\/\/arjenoticias.com.mx\/?s={search_term_string}"},"query-input":{"@type":"PropertyValueSpecification","valueRequired":true,"valueName":"search_term_string"}}],"inLanguage":"es"},{"@type":"Organization","@id":"https:\/\/arjenoticias.com.mx\/#organization","name":"Arj\u00e9 de M\u00e9xico Noticias","url":"https:\/\/arjenoticias.com.mx\/","logo":{"@type":"ImageObject","inLanguage":"es","@id":"https:\/\/arjenoticias.com.mx\/#\/schema\/logo\/image\/","url":"https:\/\/arjenoticias.com.mx\/wp-content\/uploads\/2025\/07\/cropped-logo-scaled-1.png","contentUrl":"https:\/\/arjenoticias.com.mx\/wp-content\/uploads\/2025\/07\/cropped-logo-scaled-1.png","width":2558,"height":558,"caption":"Arj\u00e9 de M\u00e9xico Noticias"},"image":{"@id":"https:\/\/arjenoticias.com.mx\/#\/schema\/logo\/image\/"}},{"@type":"Person","@id":"https:\/\/arjenoticias.com.mx\/#\/schema\/person\/f48bc28476b38490cbe82bd109c72b24","name":"Ra\u00fal Monter Ortega","image":{"@type":"ImageObject","inLanguage":"es","@id":"https:\/\/secure.gravatar.com\/avatar\/1616403283ceadc5d9a2d98c21703f217676e6be6595972f5d3d26ff78793f9d?s=96&d=mm&r=g","url":"https:\/\/secure.gravatar.com\/avatar\/1616403283ceadc5d9a2d98c21703f217676e6be6595972f5d3d26ff78793f9d?s=96&d=mm&r=g","contentUrl":"https:\/\/secure.gravatar.com\/avatar\/1616403283ceadc5d9a2d98c21703f217676e6be6595972f5d3d26ff78793f9d?s=96&d=mm&r=g","caption":"Ra\u00fal Monter Ortega"},"url":"https:\/\/arjenoticias.com.mx\/?author=68"}]}},"_links":{"self":[{"href":"https:\/\/arjenoticias.com.mx\/index.php?rest_route=\/wp\/v2\/posts\/10627","targetHints":{"allow":["GET"]}}],"collection":[{"href":"https:\/\/arjenoticias.com.mx\/index.php?rest_route=\/wp\/v2\/posts"}],"about":[{"href":"https:\/\/arjenoticias.com.mx\/index.php?rest_route=\/wp\/v2\/types\/post"}],"author":[{"embeddable":true,"href":"https:\/\/arjenoticias.com.mx\/index.php?rest_route=\/wp\/v2\/users\/68"}],"replies":[{"embeddable":true,"href":"https:\/\/arjenoticias.com.mx\/index.php?rest_route=%2Fwp%2Fv2%2Fcomments&post=10627"}],"version-history":[{"count":0,"href":"https:\/\/arjenoticias.com.mx\/index.php?rest_route=\/wp\/v2\/posts\/10627\/revisions"}],"wp:attachment":[{"href":"https:\/\/arjenoticias.com.mx\/index.php?rest_route=%2Fwp%2Fv2%2Fmedia&parent=10627"}],"wp:term":[{"taxonomy":"category","embeddable":true,"href":"https:\/\/arjenoticias.com.mx\/index.php?rest_route=%2Fwp%2Fv2%2Fcategories&post=10627"},{"taxonomy":"post_tag","embeddable":true,"href":"https:\/\/arjenoticias.com.mx\/index.php?rest_route=%2Fwp%2Fv2%2Ftags&post=10627"}],"curies":[{"name":"wp","href":"https:\/\/api.w.org\/{rel}","templated":true}]}}