{"id":10591,"date":"2026-02-21T18:28:55","date_gmt":"2026-02-22T00:28:55","guid":{"rendered":"https:\/\/arjenoticias.com\/?p=10591"},"modified":"2026-02-21T18:28:55","modified_gmt":"2026-02-22T00:28:55","slug":"de-los-hippies-a-los-therian","status":"publish","type":"post","link":"https:\/\/arjenoticias.com.mx\/?p=10591","title":{"rendered":"De los hippies a los therian"},"content":{"rendered":"\n<p class=\"wp-block-paragraph\">A lo largo del \u00faltimo siglo, los movimientos sociales y las subculturas juveniles han marcado generaciones, transformando la pol\u00edtica, la m\u00fasica, la moda y hasta la forma en que las personas construyen su identidad. Desde las protestas pacifistas de los a\u00f1os sesenta hasta las comunidades digitales del siglo XXI, la historia de estos movimientos refleja los cambios sociales de cada \u00e9poca.<\/p>\n\n\n\n<h3 class=\"wp-block-heading\">\ud83c\udf3c Los hippies: paz y revoluci\u00f3n cultural<\/h3>\n\n\n\n<p class=\"wp-block-paragraph\">En la d\u00e9cada de 1960 surgi\u00f3 en Estados Unidos el movimiento hippie, impulsado por el rechazo a la Guerra de Vietnam y la defensa de los derechos civiles. Bajo consignas como \u201camor y paz\u201d, promovieron la vida comunitaria, la libertad sexual y la cr\u00edtica al consumismo. Eventos como Woodstock simbolizaron una generaci\u00f3n que desafi\u00f3 los valores tradicionales.<\/p>\n\n\n\n<figure class=\"wp-block-image size-large\"><img fetchpriority=\"high\" decoding=\"async\" width=\"1024\" height=\"695\" src=\"https:\/\/arjenoticias.com.mx\/wp-content\/uploads\/2026\/02\/image-31-1024x695.png\" alt=\"\" class=\"wp-image-10594\" srcset=\"https:\/\/arjenoticias.com.mx\/wp-content\/uploads\/2026\/02\/image-31-1024x695.png 1024w, https:\/\/arjenoticias.com.mx\/wp-content\/uploads\/2026\/02\/image-31-300x204.png 300w, https:\/\/arjenoticias.com.mx\/wp-content\/uploads\/2026\/02\/image-31-768x521.png 768w, https:\/\/arjenoticias.com.mx\/wp-content\/uploads\/2026\/02\/image-31-1536x1043.png 1536w, https:\/\/arjenoticias.com.mx\/wp-content\/uploads\/2026\/02\/image-31.png 1940w\" sizes=\"(max-width: 1024px) 100vw, 1024px\" \/><\/figure>\n\n\n\n<h3 class=\"wp-block-heading\">El punk: rebeld\u00eda contra el sistema<\/h3>\n\n\n\n<p class=\"wp-block-paragraph\">Durante los a\u00f1os setenta, en medio de crisis econ\u00f3micas y desempleo juvenil en Reino Unido y Estados Unidos, naci\u00f3 el punk. Con una est\u00e9tica agresiva \u2014cabello de colores, chamarras de cuero y estoperoles\u2014 y una filosof\u00eda antisistema, el movimiento expres\u00f3 la inconformidad social a trav\u00e9s de la m\u00fasica y el \u201chazlo t\u00fa mismo\u201d (DIY). Bandas como Sex Pistols y The Clash se convirtieron en emblema de la protesta juvenil.<\/p>\n\n\n\n<figure class=\"wp-block-image size-large\"><img decoding=\"async\" width=\"1024\" height=\"576\" src=\"https:\/\/arjenoticias.com.mx\/wp-content\/uploads\/2026\/02\/image-32-1024x576.png\" alt=\"\" class=\"wp-image-10595\" srcset=\"https:\/\/arjenoticias.com.mx\/wp-content\/uploads\/2026\/02\/image-32-1024x576.png 1024w, https:\/\/arjenoticias.com.mx\/wp-content\/uploads\/2026\/02\/image-32-300x169.png 300w, https:\/\/arjenoticias.com.mx\/wp-content\/uploads\/2026\/02\/image-32-768x432.png 768w, https:\/\/arjenoticias.com.mx\/wp-content\/uploads\/2026\/02\/image-32.png 1200w\" sizes=\"(max-width: 1024px) 100vw, 1024px\" \/><\/figure>\n\n\n\n<h3 class=\"wp-block-heading\">\ud83d\udda4 G\u00f3ticos y grunge: identidad y desencanto<\/h3>\n\n\n\n<p class=\"wp-block-paragraph\">En los a\u00f1os ochenta surgi\u00f3 la subcultura g\u00f3tica, derivada del post-punk, con una est\u00e9tica oscura y una visi\u00f3n art\u00edstica influenciada por lo existencial y lo melanc\u00f3lico. M\u00e1s adelante, en los noventa, el grunge \u2014con origen en Seattle\u2014 reflej\u00f3 el desencanto juvenil ante el sistema, popularizado por bandas como Nirvana y Pearl Jam.<\/p>\n\n\n\n<figure class=\"wp-block-image size-full\"><img decoding=\"async\" width=\"450\" height=\"300\" src=\"https:\/\/arjenoticias.com.mx\/wp-content\/uploads\/2026\/02\/image-33.png\" alt=\"\" class=\"wp-image-10597\" srcset=\"https:\/\/arjenoticias.com.mx\/wp-content\/uploads\/2026\/02\/image-33.png 450w, https:\/\/arjenoticias.com.mx\/wp-content\/uploads\/2026\/02\/image-33-300x200.png 300w\" sizes=\"(max-width: 450px) 100vw, 450px\" \/><\/figure>\n\n\n\n<h3 class=\"wp-block-heading\">\ud83d\udcbb La era digital y las nuevas identidades<\/h3>\n\n\n\n<p class=\"wp-block-paragraph\">Con la expansi\u00f3n de internet surgieron subculturas digitales como los otaku, emos, comunidades geek y expresiones vinculadas a la cultura urbana y el activismo en redes sociales. A diferencia de los movimientos tradicionales, muchas de estas comunidades no tienen una agenda pol\u00edtica formal, sino que se articulan en torno a la identidad y la afinidad cultural.<\/p>\n\n\n\n<figure class=\"wp-block-image size-full\"><img loading=\"lazy\" decoding=\"async\" width=\"768\" height=\"514\" src=\"https:\/\/arjenoticias.com.mx\/wp-content\/uploads\/2026\/02\/image-34.png\" alt=\"\" class=\"wp-image-10598\" srcset=\"https:\/\/arjenoticias.com.mx\/wp-content\/uploads\/2026\/02\/image-34.png 768w, https:\/\/arjenoticias.com.mx\/wp-content\/uploads\/2026\/02\/image-34-300x201.png 300w\" sizes=\"(max-width: 768px) 100vw, 768px\" \/><\/figure>\n\n\n\n<h3 class=\"wp-block-heading\"><\/h3>\n\n\n\n<figure class=\"wp-block-image size-full\"><img loading=\"lazy\" decoding=\"async\" width=\"900\" height=\"674\" src=\"https:\/\/arjenoticias.com.mx\/wp-content\/uploads\/2026\/02\/image-35.png\" alt=\"\" class=\"wp-image-10599\" srcset=\"https:\/\/arjenoticias.com.mx\/wp-content\/uploads\/2026\/02\/image-35.png 900w, https:\/\/arjenoticias.com.mx\/wp-content\/uploads\/2026\/02\/image-35-300x225.png 300w, https:\/\/arjenoticias.com.mx\/wp-content\/uploads\/2026\/02\/image-35-768x575.png 768w\" sizes=\"(max-width: 900px) 100vw, 900px\" \/><\/figure>\n\n\n\n<p class=\"wp-block-paragraph\">\ud83d\udc3e Los therian: identidad en la era de las redes<\/p>\n\n\n\n<p class=\"wp-block-paragraph\">En este contexto aparecen los <strong>therian<\/strong>, una comunidad que comenz\u00f3 a visibilizarse a finales de los a\u00f1os noventa y creci\u00f3 con foros y plataformas como Tumblr, Reddit y TikTok.<\/p>\n\n\n\n<p class=\"wp-block-paragraph\">Los therian son personas que se identifican a nivel interno \u2014de manera espiritual, psicol\u00f3gica o simb\u00f3lica\u2014 con un animal no humano. No se trata de una transformaci\u00f3n f\u00edsica ni de un movimiento pol\u00edtico, sino de una identidad personal compartida dentro de comunidades digitales. Algunos miembros expresan su conexi\u00f3n mediante accesorios o pr\u00e1cticas simb\u00f3licas, y hablan de experiencias conocidas como \u201cshifts\u201d, que describen como momentos de fuerte identificaci\u00f3n con su animal.<\/p>\n\n\n\n<figure class=\"wp-block-image size-full\"><img decoding=\"async\" src=\"https:\/\/arjenoticias.com.mx\/wp-content\/uploads\/2026\/02\/Therian.webp\" alt=\"os therian son personas que en su esp\u00edritu, alma, mente y emociones se sienten alg\u00fan animal no racional.\" class=\"wp-image-10547\"\/><figcaption class=\"wp-element-caption\">Los therian, personas quienes se asumen animales.<\/figcaption><\/figure>\n\n\n\n<p class=\"wp-block-paragraph\">Especialistas en sociolog\u00eda digital consideran que este fen\u00f3meno forma parte de las nuevas formas de construcci\u00f3n identitaria que han surgido en la era de internet, donde las comunidades ya no dependen de la geograf\u00eda sino de la afinidad.<\/p>\n\n\n\n<hr class=\"wp-block-separator has-alpha-channel-opacity\"\/>\n\n\n\n<p class=\"wp-block-paragraph\">De los hippies que marchaban por la paz en las calles, a los punks que gritaban contra el sistema, hasta las identidades que hoy se construyen en plataformas digitales, los movimientos culturales siguen evolucionando. Cada generaci\u00f3n encuentra su propia forma de expresi\u00f3n, protesta o pertenencia, reflejando los desaf\u00edos y transformaciones de su tiempo.<\/p>\n","protected":false},"excerpt":{"rendered":"<p>A lo largo del \u00faltimo siglo, los movimientos sociales y las subculturas juveniles han marcado&#8230;<\/p>\n","protected":false},"author":66,"featured_media":10592,"comment_status":"closed","ping_status":"closed","sticky":false,"template":"","format":"standard","meta":{"footnotes":""},"categories":[5,7],"tags":[1060,1112,1181,2208,2639],"class_list":["post-10591","post","type-post","status-publish","format-standard","has-post-thumbnail","hentry","category-cultura","category-lo-mas-relevante","tag-geek","tag-goticos","tag-hippies","tag-punk","tag-therian-debe-comer-croquetas"],"yoast_head":"<!-- This site is optimized with the Yoast SEO plugin v28.4 - https:\/\/yoast.com\/product\/yoast-seo-wordpress\/ -->\n<title>De los hippies a los therian -<\/title>\n<meta name=\"description\" content=\"De los hippies que marchaban por la paz, a los punks que gritaban contra el sistema, hasta las identidades que emergen plataformas digitales.\" \/>\n<meta name=\"robots\" content=\"index, follow, max-snippet:-1, max-image-preview:large, max-video-preview:-1\" \/>\n<link rel=\"canonical\" href=\"https:\/\/arjenoticias.com.mx\/?p=10591\" \/>\n<meta property=\"og:locale\" content=\"es_MX\" \/>\n<meta property=\"og:type\" content=\"article\" \/>\n<meta property=\"og:title\" content=\"De los hippies a los therian -\" \/>\n<meta property=\"og:description\" content=\"De los hippies que marchaban por la paz, a los punks que gritaban contra el sistema, hasta las identidades que emergen plataformas digitales.\" \/>\n<meta property=\"og:url\" content=\"https:\/\/arjenoticias.com.mx\/?p=10591\" \/>\n<meta property=\"article:published_time\" content=\"2026-02-22T00:28:55+00:00\" \/>\n<meta property=\"og:image\" content=\"https:\/\/arjenoticias.com.mx\/wp-content\/uploads\/2026\/02\/image-1.webp\" \/>\n\t<meta property=\"og:image:width\" content=\"1186\" \/>\n\t<meta property=\"og:image:height\" content=\"563\" \/>\n\t<meta property=\"og:image:type\" content=\"image\/webp\" \/>\n<meta name=\"author\" content=\"Arj\u00e9 Noticias\" \/>\n<meta name=\"twitter:card\" content=\"summary_large_image\" \/>\n<meta name=\"twitter:label1\" content=\"Escrito por\" \/>\n\t<meta name=\"twitter:data1\" content=\"Arj\u00e9 Noticias\" \/>\n\t<meta name=\"twitter:label2\" content=\"Tiempo de lectura\" \/>\n\t<meta name=\"twitter:data2\" content=\"4 minutos\" \/>\n<script type=\"application\/ld+json\" class=\"yoast-schema-graph\">{\"@context\":\"https:\\\/\\\/schema.org\",\"@graph\":[{\"@type\":\"Article\",\"@id\":\"https:\\\/\\\/arjenoticias.com.mx\\\/?p=10591#article\",\"isPartOf\":{\"@id\":\"https:\\\/\\\/arjenoticias.com.mx\\\/?p=10591\"},\"author\":{\"name\":\"Arj\u00e9 Noticias\",\"@id\":\"https:\\\/\\\/arjenoticias.com.mx\\\/#\\\/schema\\\/person\\\/83f9fb68162b16794b69a8186dd31bc0\"},\"headline\":\"De los hippies a los therian\",\"datePublished\":\"2026-02-22T00:28:55+00:00\",\"mainEntityOfPage\":{\"@id\":\"https:\\\/\\\/arjenoticias.com.mx\\\/?p=10591\"},\"wordCount\":572,\"publisher\":{\"@id\":\"https:\\\/\\\/arjenoticias.com.mx\\\/#organization\"},\"image\":{\"@id\":\"https:\\\/\\\/arjenoticias.com.mx\\\/?p=10591#primaryimage\"},\"thumbnailUrl\":\"https:\\\/\\\/arjenoticias.com.mx\\\/wp-content\\\/uploads\\\/2026\\\/02\\\/image-1.webp\",\"keywords\":[\"geek\",\"G\u00f3ticos\",\"Hippies\",\"Punk\",\"Therian debe comer croquetas\"],\"articleSection\":[\"Cultura y Entretenimiento\",\"Lo m\u00e1s relevante\"],\"inLanguage\":\"es\"},{\"@type\":\"WebPage\",\"@id\":\"https:\\\/\\\/arjenoticias.com.mx\\\/?p=10591\",\"url\":\"https:\\\/\\\/arjenoticias.com.mx\\\/?p=10591\",\"name\":\"De los hippies a los therian -\",\"isPartOf\":{\"@id\":\"https:\\\/\\\/arjenoticias.com.mx\\\/#website\"},\"primaryImageOfPage\":{\"@id\":\"https:\\\/\\\/arjenoticias.com.mx\\\/?p=10591#primaryimage\"},\"image\":{\"@id\":\"https:\\\/\\\/arjenoticias.com.mx\\\/?p=10591#primaryimage\"},\"thumbnailUrl\":\"https:\\\/\\\/arjenoticias.com.mx\\\/wp-content\\\/uploads\\\/2026\\\/02\\\/image-1.webp\",\"datePublished\":\"2026-02-22T00:28:55+00:00\",\"description\":\"De los hippies que marchaban por la paz, a los punks que gritaban contra el sistema, hasta las identidades que emergen plataformas digitales.\",\"breadcrumb\":{\"@id\":\"https:\\\/\\\/arjenoticias.com.mx\\\/?p=10591#breadcrumb\"},\"inLanguage\":\"es\",\"potentialAction\":[{\"@type\":\"ReadAction\",\"target\":[\"https:\\\/\\\/arjenoticias.com.mx\\\/?p=10591\"]}]},{\"@type\":\"ImageObject\",\"inLanguage\":\"es\",\"@id\":\"https:\\\/\\\/arjenoticias.com.mx\\\/?p=10591#primaryimage\",\"url\":\"https:\\\/\\\/arjenoticias.com.mx\\\/wp-content\\\/uploads\\\/2026\\\/02\\\/image-1.webp\",\"contentUrl\":\"https:\\\/\\\/arjenoticias.com.mx\\\/wp-content\\\/uploads\\\/2026\\\/02\\\/image-1.webp\",\"width\":1186,\"height\":563,\"caption\":\"Un recorrido por los principales movimientos sociales y subculturas desde los a\u00f1os 60 hasta la actualidad, culminando con los therian y las nuevas identidades digitales del siglo XXI.\"},{\"@type\":\"BreadcrumbList\",\"@id\":\"https:\\\/\\\/arjenoticias.com.mx\\\/?p=10591#breadcrumb\",\"itemListElement\":[{\"@type\":\"ListItem\",\"position\":1,\"name\":\"Inicio\",\"item\":\"https:\\\/\\\/arjenoticias.com.mx\\\/\"},{\"@type\":\"ListItem\",\"position\":2,\"name\":\"De los hippies a los therian\"}]},{\"@type\":\"WebSite\",\"@id\":\"https:\\\/\\\/arjenoticias.com.mx\\\/#website\",\"url\":\"https:\\\/\\\/arjenoticias.com.mx\\\/\",\"name\":\"arjenoticias.com.mx\",\"description\":\"\",\"publisher\":{\"@id\":\"https:\\\/\\\/arjenoticias.com.mx\\\/#organization\"},\"potentialAction\":[{\"@type\":\"SearchAction\",\"target\":{\"@type\":\"EntryPoint\",\"urlTemplate\":\"https:\\\/\\\/arjenoticias.com.mx\\\/?s={search_term_string}\"},\"query-input\":{\"@type\":\"PropertyValueSpecification\",\"valueRequired\":true,\"valueName\":\"search_term_string\"}}],\"inLanguage\":\"es\"},{\"@type\":\"Organization\",\"@id\":\"https:\\\/\\\/arjenoticias.com.mx\\\/#organization\",\"name\":\"Arj\u00e9 de M\u00e9xico Noticias\",\"url\":\"https:\\\/\\\/arjenoticias.com.mx\\\/\",\"logo\":{\"@type\":\"ImageObject\",\"inLanguage\":\"es\",\"@id\":\"https:\\\/\\\/arjenoticias.com.mx\\\/#\\\/schema\\\/logo\\\/image\\\/\",\"url\":\"https:\\\/\\\/arjenoticias.com.mx\\\/wp-content\\\/uploads\\\/2025\\\/07\\\/cropped-logo-scaled-1.png\",\"contentUrl\":\"https:\\\/\\\/arjenoticias.com.mx\\\/wp-content\\\/uploads\\\/2025\\\/07\\\/cropped-logo-scaled-1.png\",\"width\":2558,\"height\":558,\"caption\":\"Arj\u00e9 de M\u00e9xico Noticias\"},\"image\":{\"@id\":\"https:\\\/\\\/arjenoticias.com.mx\\\/#\\\/schema\\\/logo\\\/image\\\/\"}},{\"@type\":\"Person\",\"@id\":\"https:\\\/\\\/arjenoticias.com.mx\\\/#\\\/schema\\\/person\\\/83f9fb68162b16794b69a8186dd31bc0\",\"name\":\"Arj\u00e9 Noticias\",\"image\":{\"@type\":\"ImageObject\",\"inLanguage\":\"es\",\"@id\":\"https:\\\/\\\/secure.gravatar.com\\\/avatar\\\/f604b88a0e24c04f3f89fae6b5400bfd6093d0999292a64803d3651d9d4a35a5?s=96&d=mm&r=g\",\"url\":\"https:\\\/\\\/secure.gravatar.com\\\/avatar\\\/f604b88a0e24c04f3f89fae6b5400bfd6093d0999292a64803d3651d9d4a35a5?s=96&d=mm&r=g\",\"contentUrl\":\"https:\\\/\\\/secure.gravatar.com\\\/avatar\\\/f604b88a0e24c04f3f89fae6b5400bfd6093d0999292a64803d3651d9d4a35a5?s=96&d=mm&r=g\",\"caption\":\"Arj\u00e9 Noticias\"},\"url\":\"https:\\\/\\\/arjenoticias.com.mx\\\/?author=66\"}]}<\/script>\n<!-- \/ Yoast SEO plugin. -->","yoast_head_json":{"title":"De los hippies a los therian -","description":"De los hippies que marchaban por la paz, a los punks que gritaban contra el sistema, hasta las identidades que emergen plataformas digitales.","robots":{"index":"index","follow":"follow","max-snippet":"max-snippet:-1","max-image-preview":"max-image-preview:large","max-video-preview":"max-video-preview:-1"},"canonical":"https:\/\/arjenoticias.com.mx\/?p=10591","og_locale":"es_MX","og_type":"article","og_title":"De los hippies a los therian -","og_description":"De los hippies que marchaban por la paz, a los punks que gritaban contra el sistema, hasta las identidades que emergen plataformas digitales.","og_url":"https:\/\/arjenoticias.com.mx\/?p=10591","article_published_time":"2026-02-22T00:28:55+00:00","og_image":[{"width":1186,"height":563,"url":"https:\/\/arjenoticias.com.mx\/wp-content\/uploads\/2026\/02\/image-1.webp","type":"image\/webp"}],"author":"Arj\u00e9 Noticias","twitter_card":"summary_large_image","twitter_misc":{"Escrito por":"Arj\u00e9 Noticias","Tiempo de lectura":"4 minutos"},"schema":{"@context":"https:\/\/schema.org","@graph":[{"@type":"Article","@id":"https:\/\/arjenoticias.com.mx\/?p=10591#article","isPartOf":{"@id":"https:\/\/arjenoticias.com.mx\/?p=10591"},"author":{"name":"Arj\u00e9 Noticias","@id":"https:\/\/arjenoticias.com.mx\/#\/schema\/person\/83f9fb68162b16794b69a8186dd31bc0"},"headline":"De los hippies a los therian","datePublished":"2026-02-22T00:28:55+00:00","mainEntityOfPage":{"@id":"https:\/\/arjenoticias.com.mx\/?p=10591"},"wordCount":572,"publisher":{"@id":"https:\/\/arjenoticias.com.mx\/#organization"},"image":{"@id":"https:\/\/arjenoticias.com.mx\/?p=10591#primaryimage"},"thumbnailUrl":"https:\/\/arjenoticias.com.mx\/wp-content\/uploads\/2026\/02\/image-1.webp","keywords":["geek","G\u00f3ticos","Hippies","Punk","Therian debe comer croquetas"],"articleSection":["Cultura y Entretenimiento","Lo m\u00e1s relevante"],"inLanguage":"es"},{"@type":"WebPage","@id":"https:\/\/arjenoticias.com.mx\/?p=10591","url":"https:\/\/arjenoticias.com.mx\/?p=10591","name":"De los hippies a los therian -","isPartOf":{"@id":"https:\/\/arjenoticias.com.mx\/#website"},"primaryImageOfPage":{"@id":"https:\/\/arjenoticias.com.mx\/?p=10591#primaryimage"},"image":{"@id":"https:\/\/arjenoticias.com.mx\/?p=10591#primaryimage"},"thumbnailUrl":"https:\/\/arjenoticias.com.mx\/wp-content\/uploads\/2026\/02\/image-1.webp","datePublished":"2026-02-22T00:28:55+00:00","description":"De los hippies que marchaban por la paz, a los punks que gritaban contra el sistema, hasta las identidades que emergen plataformas digitales.","breadcrumb":{"@id":"https:\/\/arjenoticias.com.mx\/?p=10591#breadcrumb"},"inLanguage":"es","potentialAction":[{"@type":"ReadAction","target":["https:\/\/arjenoticias.com.mx\/?p=10591"]}]},{"@type":"ImageObject","inLanguage":"es","@id":"https:\/\/arjenoticias.com.mx\/?p=10591#primaryimage","url":"https:\/\/arjenoticias.com.mx\/wp-content\/uploads\/2026\/02\/image-1.webp","contentUrl":"https:\/\/arjenoticias.com.mx\/wp-content\/uploads\/2026\/02\/image-1.webp","width":1186,"height":563,"caption":"Un recorrido por los principales movimientos sociales y subculturas desde los a\u00f1os 60 hasta la actualidad, culminando con los therian y las nuevas identidades digitales del siglo XXI."},{"@type":"BreadcrumbList","@id":"https:\/\/arjenoticias.com.mx\/?p=10591#breadcrumb","itemListElement":[{"@type":"ListItem","position":1,"name":"Inicio","item":"https:\/\/arjenoticias.com.mx\/"},{"@type":"ListItem","position":2,"name":"De los hippies a los therian"}]},{"@type":"WebSite","@id":"https:\/\/arjenoticias.com.mx\/#website","url":"https:\/\/arjenoticias.com.mx\/","name":"arjenoticias.com.mx","description":"","publisher":{"@id":"https:\/\/arjenoticias.com.mx\/#organization"},"potentialAction":[{"@type":"SearchAction","target":{"@type":"EntryPoint","urlTemplate":"https:\/\/arjenoticias.com.mx\/?s={search_term_string}"},"query-input":{"@type":"PropertyValueSpecification","valueRequired":true,"valueName":"search_term_string"}}],"inLanguage":"es"},{"@type":"Organization","@id":"https:\/\/arjenoticias.com.mx\/#organization","name":"Arj\u00e9 de M\u00e9xico Noticias","url":"https:\/\/arjenoticias.com.mx\/","logo":{"@type":"ImageObject","inLanguage":"es","@id":"https:\/\/arjenoticias.com.mx\/#\/schema\/logo\/image\/","url":"https:\/\/arjenoticias.com.mx\/wp-content\/uploads\/2025\/07\/cropped-logo-scaled-1.png","contentUrl":"https:\/\/arjenoticias.com.mx\/wp-content\/uploads\/2025\/07\/cropped-logo-scaled-1.png","width":2558,"height":558,"caption":"Arj\u00e9 de M\u00e9xico Noticias"},"image":{"@id":"https:\/\/arjenoticias.com.mx\/#\/schema\/logo\/image\/"}},{"@type":"Person","@id":"https:\/\/arjenoticias.com.mx\/#\/schema\/person\/83f9fb68162b16794b69a8186dd31bc0","name":"Arj\u00e9 Noticias","image":{"@type":"ImageObject","inLanguage":"es","@id":"https:\/\/secure.gravatar.com\/avatar\/f604b88a0e24c04f3f89fae6b5400bfd6093d0999292a64803d3651d9d4a35a5?s=96&d=mm&r=g","url":"https:\/\/secure.gravatar.com\/avatar\/f604b88a0e24c04f3f89fae6b5400bfd6093d0999292a64803d3651d9d4a35a5?s=96&d=mm&r=g","contentUrl":"https:\/\/secure.gravatar.com\/avatar\/f604b88a0e24c04f3f89fae6b5400bfd6093d0999292a64803d3651d9d4a35a5?s=96&d=mm&r=g","caption":"Arj\u00e9 Noticias"},"url":"https:\/\/arjenoticias.com.mx\/?author=66"}]}},"_links":{"self":[{"href":"https:\/\/arjenoticias.com.mx\/index.php?rest_route=\/wp\/v2\/posts\/10591","targetHints":{"allow":["GET"]}}],"collection":[{"href":"https:\/\/arjenoticias.com.mx\/index.php?rest_route=\/wp\/v2\/posts"}],"about":[{"href":"https:\/\/arjenoticias.com.mx\/index.php?rest_route=\/wp\/v2\/types\/post"}],"author":[{"embeddable":true,"href":"https:\/\/arjenoticias.com.mx\/index.php?rest_route=\/wp\/v2\/users\/66"}],"replies":[{"embeddable":true,"href":"https:\/\/arjenoticias.com.mx\/index.php?rest_route=%2Fwp%2Fv2%2Fcomments&post=10591"}],"version-history":[{"count":0,"href":"https:\/\/arjenoticias.com.mx\/index.php?rest_route=\/wp\/v2\/posts\/10591\/revisions"}],"wp:featuredmedia":[{"embeddable":true,"href":"https:\/\/arjenoticias.com.mx\/index.php?rest_route=\/wp\/v2\/media\/10592"}],"wp:attachment":[{"href":"https:\/\/arjenoticias.com.mx\/index.php?rest_route=%2Fwp%2Fv2%2Fmedia&parent=10591"}],"wp:term":[{"taxonomy":"category","embeddable":true,"href":"https:\/\/arjenoticias.com.mx\/index.php?rest_route=%2Fwp%2Fv2%2Fcategories&post=10591"},{"taxonomy":"post_tag","embeddable":true,"href":"https:\/\/arjenoticias.com.mx\/index.php?rest_route=%2Fwp%2Fv2%2Ftags&post=10591"}],"curies":[{"name":"wp","href":"https:\/\/api.w.org\/{rel}","templated":true}]}}