{"id":10489,"date":"2026-02-19T09:38:15","date_gmt":"2026-02-19T15:38:15","guid":{"rendered":"https:\/\/arjenoticias.com\/?p=10489"},"modified":"2026-02-19T09:38:15","modified_gmt":"2026-02-19T15:38:15","slug":"la-chica-del-ipanema-carlos-gonzalez-valdepena","status":"publish","type":"post","link":"https:\/\/arjenoticias.com.mx\/?p=10489","title":{"rendered":"La chica del Ipanema: Carlos Gonz\u00e1lez Valdepe\u00f1a"},"content":{"rendered":"\n<p class=\"wp-block-paragraph\">All\u00e1 por 1962, el poeta brasile\u00f1o Vinicius de Moraes, viv\u00eda cerca de la playa de Ipanema en Rio de Janeiro, y desde su casa ve\u00eda pasar a una hermosa muchacha de unos 14 o 15 a\u00f1os que pasaba todos los d\u00edas hacia la playa con la intenci\u00f3n de ba\u00f1arse en la playa.<\/p>\n\n\n\n<p class=\"wp-block-paragraph\">Casi sin propon\u00e9rselo, empez\u00f3 a escribir una letra que todo el mundo empez\u00f3 a cantar, o sea: <em>Mira que cosa mas linda, mas llena de gracia, es la muchacha, que viene y que pasa, camino del mar\u2026<\/em><\/p>\n\n\n\n<p class=\"wp-block-paragraph\">Una vez que el poema fue terminado, Vinicius se lo mostr\u00f3 a su amigo el compositor Antonio Carlos Jobim (Tom Jobim) para que le pusiera m\u00fasica y as\u00ed crear una canci\u00f3n a ritmo de bossa nova.<\/p>\n\n\n\n<p class=\"wp-block-paragraph\">La canci\u00f3n fue todo un \u00e9xito, tanto a nivel nacional como internacional. Y ha sido grabada por m\u00fasicos y cantantes de todo el mundo, incluyendo al famoso Frank Sinatra, quien la cant\u00f3 en idioma ingl\u00e9s.<\/p>\n\n\n\n<p class=\"wp-block-paragraph\">El caso es que cuando esa canci\u00f3n se volvi\u00f3 un \u00e9xito en Brasil, y todo mundo la cantaba, hasta la propia chica que sirvi\u00f3 de inspiraci\u00f3n para ese tema, tambi\u00e9n la cantaba, pero ella misma no sab\u00eda que la verdadera chica de Ipanema era ella misma.<\/p>\n\n\n\n<p class=\"wp-block-paragraph\">Pasando el tiempo, se supo qui\u00e9n era la inspiraci\u00f3n de esa canci\u00f3n, una joven llamada Eloisa Pi\u00f1ero (en portugu\u00e9s se escribe Heloisa y le dec\u00edan Helo), quien result\u00f3 ser hija de un general del ejercito brasile\u00f1o.<\/p>\n\n\n\n<p class=\"wp-block-paragraph\">Una vez que se supo quien era, le llovieron proposiciones para entrevistas en radio, cine y televisi\u00f3n, y ofertas para ser fotografiada en traje de ba\u00f1o, cosa que no le gust\u00f3 a su pap\u00e1.<\/p>\n\n\n\n<p class=\"wp-block-paragraph\">Como suele suceder en estos casos, hay varias versiones de esta historia. Unas dicen que la chica de Ipanema ten\u00eda 14 a\u00f1os, otras que tenia 15 y otras que ten\u00eda 17. Tambi\u00e9n unas versiones dicen que Vinicius la ve\u00eda desde su casa, pero otras dicen que la ve\u00eda desde un bar.<\/p>\n\n\n\n<p class=\"wp-block-paragraph\">Hay quien dice que esta canci\u00f3n se compuso para una obra de teatro musical, y por cierto, hay un punto muy importante, el nombre completo de la chica es: Heloisa Eneida Paes Pinto Mendes Pinheiro.<\/p>\n\n\n\n<p class=\"wp-block-paragraph\">Una vez que Helo se volvi\u00f3 una celebridad, abri\u00f3 una tienda de ropa, pero antes de eso, cuando se compuso la canci\u00f3n, era una maestra de primaria en el barrio de Ipanema en Rio de Janeiro. Luego se cas\u00f3 y tuvo hijos y hoy ya tiene nietos.<\/p>\n\n\n\n<p class=\"wp-block-paragraph\">Cabe aclarar que en un principio le llovieron ofertas para posar desnuda en diversas revistas, y no acept\u00f3. Pero en 1987 por fin accedi\u00f3 y apareci\u00f3 en la revista <strong>playboy.<\/strong><\/p>\n\n\n\n<p class=\"wp-block-paragraph\"><strong>Su tienda de ropa, se llamaba <\/strong><em><strong>La Chica de Ipanema<\/strong><\/em>, y resulta que en 2001, despu\u00e9s de la muerte de Antonio Carlos Jobim, su familia demand\u00f3 a Eloisa por usar el nombre de la canci\u00f3n en su tienda.<\/p>\n\n\n\n<p class=\"wp-block-paragraph\">El asunto se resolvi\u00f3 fuera de los tribunales, pero ella aprovech\u00f3 la coyuntura para estudiar derecho, ya que deseaba entender a fondo los entretelones del juicio.<\/p>\n\n\n\n<p class=\"wp-block-paragraph\">Esta fue la historia de La Chica de Ipanema.<\/p>\n\n\n\n<p class=\"wp-block-paragraph\">Sus comentarios son bienvenidos: exegetadigital@gmail.com<\/p>\n\n\n\n<p class=\"wp-block-paragraph\"><strong>Carlos Gonz\u00e1lez Valdepe\u00f1a.<\/strong><\/p>\n\n\n\n<p class=\"wp-block-paragraph\"><strong>Licenciado en Historia por la UASLP<\/strong><\/p>\n","protected":false},"excerpt":{"rendered":"<p>All\u00e1 por 1962, el poeta brasile\u00f1o Vinicius de Moraes, viv\u00eda cerca de la playa de&#8230;<\/p>\n","protected":false},"author":117,"featured_media":10490,"comment_status":"closed","ping_status":"closed","sticky":false,"template":"","format":"standard","meta":{"footnotes":""},"categories":[5],"tags":[384],"class_list":["post-10489","post","type-post","status-publish","format-standard","has-post-thumbnail","hentry","category-cultura","tag-chica-del-ipanema"],"yoast_head":"<!-- This site is optimized with the Yoast SEO plugin v28.4 - https:\/\/yoast.com\/product\/yoast-seo-wordpress\/ -->\n<title>La chica del Ipanema: Carlos Gonz\u00e1lez Valdepe\u00f1a -<\/title>\n<meta name=\"description\" content=\"Vinicius desde su casa ve\u00eda pasar a una hermosa muchacha de unos 14 o 15 a\u00f1os que pasaba todos los d\u00edas hacia la playa con la intenci\u00f3n de ba\u00f1arse\" \/>\n<meta name=\"robots\" content=\"index, follow, max-snippet:-1, max-image-preview:large, max-video-preview:-1\" \/>\n<link rel=\"canonical\" href=\"https:\/\/arjenoticias.com.mx\/?p=10489\" \/>\n<meta property=\"og:locale\" content=\"es_MX\" \/>\n<meta property=\"og:type\" content=\"article\" \/>\n<meta property=\"og:title\" content=\"La chica del Ipanema: Carlos Gonz\u00e1lez Valdepe\u00f1a -\" \/>\n<meta property=\"og:description\" content=\"Vinicius desde su casa ve\u00eda pasar a una hermosa muchacha de unos 14 o 15 a\u00f1os que pasaba todos los d\u00edas hacia la playa con la intenci\u00f3n de ba\u00f1arse\" \/>\n<meta property=\"og:url\" content=\"https:\/\/arjenoticias.com.mx\/?p=10489\" \/>\n<meta property=\"article:published_time\" content=\"2026-02-19T15:38:15+00:00\" \/>\n<meta name=\"author\" content=\"Carlos Gonzalez Valdepe\u00f1a\" \/>\n<meta name=\"twitter:card\" content=\"summary_large_image\" \/>\n<meta name=\"twitter:label1\" content=\"Escrito por\" \/>\n\t<meta name=\"twitter:data1\" content=\"Carlos Gonzalez Valdepe\u00f1a\" \/>\n\t<meta name=\"twitter:label2\" content=\"Tiempo de lectura\" \/>\n\t<meta name=\"twitter:data2\" content=\"3 minutos\" \/>\n<script type=\"application\/ld+json\" class=\"yoast-schema-graph\">{\"@context\":\"https:\\\/\\\/schema.org\",\"@graph\":[{\"@type\":\"Article\",\"@id\":\"https:\\\/\\\/arjenoticias.com.mx\\\/?p=10489#article\",\"isPartOf\":{\"@id\":\"https:\\\/\\\/arjenoticias.com.mx\\\/?p=10489\"},\"author\":{\"name\":\"Carlos Gonzalez Valdepe\u00f1a\",\"@id\":\"https:\\\/\\\/arjenoticias.com.mx\\\/#\\\/schema\\\/person\\\/71bdfd7ade77cd8b5b012e241d1792ff\"},\"headline\":\"La chica del Ipanema: Carlos Gonz\u00e1lez Valdepe\u00f1a\",\"datePublished\":\"2026-02-19T15:38:15+00:00\",\"mainEntityOfPage\":{\"@id\":\"https:\\\/\\\/arjenoticias.com.mx\\\/?p=10489\"},\"wordCount\":567,\"publisher\":{\"@id\":\"https:\\\/\\\/arjenoticias.com.mx\\\/#organization\"},\"image\":{\"@id\":\"https:\\\/\\\/arjenoticias.com.mx\\\/?p=10489#primaryimage\"},\"thumbnailUrl\":\"\",\"keywords\":[\"Chica del Ipanema\"],\"articleSection\":[\"Cultura y Entretenimiento\"],\"inLanguage\":\"es\"},{\"@type\":\"WebPage\",\"@id\":\"https:\\\/\\\/arjenoticias.com.mx\\\/?p=10489\",\"url\":\"https:\\\/\\\/arjenoticias.com.mx\\\/?p=10489\",\"name\":\"La chica del Ipanema: Carlos Gonz\u00e1lez Valdepe\u00f1a -\",\"isPartOf\":{\"@id\":\"https:\\\/\\\/arjenoticias.com.mx\\\/#website\"},\"primaryImageOfPage\":{\"@id\":\"https:\\\/\\\/arjenoticias.com.mx\\\/?p=10489#primaryimage\"},\"image\":{\"@id\":\"https:\\\/\\\/arjenoticias.com.mx\\\/?p=10489#primaryimage\"},\"thumbnailUrl\":\"\",\"datePublished\":\"2026-02-19T15:38:15+00:00\",\"description\":\"Vinicius desde su casa ve\u00eda pasar a una hermosa muchacha de unos 14 o 15 a\u00f1os que pasaba todos los d\u00edas hacia la playa con la intenci\u00f3n de ba\u00f1arse\",\"breadcrumb\":{\"@id\":\"https:\\\/\\\/arjenoticias.com.mx\\\/?p=10489#breadcrumb\"},\"inLanguage\":\"es\",\"potentialAction\":[{\"@type\":\"ReadAction\",\"target\":[\"https:\\\/\\\/arjenoticias.com.mx\\\/?p=10489\"]}]},{\"@type\":\"ImageObject\",\"inLanguage\":\"es\",\"@id\":\"https:\\\/\\\/arjenoticias.com.mx\\\/?p=10489#primaryimage\",\"url\":\"\",\"contentUrl\":\"\"},{\"@type\":\"BreadcrumbList\",\"@id\":\"https:\\\/\\\/arjenoticias.com.mx\\\/?p=10489#breadcrumb\",\"itemListElement\":[{\"@type\":\"ListItem\",\"position\":1,\"name\":\"Inicio\",\"item\":\"https:\\\/\\\/arjenoticias.com.mx\\\/\"},{\"@type\":\"ListItem\",\"position\":2,\"name\":\"La chica del Ipanema: Carlos Gonz\u00e1lez Valdepe\u00f1a\"}]},{\"@type\":\"WebSite\",\"@id\":\"https:\\\/\\\/arjenoticias.com.mx\\\/#website\",\"url\":\"https:\\\/\\\/arjenoticias.com.mx\\\/\",\"name\":\"arjenoticias.com.mx\",\"description\":\"\",\"publisher\":{\"@id\":\"https:\\\/\\\/arjenoticias.com.mx\\\/#organization\"},\"potentialAction\":[{\"@type\":\"SearchAction\",\"target\":{\"@type\":\"EntryPoint\",\"urlTemplate\":\"https:\\\/\\\/arjenoticias.com.mx\\\/?s={search_term_string}\"},\"query-input\":{\"@type\":\"PropertyValueSpecification\",\"valueRequired\":true,\"valueName\":\"search_term_string\"}}],\"inLanguage\":\"es\"},{\"@type\":\"Organization\",\"@id\":\"https:\\\/\\\/arjenoticias.com.mx\\\/#organization\",\"name\":\"Arj\u00e9 de M\u00e9xico Noticias\",\"url\":\"https:\\\/\\\/arjenoticias.com.mx\\\/\",\"logo\":{\"@type\":\"ImageObject\",\"inLanguage\":\"es\",\"@id\":\"https:\\\/\\\/arjenoticias.com.mx\\\/#\\\/schema\\\/logo\\\/image\\\/\",\"url\":\"https:\\\/\\\/arjenoticias.com.mx\\\/wp-content\\\/uploads\\\/2025\\\/07\\\/cropped-logo-scaled-1.png\",\"contentUrl\":\"https:\\\/\\\/arjenoticias.com.mx\\\/wp-content\\\/uploads\\\/2025\\\/07\\\/cropped-logo-scaled-1.png\",\"width\":2558,\"height\":558,\"caption\":\"Arj\u00e9 de M\u00e9xico Noticias\"},\"image\":{\"@id\":\"https:\\\/\\\/arjenoticias.com.mx\\\/#\\\/schema\\\/logo\\\/image\\\/\"}},{\"@type\":\"Person\",\"@id\":\"https:\\\/\\\/arjenoticias.com.mx\\\/#\\\/schema\\\/person\\\/71bdfd7ade77cd8b5b012e241d1792ff\",\"name\":\"Carlos Gonzalez Valdepe\u00f1a\",\"image\":{\"@type\":\"ImageObject\",\"inLanguage\":\"es\",\"@id\":\"https:\\\/\\\/secure.gravatar.com\\\/avatar\\\/534b251d1929c0d05d54f5037f13eaf23a5925ef3034ace3153feb5a17ecb490?s=96&d=mm&r=g\",\"url\":\"https:\\\/\\\/secure.gravatar.com\\\/avatar\\\/534b251d1929c0d05d54f5037f13eaf23a5925ef3034ace3153feb5a17ecb490?s=96&d=mm&r=g\",\"contentUrl\":\"https:\\\/\\\/secure.gravatar.com\\\/avatar\\\/534b251d1929c0d05d54f5037f13eaf23a5925ef3034ace3153feb5a17ecb490?s=96&d=mm&r=g\",\"caption\":\"Carlos Gonzalez Valdepe\u00f1a\"},\"url\":\"https:\\\/\\\/arjenoticias.com.mx\\\/?author=117\"}]}<\/script>\n<!-- \/ Yoast SEO plugin. -->","yoast_head_json":{"title":"La chica del Ipanema: Carlos Gonz\u00e1lez Valdepe\u00f1a -","description":"Vinicius desde su casa ve\u00eda pasar a una hermosa muchacha de unos 14 o 15 a\u00f1os que pasaba todos los d\u00edas hacia la playa con la intenci\u00f3n de ba\u00f1arse","robots":{"index":"index","follow":"follow","max-snippet":"max-snippet:-1","max-image-preview":"max-image-preview:large","max-video-preview":"max-video-preview:-1"},"canonical":"https:\/\/arjenoticias.com.mx\/?p=10489","og_locale":"es_MX","og_type":"article","og_title":"La chica del Ipanema: Carlos Gonz\u00e1lez Valdepe\u00f1a -","og_description":"Vinicius desde su casa ve\u00eda pasar a una hermosa muchacha de unos 14 o 15 a\u00f1os que pasaba todos los d\u00edas hacia la playa con la intenci\u00f3n de ba\u00f1arse","og_url":"https:\/\/arjenoticias.com.mx\/?p=10489","article_published_time":"2026-02-19T15:38:15+00:00","author":"Carlos Gonzalez Valdepe\u00f1a","twitter_card":"summary_large_image","twitter_misc":{"Escrito por":"Carlos Gonzalez Valdepe\u00f1a","Tiempo de lectura":"3 minutos"},"schema":{"@context":"https:\/\/schema.org","@graph":[{"@type":"Article","@id":"https:\/\/arjenoticias.com.mx\/?p=10489#article","isPartOf":{"@id":"https:\/\/arjenoticias.com.mx\/?p=10489"},"author":{"name":"Carlos Gonzalez Valdepe\u00f1a","@id":"https:\/\/arjenoticias.com.mx\/#\/schema\/person\/71bdfd7ade77cd8b5b012e241d1792ff"},"headline":"La chica del Ipanema: Carlos Gonz\u00e1lez Valdepe\u00f1a","datePublished":"2026-02-19T15:38:15+00:00","mainEntityOfPage":{"@id":"https:\/\/arjenoticias.com.mx\/?p=10489"},"wordCount":567,"publisher":{"@id":"https:\/\/arjenoticias.com.mx\/#organization"},"image":{"@id":"https:\/\/arjenoticias.com.mx\/?p=10489#primaryimage"},"thumbnailUrl":"","keywords":["Chica del Ipanema"],"articleSection":["Cultura y Entretenimiento"],"inLanguage":"es"},{"@type":"WebPage","@id":"https:\/\/arjenoticias.com.mx\/?p=10489","url":"https:\/\/arjenoticias.com.mx\/?p=10489","name":"La chica del Ipanema: Carlos Gonz\u00e1lez Valdepe\u00f1a -","isPartOf":{"@id":"https:\/\/arjenoticias.com.mx\/#website"},"primaryImageOfPage":{"@id":"https:\/\/arjenoticias.com.mx\/?p=10489#primaryimage"},"image":{"@id":"https:\/\/arjenoticias.com.mx\/?p=10489#primaryimage"},"thumbnailUrl":"","datePublished":"2026-02-19T15:38:15+00:00","description":"Vinicius desde su casa ve\u00eda pasar a una hermosa muchacha de unos 14 o 15 a\u00f1os que pasaba todos los d\u00edas hacia la playa con la intenci\u00f3n de ba\u00f1arse","breadcrumb":{"@id":"https:\/\/arjenoticias.com.mx\/?p=10489#breadcrumb"},"inLanguage":"es","potentialAction":[{"@type":"ReadAction","target":["https:\/\/arjenoticias.com.mx\/?p=10489"]}]},{"@type":"ImageObject","inLanguage":"es","@id":"https:\/\/arjenoticias.com.mx\/?p=10489#primaryimage","url":"","contentUrl":""},{"@type":"BreadcrumbList","@id":"https:\/\/arjenoticias.com.mx\/?p=10489#breadcrumb","itemListElement":[{"@type":"ListItem","position":1,"name":"Inicio","item":"https:\/\/arjenoticias.com.mx\/"},{"@type":"ListItem","position":2,"name":"La chica del Ipanema: Carlos Gonz\u00e1lez Valdepe\u00f1a"}]},{"@type":"WebSite","@id":"https:\/\/arjenoticias.com.mx\/#website","url":"https:\/\/arjenoticias.com.mx\/","name":"arjenoticias.com.mx","description":"","publisher":{"@id":"https:\/\/arjenoticias.com.mx\/#organization"},"potentialAction":[{"@type":"SearchAction","target":{"@type":"EntryPoint","urlTemplate":"https:\/\/arjenoticias.com.mx\/?s={search_term_string}"},"query-input":{"@type":"PropertyValueSpecification","valueRequired":true,"valueName":"search_term_string"}}],"inLanguage":"es"},{"@type":"Organization","@id":"https:\/\/arjenoticias.com.mx\/#organization","name":"Arj\u00e9 de M\u00e9xico Noticias","url":"https:\/\/arjenoticias.com.mx\/","logo":{"@type":"ImageObject","inLanguage":"es","@id":"https:\/\/arjenoticias.com.mx\/#\/schema\/logo\/image\/","url":"https:\/\/arjenoticias.com.mx\/wp-content\/uploads\/2025\/07\/cropped-logo-scaled-1.png","contentUrl":"https:\/\/arjenoticias.com.mx\/wp-content\/uploads\/2025\/07\/cropped-logo-scaled-1.png","width":2558,"height":558,"caption":"Arj\u00e9 de M\u00e9xico Noticias"},"image":{"@id":"https:\/\/arjenoticias.com.mx\/#\/schema\/logo\/image\/"}},{"@type":"Person","@id":"https:\/\/arjenoticias.com.mx\/#\/schema\/person\/71bdfd7ade77cd8b5b012e241d1792ff","name":"Carlos Gonzalez Valdepe\u00f1a","image":{"@type":"ImageObject","inLanguage":"es","@id":"https:\/\/secure.gravatar.com\/avatar\/534b251d1929c0d05d54f5037f13eaf23a5925ef3034ace3153feb5a17ecb490?s=96&d=mm&r=g","url":"https:\/\/secure.gravatar.com\/avatar\/534b251d1929c0d05d54f5037f13eaf23a5925ef3034ace3153feb5a17ecb490?s=96&d=mm&r=g","contentUrl":"https:\/\/secure.gravatar.com\/avatar\/534b251d1929c0d05d54f5037f13eaf23a5925ef3034ace3153feb5a17ecb490?s=96&d=mm&r=g","caption":"Carlos Gonzalez Valdepe\u00f1a"},"url":"https:\/\/arjenoticias.com.mx\/?author=117"}]}},"_links":{"self":[{"href":"https:\/\/arjenoticias.com.mx\/index.php?rest_route=\/wp\/v2\/posts\/10489","targetHints":{"allow":["GET"]}}],"collection":[{"href":"https:\/\/arjenoticias.com.mx\/index.php?rest_route=\/wp\/v2\/posts"}],"about":[{"href":"https:\/\/arjenoticias.com.mx\/index.php?rest_route=\/wp\/v2\/types\/post"}],"author":[{"embeddable":true,"href":"https:\/\/arjenoticias.com.mx\/index.php?rest_route=\/wp\/v2\/users\/117"}],"replies":[{"embeddable":true,"href":"https:\/\/arjenoticias.com.mx\/index.php?rest_route=%2Fwp%2Fv2%2Fcomments&post=10489"}],"version-history":[{"count":0,"href":"https:\/\/arjenoticias.com.mx\/index.php?rest_route=\/wp\/v2\/posts\/10489\/revisions"}],"wp:attachment":[{"href":"https:\/\/arjenoticias.com.mx\/index.php?rest_route=%2Fwp%2Fv2%2Fmedia&parent=10489"}],"wp:term":[{"taxonomy":"category","embeddable":true,"href":"https:\/\/arjenoticias.com.mx\/index.php?rest_route=%2Fwp%2Fv2%2Fcategories&post=10489"},{"taxonomy":"post_tag","embeddable":true,"href":"https:\/\/arjenoticias.com.mx\/index.php?rest_route=%2Fwp%2Fv2%2Ftags&post=10489"}],"curies":[{"name":"wp","href":"https:\/\/api.w.org\/{rel}","templated":true}]}}