{"id":10486,"date":"2026-02-19T09:26:02","date_gmt":"2026-02-19T15:26:02","guid":{"rendered":"https:\/\/arjenoticias.com\/?p=10486"},"modified":"2026-02-19T09:26:02","modified_gmt":"2026-02-19T15:26:02","slug":"mamarx-y-dar-topes-vito-saint-germain","status":"publish","type":"post","link":"https:\/\/arjenoticias.com.mx\/?p=10486","title":{"rendered":"Mamarx y dar topes: Vito Saint Germain"},"content":{"rendered":"\n<p class=\"wp-block-paragraph\">En el noreste describimos la molestia ocasionada por la ingratitud y la falta de congruencia con el imaginario de un becerro que no deja de alimentarse, pero que, entre chupete y chupete, le suelta un testarazo a la ubre que lo mantiene, \u201cno quieras mamar y dar topes\u201d decimos.<\/p>\n\n\n\n<p class=\"wp-block-paragraph\">En la recomposici\u00f3n del grupo en el poder que se libra entre morenistas al interior del gobierno, esa pr\u00e1ctica adquiri\u00f3 nombre de pila: <strong>Marx Arriaga<\/strong>. El funcionario hizo de una ret\u00f3rica obsoleta, propia de secta revolucionaria, su marca personal, operando desde la comodidad de la burocracia dorada en el tercer nivel de gobierno su &#8220;lucha ideol\u00f3gica&#8221; no es un sacrificio de trinchera, <strong>sino un ejercicio de soberbia<\/strong> financiado por el erario.<\/p>\n\n\n\n<p class=\"wp-block-paragraph\">Llam\u00f3 a \u201crefundar la Secretar\u00eda de Educaci\u00f3n\u201d, seg\u00fan \u00e9l, quiso o form\u00f3 comit\u00e9s de resistencia magisterial, se erigi\u00f3 a s\u00ed mismo como el defensor del \u201chumanismo mexicano\u201d. En su opini\u00f3n la SEP est\u00e1 poniendo \u201cen la mesa de Claudio X. Gonz\u00e1lez y el empresariado\u201d una nueva reforma al libro de texto. Sus afirmaciones son de grupo ultraizquierdista, sin sustento y sin sentido. Revoluci\u00f3n del escritorio \u00bfLucha ideol\u00f3gica? en su cabecita, m\u00e1s bien, mucha arrogancia.<\/p>\n\n\n\n<p class=\"wp-block-paragraph\">Una norma no escrita en gesti\u00f3n de recursos humanos dice que las organizaciones no deben tolerar trabajadores que hacen lo que se les da la gana, se quejan de la instituci\u00f3n y arremeten contra ella, el ahora desempleado cubr\u00eda los tres perfiles mencionados.<\/p>\n\n\n\n<p class=\"wp-block-paragraph\">Don Marx sab\u00eda bien que su despido pas\u00f3 por el visto bueno de presidencia, pero su enorme egolatr\u00eda le hizo asumir que \u00e9l y sus camaradas de lucha son parte del grupo amparado por la pureza del liderazgo de L\u00f3pez Obrador. Se ven como guardianes del fuego sagrado. Las adecuaciones del r\u00e9gimen de Claudia Sheiubaum, obligadas por la necesidad de construir su propio equipo y fortaleza de gobierno para responder a las enormes presiones y retos que tiene el r\u00e9gimen son vistas por esa corriente como \u201czigzagueos\u201d, desviaciones del rumbo original, pecados que manchan la pureza del credo original de la 4t.<\/p>\n\n\n\n<p class=\"wp-block-paragraph\">Lo cierto es que han perdido posiciones, y est\u00e1n viendo amenazadas sus cuotas de poder y, sobre todo, sus intereses.<\/p>\n\n\n\n<p class=\"wp-block-paragraph\">Que falt\u00f3 una mejor operaci\u00f3n para sacar a Marx Arriaga de su posici\u00f3n es cierto. Pero eso no evita que se deje de advertir que la herencia que recibi\u00f3 la presidenta no fue precisamente un pedestal de castidad pol\u00edtica. El grupo en poder est\u00e1 sometido a una recomposici\u00f3n en la que ya es evidente que Sheinbaum tiene que utilizar un estilo de liderazgo cada vez m\u00e1s coercitivo con quien se atraviese en su camino. Necesita cohesi\u00f3n interna y apoyo externo, en la opini\u00f3n p\u00fablica pero tambi\u00e9n, y eso es no lo entienden en la 4t, de la oposici\u00f3n.<\/p>\n\n\n\n<p class=\"wp-block-paragraph\">La ca\u00edda de Arriaga es un avance de la raz\u00f3n de Estado en este r\u00e9gimen sobre el narcisismo ideol\u00f3gico. Su error fue no entender que, en la arquitectura del segundo piso de la 4T, los cimientos ya est\u00e1n puestos; lo que se requiere ahora son ejecutores que sepan resolver problemas, no ide\u00f3logos que quieran dinamitar la obra cada vez que el dise\u00f1o no coincide con su utop\u00eda personal. La &#8220;coerci\u00f3n&#8221; es, en realidad, el ejercicio de la autoridad necesaria para evitar que las cuotas de poder se conviertan en feudos de ingobernabilidad.<\/p>\n","protected":false},"excerpt":{"rendered":"<p>En el noreste describimos la molestia ocasionada por la ingratitud y la falta de congruencia&#8230;<\/p>\n","protected":false},"author":96,"featured_media":10487,"comment_status":"closed","ping_status":"closed","sticky":false,"template":"","format":"standard","meta":{"footnotes":""},"categories":[12],"tags":[1635],"class_list":["post-10486","post","type-post","status-publish","format-standard","has-post-thumbnail","hentry","category-opinion","tag-marx-se-cree-protegido-de-amlo"],"yoast_head":"<!-- This site is optimized with the Yoast SEO plugin v28.4 - https:\/\/yoast.com\/product\/yoast-seo-wordpress\/ -->\n<title>Mamarx y dar topes: Vito Saint Germain -<\/title>\n<meta name=\"description\" content=\"Don Marx sab\u00eda bien que su despido pas\u00f3 por el visto bueno de presidencia,\" \/>\n<meta name=\"robots\" content=\"index, follow, max-snippet:-1, max-image-preview:large, max-video-preview:-1\" \/>\n<link rel=\"canonical\" href=\"https:\/\/arjenoticias.com.mx\/?p=10486\" \/>\n<meta property=\"og:locale\" content=\"es_MX\" \/>\n<meta property=\"og:type\" content=\"article\" \/>\n<meta property=\"og:title\" content=\"Mamarx y dar topes: Vito Saint Germain -\" \/>\n<meta property=\"og:description\" content=\"Don Marx sab\u00eda bien que su despido pas\u00f3 por el visto bueno de presidencia,\" \/>\n<meta property=\"og:url\" content=\"https:\/\/arjenoticias.com.mx\/?p=10486\" \/>\n<meta property=\"article:published_time\" content=\"2026-02-19T15:26:02+00:00\" \/>\n<meta name=\"author\" content=\"Vito Saint Germain\" \/>\n<meta name=\"twitter:card\" content=\"summary_large_image\" \/>\n<meta name=\"twitter:label1\" content=\"Escrito por\" \/>\n\t<meta name=\"twitter:data1\" content=\"Vito Saint Germain\" \/>\n\t<meta name=\"twitter:label2\" content=\"Tiempo de lectura\" \/>\n\t<meta name=\"twitter:data2\" content=\"3 minutos\" \/>\n<script type=\"application\/ld+json\" class=\"yoast-schema-graph\">{\"@context\":\"https:\\\/\\\/schema.org\",\"@graph\":[{\"@type\":\"Article\",\"@id\":\"https:\\\/\\\/arjenoticias.com.mx\\\/?p=10486#article\",\"isPartOf\":{\"@id\":\"https:\\\/\\\/arjenoticias.com.mx\\\/?p=10486\"},\"author\":{\"name\":\"Vito Saint Germain\",\"@id\":\"https:\\\/\\\/arjenoticias.com.mx\\\/#\\\/schema\\\/person\\\/7cfc08030a9e7d72e6aa24e37c2b7838\"},\"headline\":\"Mamarx y dar topes: Vito Saint Germain\",\"datePublished\":\"2026-02-19T15:26:02+00:00\",\"mainEntityOfPage\":{\"@id\":\"https:\\\/\\\/arjenoticias.com.mx\\\/?p=10486\"},\"wordCount\":597,\"publisher\":{\"@id\":\"https:\\\/\\\/arjenoticias.com.mx\\\/#organization\"},\"image\":{\"@id\":\"https:\\\/\\\/arjenoticias.com.mx\\\/?p=10486#primaryimage\"},\"thumbnailUrl\":\"\",\"keywords\":[\"Marx se cree protegido de AMLO\"],\"articleSection\":[\"Opini\u00f3n\"],\"inLanguage\":\"es\"},{\"@type\":\"WebPage\",\"@id\":\"https:\\\/\\\/arjenoticias.com.mx\\\/?p=10486\",\"url\":\"https:\\\/\\\/arjenoticias.com.mx\\\/?p=10486\",\"name\":\"Mamarx y dar topes: Vito Saint Germain -\",\"isPartOf\":{\"@id\":\"https:\\\/\\\/arjenoticias.com.mx\\\/#website\"},\"primaryImageOfPage\":{\"@id\":\"https:\\\/\\\/arjenoticias.com.mx\\\/?p=10486#primaryimage\"},\"image\":{\"@id\":\"https:\\\/\\\/arjenoticias.com.mx\\\/?p=10486#primaryimage\"},\"thumbnailUrl\":\"\",\"datePublished\":\"2026-02-19T15:26:02+00:00\",\"description\":\"Don Marx sab\u00eda bien que su despido pas\u00f3 por el visto bueno de presidencia,\",\"breadcrumb\":{\"@id\":\"https:\\\/\\\/arjenoticias.com.mx\\\/?p=10486#breadcrumb\"},\"inLanguage\":\"es\",\"potentialAction\":[{\"@type\":\"ReadAction\",\"target\":[\"https:\\\/\\\/arjenoticias.com.mx\\\/?p=10486\"]}]},{\"@type\":\"ImageObject\",\"inLanguage\":\"es\",\"@id\":\"https:\\\/\\\/arjenoticias.com.mx\\\/?p=10486#primaryimage\",\"url\":\"\",\"contentUrl\":\"\"},{\"@type\":\"BreadcrumbList\",\"@id\":\"https:\\\/\\\/arjenoticias.com.mx\\\/?p=10486#breadcrumb\",\"itemListElement\":[{\"@type\":\"ListItem\",\"position\":1,\"name\":\"Inicio\",\"item\":\"https:\\\/\\\/arjenoticias.com.mx\\\/\"},{\"@type\":\"ListItem\",\"position\":2,\"name\":\"Mamarx y dar topes: Vito Saint Germain\"}]},{\"@type\":\"WebSite\",\"@id\":\"https:\\\/\\\/arjenoticias.com.mx\\\/#website\",\"url\":\"https:\\\/\\\/arjenoticias.com.mx\\\/\",\"name\":\"arjenoticias.com.mx\",\"description\":\"\",\"publisher\":{\"@id\":\"https:\\\/\\\/arjenoticias.com.mx\\\/#organization\"},\"potentialAction\":[{\"@type\":\"SearchAction\",\"target\":{\"@type\":\"EntryPoint\",\"urlTemplate\":\"https:\\\/\\\/arjenoticias.com.mx\\\/?s={search_term_string}\"},\"query-input\":{\"@type\":\"PropertyValueSpecification\",\"valueRequired\":true,\"valueName\":\"search_term_string\"}}],\"inLanguage\":\"es\"},{\"@type\":\"Organization\",\"@id\":\"https:\\\/\\\/arjenoticias.com.mx\\\/#organization\",\"name\":\"Arj\u00e9 de M\u00e9xico Noticias\",\"url\":\"https:\\\/\\\/arjenoticias.com.mx\\\/\",\"logo\":{\"@type\":\"ImageObject\",\"inLanguage\":\"es\",\"@id\":\"https:\\\/\\\/arjenoticias.com.mx\\\/#\\\/schema\\\/logo\\\/image\\\/\",\"url\":\"https:\\\/\\\/arjenoticias.com.mx\\\/wp-content\\\/uploads\\\/2025\\\/07\\\/cropped-logo-scaled-1.png\",\"contentUrl\":\"https:\\\/\\\/arjenoticias.com.mx\\\/wp-content\\\/uploads\\\/2025\\\/07\\\/cropped-logo-scaled-1.png\",\"width\":2558,\"height\":558,\"caption\":\"Arj\u00e9 de M\u00e9xico Noticias\"},\"image\":{\"@id\":\"https:\\\/\\\/arjenoticias.com.mx\\\/#\\\/schema\\\/logo\\\/image\\\/\"}},{\"@type\":\"Person\",\"@id\":\"https:\\\/\\\/arjenoticias.com.mx\\\/#\\\/schema\\\/person\\\/7cfc08030a9e7d72e6aa24e37c2b7838\",\"name\":\"Vito Saint Germain\",\"image\":{\"@type\":\"ImageObject\",\"inLanguage\":\"es\",\"@id\":\"https:\\\/\\\/secure.gravatar.com\\\/avatar\\\/3b01e6f0e4461b73374b5227e4dd6c0f50f209cd738cb96c42bf493ecda95ab9?s=96&d=mm&r=g\",\"url\":\"https:\\\/\\\/secure.gravatar.com\\\/avatar\\\/3b01e6f0e4461b73374b5227e4dd6c0f50f209cd738cb96c42bf493ecda95ab9?s=96&d=mm&r=g\",\"contentUrl\":\"https:\\\/\\\/secure.gravatar.com\\\/avatar\\\/3b01e6f0e4461b73374b5227e4dd6c0f50f209cd738cb96c42bf493ecda95ab9?s=96&d=mm&r=g\",\"caption\":\"Vito Saint Germain\"},\"url\":\"https:\\\/\\\/arjenoticias.com.mx\\\/?author=96\"}]}<\/script>\n<!-- \/ Yoast SEO plugin. -->","yoast_head_json":{"title":"Mamarx y dar topes: Vito Saint Germain -","description":"Don Marx sab\u00eda bien que su despido pas\u00f3 por el visto bueno de presidencia,","robots":{"index":"index","follow":"follow","max-snippet":"max-snippet:-1","max-image-preview":"max-image-preview:large","max-video-preview":"max-video-preview:-1"},"canonical":"https:\/\/arjenoticias.com.mx\/?p=10486","og_locale":"es_MX","og_type":"article","og_title":"Mamarx y dar topes: Vito Saint Germain -","og_description":"Don Marx sab\u00eda bien que su despido pas\u00f3 por el visto bueno de presidencia,","og_url":"https:\/\/arjenoticias.com.mx\/?p=10486","article_published_time":"2026-02-19T15:26:02+00:00","author":"Vito Saint Germain","twitter_card":"summary_large_image","twitter_misc":{"Escrito por":"Vito Saint Germain","Tiempo de lectura":"3 minutos"},"schema":{"@context":"https:\/\/schema.org","@graph":[{"@type":"Article","@id":"https:\/\/arjenoticias.com.mx\/?p=10486#article","isPartOf":{"@id":"https:\/\/arjenoticias.com.mx\/?p=10486"},"author":{"name":"Vito Saint Germain","@id":"https:\/\/arjenoticias.com.mx\/#\/schema\/person\/7cfc08030a9e7d72e6aa24e37c2b7838"},"headline":"Mamarx y dar topes: Vito Saint Germain","datePublished":"2026-02-19T15:26:02+00:00","mainEntityOfPage":{"@id":"https:\/\/arjenoticias.com.mx\/?p=10486"},"wordCount":597,"publisher":{"@id":"https:\/\/arjenoticias.com.mx\/#organization"},"image":{"@id":"https:\/\/arjenoticias.com.mx\/?p=10486#primaryimage"},"thumbnailUrl":"","keywords":["Marx se cree protegido de AMLO"],"articleSection":["Opini\u00f3n"],"inLanguage":"es"},{"@type":"WebPage","@id":"https:\/\/arjenoticias.com.mx\/?p=10486","url":"https:\/\/arjenoticias.com.mx\/?p=10486","name":"Mamarx y dar topes: Vito Saint Germain -","isPartOf":{"@id":"https:\/\/arjenoticias.com.mx\/#website"},"primaryImageOfPage":{"@id":"https:\/\/arjenoticias.com.mx\/?p=10486#primaryimage"},"image":{"@id":"https:\/\/arjenoticias.com.mx\/?p=10486#primaryimage"},"thumbnailUrl":"","datePublished":"2026-02-19T15:26:02+00:00","description":"Don Marx sab\u00eda bien que su despido pas\u00f3 por el visto bueno de presidencia,","breadcrumb":{"@id":"https:\/\/arjenoticias.com.mx\/?p=10486#breadcrumb"},"inLanguage":"es","potentialAction":[{"@type":"ReadAction","target":["https:\/\/arjenoticias.com.mx\/?p=10486"]}]},{"@type":"ImageObject","inLanguage":"es","@id":"https:\/\/arjenoticias.com.mx\/?p=10486#primaryimage","url":"","contentUrl":""},{"@type":"BreadcrumbList","@id":"https:\/\/arjenoticias.com.mx\/?p=10486#breadcrumb","itemListElement":[{"@type":"ListItem","position":1,"name":"Inicio","item":"https:\/\/arjenoticias.com.mx\/"},{"@type":"ListItem","position":2,"name":"Mamarx y dar topes: Vito Saint Germain"}]},{"@type":"WebSite","@id":"https:\/\/arjenoticias.com.mx\/#website","url":"https:\/\/arjenoticias.com.mx\/","name":"arjenoticias.com.mx","description":"","publisher":{"@id":"https:\/\/arjenoticias.com.mx\/#organization"},"potentialAction":[{"@type":"SearchAction","target":{"@type":"EntryPoint","urlTemplate":"https:\/\/arjenoticias.com.mx\/?s={search_term_string}"},"query-input":{"@type":"PropertyValueSpecification","valueRequired":true,"valueName":"search_term_string"}}],"inLanguage":"es"},{"@type":"Organization","@id":"https:\/\/arjenoticias.com.mx\/#organization","name":"Arj\u00e9 de M\u00e9xico Noticias","url":"https:\/\/arjenoticias.com.mx\/","logo":{"@type":"ImageObject","inLanguage":"es","@id":"https:\/\/arjenoticias.com.mx\/#\/schema\/logo\/image\/","url":"https:\/\/arjenoticias.com.mx\/wp-content\/uploads\/2025\/07\/cropped-logo-scaled-1.png","contentUrl":"https:\/\/arjenoticias.com.mx\/wp-content\/uploads\/2025\/07\/cropped-logo-scaled-1.png","width":2558,"height":558,"caption":"Arj\u00e9 de M\u00e9xico Noticias"},"image":{"@id":"https:\/\/arjenoticias.com.mx\/#\/schema\/logo\/image\/"}},{"@type":"Person","@id":"https:\/\/arjenoticias.com.mx\/#\/schema\/person\/7cfc08030a9e7d72e6aa24e37c2b7838","name":"Vito Saint Germain","image":{"@type":"ImageObject","inLanguage":"es","@id":"https:\/\/secure.gravatar.com\/avatar\/3b01e6f0e4461b73374b5227e4dd6c0f50f209cd738cb96c42bf493ecda95ab9?s=96&d=mm&r=g","url":"https:\/\/secure.gravatar.com\/avatar\/3b01e6f0e4461b73374b5227e4dd6c0f50f209cd738cb96c42bf493ecda95ab9?s=96&d=mm&r=g","contentUrl":"https:\/\/secure.gravatar.com\/avatar\/3b01e6f0e4461b73374b5227e4dd6c0f50f209cd738cb96c42bf493ecda95ab9?s=96&d=mm&r=g","caption":"Vito Saint Germain"},"url":"https:\/\/arjenoticias.com.mx\/?author=96"}]}},"_links":{"self":[{"href":"https:\/\/arjenoticias.com.mx\/index.php?rest_route=\/wp\/v2\/posts\/10486","targetHints":{"allow":["GET"]}}],"collection":[{"href":"https:\/\/arjenoticias.com.mx\/index.php?rest_route=\/wp\/v2\/posts"}],"about":[{"href":"https:\/\/arjenoticias.com.mx\/index.php?rest_route=\/wp\/v2\/types\/post"}],"author":[{"embeddable":true,"href":"https:\/\/arjenoticias.com.mx\/index.php?rest_route=\/wp\/v2\/users\/96"}],"replies":[{"embeddable":true,"href":"https:\/\/arjenoticias.com.mx\/index.php?rest_route=%2Fwp%2Fv2%2Fcomments&post=10486"}],"version-history":[{"count":0,"href":"https:\/\/arjenoticias.com.mx\/index.php?rest_route=\/wp\/v2\/posts\/10486\/revisions"}],"wp:attachment":[{"href":"https:\/\/arjenoticias.com.mx\/index.php?rest_route=%2Fwp%2Fv2%2Fmedia&parent=10486"}],"wp:term":[{"taxonomy":"category","embeddable":true,"href":"https:\/\/arjenoticias.com.mx\/index.php?rest_route=%2Fwp%2Fv2%2Fcategories&post=10486"},{"taxonomy":"post_tag","embeddable":true,"href":"https:\/\/arjenoticias.com.mx\/index.php?rest_route=%2Fwp%2Fv2%2Ftags&post=10486"}],"curies":[{"name":"wp","href":"https:\/\/api.w.org\/{rel}","templated":true}]}}