{"id":10299,"date":"2026-02-16T09:26:05","date_gmt":"2026-02-16T15:26:05","guid":{"rendered":"https:\/\/arjenoticias.com\/?p=10299"},"modified":"2026-02-16T09:26:08","modified_gmt":"2026-02-16T15:26:08","slug":"los-errores-se-corrigen","status":"publish","type":"post","link":"https:\/\/arjenoticias.com.mx\/opinion\/los-errores-se-corrigen\/","title":{"rendered":"Los errores se corrigen"},"content":{"rendered":"\n<h2 class=\"wp-block-heading\">No podemos ser rehenes de un grupo de personas que se han engolosinado con el poder y no tienen vocaci\u00f3n alguna por beneficiar al pa\u00eds.<\/h2>\n\n\n\n<p class=\"wp-block-paragraph\">En mala hora lleg\u00f3 al pa\u00eds un iluminado que se crey\u00f3 due\u00f1o de todas las verdades en cuanto tema se le ocurriera. Si bien es cierto hab\u00eda bases de cierto diagn\u00f3stico cre\u00edble en cuanto a los problemas del pa\u00eds se refiere, nunca se manej\u00f3 una propuesta racional de como proponer soluciones. Fue as\u00ed que en forma democr\u00e1tica (aunque con base en un pacto de inmunidad e impunidad con el gobierno saliente) a partir de finales de 2018 se implement\u00f3 un plan que ha derivado en un desajuste completo al pa\u00eds. Bajo la oferta electorera de que se har\u00edan cosas por beneficiar a los m\u00e1s desprotegidos, iniciaron un proceso de desarticulaci\u00f3n, de devastaci\u00f3n, de destrucci\u00f3n, de degradaci\u00f3n. Un tobog\u00e1n de deterioro sistem\u00e1tico.<\/p>\n\n\n\n<p class=\"wp-block-paragraph\">La evidencia del da\u00f1o proferido al pa\u00eds a ya m\u00e1s de 7 a\u00f1os de distancia es abundante e incontrovertible. Sin embargo, como el r\u00e9gimen ha avanzado en su agenda de concentraci\u00f3n de poder, hoy en d\u00eda tienen controlados no solamente los 3 poderes de la Uni\u00f3n, sino que tambi\u00e9n han cooptado a la gran mayor\u00eda de los medios de comunicaci\u00f3n y socavado la libertad de expresi\u00f3n, han militarizado cuanta actividad se les haya ocurrido, y en forma por dem\u00e1s preocupante hicieron un pacto de co-gobierno e impunidad con la delincuencia organizada. Ese es el contexto en que nos encontramos.<\/p>\n\n\n\n<p class=\"wp-block-paragraph\">As\u00ed las cosas, tenemos como resultado el enorme problema de que los servicios p\u00fablicos del estado en materias tan importantes como salud, trabajo, seguridad, educaci\u00f3n, justicia, medio ambiente, etc. han sido relegados a sus peores niveles hist\u00f3ricos. A cambio de enviar recursos l\u00edquidos en programas sociales, pervirtieron la funci\u00f3n p\u00fablica y proponen rentar el voto de los mexicanos a base de entregas de efectivo. Nada de mejoras o aspectos positivos. Solamente acciones encaminadas al prop\u00f3sito de seguir la agenda m\u00e1s rancia de los populistas autoritarios en la historia reciente de la humanidad. Demagogia hueca y ef\u00edmera.<\/p>\n\n\n\n<p class=\"wp-block-paragraph\">No obstante lo anterior, lo que m\u00e1s me ha sorprendido en todo este proceso adverso a los mejores intereses de la patria, es que hay quienes piensan que estos temas de afectaci\u00f3n nacional son permanentes e irreversibles. Vaya peligrosa tentaci\u00f3n y trampa. Como si el destino del pa\u00eds ya se hubiera escrito en piedra y no tuvi\u00e9ramos instrumentos de control para no solamente revertir la ruta actual, sino sobre todo hablar de lo que se tiene que hacer para lograr finalmente lo que todos queremos, un mejor pa\u00eds en que haya piso parejo, oportunidades reales de crecimiento, principios y pol\u00edticas que impulsen decididamente la movilidad social, y en general para evitar que la destrucci\u00f3n actual siga erosionando el presente y futuro de M\u00e9xico.<\/p>\n\n\n\n<p class=\"wp-block-paragraph\">Entonces hay que hablar de algunos de los principales rubros en que hay que redirigir la marcha del pa\u00eds si queremos que haya viabilidad para las futuras generaciones de mexicanos que merecen vivir en un mejor pa\u00eds y no el desastre que hoy se cocina. En cada uno de estos temas hay que implementar cambios precisos que se\u00f1alamos y que implican decisiones de fondo con planes complejos y robustos a desarrollar. Pero el pa\u00eds s\u00ed tiene soluci\u00f3n y no podemos permanecer est\u00e1ticos ante la devastaci\u00f3n. No podemos ser rehenes de un grupo de personas que se han engolosinado con el poder y no tienen vocaci\u00f3n alguna por beneficiar al pa\u00eds.<\/p>\n\n\n\n<p class=\"wp-block-paragraph\"><strong>Infraestructura<\/strong>: M\u00e9xico necesita tener instalaciones de primer mundo si de atraer inversiones y competir con el resto del mundo se trata. En ese sentido el contar con un centro aeroportuario y de log\u00edstica multi-modal es indispensable. Por eso la instalaci\u00f3n del aeropuerto internacional en Texcoco es indispensable. Solamente con dicha obra se pueden ampliar el n\u00famero real de vuelos al eje nacional y dar sentido a las necesidades de transportaci\u00f3n amplia. Adem\u00e1s, el impacto social para la zona m\u00e1s pobre de la CDMX ser\u00eda transformacional. El \u00e1rea que ocupa el actual aeropuerto formar\u00eda parte del proyecto de impacto urbano social m\u00e1s importante en el mundo y el aeropuerto de Santa Luc\u00eda volver\u00eda a ser una instalaci\u00f3n militar que es lo que nunca debi\u00f3 dejar de ser. Apliquemos sentido com\u00fan en estas decisiones. Basta de simulaciones y de demoras en lo que urge hacer.<\/p>\n\n\n\n<p class=\"wp-block-paragraph\"><strong>Energ\u00eda<\/strong>: M\u00e9xico es un pa\u00eds con una vocaci\u00f3n natural para ser un productor masivo de energ\u00eda el\u00e9ctrica y mejores condiciones en su operaci\u00f3n de hidrocarburos. Hay que quitar los candados que exigen producci\u00f3n porcentual a favor de la CFE si queremos tener energ\u00eda el\u00e9ctrica abundante para apoyar el crecimiento industrial y comercial en todo el pa\u00eds. Igualmente se requiere reconfigurar la situaci\u00f3n operativa y financiera de Pemex antes de que siga rompiendo las finanzas p\u00fablicas y erosionando el futuro del pa\u00eds. Se puede seguir el ejemplo de Petrobras para lograr ser una empresa de clase mundial y con viabilidad real para lo que debe cumplir. Un pa\u00eds sin energ\u00eda abundante, confiable y permanente simplemente no sirve.<\/p>\n\n\n\n<p class=\"wp-block-paragraph\"><strong>Anti-corrupci\u00f3n<\/strong>: Hay que parar en seco la hemorragia que implica el que en el gobierno se asignen m\u00e1s del 85% de las compras de gobierno por asignaci\u00f3n directa. Tambi\u00e9n urge que se privilegie el acceso a informaci\u00f3n gubernamental con absoluta transparencia (nada de seguir reservando los datos por una excusa pueril como decir que todo es de seguridad nacional). Los organismos de auditor\u00eda y de fiscalizaci\u00f3n deben ser aut\u00f3nomos y con pleno poder para combatir los casos de abuso y de excesos. No se puede seguir tolerando la rapi\u00f1a que se ha multiplicado a sus peores niveles hist\u00f3ricos en los \u00faltimos 7 a\u00f1os. Tan solo el huachicol fiscal es el esquema de la mayor corrupci\u00f3n en la historia del pa\u00eds y quiz\u00e1 del mundo entero. El pa\u00eds no puede avanzar con ladrones al mando del pa\u00eds. Hoy es lo \u00fanico que est\u00e1n haciendo. Pura rapi\u00f1a y enriquecimiento personal m\u00faltiple.<\/p>\n\n\n\n<p class=\"wp-block-paragraph\"><strong>Seguridad<\/strong>: Ning\u00fan pa\u00eds digno de reconocimiento se puede jactar de cumplir con sus obligaciones esenciales si no da la seguridad m\u00ednima que debe prevalecer en todo su territorio. Las fallas estructurales han sido muchas en varias d\u00e9cadas, pero es en los \u00faltimos 7 a\u00f1os en que se penetraron las estructuras por complicidad con delincuencia organizada y una militarizaci\u00f3n sin l\u00edmites que ha generado la peor situaci\u00f3n en este tema. Por ello se deben implementar los cambios estructurales que pasan por dotar a las polic\u00edas y fiscal\u00edas locales, estatales y nacional de los mejores recursos y herramientas para establecer un orden institucional que genere reales condiciones de seguridad en ciudades, carreteras y el territorio en general. Sin esa condici\u00f3n no es posible tener un pa\u00eds de provecho o desarrollo alguno. Se requieren instituciones reales que den continuidad a las metas.<\/p>\n\n\n\n<p class=\"wp-block-paragraph\"><strong>Salud<\/strong>: Hay que implementar pol\u00edticas p\u00fablicas que permitan lograr la cobertura universal en serio. Para esto hay que privilegiar los sistemas para mejorar cualitativamente la atenci\u00f3n de padecimientos, las campa\u00f1as de vacunaci\u00f3n, el suministro de medicinas, los insumos para el personal de salud, la provisi\u00f3n de atenci\u00f3n m\u00e9dica de calidad, y en general la mejor provisi\u00f3n de salud real, oportuna, amplia y general. Esto implica hacer a un lado las pol\u00edticas p\u00fablicas inservibles que han expuesto a m\u00e1s de 50 millones de personas que no tienen hoy cobertura alguna. Una poblaci\u00f3n sana debe ser una prioridad absoluta en lo que un nuevo gobierno se refiere.<\/p>\n\n\n\n<p class=\"wp-block-paragraph\"><strong>Educaci\u00f3n<\/strong>: Para que exista en el pa\u00eds movilidad social se requiere de un sistema de ense\u00f1anza que logre calidad y superaci\u00f3n real en todos los niveles escolares. Actualmente se eliminaron los controles cualitativos y se privilegi\u00f3 el control sindical de todo el sistema educativo. En alianza con estudiantes, padres de familia, personal docente y autoridades, se deben generar pol\u00edticas p\u00fablicas, planes de estudio, y esquemas laborales que promuevan la elevaci\u00f3n del nivel de la educaci\u00f3n en general. El futuro promisorio del pa\u00eds depende enteramente de lograr calidad educativa.<\/p>\n\n\n\n<p class=\"wp-block-paragraph\"><strong>Medio Ambiente<\/strong>: M\u00e9xico requiere una dedicaci\u00f3n total para proteger el medio ambiente, los ecosistemas y la bio-diversidad. No se pueden seguir permitiendo o impulsando proyectos como el Tren Maya que provocan un incumplimiento total al cuidado del medio ambiente. Si no cuidamos el entorno natural donde vivimos todos los habitantes de este pa\u00eds, los problemas de carencias cuantitativas y cualitativas de agua, aire, suelo, flora y fauna seguir\u00e1n complic\u00e1ndose hasta el punto en que no sea factible la vida en grandes zonas del territorio nacional. Respecto absoluto a nuestro entorno como condici\u00f3n elemental de sustentabilidad y sostenibilidad.<\/p>\n\n\n\n<p class=\"wp-block-paragraph\"><strong>Poder Judicia<\/strong>l: M\u00e9xico no puede pretender ser un destino para grandes inversiones y desarrollo econ\u00f3mico si el poder judicial no es independiente, aut\u00f3nomo, y t\u00e9cnicamente solvente. Revisitar la mal concebida reforma judicial de 2025 requiere una cirug\u00eda que permita incorporar los ingredientes hoy omisos. No podemos esperar a que los da\u00f1os de la citada reforma se sigan acumulando puesto que eso conlleva a un n\u00famero creciente de quejas sobre las deficiencias evidentes de un poder que fue devastado en su credibilidad. Adem\u00e1s, la meritocracia que debe existir en la judicatura debe ser un gran motor de movilidad social. Urgente meter orden. La reforma reciente estuvo mal concebida y peor implementada. Actuemos con responsabilidad integral y no quitemos el dedo del rengl\u00f3n.<\/p>\n\n\n\n<p class=\"wp-block-paragraph\"><strong>Rector\u00eda Civil<\/strong>: Las mejores pr\u00e1cticas internacionales se\u00f1alan la absoluta necesidad de que las fuerzas armadas est\u00e9n dedicadas puntualmente a las actividades que les son afines a su naturaleza, en esencia cuestiones de seguridad nacional y atenci\u00f3n de desastres naturales. Otras cuestiones como la seguridad p\u00fablica, la construcci\u00f3n de infraestructura, la operaci\u00f3n de aeropuertos, puertos y aduanas, la distribuci\u00f3n de medicinas, la vigilancia de carreteras, y tantas otras tareas que se les han asignado recientemente deben regresar a manos y rector\u00eda civil. La imagen y probidad de las fuerzas armadas va en picada libre por la tentaci\u00f3n de tantos recursos.<\/p>\n\n\n\n<p class=\"wp-block-paragraph\"><strong>Combatir la Delincuencia Organizada<\/strong>: Un cambio fundamental para el pa\u00eds es desterrar el terrible problema que ha representado el v\u00ednculo y asociaci\u00f3n de Morena con bandas de delincuencia organizada. No se puede seguir tolerando que el gobierno haga sus negocios, incluyendo pactos electorales, con los enemigos del bien, simplemente porque tienen una simbiosis de dinero y favores en los que a la ciudadan\u00eda y al derecho los ponen a fuego cruzado y sin respeto alguno. No m\u00e1s complicidad. A quienes violen la ley el peso completo de sanciones ejemplares con polic\u00edas, fiscal\u00edas, jueces y sistema penitenciario ajenos a vicios y con gran preparaci\u00f3n y solvencia. Sin duda es posible y necesario porque el exitoso destino nacional depende de ello. No se puede seguir tolerando la convivencia con delincuentes.<\/p>\n\n\n\n<p class=\"wp-block-paragraph\">La lista anterior no es exhaustiva porque los da\u00f1os hechos son realmente amplios y preocupantes. Pero proponemos que a base de reconocer los problemas podamos actuar para ir en una mejor direcci\u00f3n. Al final del d\u00eda el reconocimiento esencial es que los errores se deben corregir. Nada de que no se puede. Nada de que hay que tirar la toalla. Los caprichos de una persona y sus seguidores ya hicieron demasiado da\u00f1o. Es momento de impulsar una ruta distinta en todos los temas relevantes del pa\u00eds.<\/p>\n\n\n\n<p class=\"wp-block-paragraph\">De hecho, es en base a una nueva oferta realista de desarrollo incluyente que podemos pensar en finalmente tener un pa\u00eds justo e igualitario. Para estos efectos se debe oxigenar la vida democr\u00e1tica con ofertas cre\u00edbles de partidos pol\u00edticos nuevos como Somos M\u00e9xico (y los existentes que cambien su parecer). En ellos recae la enorme responsabilidad hist\u00f3rica de salvar al pa\u00eds. Con una nueva oferta palpable y cre\u00edble, y la oportunidad de ser detonante de una poblaci\u00f3n que vote masivamente, el pa\u00eds saldr\u00e1 del enorme hoyo en que nos han metido. Se puede y se debe redirigir el destino. En nuestras manos est\u00e1 corregir todos estos errores porque no pueden permanecer ante el evidente da\u00f1o que han generado y que nos pueden llevar pronto a un punto de no retorno si no hacemos la chamba pronto.<\/p>\n\n\n\n<p class=\"wp-block-paragraph\">P.D.1. Por si todo lo anterior no fuera suficientemente preocupante, existe la amenaza fundada de una afectaci\u00f3n democr\u00e1tica en puerta. La reforma electoral que debe estar por presentarse por Morena y sat\u00e9lites constituye en los hechos el proceso de destrucci\u00f3n de los ingredientes b\u00e1sicos de una democracia funcional. Habr\u00e1 que revisar el contenido de la reforma y estar listos para combatirla si en efecto se pretende destruir nuestra libertad.<\/p>\n\n\n\n<p class=\"wp-block-paragraph\">P.D.2. Denigrante la actitud del Presidente de la SCJN al quedarse parado mientras dos asistentes le lustraban el calzado en la entrada del Teatro de la Rep\u00fablica en Quer\u00e9taro el 5 de febrero pasado. Qued\u00f3 exhibido en una escena de total destrucci\u00f3n a su imagen y calidad humana. Una muy grave se\u00f1al de quienes llegaron al m\u00e1ximo tribunal sin la madurez y preparaci\u00f3n para ser los que administran la justicia final en el pa\u00eds.<\/p>\n\n\n\n<p class=\"wp-block-paragraph\">P.D.3. El caso del Presidente Municipal de Tequila es un fiel reflejo de lo que pasa cuando se permite a la delincuencia organizada asumir el poder y desplazar a las autoridades leg\u00edtimas. Si bien es cierto que fue bueno apresar a esta persona que hab\u00eda hecho de la extorsi\u00f3n y el derecho de piso un negocio personal y para sus socios criminales, la pregunta es si los que quedaron ahora al mando del Municipio no son del mismo grupo delincuencial, y adem\u00e1s cuantas otras personas en similar situaci\u00f3n no han sido detenidas igualmente, muchos que est\u00e1n en puestos a nivel de gobernadores, secretarios de estado, ex presidentes, y sus familias cercanas. Basta de esta nociva y t\u00f3xica relaci\u00f3n con los delincuentes.<\/p>\n\n\n\n<p class=\"wp-block-paragraph\">P.D.4. El surgimiento de un crecimiento del n\u00famero de casos de sarampi\u00f3n en M\u00e9xico es una alerta grave de lo que pasa cuando se descuidan los temas de salud, incluyendo las campa\u00f1as nacionales de vacunaci\u00f3n que fueron abandonadas por decisiones irresponsables del primer gobierno de Morena. Ahora corren riesgo much\u00edsimas personas que est\u00e1n expuestas a una enfermedad que ya se hab\u00eda erradicado. Mal y de malas. La corrupci\u00f3n implica tambi\u00e9n tomar malas decisiones y generar muertes innecesarias.<\/p>\n\n\n\n<p class=\"wp-block-paragraph\">P.D.5. El secuestro y posterior muerte de 10 empleados de una mina en Sinaloa es una p\u00e9sima noticia. Desnuda el hecho de que hay un estado fallido y que no es posible tener la imagen de un pa\u00eds en que se puede invertir y operar en paz. Lo contrario es cierto. Parecemos un lugar sin ley o seguridad y eso es terrible para quienes consideran nuevos proyectos. Nos van a seguir castigando como una naci\u00f3n sin condiciones para invertir. No importa cuantos planes anuncie la Presidenta o eventos con empresarios. Sin las condiciones b\u00e1sicas de seguridad f\u00edsica y jur\u00eddica no hay posibles nuevos proyectos que se sostengan. La realidad es brutal ante tantos errores.<\/p>\n\n\n\n<p class=\"wp-block-paragraph\">____<\/p>\n\n\n\n<p class=\"wp-block-paragraph\"><strong><em>Notas del editor:&nbsp;<\/em><\/strong><em>Juan Francisco Torres Landa es miembro del Consejo Directivo de UNE M\u00e9xico y de la red de Unid@s. Las opiniones publicadas en esta columna corresponden exclusivamente al autor.<\/em><\/p>\n","protected":false},"excerpt":{"rendered":"<p>No podemos ser rehenes de un grupo de personas que se han engolosinado con el&#8230;<\/p>\n","protected":false},"author":32,"featured_media":10300,"comment_status":"closed","ping_status":"closed","sticky":false,"template":"","format":"standard","meta":{"footnotes":""},"categories":[59],"tags":[1417],"class_list":["post-10299","post","type-post","status-publish","format-standard","has-post-thumbnail","hentry","category-opinion","tag-servicios-publicos-rezagados"],"yoast_head":"<!-- This site is optimized with the Yoast SEO plugin v28.4 - https:\/\/yoast.com\/product\/yoast-seo-wordpress\/ -->\n<title>Los errores se corrigen -<\/title>\n<meta name=\"description\" content=\"el enorme problema de que los servicios p\u00fablicos del estado en materias tan importantes como salud, trabajo, seguridad, educaci\u00f3n, justicia, medio ambiente, etc. han sido relegados a sus peores niveles hist\u00f3ricos\" \/>\n<meta name=\"robots\" content=\"index, follow, max-snippet:-1, max-image-preview:large, max-video-preview:-1\" \/>\n<link rel=\"canonical\" href=\"https:\/\/arjenoticias.com.mx\/opinion\/los-errores-se-corrigen\/\" \/>\n<meta property=\"og:locale\" content=\"es_ES\" \/>\n<meta property=\"og:type\" content=\"article\" \/>\n<meta property=\"og:title\" content=\"Los errores se corrigen -\" \/>\n<meta property=\"og:description\" content=\"el enorme problema de que los servicios p\u00fablicos del estado en materias tan importantes como salud, trabajo, seguridad, educaci\u00f3n, justicia, medio ambiente, etc. han sido relegados a sus peores niveles hist\u00f3ricos\" \/>\n<meta property=\"og:url\" content=\"https:\/\/arjenoticias.com.mx\/opinion\/los-errores-se-corrigen\/\" \/>\n<meta property=\"article:publisher\" content=\"https:\/\/www.facebook.com\/ArjeNoticiasMX\" \/>\n<meta property=\"article:published_time\" content=\"2026-02-16T15:26:05+00:00\" \/>\n<meta property=\"article:modified_time\" content=\"2026-02-16T15:26:08+00:00\" \/>\n<meta property=\"og:image\" content=\"https:\/\/arjenoticias.com.mx\/wp-content\/uploads\/2026\/02\/Francisco-Torres-Landa-6.png\" \/>\n\t<meta property=\"og:image:width\" content=\"600\" \/>\n\t<meta property=\"og:image:height\" content=\"400\" \/>\n\t<meta property=\"og:image:type\" content=\"image\/png\" \/>\n<meta name=\"author\" content=\"Francisco Torres Landa\" \/>\n<meta name=\"twitter:card\" content=\"summary_large_image\" \/>\n<meta name=\"twitter:creator\" content=\"@ArjeNoticias\" \/>\n<meta name=\"twitter:site\" content=\"@ArjeNoticias\" \/>\n<meta name=\"twitter:label1\" content=\"Escrito por\" \/>\n\t<meta name=\"twitter:data1\" content=\"Francisco Torres Landa\" \/>\n\t<meta name=\"twitter:label2\" content=\"Tiempo de lectura\" \/>\n\t<meta name=\"twitter:data2\" content=\"12 minutos\" \/>\n<script type=\"application\/ld+json\" class=\"yoast-schema-graph\">{\"@context\":\"https:\\\/\\\/schema.org\",\"@graph\":[{\"@type\":\"Article\",\"@id\":\"https:\\\/\\\/arjenoticias.com.mx\\\/opinion\\\/los-errores-se-corrigen\\\/#article\",\"isPartOf\":{\"@id\":\"https:\\\/\\\/arjenoticias.com.mx\\\/opinion\\\/los-errores-se-corrigen\\\/\"},\"author\":{\"name\":\"Francisco Torres Landa\",\"@id\":\"https:\\\/\\\/arjenoticias.com.mx\\\/#\\\/schema\\\/person\\\/e521cfc706fb811de6486ced51dc3079\"},\"headline\":\"Los errores se corrigen\",\"datePublished\":\"2026-02-16T15:26:05+00:00\",\"dateModified\":\"2026-02-16T15:26:08+00:00\",\"mainEntityOfPage\":{\"@id\":\"https:\\\/\\\/arjenoticias.com.mx\\\/opinion\\\/los-errores-se-corrigen\\\/\"},\"wordCount\":2695,\"publisher\":{\"@id\":\"https:\\\/\\\/arjenoticias.com.mx\\\/#organization\"},\"image\":{\"@id\":\"https:\\\/\\\/arjenoticias.com.mx\\\/opinion\\\/los-errores-se-corrigen\\\/#primaryimage\"},\"thumbnailUrl\":\"https:\\\/\\\/arjenoticias.com.mx\\\/wp-content\\\/uploads\\\/2026\\\/02\\\/Francisco-Torres-Landa-6.png\",\"keywords\":[\"Servicios p\u00fablicos rezagados\"],\"articleSection\":[\"Opini\u00f3n\"],\"inLanguage\":\"es\"},{\"@type\":\"WebPage\",\"@id\":\"https:\\\/\\\/arjenoticias.com.mx\\\/opinion\\\/los-errores-se-corrigen\\\/\",\"url\":\"https:\\\/\\\/arjenoticias.com.mx\\\/opinion\\\/los-errores-se-corrigen\\\/\",\"name\":\"Los errores se corrigen -\",\"isPartOf\":{\"@id\":\"https:\\\/\\\/arjenoticias.com.mx\\\/#website\"},\"primaryImageOfPage\":{\"@id\":\"https:\\\/\\\/arjenoticias.com.mx\\\/opinion\\\/los-errores-se-corrigen\\\/#primaryimage\"},\"image\":{\"@id\":\"https:\\\/\\\/arjenoticias.com.mx\\\/opinion\\\/los-errores-se-corrigen\\\/#primaryimage\"},\"thumbnailUrl\":\"https:\\\/\\\/arjenoticias.com.mx\\\/wp-content\\\/uploads\\\/2026\\\/02\\\/Francisco-Torres-Landa-6.png\",\"datePublished\":\"2026-02-16T15:26:05+00:00\",\"dateModified\":\"2026-02-16T15:26:08+00:00\",\"description\":\"el enorme problema de que los servicios p\u00fablicos del estado en materias tan importantes como salud, trabajo, seguridad, educaci\u00f3n, justicia, medio ambiente, etc. han sido relegados a sus peores niveles hist\u00f3ricos\",\"breadcrumb\":{\"@id\":\"https:\\\/\\\/arjenoticias.com.mx\\\/opinion\\\/los-errores-se-corrigen\\\/#breadcrumb\"},\"inLanguage\":\"es\",\"potentialAction\":[{\"@type\":\"ReadAction\",\"target\":[\"https:\\\/\\\/arjenoticias.com.mx\\\/opinion\\\/los-errores-se-corrigen\\\/\"]}]},{\"@type\":\"ImageObject\",\"inLanguage\":\"es\",\"@id\":\"https:\\\/\\\/arjenoticias.com.mx\\\/opinion\\\/los-errores-se-corrigen\\\/#primaryimage\",\"url\":\"https:\\\/\\\/arjenoticias.com.mx\\\/wp-content\\\/uploads\\\/2026\\\/02\\\/Francisco-Torres-Landa-6.png\",\"contentUrl\":\"https:\\\/\\\/arjenoticias.com.mx\\\/wp-content\\\/uploads\\\/2026\\\/02\\\/Francisco-Torres-Landa-6.png\",\"width\":600,\"height\":400,\"caption\":\"los servicios p\u00fablicos del estado en materias tan importantes como salud, trabajo, seguridad, educaci\u00f3n, justicia, medio ambiente, etc. han sido relegados a sus peores niveles hist\u00f3ricos\"},{\"@type\":\"BreadcrumbList\",\"@id\":\"https:\\\/\\\/arjenoticias.com.mx\\\/opinion\\\/los-errores-se-corrigen\\\/#breadcrumb\",\"itemListElement\":[{\"@type\":\"ListItem\",\"position\":1,\"name\":\"Portada\",\"item\":\"https:\\\/\\\/arjenoticias.com.mx\\\/\"},{\"@type\":\"ListItem\",\"position\":2,\"name\":\"Los errores se corrigen\"}]},{\"@type\":\"WebSite\",\"@id\":\"https:\\\/\\\/arjenoticias.com.mx\\\/#website\",\"url\":\"https:\\\/\\\/arjenoticias.com.mx\\\/\",\"name\":\"Arj\u00e9 M\u00e9xico\",\"description\":\"\",\"publisher\":{\"@id\":\"https:\\\/\\\/arjenoticias.com.mx\\\/#organization\"},\"potentialAction\":[{\"@type\":\"SearchAction\",\"target\":{\"@type\":\"EntryPoint\",\"urlTemplate\":\"https:\\\/\\\/arjenoticias.com.mx\\\/?s={search_term_string}\"},\"query-input\":{\"@type\":\"PropertyValueSpecification\",\"valueRequired\":true,\"valueName\":\"search_term_string\"}}],\"inLanguage\":\"es\"},{\"@type\":\"Organization\",\"@id\":\"https:\\\/\\\/arjenoticias.com.mx\\\/#organization\",\"name\":\"Arj\u00e9 M\u00e9xico\",\"url\":\"https:\\\/\\\/arjenoticias.com.mx\\\/\",\"logo\":{\"@type\":\"ImageObject\",\"inLanguage\":\"es\",\"@id\":\"https:\\\/\\\/arjenoticias.com.mx\\\/#\\\/schema\\\/logo\\\/image\\\/\",\"url\":\"https:\\\/\\\/arjenoticias.com\\\/wp-content\\\/uploads\\\/2026\\\/04\\\/cropped-cropped-logo-inverted-1-scaled-1.png\",\"contentUrl\":\"https:\\\/\\\/arjenoticias.com\\\/wp-content\\\/uploads\\\/2026\\\/04\\\/cropped-cropped-logo-inverted-1-scaled-1.png\",\"width\":2556,\"height\":549,\"caption\":\"Arj\u00e9 M\u00e9xico\"},\"image\":{\"@id\":\"https:\\\/\\\/arjenoticias.com.mx\\\/#\\\/schema\\\/logo\\\/image\\\/\"},\"sameAs\":[\"https:\\\/\\\/www.facebook.com\\\/ArjeNoticiasMX\",\"https:\\\/\\\/x.com\\\/ArjeNoticias\"]},{\"@type\":\"Person\",\"@id\":\"https:\\\/\\\/arjenoticias.com.mx\\\/#\\\/schema\\\/person\\\/e521cfc706fb811de6486ced51dc3079\",\"name\":\"Francisco Torres Landa\",\"image\":{\"@type\":\"ImageObject\",\"inLanguage\":\"es\",\"@id\":\"https:\\\/\\\/secure.gravatar.com\\\/avatar\\\/c24285e1fac622dc0e26709a33d2ff8a598a2b59dba1d25cbee732408b0cacbb?s=96&d=mm&r=g\",\"url\":\"https:\\\/\\\/secure.gravatar.com\\\/avatar\\\/c24285e1fac622dc0e26709a33d2ff8a598a2b59dba1d25cbee732408b0cacbb?s=96&d=mm&r=g\",\"contentUrl\":\"https:\\\/\\\/secure.gravatar.com\\\/avatar\\\/c24285e1fac622dc0e26709a33d2ff8a598a2b59dba1d25cbee732408b0cacbb?s=96&d=mm&r=g\",\"caption\":\"Francisco Torres Landa\"},\"description\":\"Editorialista, abogado empresarial y activista ciudadano.\",\"url\":\"https:\\\/\\\/arjenoticias.com.mx\\\/author\\\/francisco-torres-landa\\\/\"}]}<\/script>\n<!-- \/ Yoast SEO plugin. -->","yoast_head_json":{"title":"Los errores se corrigen -","description":"el enorme problema de que los servicios p\u00fablicos del estado en materias tan importantes como salud, trabajo, seguridad, educaci\u00f3n, justicia, medio ambiente, etc. han sido relegados a sus peores niveles hist\u00f3ricos","robots":{"index":"index","follow":"follow","max-snippet":"max-snippet:-1","max-image-preview":"max-image-preview:large","max-video-preview":"max-video-preview:-1"},"canonical":"https:\/\/arjenoticias.com.mx\/opinion\/los-errores-se-corrigen\/","og_locale":"es_ES","og_type":"article","og_title":"Los errores se corrigen -","og_description":"el enorme problema de que los servicios p\u00fablicos del estado en materias tan importantes como salud, trabajo, seguridad, educaci\u00f3n, justicia, medio ambiente, etc. han sido relegados a sus peores niveles hist\u00f3ricos","og_url":"https:\/\/arjenoticias.com.mx\/opinion\/los-errores-se-corrigen\/","article_publisher":"https:\/\/www.facebook.com\/ArjeNoticiasMX","article_published_time":"2026-02-16T15:26:05+00:00","article_modified_time":"2026-02-16T15:26:08+00:00","og_image":[{"width":600,"height":400,"url":"https:\/\/arjenoticias.com.mx\/wp-content\/uploads\/2026\/02\/Francisco-Torres-Landa-6.png","type":"image\/png"}],"author":"Francisco Torres Landa","twitter_card":"summary_large_image","twitter_creator":"@ArjeNoticias","twitter_site":"@ArjeNoticias","twitter_misc":{"Escrito por":"Francisco Torres Landa","Tiempo de lectura":"12 minutos"},"schema":{"@context":"https:\/\/schema.org","@graph":[{"@type":"Article","@id":"https:\/\/arjenoticias.com.mx\/opinion\/los-errores-se-corrigen\/#article","isPartOf":{"@id":"https:\/\/arjenoticias.com.mx\/opinion\/los-errores-se-corrigen\/"},"author":{"name":"Francisco Torres Landa","@id":"https:\/\/arjenoticias.com.mx\/#\/schema\/person\/e521cfc706fb811de6486ced51dc3079"},"headline":"Los errores se corrigen","datePublished":"2026-02-16T15:26:05+00:00","dateModified":"2026-02-16T15:26:08+00:00","mainEntityOfPage":{"@id":"https:\/\/arjenoticias.com.mx\/opinion\/los-errores-se-corrigen\/"},"wordCount":2695,"publisher":{"@id":"https:\/\/arjenoticias.com.mx\/#organization"},"image":{"@id":"https:\/\/arjenoticias.com.mx\/opinion\/los-errores-se-corrigen\/#primaryimage"},"thumbnailUrl":"https:\/\/arjenoticias.com.mx\/wp-content\/uploads\/2026\/02\/Francisco-Torres-Landa-6.png","keywords":["Servicios p\u00fablicos rezagados"],"articleSection":["Opini\u00f3n"],"inLanguage":"es"},{"@type":"WebPage","@id":"https:\/\/arjenoticias.com.mx\/opinion\/los-errores-se-corrigen\/","url":"https:\/\/arjenoticias.com.mx\/opinion\/los-errores-se-corrigen\/","name":"Los errores se corrigen -","isPartOf":{"@id":"https:\/\/arjenoticias.com.mx\/#website"},"primaryImageOfPage":{"@id":"https:\/\/arjenoticias.com.mx\/opinion\/los-errores-se-corrigen\/#primaryimage"},"image":{"@id":"https:\/\/arjenoticias.com.mx\/opinion\/los-errores-se-corrigen\/#primaryimage"},"thumbnailUrl":"https:\/\/arjenoticias.com.mx\/wp-content\/uploads\/2026\/02\/Francisco-Torres-Landa-6.png","datePublished":"2026-02-16T15:26:05+00:00","dateModified":"2026-02-16T15:26:08+00:00","description":"el enorme problema de que los servicios p\u00fablicos del estado en materias tan importantes como salud, trabajo, seguridad, educaci\u00f3n, justicia, medio ambiente, etc. han sido relegados a sus peores niveles hist\u00f3ricos","breadcrumb":{"@id":"https:\/\/arjenoticias.com.mx\/opinion\/los-errores-se-corrigen\/#breadcrumb"},"inLanguage":"es","potentialAction":[{"@type":"ReadAction","target":["https:\/\/arjenoticias.com.mx\/opinion\/los-errores-se-corrigen\/"]}]},{"@type":"ImageObject","inLanguage":"es","@id":"https:\/\/arjenoticias.com.mx\/opinion\/los-errores-se-corrigen\/#primaryimage","url":"https:\/\/arjenoticias.com.mx\/wp-content\/uploads\/2026\/02\/Francisco-Torres-Landa-6.png","contentUrl":"https:\/\/arjenoticias.com.mx\/wp-content\/uploads\/2026\/02\/Francisco-Torres-Landa-6.png","width":600,"height":400,"caption":"los servicios p\u00fablicos del estado en materias tan importantes como salud, trabajo, seguridad, educaci\u00f3n, justicia, medio ambiente, etc. han sido relegados a sus peores niveles hist\u00f3ricos"},{"@type":"BreadcrumbList","@id":"https:\/\/arjenoticias.com.mx\/opinion\/los-errores-se-corrigen\/#breadcrumb","itemListElement":[{"@type":"ListItem","position":1,"name":"Portada","item":"https:\/\/arjenoticias.com.mx\/"},{"@type":"ListItem","position":2,"name":"Los errores se corrigen"}]},{"@type":"WebSite","@id":"https:\/\/arjenoticias.com.mx\/#website","url":"https:\/\/arjenoticias.com.mx\/","name":"Arj\u00e9 M\u00e9xico","description":"","publisher":{"@id":"https:\/\/arjenoticias.com.mx\/#organization"},"potentialAction":[{"@type":"SearchAction","target":{"@type":"EntryPoint","urlTemplate":"https:\/\/arjenoticias.com.mx\/?s={search_term_string}"},"query-input":{"@type":"PropertyValueSpecification","valueRequired":true,"valueName":"search_term_string"}}],"inLanguage":"es"},{"@type":"Organization","@id":"https:\/\/arjenoticias.com.mx\/#organization","name":"Arj\u00e9 M\u00e9xico","url":"https:\/\/arjenoticias.com.mx\/","logo":{"@type":"ImageObject","inLanguage":"es","@id":"https:\/\/arjenoticias.com.mx\/#\/schema\/logo\/image\/","url":"https:\/\/arjenoticias.com\/wp-content\/uploads\/2026\/04\/cropped-cropped-logo-inverted-1-scaled-1.png","contentUrl":"https:\/\/arjenoticias.com\/wp-content\/uploads\/2026\/04\/cropped-cropped-logo-inverted-1-scaled-1.png","width":2556,"height":549,"caption":"Arj\u00e9 M\u00e9xico"},"image":{"@id":"https:\/\/arjenoticias.com.mx\/#\/schema\/logo\/image\/"},"sameAs":["https:\/\/www.facebook.com\/ArjeNoticiasMX","https:\/\/x.com\/ArjeNoticias"]},{"@type":"Person","@id":"https:\/\/arjenoticias.com.mx\/#\/schema\/person\/e521cfc706fb811de6486ced51dc3079","name":"Francisco Torres Landa","image":{"@type":"ImageObject","inLanguage":"es","@id":"https:\/\/secure.gravatar.com\/avatar\/c24285e1fac622dc0e26709a33d2ff8a598a2b59dba1d25cbee732408b0cacbb?s=96&d=mm&r=g","url":"https:\/\/secure.gravatar.com\/avatar\/c24285e1fac622dc0e26709a33d2ff8a598a2b59dba1d25cbee732408b0cacbb?s=96&d=mm&r=g","contentUrl":"https:\/\/secure.gravatar.com\/avatar\/c24285e1fac622dc0e26709a33d2ff8a598a2b59dba1d25cbee732408b0cacbb?s=96&d=mm&r=g","caption":"Francisco Torres Landa"},"description":"Editorialista, abogado empresarial y activista ciudadano.","url":"https:\/\/arjenoticias.com.mx\/author\/francisco-torres-landa\/"}]}},"featured_image_urls":{"full":["https:\/\/arjenoticias.com.mx\/wp-content\/uploads\/2026\/02\/Francisco-Torres-Landa-6.png",600,400,false],"thumbnail":["https:\/\/arjenoticias.com.mx\/wp-content\/uploads\/2026\/02\/Francisco-Torres-Landa-6-150x150.png",150,150,true],"medium":["https:\/\/arjenoticias.com.mx\/wp-content\/uploads\/2026\/02\/Francisco-Torres-Landa-6-300x200.png",300,200,true],"medium_large":["https:\/\/arjenoticias.com.mx\/wp-content\/uploads\/2026\/02\/Francisco-Torres-Landa-6.png",600,400,false],"large":["https:\/\/arjenoticias.com.mx\/wp-content\/uploads\/2026\/02\/Francisco-Torres-Landa-6.png",600,400,false],"1536x1536":["https:\/\/arjenoticias.com.mx\/wp-content\/uploads\/2026\/02\/Francisco-Torres-Landa-6.png",600,400,false],"2048x2048":["https:\/\/arjenoticias.com.mx\/wp-content\/uploads\/2026\/02\/Francisco-Torres-Landa-6.png",600,400,false],"covernews-featured":["https:\/\/arjenoticias.com.mx\/wp-content\/uploads\/2026\/02\/Francisco-Torres-Landa-6.png",600,400,false],"covernews-medium":["https:\/\/arjenoticias.com.mx\/wp-content\/uploads\/2026\/02\/Francisco-Torres-Landa-6-540x340.png",540,340,true]},"author_info":{"info":["Francisco Torres Landa"]},"category_info":"<a href=\"https:\/\/arjenoticias.com.mx\/category\/opinion\/\" rel=\"category tag\">Opini\u00f3n<\/a>","tag_info":"Opini\u00f3n","comment_count":"0","_links":{"self":[{"href":"https:\/\/arjenoticias.com.mx\/wp-json\/wp\/v2\/posts\/10299","targetHints":{"allow":["GET"]}}],"collection":[{"href":"https:\/\/arjenoticias.com.mx\/wp-json\/wp\/v2\/posts"}],"about":[{"href":"https:\/\/arjenoticias.com.mx\/wp-json\/wp\/v2\/types\/post"}],"author":[{"embeddable":true,"href":"https:\/\/arjenoticias.com.mx\/wp-json\/wp\/v2\/users\/32"}],"replies":[{"embeddable":true,"href":"https:\/\/arjenoticias.com.mx\/wp-json\/wp\/v2\/comments?post=10299"}],"version-history":[{"count":1,"href":"https:\/\/arjenoticias.com.mx\/wp-json\/wp\/v2\/posts\/10299\/revisions"}],"predecessor-version":[{"id":10301,"href":"https:\/\/arjenoticias.com.mx\/wp-json\/wp\/v2\/posts\/10299\/revisions\/10301"}],"wp:featuredmedia":[{"embeddable":true,"href":"https:\/\/arjenoticias.com.mx\/wp-json\/wp\/v2\/media\/10300"}],"wp:attachment":[{"href":"https:\/\/arjenoticias.com.mx\/wp-json\/wp\/v2\/media?parent=10299"}],"wp:term":[{"taxonomy":"category","embeddable":true,"href":"https:\/\/arjenoticias.com.mx\/wp-json\/wp\/v2\/categories?post=10299"},{"taxonomy":"post_tag","embeddable":true,"href":"https:\/\/arjenoticias.com.mx\/wp-json\/wp\/v2\/tags?post=10299"}],"curies":[{"name":"wp","href":"https:\/\/api.w.org\/{rel}","templated":true}]}}