{"id":10275,"date":"2026-02-15T11:03:15","date_gmt":"2026-02-15T17:03:15","guid":{"rendered":"https:\/\/arjenoticias.com\/?p=10275"},"modified":"2026-02-16T12:52:48","modified_gmt":"2026-02-16T18:52:48","slug":"omar-cervantes-sigue-hospitalizado","status":"publish","type":"post","link":"https:\/\/arjenoticias.com.mx\/salud\/omar-cervantes-sigue-hospitalizado\/","title":{"rendered":"Omar Cervantes sigue hospitalizado"},"content":{"rendered":"\n<p class=\"wp-block-paragraph\">La familia de Omar Cervantes se encuentra a la espera de un \u00faltimo estudio para tomar una decisi\u00f3n, una vez que fue declarado con muerte cerebral.<\/p>\n\n\n\n<p class=\"wp-block-paragraph\">Sus hijos Pedro, Jos\u00e9, Ana Gaby y Marcelo al igual que la madre Gaby Paez han decidido esperar hasta el \u00faltimo momento, pues su coraz\u00f3n sigue latiendo.<\/p>\n\n\n\n<p class=\"wp-block-paragraph\">El grave estado de salud de Omar Cervantes ha generado una ola de confusi\u00f3n, lo que dio como resultado que algunos medios de comunicaci\u00f3n y funcionarios dieran su p\u00e9same anticipadamente.<\/p>\n\n\n\n<p class=\"wp-block-paragraph\">\u00abEs un proceso complicado. Si bien es cierto que ayer mencionaron muerte cerebral, a\u00fan hay un procedimiento hospitalario que tiene que transcurrir. Les pido paciencia por favor. Ya ma\u00f1ana en la ma\u00f1ana veremos los neur\u00f3logos y estaremos en condiciones de avisar siguientes pasos. Aprecio todas sus muestras de cari\u00f1o. Abrazo a todos\u00bb, expres\u00f3 su hermano Osvaldo Cervantes.<\/p>\n\n\n\n<p class=\"wp-block-paragraph\">Seguimos informando.<\/p>\n\n\n\n<p class=\"wp-block-paragraph\"><\/p>\n","protected":false},"excerpt":{"rendered":"<p>La familia de Omar Cervantes se encuentra a la espera de un \u00faltimo estudio para&#8230;<\/p>\n","protected":false},"author":1,"featured_media":10279,"comment_status":"closed","ping_status":"closed","sticky":false,"template":"","format":"standard","meta":{"footnotes":""},"categories":[6],"tags":[1413],"class_list":["post-10275","post","type-post","status-publish","format-standard","has-post-thumbnail","hentry","category-salud","tag-omar-cervantes"],"yoast_head":"<!-- This site is optimized with the Yoast SEO plugin v28.4 - https:\/\/yoast.com\/product\/yoast-seo-wordpress\/ -->\n<title>Omar Cervantes sigue hospitalizado -<\/title>\n<meta name=\"description\" content=\"Nos solidarizamos con la familia de Omar Cervantes, quienes esperan un \u00faltimo estudio, tras haberse declarado muerte cerebral.\" \/>\n<meta name=\"robots\" content=\"index, follow, max-snippet:-1, max-image-preview:large, max-video-preview:-1\" \/>\n<link rel=\"canonical\" href=\"https:\/\/arjenoticias.com.mx\/salud\/omar-cervantes-sigue-hospitalizado\/\" \/>\n<meta property=\"og:locale\" content=\"es_ES\" \/>\n<meta property=\"og:type\" content=\"article\" \/>\n<meta property=\"og:title\" content=\"Omar Cervantes sigue hospitalizado -\" \/>\n<meta property=\"og:description\" content=\"Nos solidarizamos con la familia de Omar Cervantes, quienes esperan un \u00faltimo estudio, tras haberse declarado muerte cerebral.\" \/>\n<meta property=\"og:url\" content=\"https:\/\/arjenoticias.com.mx\/salud\/omar-cervantes-sigue-hospitalizado\/\" \/>\n<meta property=\"article:publisher\" content=\"https:\/\/www.facebook.com\/ArjeNoticiasMX\" \/>\n<meta property=\"article:published_time\" content=\"2026-02-15T17:03:15+00:00\" \/>\n<meta property=\"article:modified_time\" content=\"2026-02-16T18:52:48+00:00\" \/>\n<meta property=\"og:image\" content=\"https:\/\/arjenoticias.com.mx\/wp-content\/uploads\/2026\/02\/omar.jpg\" \/>\n\t<meta property=\"og:image:width\" content=\"259\" \/>\n\t<meta property=\"og:image:height\" content=\"194\" \/>\n\t<meta property=\"og:image:type\" content=\"image\/jpeg\" \/>\n<meta name=\"author\" content=\"Arj\u00e9 Noticias\" \/>\n<meta name=\"twitter:card\" content=\"summary_large_image\" \/>\n<meta name=\"twitter:creator\" content=\"@ArjeNoticias\" \/>\n<meta name=\"twitter:site\" content=\"@ArjeNoticias\" \/>\n<meta name=\"twitter:label1\" content=\"Escrito por\" \/>\n\t<meta name=\"twitter:data1\" content=\"Arj\u00e9 Noticias\" \/>\n\t<meta name=\"twitter:label2\" content=\"Tiempo de lectura\" \/>\n\t<meta name=\"twitter:data2\" content=\"1 minuto\" \/>\n<script type=\"application\/ld+json\" class=\"yoast-schema-graph\">{\"@context\":\"https:\\\/\\\/schema.org\",\"@graph\":[{\"@type\":\"Article\",\"@id\":\"https:\\\/\\\/arjenoticias.com.mx\\\/salud\\\/omar-cervantes-sigue-hospitalizado\\\/#article\",\"isPartOf\":{\"@id\":\"https:\\\/\\\/arjenoticias.com.mx\\\/salud\\\/omar-cervantes-sigue-hospitalizado\\\/\"},\"author\":{\"name\":\"Arj\u00e9 Noticias\",\"@id\":\"https:\\\/\\\/arjenoticias.com.mx\\\/#\\\/schema\\\/person\\\/1f8657b2ea5d2a202124d43971a97b85\"},\"headline\":\"Omar Cervantes sigue hospitalizado\",\"datePublished\":\"2026-02-15T17:03:15+00:00\",\"dateModified\":\"2026-02-16T18:52:48+00:00\",\"mainEntityOfPage\":{\"@id\":\"https:\\\/\\\/arjenoticias.com.mx\\\/salud\\\/omar-cervantes-sigue-hospitalizado\\\/\"},\"wordCount\":156,\"publisher\":{\"@id\":\"https:\\\/\\\/arjenoticias.com.mx\\\/#organization\"},\"image\":{\"@id\":\"https:\\\/\\\/arjenoticias.com.mx\\\/salud\\\/omar-cervantes-sigue-hospitalizado\\\/#primaryimage\"},\"thumbnailUrl\":\"https:\\\/\\\/arjenoticias.com.mx\\\/wp-content\\\/uploads\\\/2026\\\/02\\\/omar.jpg\",\"keywords\":[\"Omar Cervantes\"],\"articleSection\":[\"Salud\"],\"inLanguage\":\"es\"},{\"@type\":\"WebPage\",\"@id\":\"https:\\\/\\\/arjenoticias.com.mx\\\/salud\\\/omar-cervantes-sigue-hospitalizado\\\/\",\"url\":\"https:\\\/\\\/arjenoticias.com.mx\\\/salud\\\/omar-cervantes-sigue-hospitalizado\\\/\",\"name\":\"Omar Cervantes sigue hospitalizado -\",\"isPartOf\":{\"@id\":\"https:\\\/\\\/arjenoticias.com.mx\\\/#website\"},\"primaryImageOfPage\":{\"@id\":\"https:\\\/\\\/arjenoticias.com.mx\\\/salud\\\/omar-cervantes-sigue-hospitalizado\\\/#primaryimage\"},\"image\":{\"@id\":\"https:\\\/\\\/arjenoticias.com.mx\\\/salud\\\/omar-cervantes-sigue-hospitalizado\\\/#primaryimage\"},\"thumbnailUrl\":\"https:\\\/\\\/arjenoticias.com.mx\\\/wp-content\\\/uploads\\\/2026\\\/02\\\/omar.jpg\",\"datePublished\":\"2026-02-15T17:03:15+00:00\",\"dateModified\":\"2026-02-16T18:52:48+00:00\",\"description\":\"Nos solidarizamos con la familia de Omar Cervantes, quienes esperan un \u00faltimo estudio, tras haberse declarado muerte cerebral.\",\"breadcrumb\":{\"@id\":\"https:\\\/\\\/arjenoticias.com.mx\\\/salud\\\/omar-cervantes-sigue-hospitalizado\\\/#breadcrumb\"},\"inLanguage\":\"es\",\"potentialAction\":[{\"@type\":\"ReadAction\",\"target\":[\"https:\\\/\\\/arjenoticias.com.mx\\\/salud\\\/omar-cervantes-sigue-hospitalizado\\\/\"]}]},{\"@type\":\"ImageObject\",\"inLanguage\":\"es\",\"@id\":\"https:\\\/\\\/arjenoticias.com.mx\\\/salud\\\/omar-cervantes-sigue-hospitalizado\\\/#primaryimage\",\"url\":\"https:\\\/\\\/arjenoticias.com.mx\\\/wp-content\\\/uploads\\\/2026\\\/02\\\/omar.jpg\",\"contentUrl\":\"https:\\\/\\\/arjenoticias.com.mx\\\/wp-content\\\/uploads\\\/2026\\\/02\\\/omar.jpg\",\"width\":259,\"height\":194,\"caption\":\"Arje Noticias se solidariza con la familia de Omar Cervantes en este dif\u00edcil momento.\"},{\"@type\":\"BreadcrumbList\",\"@id\":\"https:\\\/\\\/arjenoticias.com.mx\\\/salud\\\/omar-cervantes-sigue-hospitalizado\\\/#breadcrumb\",\"itemListElement\":[{\"@type\":\"ListItem\",\"position\":1,\"name\":\"Portada\",\"item\":\"https:\\\/\\\/arjenoticias.com.mx\\\/\"},{\"@type\":\"ListItem\",\"position\":2,\"name\":\"Omar Cervantes sigue hospitalizado\"}]},{\"@type\":\"WebSite\",\"@id\":\"https:\\\/\\\/arjenoticias.com.mx\\\/#website\",\"url\":\"https:\\\/\\\/arjenoticias.com.mx\\\/\",\"name\":\"Arj\u00e9 M\u00e9xico\",\"description\":\"\",\"publisher\":{\"@id\":\"https:\\\/\\\/arjenoticias.com.mx\\\/#organization\"},\"potentialAction\":[{\"@type\":\"SearchAction\",\"target\":{\"@type\":\"EntryPoint\",\"urlTemplate\":\"https:\\\/\\\/arjenoticias.com.mx\\\/?s={search_term_string}\"},\"query-input\":{\"@type\":\"PropertyValueSpecification\",\"valueRequired\":true,\"valueName\":\"search_term_string\"}}],\"inLanguage\":\"es\"},{\"@type\":\"Organization\",\"@id\":\"https:\\\/\\\/arjenoticias.com.mx\\\/#organization\",\"name\":\"Arj\u00e9 M\u00e9xico\",\"url\":\"https:\\\/\\\/arjenoticias.com.mx\\\/\",\"logo\":{\"@type\":\"ImageObject\",\"inLanguage\":\"es\",\"@id\":\"https:\\\/\\\/arjenoticias.com.mx\\\/#\\\/schema\\\/logo\\\/image\\\/\",\"url\":\"https:\\\/\\\/arjenoticias.com\\\/wp-content\\\/uploads\\\/2026\\\/04\\\/cropped-cropped-logo-inverted-1-scaled-1.png\",\"contentUrl\":\"https:\\\/\\\/arjenoticias.com\\\/wp-content\\\/uploads\\\/2026\\\/04\\\/cropped-cropped-logo-inverted-1-scaled-1.png\",\"width\":2556,\"height\":549,\"caption\":\"Arj\u00e9 M\u00e9xico\"},\"image\":{\"@id\":\"https:\\\/\\\/arjenoticias.com.mx\\\/#\\\/schema\\\/logo\\\/image\\\/\"},\"sameAs\":[\"https:\\\/\\\/www.facebook.com\\\/ArjeNoticiasMX\",\"https:\\\/\\\/x.com\\\/ArjeNoticias\"]},{\"@type\":\"Person\",\"@id\":\"https:\\\/\\\/arjenoticias.com.mx\\\/#\\\/schema\\\/person\\\/1f8657b2ea5d2a202124d43971a97b85\",\"name\":\"Arj\u00e9 Noticias\",\"image\":{\"@type\":\"ImageObject\",\"inLanguage\":\"es\",\"@id\":\"https:\\\/\\\/arjenoticias.com\\\/wp-content\\\/uploads\\\/2026\\\/04\\\/Arje-Noticias-96x96.png\",\"url\":\"https:\\\/\\\/arjenoticias.com\\\/wp-content\\\/uploads\\\/2026\\\/04\\\/Arje-Noticias-96x96.png\",\"contentUrl\":\"https:\\\/\\\/arjenoticias.com\\\/wp-content\\\/uploads\\\/2026\\\/04\\\/Arje-Noticias-96x96.png\",\"caption\":\"Arj\u00e9 Noticias\"},\"sameAs\":[\"https:\\\/\\\/arjenoticias.com\"],\"url\":\"https:\\\/\\\/arjenoticias.com.mx\\\/author\\\/admin\\\/\"}]}<\/script>\n<!-- \/ Yoast SEO plugin. -->","yoast_head_json":{"title":"Omar Cervantes sigue hospitalizado -","description":"Nos solidarizamos con la familia de Omar Cervantes, quienes esperan un \u00faltimo estudio, tras haberse declarado muerte cerebral.","robots":{"index":"index","follow":"follow","max-snippet":"max-snippet:-1","max-image-preview":"max-image-preview:large","max-video-preview":"max-video-preview:-1"},"canonical":"https:\/\/arjenoticias.com.mx\/salud\/omar-cervantes-sigue-hospitalizado\/","og_locale":"es_ES","og_type":"article","og_title":"Omar Cervantes sigue hospitalizado -","og_description":"Nos solidarizamos con la familia de Omar Cervantes, quienes esperan un \u00faltimo estudio, tras haberse declarado muerte cerebral.","og_url":"https:\/\/arjenoticias.com.mx\/salud\/omar-cervantes-sigue-hospitalizado\/","article_publisher":"https:\/\/www.facebook.com\/ArjeNoticiasMX","article_published_time":"2026-02-15T17:03:15+00:00","article_modified_time":"2026-02-16T18:52:48+00:00","og_image":[{"width":259,"height":194,"url":"https:\/\/arjenoticias.com.mx\/wp-content\/uploads\/2026\/02\/omar.jpg","type":"image\/jpeg"}],"author":"Arj\u00e9 Noticias","twitter_card":"summary_large_image","twitter_creator":"@ArjeNoticias","twitter_site":"@ArjeNoticias","twitter_misc":{"Escrito por":"Arj\u00e9 Noticias","Tiempo de lectura":"1 minuto"},"schema":{"@context":"https:\/\/schema.org","@graph":[{"@type":"Article","@id":"https:\/\/arjenoticias.com.mx\/salud\/omar-cervantes-sigue-hospitalizado\/#article","isPartOf":{"@id":"https:\/\/arjenoticias.com.mx\/salud\/omar-cervantes-sigue-hospitalizado\/"},"author":{"name":"Arj\u00e9 Noticias","@id":"https:\/\/arjenoticias.com.mx\/#\/schema\/person\/1f8657b2ea5d2a202124d43971a97b85"},"headline":"Omar Cervantes sigue hospitalizado","datePublished":"2026-02-15T17:03:15+00:00","dateModified":"2026-02-16T18:52:48+00:00","mainEntityOfPage":{"@id":"https:\/\/arjenoticias.com.mx\/salud\/omar-cervantes-sigue-hospitalizado\/"},"wordCount":156,"publisher":{"@id":"https:\/\/arjenoticias.com.mx\/#organization"},"image":{"@id":"https:\/\/arjenoticias.com.mx\/salud\/omar-cervantes-sigue-hospitalizado\/#primaryimage"},"thumbnailUrl":"https:\/\/arjenoticias.com.mx\/wp-content\/uploads\/2026\/02\/omar.jpg","keywords":["Omar Cervantes"],"articleSection":["Salud"],"inLanguage":"es"},{"@type":"WebPage","@id":"https:\/\/arjenoticias.com.mx\/salud\/omar-cervantes-sigue-hospitalizado\/","url":"https:\/\/arjenoticias.com.mx\/salud\/omar-cervantes-sigue-hospitalizado\/","name":"Omar Cervantes sigue hospitalizado -","isPartOf":{"@id":"https:\/\/arjenoticias.com.mx\/#website"},"primaryImageOfPage":{"@id":"https:\/\/arjenoticias.com.mx\/salud\/omar-cervantes-sigue-hospitalizado\/#primaryimage"},"image":{"@id":"https:\/\/arjenoticias.com.mx\/salud\/omar-cervantes-sigue-hospitalizado\/#primaryimage"},"thumbnailUrl":"https:\/\/arjenoticias.com.mx\/wp-content\/uploads\/2026\/02\/omar.jpg","datePublished":"2026-02-15T17:03:15+00:00","dateModified":"2026-02-16T18:52:48+00:00","description":"Nos solidarizamos con la familia de Omar Cervantes, quienes esperan un \u00faltimo estudio, tras haberse declarado muerte cerebral.","breadcrumb":{"@id":"https:\/\/arjenoticias.com.mx\/salud\/omar-cervantes-sigue-hospitalizado\/#breadcrumb"},"inLanguage":"es","potentialAction":[{"@type":"ReadAction","target":["https:\/\/arjenoticias.com.mx\/salud\/omar-cervantes-sigue-hospitalizado\/"]}]},{"@type":"ImageObject","inLanguage":"es","@id":"https:\/\/arjenoticias.com.mx\/salud\/omar-cervantes-sigue-hospitalizado\/#primaryimage","url":"https:\/\/arjenoticias.com.mx\/wp-content\/uploads\/2026\/02\/omar.jpg","contentUrl":"https:\/\/arjenoticias.com.mx\/wp-content\/uploads\/2026\/02\/omar.jpg","width":259,"height":194,"caption":"Arje Noticias se solidariza con la familia de Omar Cervantes en este dif\u00edcil momento."},{"@type":"BreadcrumbList","@id":"https:\/\/arjenoticias.com.mx\/salud\/omar-cervantes-sigue-hospitalizado\/#breadcrumb","itemListElement":[{"@type":"ListItem","position":1,"name":"Portada","item":"https:\/\/arjenoticias.com.mx\/"},{"@type":"ListItem","position":2,"name":"Omar Cervantes sigue hospitalizado"}]},{"@type":"WebSite","@id":"https:\/\/arjenoticias.com.mx\/#website","url":"https:\/\/arjenoticias.com.mx\/","name":"Arj\u00e9 M\u00e9xico","description":"","publisher":{"@id":"https:\/\/arjenoticias.com.mx\/#organization"},"potentialAction":[{"@type":"SearchAction","target":{"@type":"EntryPoint","urlTemplate":"https:\/\/arjenoticias.com.mx\/?s={search_term_string}"},"query-input":{"@type":"PropertyValueSpecification","valueRequired":true,"valueName":"search_term_string"}}],"inLanguage":"es"},{"@type":"Organization","@id":"https:\/\/arjenoticias.com.mx\/#organization","name":"Arj\u00e9 M\u00e9xico","url":"https:\/\/arjenoticias.com.mx\/","logo":{"@type":"ImageObject","inLanguage":"es","@id":"https:\/\/arjenoticias.com.mx\/#\/schema\/logo\/image\/","url":"https:\/\/arjenoticias.com\/wp-content\/uploads\/2026\/04\/cropped-cropped-logo-inverted-1-scaled-1.png","contentUrl":"https:\/\/arjenoticias.com\/wp-content\/uploads\/2026\/04\/cropped-cropped-logo-inverted-1-scaled-1.png","width":2556,"height":549,"caption":"Arj\u00e9 M\u00e9xico"},"image":{"@id":"https:\/\/arjenoticias.com.mx\/#\/schema\/logo\/image\/"},"sameAs":["https:\/\/www.facebook.com\/ArjeNoticiasMX","https:\/\/x.com\/ArjeNoticias"]},{"@type":"Person","@id":"https:\/\/arjenoticias.com.mx\/#\/schema\/person\/1f8657b2ea5d2a202124d43971a97b85","name":"Arj\u00e9 Noticias","image":{"@type":"ImageObject","inLanguage":"es","@id":"https:\/\/arjenoticias.com\/wp-content\/uploads\/2026\/04\/Arje-Noticias-96x96.png","url":"https:\/\/arjenoticias.com\/wp-content\/uploads\/2026\/04\/Arje-Noticias-96x96.png","contentUrl":"https:\/\/arjenoticias.com\/wp-content\/uploads\/2026\/04\/Arje-Noticias-96x96.png","caption":"Arj\u00e9 Noticias"},"sameAs":["https:\/\/arjenoticias.com"],"url":"https:\/\/arjenoticias.com.mx\/author\/admin\/"}]}},"featured_image_urls":{"full":["https:\/\/arjenoticias.com.mx\/wp-content\/uploads\/2026\/02\/omar.jpg",259,194,false],"thumbnail":["https:\/\/arjenoticias.com.mx\/wp-content\/uploads\/2026\/02\/omar-150x150.jpg",150,150,true],"medium":["https:\/\/arjenoticias.com.mx\/wp-content\/uploads\/2026\/02\/omar.jpg",259,194,false],"medium_large":["https:\/\/arjenoticias.com.mx\/wp-content\/uploads\/2026\/02\/omar.jpg",259,194,false],"large":["https:\/\/arjenoticias.com.mx\/wp-content\/uploads\/2026\/02\/omar.jpg",259,194,false],"1536x1536":["https:\/\/arjenoticias.com.mx\/wp-content\/uploads\/2026\/02\/omar.jpg",259,194,false],"2048x2048":["https:\/\/arjenoticias.com.mx\/wp-content\/uploads\/2026\/02\/omar.jpg",259,194,false],"covernews-featured":["https:\/\/arjenoticias.com.mx\/wp-content\/uploads\/2026\/02\/omar.jpg",259,194,false],"covernews-medium":["https:\/\/arjenoticias.com.mx\/wp-content\/uploads\/2026\/02\/omar.jpg",259,194,false]},"author_info":{"info":["Arj\u00e9 Noticias"]},"category_info":"<a href=\"https:\/\/arjenoticias.com.mx\/category\/salud\/\" rel=\"category tag\">Salud<\/a>","tag_info":"Salud","comment_count":"0","_links":{"self":[{"href":"https:\/\/arjenoticias.com.mx\/wp-json\/wp\/v2\/posts\/10275","targetHints":{"allow":["GET"]}}],"collection":[{"href":"https:\/\/arjenoticias.com.mx\/wp-json\/wp\/v2\/posts"}],"about":[{"href":"https:\/\/arjenoticias.com.mx\/wp-json\/wp\/v2\/types\/post"}],"author":[{"embeddable":true,"href":"https:\/\/arjenoticias.com.mx\/wp-json\/wp\/v2\/users\/1"}],"replies":[{"embeddable":true,"href":"https:\/\/arjenoticias.com.mx\/wp-json\/wp\/v2\/comments?post=10275"}],"version-history":[{"count":8,"href":"https:\/\/arjenoticias.com.mx\/wp-json\/wp\/v2\/posts\/10275\/revisions"}],"predecessor-version":[{"id":10294,"href":"https:\/\/arjenoticias.com.mx\/wp-json\/wp\/v2\/posts\/10275\/revisions\/10294"}],"wp:featuredmedia":[{"embeddable":true,"href":"https:\/\/arjenoticias.com.mx\/wp-json\/wp\/v2\/media\/10279"}],"wp:attachment":[{"href":"https:\/\/arjenoticias.com.mx\/wp-json\/wp\/v2\/media?parent=10275"}],"wp:term":[{"taxonomy":"category","embeddable":true,"href":"https:\/\/arjenoticias.com.mx\/wp-json\/wp\/v2\/categories?post=10275"},{"taxonomy":"post_tag","embeddable":true,"href":"https:\/\/arjenoticias.com.mx\/wp-json\/wp\/v2\/tags?post=10275"}],"curies":[{"name":"wp","href":"https:\/\/api.w.org\/{rel}","templated":true}]}}